{"id":6750,"date":"2022-12-14T09:31:00","date_gmt":"2022-12-14T12:31:00","guid":{"rendered":"https:\/\/portalmf.com.br\/?p=6750"},"modified":"2022-12-14T16:29:58","modified_gmt":"2022-12-14T19:29:58","slug":"requerimento-pede-criacao-de-secoes-eleitorais-na-escola-municipal-nossa-senhora-das-candeias-na-lagoa-salgada","status":"publish","type":"post","link":"https:\/\/portalmf.com.br\/index.php\/2022\/12\/14\/requerimento-pede-criacao-de-secoes-eleitorais-na-escola-municipal-nossa-senhora-das-candeias-na-lagoa-salgada\/","title":{"rendered":"Requerimento pede cria\u00e7\u00e3o de se\u00e7\u00f5es eleitorais na Escola Municipal Nossa Senhora das Candeias, na Lagoa Salgada"},"content":{"rendered":"\n<p>Atrav\u00e9s do requerimento n\u00ba 257\/2022, o vereador Z\u00e9 Curuca (Uni\u00e3o Brasil) solicita ao Juiz Eleitoral da Zona 155 que realize a redistribui\u00e7\u00e3o do eleitorado atual, com a finalidade de criar se\u00e7\u00f5es eleitorais na Escola Municipal Nossa Senhora das Candeias, com sede na Estrada do Calundu, no bairro Lagoa Salgada, com o intuito de atender o eleitorado residente naquela localidade.<\/p>\n\n\n\n<p>Nas elei\u00e7\u00f5es em outubro deste ano em Feira de Santana, o segundo maior col\u00e9gio eleitoral da Bahia, 15 locais de vota\u00e7\u00e3o tiveram 78 se\u00e7\u00f5es modificadas. Algumas delas est\u00e3o localizadas em bairros como Mangabeira, Queimadinha e Alto do Cruzeiro.<\/p>\n\n\n\n<p>Com informa\u00e7\u00f5es da Ascom CMFS<\/p>\n","protected":false},"excerpt":{"rendered":"<p>Atrav\u00e9s do requerimento n\u00ba 257\/2022, o vereador Z\u00e9 Curuca (Uni\u00e3o Brasil) solicita ao Juiz Eleitoral da Zona 155 que realize a redistribui\u00e7\u00e3o do eleitorado atual, com a finalidade de criar se\u00e7\u00f5es eleitorais na Escola Municipal Nossa Senhora das Candeias, com sede na Estrada do Calundu, no bairro Lagoa Salgada, com o intuito de atender o [&hellip;]<\/p>\n","protected":false},"author":3,"featured_media":6751,"comment_status":"open","ping_status":"open","sticky":false,"template":"","format":"standard","meta":{"_monsterinsights_skip_tracking":false,"_monsterinsights_sitenote_active":false,"_monsterinsights_sitenote_note":"","_monsterinsights_sitenote_category":0,"footnotes":""},"categories":[34],"tags":[],"yoast_head":"<!-- This site is optimized with the Yoast SEO plugin v22.9 - https:\/\/yoast.com\/wordpress\/plugins\/seo\/ -->\n<title>Requerimento pede cria\u00e7\u00e3o de se\u00e7\u00f5es eleitorais na Escola Municipal Nossa Senhora das Candeias, na Lagoa Salgada - Portal MF<\/title>\n<meta name=\"robots\" content=\"index, follow, max-snippet:-1, max-image-preview:large, max-video-preview:-1\" \/>\n<link rel=\"canonical\" href=\"https:\/\/portalmf.com.br\/index.php\/2022\/12\/14\/requerimento-pede-criacao-de-secoes-eleitorais-na-escola-municipal-nossa-senhora-das-candeias-na-lagoa-salgada\/\" \/>\n<meta property=\"og:locale\" content=\"pt_BR\" \/>\n<meta property=\"og:type\" content=\"article\" \/>\n<meta property=\"og:title\" content=\"Requerimento pede cria\u00e7\u00e3o de se\u00e7\u00f5es eleitorais na Escola Municipal Nossa Senhora das Candeias, na Lagoa Salgada - Portal MF\" \/>\n<meta property=\"og:description\" content=\"Atrav\u00e9s do requerimento n\u00ba 257\/2022, o vereador Z\u00e9 Curuca (Uni\u00e3o Brasil) solicita ao Juiz Eleitoral da Zona 155 que realize a redistribui\u00e7\u00e3o do eleitorado atual, com a finalidade de criar se\u00e7\u00f5es eleitorais na Escola Municipal Nossa Senhora das Candeias, com sede na Estrada do Calundu, no bairro Lagoa Salgada, com o intuito de atender o [&hellip;]\" \/>\n<meta property=\"og:url\" content=\"https:\/\/portalmf.com.br\/index.php\/2022\/12\/14\/requerimento-pede-criacao-de-secoes-eleitorais-na-escola-municipal-nossa-senhora-das-candeias-na-lagoa-salgada\/\" \/>\n<meta property=\"og:site_name\" content=\"Portal MF\" \/>\n<meta property=\"article:author\" content=\"https:\/\/www.facebook.com\/portalmfoficial\" \/>\n<meta property=\"article:published_time\" content=\"2022-12-14T12:31:00+00:00\" \/>\n<meta property=\"article:modified_time\" content=\"2022-12-14T19:29:58+00:00\" \/>\n<meta property=\"og:image\" content=\"https:\/\/portalmf.com.br\/wp-content\/uploads\/2022\/12\/Ze-Curuca.jpeg\" \/>\n\t<meta property=\"og:image:width\" content=\"1306\" \/>\n\t<meta property=\"og:image:height\" content=\"870\" \/>\n\t<meta property=\"og:image:type\" content=\"image\/jpeg\" \/>\n<meta name=\"author\" content=\"Reda\u00e7\u00e3o Portal MF\" \/>\n<meta name=\"twitter:card\" content=\"summary_large_image\" \/>\n<meta name=\"twitter:creator\" content=\"@https:\/\/x.com\/portalmfoficial\" \/>\n<meta name=\"twitter:label1\" content=\"Escrito por\" \/>\n\t<meta name=\"twitter:data1\" content=\"Reda\u00e7\u00e3o Portal MF\" \/>\n\t<meta name=\"twitter:label2\" content=\"Est. tempo de leitura\" \/>\n\t<meta name=\"twitter:data2\" content=\"1 minuto\" \/>\n<script type=\"application\/ld+json\" class=\"yoast-schema-graph\">{\"@context\":\"https:\/\/schema.org\",\"@graph\":[{\"@type\":\"WebPage\",\"@id\":\"https:\/\/portalmf.com.br\/index.php\/2022\/12\/14\/requerimento-pede-criacao-de-secoes-eleitorais-na-escola-municipal-nossa-senhora-das-candeias-na-lagoa-salgada\/\",\"url\":\"https:\/\/portalmf.com.br\/index.php\/2022\/12\/14\/requerimento-pede-criacao-de-secoes-eleitorais-na-escola-municipal-nossa-senhora-das-candeias-na-lagoa-salgada\/\",\"name\":\"Requerimento pede cria\u00e7\u00e3o de se\u00e7\u00f5es eleitorais na Escola Municipal Nossa Senhora das Candeias, na Lagoa Salgada - Portal MF\",\"isPartOf\":{\"@id\":\"https:\/\/portalmf.com.br\/#website\"},\"primaryImageOfPage\":{\"@id\":\"https:\/\/portalmf.com.br\/index.php\/2022\/12\/14\/requerimento-pede-criacao-de-secoes-eleitorais-na-escola-municipal-nossa-senhora-das-candeias-na-lagoa-salgada\/#primaryimage\"},\"image\":{\"@id\":\"https:\/\/portalmf.com.br\/index.php\/2022\/12\/14\/requerimento-pede-criacao-de-secoes-eleitorais-na-escola-municipal-nossa-senhora-das-candeias-na-lagoa-salgada\/#primaryimage\"},\"thumbnailUrl\":\"https:\/\/portalmf.com.br\/wp-content\/uploads\/2022\/12\/Ze-Curuca.jpeg\",\"datePublished\":\"2022-12-14T12:31:00+00:00\",\"dateModified\":\"2022-12-14T19:29:58+00:00\",\"author\":{\"@id\":\"https:\/\/portalmf.com.br\/#\/schema\/person\/9ec101baf56233e53520c26de5d6f6f0\"},\"breadcrumb\":{\"@id\":\"https:\/\/portalmf.com.br\/index.php\/2022\/12\/14\/requerimento-pede-criacao-de-secoes-eleitorais-na-escola-municipal-nossa-senhora-das-candeias-na-lagoa-salgada\/#breadcrumb\"},\"inLanguage\":\"pt-BR\",\"potentialAction\":[{\"@type\":\"ReadAction\",\"target\":[\"https:\/\/portalmf.com.br\/index.php\/2022\/12\/14\/requerimento-pede-criacao-de-secoes-eleitorais-na-escola-municipal-nossa-senhora-das-candeias-na-lagoa-salgada\/\"]}]},{\"@type\":\"ImageObject\",\"inLanguage\":\"pt-BR\",\"@id\":\"https:\/\/portalmf.com.br\/index.php\/2022\/12\/14\/requerimento-pede-criacao-de-secoes-eleitorais-na-escola-municipal-nossa-senhora-das-candeias-na-lagoa-salgada\/#primaryimage\",\"url\":\"https:\/\/portalmf.com.br\/wp-content\/uploads\/2022\/12\/Ze-Curuca.jpeg\",\"contentUrl\":\"https:\/\/portalmf.com.br\/wp-content\/uploads\/2022\/12\/Ze-Curuca.jpeg\",\"width\":1306,\"height\":870},{\"@type\":\"BreadcrumbList\",\"@id\":\"https:\/\/portalmf.com.br\/index.php\/2022\/12\/14\/requerimento-pede-criacao-de-secoes-eleitorais-na-escola-municipal-nossa-senhora-das-candeias-na-lagoa-salgada\/#breadcrumb\",\"itemListElement\":[{\"@type\":\"ListItem\",\"position\":1,\"name\":\"In\u00edcio\",\"item\":\"https:\/\/portalmf.com.br\/\"},{\"@type\":\"ListItem\",\"position\":2,\"name\":\"Requerimento pede cria\u00e7\u00e3o de se\u00e7\u00f5es eleitorais na Escola Municipal Nossa Senhora das Candeias, na Lagoa Salgada\"}]},{\"@type\":\"WebSite\",\"@id\":\"https:\/\/portalmf.com.br\/#website\",\"url\":\"https:\/\/portalmf.com.br\/\",\"name\":\"Portal MF\",\"description\":\"Voc\u00ea conectado com a informa\u00e7\u00e3o\",\"potentialAction\":[{\"@type\":\"SearchAction\",\"target\":{\"@type\":\"EntryPoint\",\"urlTemplate\":\"https:\/\/portalmf.com.br\/?s={search_term_string}\"},\"query-input\":\"required name=search_term_string\"}],\"inLanguage\":\"pt-BR\"},{\"@type\":\"Person\",\"@id\":\"https:\/\/portalmf.com.br\/#\/schema\/person\/9ec101baf56233e53520c26de5d6f6f0\",\"name\":\"Reda\u00e7\u00e3o Portal MF\",\"image\":{\"@type\":\"ImageObject\",\"inLanguage\":\"pt-BR\",\"@id\":\"https:\/\/portalmf.com.br\/#\/schema\/person\/image\/\",\"url\":\"https:\/\/secure.gravatar.com\/avatar\/41b9aaeb2100835f7c64362330f74c7f?s=96&d=mm&r=g\",\"contentUrl\":\"https:\/\/secure.gravatar.com\/avatar\/41b9aaeb2100835f7c64362330f74c7f?s=96&d=mm&r=g\",\"caption\":\"Reda\u00e7\u00e3o Portal MF\"},\"description\":\"Sejam bem-vindos o portal de informa\u00e7\u00f5es de entretenimento de Feira de Santana, desde 2006 realiza coberturas dos principais eventos com entrevistas exclusivas com as principais personalidades mundiais. Fique conectado tamb\u00e9m nas redes sociais.\",\"sameAs\":[\"http:\/\/www.portalmf.com.br\/\",\"https:\/\/www.facebook.com\/portalmfoficial\",\"https:\/\/www.instagram.com\/portalmf\/\",\"https:\/\/x.com\/https:\/\/x.com\/portalmfoficial\",\"https:\/\/www.youtube.com\/@portalmfoficial\"],\"url\":\"https:\/\/portalmf.com.br\/index.php\/author\/junior\/\"}]}<\/script>\n<!-- \/ Yoast SEO plugin. -->","yoast_head_json":{"title":"Requerimento pede cria\u00e7\u00e3o de se\u00e7\u00f5es eleitorais na Escola Municipal Nossa Senhora das Candeias, na Lagoa Salgada - Portal MF","robots":{"index":"index","follow":"follow","max-snippet":"max-snippet:-1","max-image-preview":"max-image-preview:large","max-video-preview":"max-video-preview:-1"},"canonical":"https:\/\/portalmf.com.br\/index.php\/2022\/12\/14\/requerimento-pede-criacao-de-secoes-eleitorais-na-escola-municipal-nossa-senhora-das-candeias-na-lagoa-salgada\/","og_locale":"pt_BR","og_type":"article","og_title":"Requerimento pede cria\u00e7\u00e3o de se\u00e7\u00f5es eleitorais na Escola Municipal Nossa Senhora das Candeias, na Lagoa Salgada - Portal MF","og_description":"Atrav\u00e9s do requerimento n\u00ba 257\/2022, o vereador Z\u00e9 Curuca (Uni\u00e3o Brasil) solicita ao Juiz Eleitoral da Zona 155 que realize a redistribui\u00e7\u00e3o do eleitorado atual, com a finalidade de criar se\u00e7\u00f5es eleitorais na Escola Municipal Nossa Senhora das Candeias, com sede na Estrada do Calundu, no bairro Lagoa Salgada, com o intuito de atender o [&hellip;]","og_url":"https:\/\/portalmf.com.br\/index.php\/2022\/12\/14\/requerimento-pede-criacao-de-secoes-eleitorais-na-escola-municipal-nossa-senhora-das-candeias-na-lagoa-salgada\/","og_site_name":"Portal MF","article_author":"https:\/\/www.facebook.com\/portalmfoficial","article_published_time":"2022-12-14T12:31:00+00:00","article_modified_time":"2022-12-14T19:29:58+00:00","og_image":[{"width":1306,"height":870,"url":"https:\/\/portalmf.com.br\/wp-content\/uploads\/2022\/12\/Ze-Curuca.jpeg","type":"image\/jpeg"}],"author":"Reda\u00e7\u00e3o Portal MF","twitter_card":"summary_large_image","twitter_creator":"@https:\/\/x.com\/portalmfoficial","twitter_misc":{"Escrito por":"Reda\u00e7\u00e3o Portal MF","Est. tempo de leitura":"1 minuto"},"schema":{"@context":"https:\/\/schema.org","@graph":[{"@type":"WebPage","@id":"https:\/\/portalmf.com.br\/index.php\/2022\/12\/14\/requerimento-pede-criacao-de-secoes-eleitorais-na-escola-municipal-nossa-senhora-das-candeias-na-lagoa-salgada\/","url":"https:\/\/portalmf.com.br\/index.php\/2022\/12\/14\/requerimento-pede-criacao-de-secoes-eleitorais-na-escola-municipal-nossa-senhora-das-candeias-na-lagoa-salgada\/","name":"Requerimento pede cria\u00e7\u00e3o de se\u00e7\u00f5es eleitorais na Escola Municipal Nossa Senhora das Candeias, na Lagoa Salgada - Portal MF","isPartOf":{"@id":"https:\/\/portalmf.com.br\/#website"},"primaryImageOfPage":{"@id":"https:\/\/portalmf.com.br\/index.php\/2022\/12\/14\/requerimento-pede-criacao-de-secoes-eleitorais-na-escola-municipal-nossa-senhora-das-candeias-na-lagoa-salgada\/#primaryimage"},"image":{"@id":"https:\/\/portalmf.com.br\/index.php\/2022\/12\/14\/requerimento-pede-criacao-de-secoes-eleitorais-na-escola-municipal-nossa-senhora-das-candeias-na-lagoa-salgada\/#primaryimage"},"thumbnailUrl":"https:\/\/portalmf.com.br\/wp-content\/uploads\/2022\/12\/Ze-Curuca.jpeg","datePublished":"2022-12-14T12:31:00+00:00","dateModified":"2022-12-14T19:29:58+00:00","author":{"@id":"https:\/\/portalmf.com.br\/#\/schema\/person\/9ec101baf56233e53520c26de5d6f6f0"},"breadcrumb":{"@id":"https:\/\/portalmf.com.br\/index.php\/2022\/12\/14\/requerimento-pede-criacao-de-secoes-eleitorais-na-escola-municipal-nossa-senhora-das-candeias-na-lagoa-salgada\/#breadcrumb"},"inLanguage":"pt-BR","potentialAction":[{"@type":"ReadAction","target":["https:\/\/portalmf.com.br\/index.php\/2022\/12\/14\/requerimento-pede-criacao-de-secoes-eleitorais-na-escola-municipal-nossa-senhora-das-candeias-na-lagoa-salgada\/"]}]},{"@type":"ImageObject","inLanguage":"pt-BR","@id":"https:\/\/portalmf.com.br\/index.php\/2022\/12\/14\/requerimento-pede-criacao-de-secoes-eleitorais-na-escola-municipal-nossa-senhora-das-candeias-na-lagoa-salgada\/#primaryimage","url":"https:\/\/portalmf.com.br\/wp-content\/uploads\/2022\/12\/Ze-Curuca.jpeg","contentUrl":"https:\/\/portalmf.com.br\/wp-content\/uploads\/2022\/12\/Ze-Curuca.jpeg","width":1306,"height":870},{"@type":"BreadcrumbList","@id":"https:\/\/portalmf.com.br\/index.php\/2022\/12\/14\/requerimento-pede-criacao-de-secoes-eleitorais-na-escola-municipal-nossa-senhora-das-candeias-na-lagoa-salgada\/#breadcrumb","itemListElement":[{"@type":"ListItem","position":1,"name":"In\u00edcio","item":"https:\/\/portalmf.com.br\/"},{"@type":"ListItem","position":2,"name":"Requerimento pede cria\u00e7\u00e3o de se\u00e7\u00f5es eleitorais na Escola Municipal Nossa Senhora das Candeias, na Lagoa Salgada"}]},{"@type":"WebSite","@id":"https:\/\/portalmf.com.br\/#website","url":"https:\/\/portalmf.com.br\/","name":"Portal MF","description":"Voc\u00ea conectado com a informa\u00e7\u00e3o","potentialAction":[{"@type":"SearchAction","target":{"@type":"EntryPoint","urlTemplate":"https:\/\/portalmf.com.br\/?s={search_term_string}"},"query-input":"required name=search_term_string"}],"inLanguage":"pt-BR"},{"@type":"Person","@id":"https:\/\/portalmf.com.br\/#\/schema\/person\/9ec101baf56233e53520c26de5d6f6f0","name":"Reda\u00e7\u00e3o Portal MF","image":{"@type":"ImageObject","inLanguage":"pt-BR","@id":"https:\/\/portalmf.com.br\/#\/schema\/person\/image\/","url":"https:\/\/secure.gravatar.com\/avatar\/41b9aaeb2100835f7c64362330f74c7f?s=96&d=mm&r=g","contentUrl":"https:\/\/secure.gravatar.com\/avatar\/41b9aaeb2100835f7c64362330f74c7f?s=96&d=mm&r=g","caption":"Reda\u00e7\u00e3o Portal MF"},"description":"Sejam bem-vindos o portal de informa\u00e7\u00f5es de entretenimento de Feira de Santana, desde 2006 realiza coberturas dos principais eventos com entrevistas exclusivas com as principais personalidades mundiais. Fique conectado tamb\u00e9m nas redes sociais.","sameAs":["http:\/\/www.portalmf.com.br\/","https:\/\/www.facebook.com\/portalmfoficial","https:\/\/www.instagram.com\/portalmf\/","https:\/\/x.com\/https:\/\/x.com\/portalmfoficial","https:\/\/www.youtube.com\/@portalmfoficial"],"url":"https:\/\/portalmf.com.br\/index.php\/author\/junior\/"}]}},"_links":{"self":[{"href":"https:\/\/portalmf.com.br\/index.php\/wp-json\/wp\/v2\/posts\/6750"}],"collection":[{"href":"https:\/\/portalmf.com.br\/index.php\/wp-json\/wp\/v2\/posts"}],"about":[{"href":"https:\/\/portalmf.com.br\/index.php\/wp-json\/wp\/v2\/types\/post"}],"author":[{"embeddable":true,"href":"https:\/\/portalmf.com.br\/index.php\/wp-json\/wp\/v2\/users\/3"}],"replies":[{"embeddable":true,"href":"https:\/\/portalmf.com.br\/index.php\/wp-json\/wp\/v2\/comments?post=6750"}],"version-history":[{"count":1,"href":"https:\/\/portalmf.com.br\/index.php\/wp-json\/wp\/v2\/posts\/6750\/revisions"}],"predecessor-version":[{"id":6752,"href":"https:\/\/portalmf.com.br\/index.php\/wp-json\/wp\/v2\/posts\/6750\/revisions\/6752"}],"wp:featuredmedia":[{"embeddable":true,"href":"https:\/\/portalmf.com.br\/index.php\/wp-json\/wp\/v2\/media\/6751"}],"wp:attachment":[{"href":"https:\/\/portalmf.com.br\/index.php\/wp-json\/wp\/v2\/media?parent=6750"}],"wp:term":[{"taxonomy":"category","embeddable":true,"href":"https:\/\/portalmf.com.br\/index.php\/wp-json\/wp\/v2\/categories?post=6750"},{"taxonomy":"post_tag","embeddable":true,"href":"https:\/\/portalmf.com.br\/index.php\/wp-json\/wp\/v2\/tags?post=6750"}],"curies":[{"name":"wp","href":"https:\/\/api.w.org\/{rel}","templated":true}]}}