{"id":6741,"date":"2022-12-14T12:46:44","date_gmt":"2022-12-14T15:46:44","guid":{"rendered":"https:\/\/portalmf.com.br\/?p=6741"},"modified":"2022-12-14T12:46:45","modified_gmt":"2022-12-14T15:46:45","slug":"honda-registra-junto-a-fia-intencao-de-fornecer-motores-para-f1-a-partir-de-2026","status":"publish","type":"post","link":"https:\/\/portalmf.com.br\/index.php\/2022\/12\/14\/honda-registra-junto-a-fia-intencao-de-fornecer-motores-para-f1-a-partir-de-2026\/","title":{"rendered":"Honda registra junto \u00e0 FIA inten\u00e7\u00e3o de fornecer motores para F1 a partir de 2026"},"content":{"rendered":"\n<p>A Honda parece n\u00e3o querer largar o osso da F1. Apesar de ter se despedido da categoria em 2021, com o intuito de focar em carros el\u00e9tricos, a fabricante japonesa seguiu fornecendo a propriedade intelectual para a Red Bull seguir usando os motores nip\u00f4nicos, num acordo que vai at\u00e9 2025. E voltou a aumentar sua participa\u00e7\u00e3o na F\u00f3rmula 1 estampando novamente sua marca nos carros da Red Bull a partir do GP do Jap\u00e3o desse ano.&nbsp;<\/p>\n\n\n\n<p>Agora, ela d\u00e1 mais um passo para retornar de vez \u00e0 F1 ao registrar junto \u00e0 Federa\u00e7\u00e3o Internacional de Automobilismo (FIA) o interesse em ser fornecedora de motores a partir de 2026, quando entra um novo regulamento das unidades de pot\u00eancia. Por\u00e9m, ainda n\u00e3o se sabe se isso significa um retorno formal ou uma poss\u00edvel continuidade da parceria com a Red Bull.\u00a0<\/p>\n\n\n\n<p>O presidente da Honda Racing, Koji Watanabe, confirmou o registro junto \u00e0 FIA, mas ressaltou que isso n\u00e3o ainda n\u00e3o significa um retorno em 2026.&nbsp;<\/p>\n\n\n\n<p>&#8220;Registramos o interesse em fabricar motores a partir de 2026, j\u00e1 que o regulamento est\u00e1 indo de encontro a um cen\u00e1rio de carbono neutro. Al\u00e9m disso, com mais eletricidade nos motores, isso se encaixa nos objetivos da Honda. Enquanto uma companhia de corridas, fizemos o registro para come\u00e7ar as pesquisas. Al\u00e9m disso, existia um prazo para isso ser feito at\u00e9 dia 15 de novembro, ent\u00e3o o fizemos para poder continuar nossa pesquisa&#8221;, Watanabe.&nbsp;<\/p>\n","protected":false},"excerpt":{"rendered":"<p>A Honda parece n\u00e3o querer largar o osso da F1. Apesar de ter se despedido da categoria em 2021, com o intuito de focar em carros el\u00e9tricos, a fabricante japonesa seguiu fornecendo a propriedade intelectual para a Red Bull seguir usando os motores nip\u00f4nicos, num acordo que vai at\u00e9 2025. E voltou a aumentar sua [&hellip;]<\/p>\n","protected":false},"author":3,"featured_media":6742,"comment_status":"open","ping_status":"open","sticky":false,"template":"","format":"standard","meta":{"_monsterinsights_skip_tracking":false,"_monsterinsights_sitenote_active":false,"_monsterinsights_sitenote_note":"","_monsterinsights_sitenote_category":0,"footnotes":""},"categories":[42],"tags":[],"yoast_head":"<!-- This site is optimized with the Yoast SEO plugin v22.9 - https:\/\/yoast.com\/wordpress\/plugins\/seo\/ -->\n<title>Honda registra junto \u00e0 FIA inten\u00e7\u00e3o de fornecer motores para F1 a partir de 2026 - Portal MF<\/title>\n<meta name=\"robots\" content=\"index, follow, max-snippet:-1, max-image-preview:large, max-video-preview:-1\" \/>\n<link rel=\"canonical\" href=\"https:\/\/portalmf.com.br\/index.php\/2022\/12\/14\/honda-registra-junto-a-fia-intencao-de-fornecer-motores-para-f1-a-partir-de-2026\/\" \/>\n<meta property=\"og:locale\" content=\"pt_BR\" \/>\n<meta property=\"og:type\" content=\"article\" \/>\n<meta property=\"og:title\" content=\"Honda registra junto \u00e0 FIA inten\u00e7\u00e3o de fornecer motores para F1 a partir de 2026 - Portal MF\" \/>\n<meta property=\"og:description\" content=\"A Honda parece n\u00e3o querer largar o osso da F1. Apesar de ter se despedido da categoria em 2021, com o intuito de focar em carros el\u00e9tricos, a fabricante japonesa seguiu fornecendo a propriedade intelectual para a Red Bull seguir usando os motores nip\u00f4nicos, num acordo que vai at\u00e9 2025. E voltou a aumentar sua [&hellip;]\" \/>\n<meta property=\"og:url\" content=\"https:\/\/portalmf.com.br\/index.php\/2022\/12\/14\/honda-registra-junto-a-fia-intencao-de-fornecer-motores-para-f1-a-partir-de-2026\/\" \/>\n<meta property=\"og:site_name\" content=\"Portal MF\" \/>\n<meta property=\"article:author\" content=\"https:\/\/www.facebook.com\/portalmfoficial\" \/>\n<meta property=\"article:published_time\" content=\"2022-12-14T15:46:44+00:00\" \/>\n<meta property=\"article:modified_time\" content=\"2022-12-14T15:46:45+00:00\" \/>\n<meta property=\"og:image\" content=\"https:\/\/portalmf.com.br\/wp-content\/uploads\/2022\/12\/honda-f1.jpg\" \/>\n\t<meta property=\"og:image:width\" content=\"1000\" \/>\n\t<meta property=\"og:image:height\" content=\"600\" \/>\n\t<meta property=\"og:image:type\" content=\"image\/jpeg\" \/>\n<meta name=\"author\" content=\"Reda\u00e7\u00e3o Portal MF\" \/>\n<meta name=\"twitter:card\" content=\"summary_large_image\" \/>\n<meta name=\"twitter:creator\" content=\"@https:\/\/x.com\/portalmfoficial\" \/>\n<meta name=\"twitter:label1\" content=\"Escrito por\" \/>\n\t<meta name=\"twitter:data1\" content=\"Reda\u00e7\u00e3o Portal MF\" \/>\n\t<meta name=\"twitter:label2\" content=\"Est. tempo de leitura\" \/>\n\t<meta name=\"twitter:data2\" content=\"2 minutos\" \/>\n<script type=\"application\/ld+json\" class=\"yoast-schema-graph\">{\"@context\":\"https:\/\/schema.org\",\"@graph\":[{\"@type\":\"WebPage\",\"@id\":\"https:\/\/portalmf.com.br\/index.php\/2022\/12\/14\/honda-registra-junto-a-fia-intencao-de-fornecer-motores-para-f1-a-partir-de-2026\/\",\"url\":\"https:\/\/portalmf.com.br\/index.php\/2022\/12\/14\/honda-registra-junto-a-fia-intencao-de-fornecer-motores-para-f1-a-partir-de-2026\/\",\"name\":\"Honda registra junto \u00e0 FIA inten\u00e7\u00e3o de fornecer motores para F1 a partir de 2026 - Portal MF\",\"isPartOf\":{\"@id\":\"https:\/\/portalmf.com.br\/#website\"},\"primaryImageOfPage\":{\"@id\":\"https:\/\/portalmf.com.br\/index.php\/2022\/12\/14\/honda-registra-junto-a-fia-intencao-de-fornecer-motores-para-f1-a-partir-de-2026\/#primaryimage\"},\"image\":{\"@id\":\"https:\/\/portalmf.com.br\/index.php\/2022\/12\/14\/honda-registra-junto-a-fia-intencao-de-fornecer-motores-para-f1-a-partir-de-2026\/#primaryimage\"},\"thumbnailUrl\":\"https:\/\/portalmf.com.br\/wp-content\/uploads\/2022\/12\/honda-f1.jpg\",\"datePublished\":\"2022-12-14T15:46:44+00:00\",\"dateModified\":\"2022-12-14T15:46:45+00:00\",\"author\":{\"@id\":\"https:\/\/portalmf.com.br\/#\/schema\/person\/9ec101baf56233e53520c26de5d6f6f0\"},\"breadcrumb\":{\"@id\":\"https:\/\/portalmf.com.br\/index.php\/2022\/12\/14\/honda-registra-junto-a-fia-intencao-de-fornecer-motores-para-f1-a-partir-de-2026\/#breadcrumb\"},\"inLanguage\":\"pt-BR\",\"potentialAction\":[{\"@type\":\"ReadAction\",\"target\":[\"https:\/\/portalmf.com.br\/index.php\/2022\/12\/14\/honda-registra-junto-a-fia-intencao-de-fornecer-motores-para-f1-a-partir-de-2026\/\"]}]},{\"@type\":\"ImageObject\",\"inLanguage\":\"pt-BR\",\"@id\":\"https:\/\/portalmf.com.br\/index.php\/2022\/12\/14\/honda-registra-junto-a-fia-intencao-de-fornecer-motores-para-f1-a-partir-de-2026\/#primaryimage\",\"url\":\"https:\/\/portalmf.com.br\/wp-content\/uploads\/2022\/12\/honda-f1.jpg\",\"contentUrl\":\"https:\/\/portalmf.com.br\/wp-content\/uploads\/2022\/12\/honda-f1.jpg\",\"width\":1000,\"height\":600},{\"@type\":\"BreadcrumbList\",\"@id\":\"https:\/\/portalmf.com.br\/index.php\/2022\/12\/14\/honda-registra-junto-a-fia-intencao-de-fornecer-motores-para-f1-a-partir-de-2026\/#breadcrumb\",\"itemListElement\":[{\"@type\":\"ListItem\",\"position\":1,\"name\":\"In\u00edcio\",\"item\":\"https:\/\/portalmf.com.br\/\"},{\"@type\":\"ListItem\",\"position\":2,\"name\":\"Honda registra junto \u00e0 FIA inten\u00e7\u00e3o de fornecer motores para F1 a partir de 2026\"}]},{\"@type\":\"WebSite\",\"@id\":\"https:\/\/portalmf.com.br\/#website\",\"url\":\"https:\/\/portalmf.com.br\/\",\"name\":\"Portal MF\",\"description\":\"Voc\u00ea conectado com a informa\u00e7\u00e3o\",\"potentialAction\":[{\"@type\":\"SearchAction\",\"target\":{\"@type\":\"EntryPoint\",\"urlTemplate\":\"https:\/\/portalmf.com.br\/?s={search_term_string}\"},\"query-input\":\"required name=search_term_string\"}],\"inLanguage\":\"pt-BR\"},{\"@type\":\"Person\",\"@id\":\"https:\/\/portalmf.com.br\/#\/schema\/person\/9ec101baf56233e53520c26de5d6f6f0\",\"name\":\"Reda\u00e7\u00e3o Portal MF\",\"image\":{\"@type\":\"ImageObject\",\"inLanguage\":\"pt-BR\",\"@id\":\"https:\/\/portalmf.com.br\/#\/schema\/person\/image\/\",\"url\":\"https:\/\/secure.gravatar.com\/avatar\/41b9aaeb2100835f7c64362330f74c7f?s=96&d=mm&r=g\",\"contentUrl\":\"https:\/\/secure.gravatar.com\/avatar\/41b9aaeb2100835f7c64362330f74c7f?s=96&d=mm&r=g\",\"caption\":\"Reda\u00e7\u00e3o Portal MF\"},\"description\":\"Sejam bem-vindos o portal de informa\u00e7\u00f5es de entretenimento de Feira de Santana, desde 2006 realiza coberturas dos principais eventos com entrevistas exclusivas com as principais personalidades mundiais. Fique conectado tamb\u00e9m nas redes sociais.\",\"sameAs\":[\"http:\/\/www.portalmf.com.br\/\",\"https:\/\/www.facebook.com\/portalmfoficial\",\"https:\/\/www.instagram.com\/portalmf\/\",\"https:\/\/x.com\/https:\/\/x.com\/portalmfoficial\",\"https:\/\/www.youtube.com\/@portalmfoficial\"],\"url\":\"https:\/\/portalmf.com.br\/index.php\/author\/junior\/\"}]}<\/script>\n<!-- \/ Yoast SEO plugin. -->","yoast_head_json":{"title":"Honda registra junto \u00e0 FIA inten\u00e7\u00e3o de fornecer motores para F1 a partir de 2026 - Portal MF","robots":{"index":"index","follow":"follow","max-snippet":"max-snippet:-1","max-image-preview":"max-image-preview:large","max-video-preview":"max-video-preview:-1"},"canonical":"https:\/\/portalmf.com.br\/index.php\/2022\/12\/14\/honda-registra-junto-a-fia-intencao-de-fornecer-motores-para-f1-a-partir-de-2026\/","og_locale":"pt_BR","og_type":"article","og_title":"Honda registra junto \u00e0 FIA inten\u00e7\u00e3o de fornecer motores para F1 a partir de 2026 - Portal MF","og_description":"A Honda parece n\u00e3o querer largar o osso da F1. Apesar de ter se despedido da categoria em 2021, com o intuito de focar em carros el\u00e9tricos, a fabricante japonesa seguiu fornecendo a propriedade intelectual para a Red Bull seguir usando os motores nip\u00f4nicos, num acordo que vai at\u00e9 2025. E voltou a aumentar sua [&hellip;]","og_url":"https:\/\/portalmf.com.br\/index.php\/2022\/12\/14\/honda-registra-junto-a-fia-intencao-de-fornecer-motores-para-f1-a-partir-de-2026\/","og_site_name":"Portal MF","article_author":"https:\/\/www.facebook.com\/portalmfoficial","article_published_time":"2022-12-14T15:46:44+00:00","article_modified_time":"2022-12-14T15:46:45+00:00","og_image":[{"width":1000,"height":600,"url":"https:\/\/portalmf.com.br\/wp-content\/uploads\/2022\/12\/honda-f1.jpg","type":"image\/jpeg"}],"author":"Reda\u00e7\u00e3o Portal MF","twitter_card":"summary_large_image","twitter_creator":"@https:\/\/x.com\/portalmfoficial","twitter_misc":{"Escrito por":"Reda\u00e7\u00e3o Portal MF","Est. tempo de leitura":"2 minutos"},"schema":{"@context":"https:\/\/schema.org","@graph":[{"@type":"WebPage","@id":"https:\/\/portalmf.com.br\/index.php\/2022\/12\/14\/honda-registra-junto-a-fia-intencao-de-fornecer-motores-para-f1-a-partir-de-2026\/","url":"https:\/\/portalmf.com.br\/index.php\/2022\/12\/14\/honda-registra-junto-a-fia-intencao-de-fornecer-motores-para-f1-a-partir-de-2026\/","name":"Honda registra junto \u00e0 FIA inten\u00e7\u00e3o de fornecer motores para F1 a partir de 2026 - Portal MF","isPartOf":{"@id":"https:\/\/portalmf.com.br\/#website"},"primaryImageOfPage":{"@id":"https:\/\/portalmf.com.br\/index.php\/2022\/12\/14\/honda-registra-junto-a-fia-intencao-de-fornecer-motores-para-f1-a-partir-de-2026\/#primaryimage"},"image":{"@id":"https:\/\/portalmf.com.br\/index.php\/2022\/12\/14\/honda-registra-junto-a-fia-intencao-de-fornecer-motores-para-f1-a-partir-de-2026\/#primaryimage"},"thumbnailUrl":"https:\/\/portalmf.com.br\/wp-content\/uploads\/2022\/12\/honda-f1.jpg","datePublished":"2022-12-14T15:46:44+00:00","dateModified":"2022-12-14T15:46:45+00:00","author":{"@id":"https:\/\/portalmf.com.br\/#\/schema\/person\/9ec101baf56233e53520c26de5d6f6f0"},"breadcrumb":{"@id":"https:\/\/portalmf.com.br\/index.php\/2022\/12\/14\/honda-registra-junto-a-fia-intencao-de-fornecer-motores-para-f1-a-partir-de-2026\/#breadcrumb"},"inLanguage":"pt-BR","potentialAction":[{"@type":"ReadAction","target":["https:\/\/portalmf.com.br\/index.php\/2022\/12\/14\/honda-registra-junto-a-fia-intencao-de-fornecer-motores-para-f1-a-partir-de-2026\/"]}]},{"@type":"ImageObject","inLanguage":"pt-BR","@id":"https:\/\/portalmf.com.br\/index.php\/2022\/12\/14\/honda-registra-junto-a-fia-intencao-de-fornecer-motores-para-f1-a-partir-de-2026\/#primaryimage","url":"https:\/\/portalmf.com.br\/wp-content\/uploads\/2022\/12\/honda-f1.jpg","contentUrl":"https:\/\/portalmf.com.br\/wp-content\/uploads\/2022\/12\/honda-f1.jpg","width":1000,"height":600},{"@type":"BreadcrumbList","@id":"https:\/\/portalmf.com.br\/index.php\/2022\/12\/14\/honda-registra-junto-a-fia-intencao-de-fornecer-motores-para-f1-a-partir-de-2026\/#breadcrumb","itemListElement":[{"@type":"ListItem","position":1,"name":"In\u00edcio","item":"https:\/\/portalmf.com.br\/"},{"@type":"ListItem","position":2,"name":"Honda registra junto \u00e0 FIA inten\u00e7\u00e3o de fornecer motores para F1 a partir de 2026"}]},{"@type":"WebSite","@id":"https:\/\/portalmf.com.br\/#website","url":"https:\/\/portalmf.com.br\/","name":"Portal MF","description":"Voc\u00ea conectado com a informa\u00e7\u00e3o","potentialAction":[{"@type":"SearchAction","target":{"@type":"EntryPoint","urlTemplate":"https:\/\/portalmf.com.br\/?s={search_term_string}"},"query-input":"required name=search_term_string"}],"inLanguage":"pt-BR"},{"@type":"Person","@id":"https:\/\/portalmf.com.br\/#\/schema\/person\/9ec101baf56233e53520c26de5d6f6f0","name":"Reda\u00e7\u00e3o Portal MF","image":{"@type":"ImageObject","inLanguage":"pt-BR","@id":"https:\/\/portalmf.com.br\/#\/schema\/person\/image\/","url":"https:\/\/secure.gravatar.com\/avatar\/41b9aaeb2100835f7c64362330f74c7f?s=96&d=mm&r=g","contentUrl":"https:\/\/secure.gravatar.com\/avatar\/41b9aaeb2100835f7c64362330f74c7f?s=96&d=mm&r=g","caption":"Reda\u00e7\u00e3o Portal MF"},"description":"Sejam bem-vindos o portal de informa\u00e7\u00f5es de entretenimento de Feira de Santana, desde 2006 realiza coberturas dos principais eventos com entrevistas exclusivas com as principais personalidades mundiais. Fique conectado tamb\u00e9m nas redes sociais.","sameAs":["http:\/\/www.portalmf.com.br\/","https:\/\/www.facebook.com\/portalmfoficial","https:\/\/www.instagram.com\/portalmf\/","https:\/\/x.com\/https:\/\/x.com\/portalmfoficial","https:\/\/www.youtube.com\/@portalmfoficial"],"url":"https:\/\/portalmf.com.br\/index.php\/author\/junior\/"}]}},"_links":{"self":[{"href":"https:\/\/portalmf.com.br\/index.php\/wp-json\/wp\/v2\/posts\/6741"}],"collection":[{"href":"https:\/\/portalmf.com.br\/index.php\/wp-json\/wp\/v2\/posts"}],"about":[{"href":"https:\/\/portalmf.com.br\/index.php\/wp-json\/wp\/v2\/types\/post"}],"author":[{"embeddable":true,"href":"https:\/\/portalmf.com.br\/index.php\/wp-json\/wp\/v2\/users\/3"}],"replies":[{"embeddable":true,"href":"https:\/\/portalmf.com.br\/index.php\/wp-json\/wp\/v2\/comments?post=6741"}],"version-history":[{"count":1,"href":"https:\/\/portalmf.com.br\/index.php\/wp-json\/wp\/v2\/posts\/6741\/revisions"}],"predecessor-version":[{"id":6743,"href":"https:\/\/portalmf.com.br\/index.php\/wp-json\/wp\/v2\/posts\/6741\/revisions\/6743"}],"wp:featuredmedia":[{"embeddable":true,"href":"https:\/\/portalmf.com.br\/index.php\/wp-json\/wp\/v2\/media\/6742"}],"wp:attachment":[{"href":"https:\/\/portalmf.com.br\/index.php\/wp-json\/wp\/v2\/media?parent=6741"}],"wp:term":[{"taxonomy":"category","embeddable":true,"href":"https:\/\/portalmf.com.br\/index.php\/wp-json\/wp\/v2\/categories?post=6741"},{"taxonomy":"post_tag","embeddable":true,"href":"https:\/\/portalmf.com.br\/index.php\/wp-json\/wp\/v2\/tags?post=6741"}],"curies":[{"name":"wp","href":"https:\/\/api.w.org\/{rel}","templated":true}]}}