{"id":6736,"date":"2022-12-14T12:43:00","date_gmt":"2022-12-14T15:43:00","guid":{"rendered":"https:\/\/portalmf.com.br\/?p=6736"},"modified":"2022-12-14T12:43:36","modified_gmt":"2022-12-14T15:43:36","slug":"ferrari-confirma-frances-ex-alfa-romeo-para-o-cargo-de-chefe-de-equipe-na-f1","status":"publish","type":"post","link":"https:\/\/portalmf.com.br\/index.php\/2022\/12\/14\/ferrari-confirma-frances-ex-alfa-romeo-para-o-cargo-de-chefe-de-equipe-na-f1\/","title":{"rendered":"Ferrari confirma franc\u00eas ex-Alfa Romeo para o cargo de chefe de equipe na F1"},"content":{"rendered":"\n<p>A Ferrari anunciou na manh\u00e3 desta ter\u00e7a-feira o que h\u00e1 tempos j\u00e1 era especulado: o franc\u00eas Frederic Vasseur deixa a Alfa Romeo para assumir o cargo de chefe da Ferrari no lugar de Mattia Binotto a partir da temporada 2023 de F\u00f3rmula 1.&nbsp;<\/p>\n\n\n\n<p>\u201cA Scuderia Ferrari anuncia que Fred Vasseur se juntar\u00e1 ao time, como chefe de equipe e gerente geral a partir de 9 de janeiro\u201d<\/p>\n\n\n\n<p>Vasseur, que trabalhou com Leclerc no in\u00edcio da carreira do monegasco na F1, ainda na Sauber, tem mais de 25 anos de trabalho no automobilismo, com a maior parte nas categorias de base. O franc\u00eas liderou grandes talentos e foi campe\u00e3o com Nico Rosberg na GP2 (antiga F2), em 2005, e com Lewis Hamilton no ano seguinte.&nbsp;<\/p>\n\n\n\n<p>Na F\u00f3rmula 1, Fred ocupou o cargo de chefe de equipe da Renault na temporada 2016, antes de ser contratado pela Sauber\/Alfa Romeo em 2017, equipe que chefiava desde ent\u00e3o.&nbsp;<\/p>\n\n\n\n<p>&#8220;Eu muito feliz e honrado de assumir a lideran\u00e7a da Scuderia Ferrari. A equipe sempre representou o topo do automobilismo para mim, que sou apaixonado pelo esporte por toda a vida. Estou ansioso para trabalhar com o talentoso e apaixonado time em Maranelo e para honrar a hist\u00f3ria e legado da Scuderia, entregando resultados para os Tifosi ao redor do mundo&#8221;, diz Vasseur.&nbsp;<\/p>\n\n\n\n<p>Com informa\u00e7\u00f5es da Band<\/p>\n","protected":false},"excerpt":{"rendered":"<p>A Ferrari anunciou na manh\u00e3 desta ter\u00e7a-feira o que h\u00e1 tempos j\u00e1 era especulado: o franc\u00eas Frederic Vasseur deixa a Alfa Romeo para assumir o cargo de chefe da Ferrari no lugar de Mattia Binotto a partir da temporada 2023 de F\u00f3rmula 1.&nbsp; \u201cA Scuderia Ferrari anuncia que Fred Vasseur se juntar\u00e1 ao time, como [&hellip;]<\/p>\n","protected":false},"author":3,"featured_media":6737,"comment_status":"open","ping_status":"open","sticky":false,"template":"","format":"standard","meta":{"_monsterinsights_skip_tracking":false,"_monsterinsights_sitenote_active":false,"_monsterinsights_sitenote_note":"","_monsterinsights_sitenote_category":0,"footnotes":""},"categories":[42],"tags":[],"yoast_head":"<!-- This site is optimized with the Yoast SEO plugin v22.9 - https:\/\/yoast.com\/wordpress\/plugins\/seo\/ -->\n<title>Ferrari confirma franc\u00eas ex-Alfa Romeo para o cargo de chefe de equipe na F1 - Portal MF<\/title>\n<meta name=\"robots\" content=\"index, follow, max-snippet:-1, max-image-preview:large, max-video-preview:-1\" \/>\n<link rel=\"canonical\" href=\"https:\/\/portalmf.com.br\/index.php\/2022\/12\/14\/ferrari-confirma-frances-ex-alfa-romeo-para-o-cargo-de-chefe-de-equipe-na-f1\/\" \/>\n<meta property=\"og:locale\" content=\"pt_BR\" \/>\n<meta property=\"og:type\" content=\"article\" \/>\n<meta property=\"og:title\" content=\"Ferrari confirma franc\u00eas ex-Alfa Romeo para o cargo de chefe de equipe na F1 - Portal MF\" \/>\n<meta property=\"og:description\" content=\"A Ferrari anunciou na manh\u00e3 desta ter\u00e7a-feira o que h\u00e1 tempos j\u00e1 era especulado: o franc\u00eas Frederic Vasseur deixa a Alfa Romeo para assumir o cargo de chefe da Ferrari no lugar de Mattia Binotto a partir da temporada 2023 de F\u00f3rmula 1.&nbsp; \u201cA Scuderia Ferrari anuncia que Fred Vasseur se juntar\u00e1 ao time, como [&hellip;]\" \/>\n<meta property=\"og:url\" content=\"https:\/\/portalmf.com.br\/index.php\/2022\/12\/14\/ferrari-confirma-frances-ex-alfa-romeo-para-o-cargo-de-chefe-de-equipe-na-f1\/\" \/>\n<meta property=\"og:site_name\" content=\"Portal MF\" \/>\n<meta property=\"article:author\" content=\"https:\/\/www.facebook.com\/portalmfoficial\" \/>\n<meta property=\"article:published_time\" content=\"2022-12-14T15:43:00+00:00\" \/>\n<meta property=\"article:modified_time\" content=\"2022-12-14T15:43:36+00:00\" \/>\n<meta property=\"og:image\" content=\"https:\/\/portalmf.com.br\/wp-content\/uploads\/2022\/12\/89dab7d86081173b3851.jpg\" \/>\n\t<meta property=\"og:image:width\" content=\"640\" \/>\n\t<meta property=\"og:image:height\" content=\"640\" \/>\n\t<meta property=\"og:image:type\" content=\"image\/jpeg\" \/>\n<meta name=\"author\" content=\"Reda\u00e7\u00e3o Portal MF\" \/>\n<meta name=\"twitter:card\" content=\"summary_large_image\" \/>\n<meta name=\"twitter:creator\" content=\"@https:\/\/x.com\/portalmfoficial\" \/>\n<meta name=\"twitter:label1\" content=\"Escrito por\" \/>\n\t<meta name=\"twitter:data1\" content=\"Reda\u00e7\u00e3o Portal MF\" \/>\n\t<meta name=\"twitter:label2\" content=\"Est. tempo de leitura\" \/>\n\t<meta name=\"twitter:data2\" content=\"2 minutos\" \/>\n<script type=\"application\/ld+json\" class=\"yoast-schema-graph\">{\"@context\":\"https:\/\/schema.org\",\"@graph\":[{\"@type\":\"WebPage\",\"@id\":\"https:\/\/portalmf.com.br\/index.php\/2022\/12\/14\/ferrari-confirma-frances-ex-alfa-romeo-para-o-cargo-de-chefe-de-equipe-na-f1\/\",\"url\":\"https:\/\/portalmf.com.br\/index.php\/2022\/12\/14\/ferrari-confirma-frances-ex-alfa-romeo-para-o-cargo-de-chefe-de-equipe-na-f1\/\",\"name\":\"Ferrari confirma franc\u00eas ex-Alfa Romeo para o cargo de chefe de equipe na F1 - Portal MF\",\"isPartOf\":{\"@id\":\"https:\/\/portalmf.com.br\/#website\"},\"primaryImageOfPage\":{\"@id\":\"https:\/\/portalmf.com.br\/index.php\/2022\/12\/14\/ferrari-confirma-frances-ex-alfa-romeo-para-o-cargo-de-chefe-de-equipe-na-f1\/#primaryimage\"},\"image\":{\"@id\":\"https:\/\/portalmf.com.br\/index.php\/2022\/12\/14\/ferrari-confirma-frances-ex-alfa-romeo-para-o-cargo-de-chefe-de-equipe-na-f1\/#primaryimage\"},\"thumbnailUrl\":\"https:\/\/portalmf.com.br\/wp-content\/uploads\/2022\/12\/89dab7d86081173b3851.jpg\",\"datePublished\":\"2022-12-14T15:43:00+00:00\",\"dateModified\":\"2022-12-14T15:43:36+00:00\",\"author\":{\"@id\":\"https:\/\/portalmf.com.br\/#\/schema\/person\/9ec101baf56233e53520c26de5d6f6f0\"},\"breadcrumb\":{\"@id\":\"https:\/\/portalmf.com.br\/index.php\/2022\/12\/14\/ferrari-confirma-frances-ex-alfa-romeo-para-o-cargo-de-chefe-de-equipe-na-f1\/#breadcrumb\"},\"inLanguage\":\"pt-BR\",\"potentialAction\":[{\"@type\":\"ReadAction\",\"target\":[\"https:\/\/portalmf.com.br\/index.php\/2022\/12\/14\/ferrari-confirma-frances-ex-alfa-romeo-para-o-cargo-de-chefe-de-equipe-na-f1\/\"]}]},{\"@type\":\"ImageObject\",\"inLanguage\":\"pt-BR\",\"@id\":\"https:\/\/portalmf.com.br\/index.php\/2022\/12\/14\/ferrari-confirma-frances-ex-alfa-romeo-para-o-cargo-de-chefe-de-equipe-na-f1\/#primaryimage\",\"url\":\"https:\/\/portalmf.com.br\/wp-content\/uploads\/2022\/12\/89dab7d86081173b3851.jpg\",\"contentUrl\":\"https:\/\/portalmf.com.br\/wp-content\/uploads\/2022\/12\/89dab7d86081173b3851.jpg\",\"width\":640,\"height\":640},{\"@type\":\"BreadcrumbList\",\"@id\":\"https:\/\/portalmf.com.br\/index.php\/2022\/12\/14\/ferrari-confirma-frances-ex-alfa-romeo-para-o-cargo-de-chefe-de-equipe-na-f1\/#breadcrumb\",\"itemListElement\":[{\"@type\":\"ListItem\",\"position\":1,\"name\":\"In\u00edcio\",\"item\":\"https:\/\/portalmf.com.br\/\"},{\"@type\":\"ListItem\",\"position\":2,\"name\":\"Ferrari confirma franc\u00eas ex-Alfa Romeo para o cargo de chefe de equipe na F1\"}]},{\"@type\":\"WebSite\",\"@id\":\"https:\/\/portalmf.com.br\/#website\",\"url\":\"https:\/\/portalmf.com.br\/\",\"name\":\"Portal MF\",\"description\":\"Voc\u00ea conectado com a informa\u00e7\u00e3o\",\"potentialAction\":[{\"@type\":\"SearchAction\",\"target\":{\"@type\":\"EntryPoint\",\"urlTemplate\":\"https:\/\/portalmf.com.br\/?s={search_term_string}\"},\"query-input\":\"required name=search_term_string\"}],\"inLanguage\":\"pt-BR\"},{\"@type\":\"Person\",\"@id\":\"https:\/\/portalmf.com.br\/#\/schema\/person\/9ec101baf56233e53520c26de5d6f6f0\",\"name\":\"Reda\u00e7\u00e3o Portal MF\",\"image\":{\"@type\":\"ImageObject\",\"inLanguage\":\"pt-BR\",\"@id\":\"https:\/\/portalmf.com.br\/#\/schema\/person\/image\/\",\"url\":\"https:\/\/secure.gravatar.com\/avatar\/41b9aaeb2100835f7c64362330f74c7f?s=96&d=mm&r=g\",\"contentUrl\":\"https:\/\/secure.gravatar.com\/avatar\/41b9aaeb2100835f7c64362330f74c7f?s=96&d=mm&r=g\",\"caption\":\"Reda\u00e7\u00e3o Portal MF\"},\"description\":\"Sejam bem-vindos o portal de informa\u00e7\u00f5es de entretenimento de Feira de Santana, desde 2006 realiza coberturas dos principais eventos com entrevistas exclusivas com as principais personalidades mundiais. Fique conectado tamb\u00e9m nas redes sociais.\",\"sameAs\":[\"http:\/\/www.portalmf.com.br\/\",\"https:\/\/www.facebook.com\/portalmfoficial\",\"https:\/\/www.instagram.com\/portalmf\/\",\"https:\/\/x.com\/https:\/\/x.com\/portalmfoficial\",\"https:\/\/www.youtube.com\/@portalmfoficial\"],\"url\":\"https:\/\/portalmf.com.br\/index.php\/author\/junior\/\"}]}<\/script>\n<!-- \/ Yoast SEO plugin. -->","yoast_head_json":{"title":"Ferrari confirma franc\u00eas ex-Alfa Romeo para o cargo de chefe de equipe na F1 - Portal MF","robots":{"index":"index","follow":"follow","max-snippet":"max-snippet:-1","max-image-preview":"max-image-preview:large","max-video-preview":"max-video-preview:-1"},"canonical":"https:\/\/portalmf.com.br\/index.php\/2022\/12\/14\/ferrari-confirma-frances-ex-alfa-romeo-para-o-cargo-de-chefe-de-equipe-na-f1\/","og_locale":"pt_BR","og_type":"article","og_title":"Ferrari confirma franc\u00eas ex-Alfa Romeo para o cargo de chefe de equipe na F1 - Portal MF","og_description":"A Ferrari anunciou na manh\u00e3 desta ter\u00e7a-feira o que h\u00e1 tempos j\u00e1 era especulado: o franc\u00eas Frederic Vasseur deixa a Alfa Romeo para assumir o cargo de chefe da Ferrari no lugar de Mattia Binotto a partir da temporada 2023 de F\u00f3rmula 1.&nbsp; \u201cA Scuderia Ferrari anuncia que Fred Vasseur se juntar\u00e1 ao time, como [&hellip;]","og_url":"https:\/\/portalmf.com.br\/index.php\/2022\/12\/14\/ferrari-confirma-frances-ex-alfa-romeo-para-o-cargo-de-chefe-de-equipe-na-f1\/","og_site_name":"Portal MF","article_author":"https:\/\/www.facebook.com\/portalmfoficial","article_published_time":"2022-12-14T15:43:00+00:00","article_modified_time":"2022-12-14T15:43:36+00:00","og_image":[{"width":640,"height":640,"url":"https:\/\/portalmf.com.br\/wp-content\/uploads\/2022\/12\/89dab7d86081173b3851.jpg","type":"image\/jpeg"}],"author":"Reda\u00e7\u00e3o Portal MF","twitter_card":"summary_large_image","twitter_creator":"@https:\/\/x.com\/portalmfoficial","twitter_misc":{"Escrito por":"Reda\u00e7\u00e3o Portal MF","Est. tempo de leitura":"2 minutos"},"schema":{"@context":"https:\/\/schema.org","@graph":[{"@type":"WebPage","@id":"https:\/\/portalmf.com.br\/index.php\/2022\/12\/14\/ferrari-confirma-frances-ex-alfa-romeo-para-o-cargo-de-chefe-de-equipe-na-f1\/","url":"https:\/\/portalmf.com.br\/index.php\/2022\/12\/14\/ferrari-confirma-frances-ex-alfa-romeo-para-o-cargo-de-chefe-de-equipe-na-f1\/","name":"Ferrari confirma franc\u00eas ex-Alfa Romeo para o cargo de chefe de equipe na F1 - Portal MF","isPartOf":{"@id":"https:\/\/portalmf.com.br\/#website"},"primaryImageOfPage":{"@id":"https:\/\/portalmf.com.br\/index.php\/2022\/12\/14\/ferrari-confirma-frances-ex-alfa-romeo-para-o-cargo-de-chefe-de-equipe-na-f1\/#primaryimage"},"image":{"@id":"https:\/\/portalmf.com.br\/index.php\/2022\/12\/14\/ferrari-confirma-frances-ex-alfa-romeo-para-o-cargo-de-chefe-de-equipe-na-f1\/#primaryimage"},"thumbnailUrl":"https:\/\/portalmf.com.br\/wp-content\/uploads\/2022\/12\/89dab7d86081173b3851.jpg","datePublished":"2022-12-14T15:43:00+00:00","dateModified":"2022-12-14T15:43:36+00:00","author":{"@id":"https:\/\/portalmf.com.br\/#\/schema\/person\/9ec101baf56233e53520c26de5d6f6f0"},"breadcrumb":{"@id":"https:\/\/portalmf.com.br\/index.php\/2022\/12\/14\/ferrari-confirma-frances-ex-alfa-romeo-para-o-cargo-de-chefe-de-equipe-na-f1\/#breadcrumb"},"inLanguage":"pt-BR","potentialAction":[{"@type":"ReadAction","target":["https:\/\/portalmf.com.br\/index.php\/2022\/12\/14\/ferrari-confirma-frances-ex-alfa-romeo-para-o-cargo-de-chefe-de-equipe-na-f1\/"]}]},{"@type":"ImageObject","inLanguage":"pt-BR","@id":"https:\/\/portalmf.com.br\/index.php\/2022\/12\/14\/ferrari-confirma-frances-ex-alfa-romeo-para-o-cargo-de-chefe-de-equipe-na-f1\/#primaryimage","url":"https:\/\/portalmf.com.br\/wp-content\/uploads\/2022\/12\/89dab7d86081173b3851.jpg","contentUrl":"https:\/\/portalmf.com.br\/wp-content\/uploads\/2022\/12\/89dab7d86081173b3851.jpg","width":640,"height":640},{"@type":"BreadcrumbList","@id":"https:\/\/portalmf.com.br\/index.php\/2022\/12\/14\/ferrari-confirma-frances-ex-alfa-romeo-para-o-cargo-de-chefe-de-equipe-na-f1\/#breadcrumb","itemListElement":[{"@type":"ListItem","position":1,"name":"In\u00edcio","item":"https:\/\/portalmf.com.br\/"},{"@type":"ListItem","position":2,"name":"Ferrari confirma franc\u00eas ex-Alfa Romeo para o cargo de chefe de equipe na F1"}]},{"@type":"WebSite","@id":"https:\/\/portalmf.com.br\/#website","url":"https:\/\/portalmf.com.br\/","name":"Portal MF","description":"Voc\u00ea conectado com a informa\u00e7\u00e3o","potentialAction":[{"@type":"SearchAction","target":{"@type":"EntryPoint","urlTemplate":"https:\/\/portalmf.com.br\/?s={search_term_string}"},"query-input":"required name=search_term_string"}],"inLanguage":"pt-BR"},{"@type":"Person","@id":"https:\/\/portalmf.com.br\/#\/schema\/person\/9ec101baf56233e53520c26de5d6f6f0","name":"Reda\u00e7\u00e3o Portal MF","image":{"@type":"ImageObject","inLanguage":"pt-BR","@id":"https:\/\/portalmf.com.br\/#\/schema\/person\/image\/","url":"https:\/\/secure.gravatar.com\/avatar\/41b9aaeb2100835f7c64362330f74c7f?s=96&d=mm&r=g","contentUrl":"https:\/\/secure.gravatar.com\/avatar\/41b9aaeb2100835f7c64362330f74c7f?s=96&d=mm&r=g","caption":"Reda\u00e7\u00e3o Portal MF"},"description":"Sejam bem-vindos o portal de informa\u00e7\u00f5es de entretenimento de Feira de Santana, desde 2006 realiza coberturas dos principais eventos com entrevistas exclusivas com as principais personalidades mundiais. Fique conectado tamb\u00e9m nas redes sociais.","sameAs":["http:\/\/www.portalmf.com.br\/","https:\/\/www.facebook.com\/portalmfoficial","https:\/\/www.instagram.com\/portalmf\/","https:\/\/x.com\/https:\/\/x.com\/portalmfoficial","https:\/\/www.youtube.com\/@portalmfoficial"],"url":"https:\/\/portalmf.com.br\/index.php\/author\/junior\/"}]}},"_links":{"self":[{"href":"https:\/\/portalmf.com.br\/index.php\/wp-json\/wp\/v2\/posts\/6736"}],"collection":[{"href":"https:\/\/portalmf.com.br\/index.php\/wp-json\/wp\/v2\/posts"}],"about":[{"href":"https:\/\/portalmf.com.br\/index.php\/wp-json\/wp\/v2\/types\/post"}],"author":[{"embeddable":true,"href":"https:\/\/portalmf.com.br\/index.php\/wp-json\/wp\/v2\/users\/3"}],"replies":[{"embeddable":true,"href":"https:\/\/portalmf.com.br\/index.php\/wp-json\/wp\/v2\/comments?post=6736"}],"version-history":[{"count":2,"href":"https:\/\/portalmf.com.br\/index.php\/wp-json\/wp\/v2\/posts\/6736\/revisions"}],"predecessor-version":[{"id":6740,"href":"https:\/\/portalmf.com.br\/index.php\/wp-json\/wp\/v2\/posts\/6736\/revisions\/6740"}],"wp:featuredmedia":[{"embeddable":true,"href":"https:\/\/portalmf.com.br\/index.php\/wp-json\/wp\/v2\/media\/6737"}],"wp:attachment":[{"href":"https:\/\/portalmf.com.br\/index.php\/wp-json\/wp\/v2\/media?parent=6736"}],"wp:term":[{"taxonomy":"category","embeddable":true,"href":"https:\/\/portalmf.com.br\/index.php\/wp-json\/wp\/v2\/categories?post=6736"},{"taxonomy":"post_tag","embeddable":true,"href":"https:\/\/portalmf.com.br\/index.php\/wp-json\/wp\/v2\/tags?post=6736"}],"curies":[{"name":"wp","href":"https:\/\/api.w.org\/{rel}","templated":true}]}}