{"id":6716,"date":"2022-12-14T00:07:14","date_gmt":"2022-12-14T03:07:14","guid":{"rendered":"https:\/\/portalmf.com.br\/?p=6716"},"modified":"2022-12-14T00:07:15","modified_gmt":"2022-12-14T03:07:15","slug":"seresta-da-princesa-chega-as-plataformas-musicais-nesta-quinta-15","status":"publish","type":"post","link":"https:\/\/portalmf.com.br\/index.php\/2022\/12\/14\/seresta-da-princesa-chega-as-plataformas-musicais-nesta-quinta-15\/","title":{"rendered":"Seresta da Princesa chega \u00e0s plataformas musicais nesta quinta, 15"},"content":{"rendered":"\n<p>Com muito sentimento, romantismo e o melhor do repert\u00f3rio, a cantora feirense Let\u00edcia Brasil lan\u00e7a nesta quinta-feira (15), o DVD &#8216;Seresta da Princesa&#8217;, que promete se tornar a companhia perfeita para dan\u00e7ar agarradinho, sofrer, curtir, se apaixonar, e claro, tomar uma.<\/p>\n\n\n\n<p>Gravado diretamente de um dos maiores cart\u00f5es postais baianos, a Lagoa Grande, em Feira de Santana, o &#8216;Seresta da Princesa&#8217; re\u00fane cl\u00e1ssicos do arrocha tipicamente baiano, que marcaram \u00e9poca e est\u00e3o nos cora\u00e7\u00f5es de todos que curtem a boa m\u00fasica, adaptados para o ritmo da seresta. A combina\u00e7\u00e3o \u00e9 certeira.<\/p>\n\n\n\n<p>A novidade \u00e9 tamb\u00e9m para Let\u00edcia, que arrisca mais uma vez e se mostra uma artista ousada e inovadora. &#8220;<em>Iniciei minha carreira cantando sertanejo, em 2019 gravei meu primeiro CD, num outro ritmo, o arrocha, em 2020, gravei outro CD e em seguida EP &#8216;s. Foi ent\u00e3o que conheci um produtor chamado Leo \u00c1guia, que estava assistindo o meu show e fez a proposta para eu gravar um CD de seresta, afirmando que combinava comigo e eu, claro que topei. Iniciamos em seguida o laborat\u00f3rio, fizemos ensaios para eu me adaptar ao teclado de ritmo, uma vez que sempre toquei com bateria&#8221;, <\/em>lembrou Let\u00edcia Brasil.<\/p>\n\n\n\n<p>Assim surge um projeto que logo ap\u00f3s ser anunciado, j\u00e1 tomou conta da cidade. Centenas de pessoas foram \u00e0 Lagoa Grande acompanhar a grava\u00e7\u00e3o que ficou para a hist\u00f3ria. <\/p>\n\n\n\n<p><em>&#8220;Foi desafiador gravar m\u00fasicas consideradas lendas do nosso arrocha na seresta, mas, est\u00e1 a\u00ed a Seresta da Princesa, que representa tamb\u00e9m uma associa\u00e7\u00e3o a nossa cidade, conhecida como Princesa do Sert\u00e3o, o que s\u00f3 fez confirmar que a escolha do nome foi a melhor. Nunca imaginei que pudesse me identificar tanto com um ritmo e com as can\u00e7\u00f5es. \u00c9 extraordin\u00e1rio a felicidade que foi gravar o meu primeiro DVD&#8221;, <\/em>diz a cantora.<\/p>\n\n\n\n<p>A Seresta da Princesa estar\u00e1 dispon\u00edvel nas plataformas musicais (Spotify, Sua M\u00fasica, Deezer) e youtube (<a href=\"https:\/\/www.youtube.com\/@leticiabrasilcantora2155\">https:\/\/www.youtube.com\/@leticiabrasilcantora2155<\/a>) \u00e0s 20h desta quinta-feira (15).<\/p>\n\n\n\n<p><em>Conhe\u00e7a Let\u00edcia Brasil<\/em><\/p>\n\n\n\n<p>Leticia Brasil \u00e9 natural de Feira de Santana, cresceu sob as influ\u00eancias da m\u00fasica gospel. Desde pequena sob os olhares da sua av\u00f3, demonstrava a liga\u00e7\u00e3o, ainda que desconhecida, com a m\u00fasica. Incentivada por familiares come\u00e7ou a cantar no grupo de coral da igreja. Cantar era apenas um passatempo e foi praticando este hobby at\u00e9 que se descobriu no final do ano de 2016. Logo passou a cantar em diversas casas noturnas e bares da cidade, ainda sem muita pretens\u00e3o, no formato ac\u00fastico.<\/p>\n\n\n\n<p>N\u00e3o demorou muito para perceber que o palco era o seu lugar. Era ali que se realizava e se despia toda a timidez que at\u00e9 ent\u00e3o carregava. Com muito empenho, dedica\u00e7\u00e3o e amor ao que faz come\u00e7ou a trilhar sua carreira ao lado de outros m\u00fasicos com quem forma atualmente sua banda.<\/p>\n\n\n\n<p>Foto: Leonardo Souza<\/p>\n","protected":false},"excerpt":{"rendered":"<p>Com muito sentimento, romantismo e o melhor do repert\u00f3rio, a cantora feirense Let\u00edcia Brasil lan\u00e7a nesta quinta-feira (15), o DVD &#8216;Seresta da Princesa&#8217;, que promete se tornar a companhia perfeita para dan\u00e7ar agarradinho, sofrer, curtir, se apaixonar, e claro, tomar uma. Gravado diretamente de um dos maiores cart\u00f5es postais baianos, a Lagoa Grande, em Feira [&hellip;]<\/p>\n","protected":false},"author":3,"featured_media":6717,"comment_status":"open","ping_status":"open","sticky":false,"template":"","format":"standard","meta":{"_monsterinsights_skip_tracking":false,"_monsterinsights_sitenote_active":false,"_monsterinsights_sitenote_note":"","_monsterinsights_sitenote_category":0,"footnotes":""},"categories":[36],"tags":[],"yoast_head":"<!-- This site is optimized with the Yoast SEO plugin v22.9 - https:\/\/yoast.com\/wordpress\/plugins\/seo\/ -->\n<title>Seresta da Princesa chega \u00e0s plataformas musicais nesta quinta, 15 - Portal MF<\/title>\n<meta name=\"robots\" content=\"index, follow, max-snippet:-1, max-image-preview:large, max-video-preview:-1\" \/>\n<link rel=\"canonical\" href=\"https:\/\/portalmf.com.br\/index.php\/2022\/12\/14\/seresta-da-princesa-chega-as-plataformas-musicais-nesta-quinta-15\/\" \/>\n<meta property=\"og:locale\" content=\"pt_BR\" \/>\n<meta property=\"og:type\" content=\"article\" \/>\n<meta property=\"og:title\" content=\"Seresta da Princesa chega \u00e0s plataformas musicais nesta quinta, 15 - Portal MF\" \/>\n<meta property=\"og:description\" content=\"Com muito sentimento, romantismo e o melhor do repert\u00f3rio, a cantora feirense Let\u00edcia Brasil lan\u00e7a nesta quinta-feira (15), o DVD &#8216;Seresta da Princesa&#8217;, que promete se tornar a companhia perfeita para dan\u00e7ar agarradinho, sofrer, curtir, se apaixonar, e claro, tomar uma. Gravado diretamente de um dos maiores cart\u00f5es postais baianos, a Lagoa Grande, em Feira [&hellip;]\" \/>\n<meta property=\"og:url\" content=\"https:\/\/portalmf.com.br\/index.php\/2022\/12\/14\/seresta-da-princesa-chega-as-plataformas-musicais-nesta-quinta-15\/\" \/>\n<meta property=\"og:site_name\" content=\"Portal MF\" \/>\n<meta property=\"article:author\" content=\"https:\/\/www.facebook.com\/portalmfoficial\" \/>\n<meta property=\"article:published_time\" content=\"2022-12-14T03:07:14+00:00\" \/>\n<meta property=\"article:modified_time\" content=\"2022-12-14T03:07:15+00:00\" \/>\n<meta property=\"og:image\" content=\"https:\/\/portalmf.com.br\/wp-content\/uploads\/2022\/12\/IMG-20221214-WA0000.jpg\" \/>\n\t<meta property=\"og:image:width\" content=\"829\" \/>\n\t<meta property=\"og:image:height\" content=\"818\" \/>\n\t<meta property=\"og:image:type\" content=\"image\/jpeg\" \/>\n<meta name=\"author\" content=\"Reda\u00e7\u00e3o Portal MF\" \/>\n<meta name=\"twitter:card\" content=\"summary_large_image\" \/>\n<meta name=\"twitter:creator\" content=\"@https:\/\/x.com\/portalmfoficial\" \/>\n<meta name=\"twitter:label1\" content=\"Escrito por\" \/>\n\t<meta name=\"twitter:data1\" content=\"Reda\u00e7\u00e3o Portal MF\" \/>\n\t<meta name=\"twitter:label2\" content=\"Est. tempo de leitura\" \/>\n\t<meta name=\"twitter:data2\" content=\"3 minutos\" \/>\n<script type=\"application\/ld+json\" class=\"yoast-schema-graph\">{\"@context\":\"https:\/\/schema.org\",\"@graph\":[{\"@type\":\"WebPage\",\"@id\":\"https:\/\/portalmf.com.br\/index.php\/2022\/12\/14\/seresta-da-princesa-chega-as-plataformas-musicais-nesta-quinta-15\/\",\"url\":\"https:\/\/portalmf.com.br\/index.php\/2022\/12\/14\/seresta-da-princesa-chega-as-plataformas-musicais-nesta-quinta-15\/\",\"name\":\"Seresta da Princesa chega \u00e0s plataformas musicais nesta quinta, 15 - Portal MF\",\"isPartOf\":{\"@id\":\"https:\/\/portalmf.com.br\/#website\"},\"primaryImageOfPage\":{\"@id\":\"https:\/\/portalmf.com.br\/index.php\/2022\/12\/14\/seresta-da-princesa-chega-as-plataformas-musicais-nesta-quinta-15\/#primaryimage\"},\"image\":{\"@id\":\"https:\/\/portalmf.com.br\/index.php\/2022\/12\/14\/seresta-da-princesa-chega-as-plataformas-musicais-nesta-quinta-15\/#primaryimage\"},\"thumbnailUrl\":\"https:\/\/portalmf.com.br\/wp-content\/uploads\/2022\/12\/IMG-20221214-WA0000.jpg\",\"datePublished\":\"2022-12-14T03:07:14+00:00\",\"dateModified\":\"2022-12-14T03:07:15+00:00\",\"author\":{\"@id\":\"https:\/\/portalmf.com.br\/#\/schema\/person\/9ec101baf56233e53520c26de5d6f6f0\"},\"breadcrumb\":{\"@id\":\"https:\/\/portalmf.com.br\/index.php\/2022\/12\/14\/seresta-da-princesa-chega-as-plataformas-musicais-nesta-quinta-15\/#breadcrumb\"},\"inLanguage\":\"pt-BR\",\"potentialAction\":[{\"@type\":\"ReadAction\",\"target\":[\"https:\/\/portalmf.com.br\/index.php\/2022\/12\/14\/seresta-da-princesa-chega-as-plataformas-musicais-nesta-quinta-15\/\"]}]},{\"@type\":\"ImageObject\",\"inLanguage\":\"pt-BR\",\"@id\":\"https:\/\/portalmf.com.br\/index.php\/2022\/12\/14\/seresta-da-princesa-chega-as-plataformas-musicais-nesta-quinta-15\/#primaryimage\",\"url\":\"https:\/\/portalmf.com.br\/wp-content\/uploads\/2022\/12\/IMG-20221214-WA0000.jpg\",\"contentUrl\":\"https:\/\/portalmf.com.br\/wp-content\/uploads\/2022\/12\/IMG-20221214-WA0000.jpg\",\"width\":829,\"height\":818},{\"@type\":\"BreadcrumbList\",\"@id\":\"https:\/\/portalmf.com.br\/index.php\/2022\/12\/14\/seresta-da-princesa-chega-as-plataformas-musicais-nesta-quinta-15\/#breadcrumb\",\"itemListElement\":[{\"@type\":\"ListItem\",\"position\":1,\"name\":\"In\u00edcio\",\"item\":\"https:\/\/portalmf.com.br\/\"},{\"@type\":\"ListItem\",\"position\":2,\"name\":\"Seresta da Princesa chega \u00e0s plataformas musicais nesta quinta, 15\"}]},{\"@type\":\"WebSite\",\"@id\":\"https:\/\/portalmf.com.br\/#website\",\"url\":\"https:\/\/portalmf.com.br\/\",\"name\":\"Portal MF\",\"description\":\"Voc\u00ea conectado com a informa\u00e7\u00e3o\",\"potentialAction\":[{\"@type\":\"SearchAction\",\"target\":{\"@type\":\"EntryPoint\",\"urlTemplate\":\"https:\/\/portalmf.com.br\/?s={search_term_string}\"},\"query-input\":\"required name=search_term_string\"}],\"inLanguage\":\"pt-BR\"},{\"@type\":\"Person\",\"@id\":\"https:\/\/portalmf.com.br\/#\/schema\/person\/9ec101baf56233e53520c26de5d6f6f0\",\"name\":\"Reda\u00e7\u00e3o Portal MF\",\"image\":{\"@type\":\"ImageObject\",\"inLanguage\":\"pt-BR\",\"@id\":\"https:\/\/portalmf.com.br\/#\/schema\/person\/image\/\",\"url\":\"https:\/\/secure.gravatar.com\/avatar\/41b9aaeb2100835f7c64362330f74c7f?s=96&d=mm&r=g\",\"contentUrl\":\"https:\/\/secure.gravatar.com\/avatar\/41b9aaeb2100835f7c64362330f74c7f?s=96&d=mm&r=g\",\"caption\":\"Reda\u00e7\u00e3o Portal MF\"},\"description\":\"Sejam bem-vindos o portal de informa\u00e7\u00f5es de entretenimento de Feira de Santana, desde 2006 realiza coberturas dos principais eventos com entrevistas exclusivas com as principais personalidades mundiais. Fique conectado tamb\u00e9m nas redes sociais.\",\"sameAs\":[\"http:\/\/www.portalmf.com.br\/\",\"https:\/\/www.facebook.com\/portalmfoficial\",\"https:\/\/www.instagram.com\/portalmf\/\",\"https:\/\/x.com\/https:\/\/x.com\/portalmfoficial\",\"https:\/\/www.youtube.com\/@portalmfoficial\"],\"url\":\"https:\/\/portalmf.com.br\/index.php\/author\/junior\/\"}]}<\/script>\n<!-- \/ Yoast SEO plugin. -->","yoast_head_json":{"title":"Seresta da Princesa chega \u00e0s plataformas musicais nesta quinta, 15 - Portal MF","robots":{"index":"index","follow":"follow","max-snippet":"max-snippet:-1","max-image-preview":"max-image-preview:large","max-video-preview":"max-video-preview:-1"},"canonical":"https:\/\/portalmf.com.br\/index.php\/2022\/12\/14\/seresta-da-princesa-chega-as-plataformas-musicais-nesta-quinta-15\/","og_locale":"pt_BR","og_type":"article","og_title":"Seresta da Princesa chega \u00e0s plataformas musicais nesta quinta, 15 - Portal MF","og_description":"Com muito sentimento, romantismo e o melhor do repert\u00f3rio, a cantora feirense Let\u00edcia Brasil lan\u00e7a nesta quinta-feira (15), o DVD &#8216;Seresta da Princesa&#8217;, que promete se tornar a companhia perfeita para dan\u00e7ar agarradinho, sofrer, curtir, se apaixonar, e claro, tomar uma. Gravado diretamente de um dos maiores cart\u00f5es postais baianos, a Lagoa Grande, em Feira [&hellip;]","og_url":"https:\/\/portalmf.com.br\/index.php\/2022\/12\/14\/seresta-da-princesa-chega-as-plataformas-musicais-nesta-quinta-15\/","og_site_name":"Portal MF","article_author":"https:\/\/www.facebook.com\/portalmfoficial","article_published_time":"2022-12-14T03:07:14+00:00","article_modified_time":"2022-12-14T03:07:15+00:00","og_image":[{"width":829,"height":818,"url":"https:\/\/portalmf.com.br\/wp-content\/uploads\/2022\/12\/IMG-20221214-WA0000.jpg","type":"image\/jpeg"}],"author":"Reda\u00e7\u00e3o Portal MF","twitter_card":"summary_large_image","twitter_creator":"@https:\/\/x.com\/portalmfoficial","twitter_misc":{"Escrito por":"Reda\u00e7\u00e3o Portal MF","Est. tempo de leitura":"3 minutos"},"schema":{"@context":"https:\/\/schema.org","@graph":[{"@type":"WebPage","@id":"https:\/\/portalmf.com.br\/index.php\/2022\/12\/14\/seresta-da-princesa-chega-as-plataformas-musicais-nesta-quinta-15\/","url":"https:\/\/portalmf.com.br\/index.php\/2022\/12\/14\/seresta-da-princesa-chega-as-plataformas-musicais-nesta-quinta-15\/","name":"Seresta da Princesa chega \u00e0s plataformas musicais nesta quinta, 15 - Portal MF","isPartOf":{"@id":"https:\/\/portalmf.com.br\/#website"},"primaryImageOfPage":{"@id":"https:\/\/portalmf.com.br\/index.php\/2022\/12\/14\/seresta-da-princesa-chega-as-plataformas-musicais-nesta-quinta-15\/#primaryimage"},"image":{"@id":"https:\/\/portalmf.com.br\/index.php\/2022\/12\/14\/seresta-da-princesa-chega-as-plataformas-musicais-nesta-quinta-15\/#primaryimage"},"thumbnailUrl":"https:\/\/portalmf.com.br\/wp-content\/uploads\/2022\/12\/IMG-20221214-WA0000.jpg","datePublished":"2022-12-14T03:07:14+00:00","dateModified":"2022-12-14T03:07:15+00:00","author":{"@id":"https:\/\/portalmf.com.br\/#\/schema\/person\/9ec101baf56233e53520c26de5d6f6f0"},"breadcrumb":{"@id":"https:\/\/portalmf.com.br\/index.php\/2022\/12\/14\/seresta-da-princesa-chega-as-plataformas-musicais-nesta-quinta-15\/#breadcrumb"},"inLanguage":"pt-BR","potentialAction":[{"@type":"ReadAction","target":["https:\/\/portalmf.com.br\/index.php\/2022\/12\/14\/seresta-da-princesa-chega-as-plataformas-musicais-nesta-quinta-15\/"]}]},{"@type":"ImageObject","inLanguage":"pt-BR","@id":"https:\/\/portalmf.com.br\/index.php\/2022\/12\/14\/seresta-da-princesa-chega-as-plataformas-musicais-nesta-quinta-15\/#primaryimage","url":"https:\/\/portalmf.com.br\/wp-content\/uploads\/2022\/12\/IMG-20221214-WA0000.jpg","contentUrl":"https:\/\/portalmf.com.br\/wp-content\/uploads\/2022\/12\/IMG-20221214-WA0000.jpg","width":829,"height":818},{"@type":"BreadcrumbList","@id":"https:\/\/portalmf.com.br\/index.php\/2022\/12\/14\/seresta-da-princesa-chega-as-plataformas-musicais-nesta-quinta-15\/#breadcrumb","itemListElement":[{"@type":"ListItem","position":1,"name":"In\u00edcio","item":"https:\/\/portalmf.com.br\/"},{"@type":"ListItem","position":2,"name":"Seresta da Princesa chega \u00e0s plataformas musicais nesta quinta, 15"}]},{"@type":"WebSite","@id":"https:\/\/portalmf.com.br\/#website","url":"https:\/\/portalmf.com.br\/","name":"Portal MF","description":"Voc\u00ea conectado com a informa\u00e7\u00e3o","potentialAction":[{"@type":"SearchAction","target":{"@type":"EntryPoint","urlTemplate":"https:\/\/portalmf.com.br\/?s={search_term_string}"},"query-input":"required name=search_term_string"}],"inLanguage":"pt-BR"},{"@type":"Person","@id":"https:\/\/portalmf.com.br\/#\/schema\/person\/9ec101baf56233e53520c26de5d6f6f0","name":"Reda\u00e7\u00e3o Portal MF","image":{"@type":"ImageObject","inLanguage":"pt-BR","@id":"https:\/\/portalmf.com.br\/#\/schema\/person\/image\/","url":"https:\/\/secure.gravatar.com\/avatar\/41b9aaeb2100835f7c64362330f74c7f?s=96&d=mm&r=g","contentUrl":"https:\/\/secure.gravatar.com\/avatar\/41b9aaeb2100835f7c64362330f74c7f?s=96&d=mm&r=g","caption":"Reda\u00e7\u00e3o Portal MF"},"description":"Sejam bem-vindos o portal de informa\u00e7\u00f5es de entretenimento de Feira de Santana, desde 2006 realiza coberturas dos principais eventos com entrevistas exclusivas com as principais personalidades mundiais. Fique conectado tamb\u00e9m nas redes sociais.","sameAs":["http:\/\/www.portalmf.com.br\/","https:\/\/www.facebook.com\/portalmfoficial","https:\/\/www.instagram.com\/portalmf\/","https:\/\/x.com\/https:\/\/x.com\/portalmfoficial","https:\/\/www.youtube.com\/@portalmfoficial"],"url":"https:\/\/portalmf.com.br\/index.php\/author\/junior\/"}]}},"_links":{"self":[{"href":"https:\/\/portalmf.com.br\/index.php\/wp-json\/wp\/v2\/posts\/6716"}],"collection":[{"href":"https:\/\/portalmf.com.br\/index.php\/wp-json\/wp\/v2\/posts"}],"about":[{"href":"https:\/\/portalmf.com.br\/index.php\/wp-json\/wp\/v2\/types\/post"}],"author":[{"embeddable":true,"href":"https:\/\/portalmf.com.br\/index.php\/wp-json\/wp\/v2\/users\/3"}],"replies":[{"embeddable":true,"href":"https:\/\/portalmf.com.br\/index.php\/wp-json\/wp\/v2\/comments?post=6716"}],"version-history":[{"count":1,"href":"https:\/\/portalmf.com.br\/index.php\/wp-json\/wp\/v2\/posts\/6716\/revisions"}],"predecessor-version":[{"id":6718,"href":"https:\/\/portalmf.com.br\/index.php\/wp-json\/wp\/v2\/posts\/6716\/revisions\/6718"}],"wp:featuredmedia":[{"embeddable":true,"href":"https:\/\/portalmf.com.br\/index.php\/wp-json\/wp\/v2\/media\/6717"}],"wp:attachment":[{"href":"https:\/\/portalmf.com.br\/index.php\/wp-json\/wp\/v2\/media?parent=6716"}],"wp:term":[{"taxonomy":"category","embeddable":true,"href":"https:\/\/portalmf.com.br\/index.php\/wp-json\/wp\/v2\/categories?post=6716"},{"taxonomy":"post_tag","embeddable":true,"href":"https:\/\/portalmf.com.br\/index.php\/wp-json\/wp\/v2\/tags?post=6716"}],"curies":[{"name":"wp","href":"https:\/\/api.w.org\/{rel}","templated":true}]}}