{"id":6712,"date":"2022-12-13T17:52:54","date_gmt":"2022-12-13T20:52:54","guid":{"rendered":"https:\/\/portalmf.com.br\/?p=6712"},"modified":"2022-12-13T17:52:54","modified_gmt":"2022-12-13T20:52:54","slug":"novo-lote-de-vacinas-contra-covid-19chegam-ao-brasil","status":"publish","type":"post","link":"https:\/\/portalmf.com.br\/index.php\/2022\/12\/13\/novo-lote-de-vacinas-contra-covid-19chegam-ao-brasil\/","title":{"rendered":"Novo lote de vacinas contra covid-19chegam ao Brasil"},"content":{"rendered":"\n<p>O governo federal recebeu, na madrugada de&nbsp;hoje&nbsp;(13), um lote de 1,4 milh\u00e3o de doses de vacinas contra covid-19. Os imunizantes, do tipo bivalente, protegem contra a variante \u00d4micron original e a variante BA1.<img decoding=\"async\" src=\"https:\/\/agenciabrasil.ebc.com.br\/ebc.png?id=1498330&amp;o=node\"><img decoding=\"async\" src=\"https:\/\/agenciabrasil.ebc.com.br\/ebc.gif?id=1498330&amp;o=node\"><\/p>\n\n\n\n<p>As vacinas v\u00e3o passar por avalia\u00e7\u00e3o e an\u00e1lise do Instituto Nacional de Controle de Qualidade em Sa\u00fade e ser\u00e3o distribu\u00eddas ap\u00f3s divulga\u00e7\u00e3o de&nbsp;nota t\u00e9cnica pelo Minist\u00e9rio da Sa\u00fade,&nbsp;com orienta\u00e7\u00f5es sobre aplica\u00e7\u00e3o e p\u00fablico-alvo.<\/p>\n\n\n\n<p>Pelas redes sociais, o minist\u00e9rio&nbsp;registrou a chegada do carregamento de vacinas com um v\u00eddeo curto:&nbsp;\u201cChegou, nesta madrugada, mais um lote de vacinas bivalentes contra a covid-19. Os imunizantes ficam dispon\u00edveis para os brasileiros menos de um m\u00eas ap\u00f3s a aprova\u00e7\u00e3o para uso emergencial pela Anvisa.\u201d<\/p>\n\n\n\n<p>O governo brasileiro j\u00e1 encomendou, junto a&nbsp;farmac\u00eautica Pfizer, imunizantes adaptados \u00e0s&nbsp;variantes \u00d4micron BA4 e BA5. A previs\u00e3o \u00e9 que cerca de 9 milh\u00f5es de doses bivalentes&nbsp;j\u00e1 estejam \u00e0 disposi\u00e7\u00e3o&nbsp;at\u00e9 o dia 19.<\/p>\n\n\n\n<p>Vacinas bivalentes s\u00e3o aquelas j\u00e1 atualizadas em rela\u00e7\u00e3o \u00e0s muta\u00e7\u00f5es do v\u00edrus e protegem tamb\u00e9m contra suas variantes.<\/p>\n","protected":false},"excerpt":{"rendered":"<p>O governo federal recebeu, na madrugada de&nbsp;hoje&nbsp;(13), um lote de 1,4 milh\u00e3o de doses de vacinas contra covid-19. Os imunizantes, do tipo bivalente, protegem contra a variante \u00d4micron original e a variante BA1. As vacinas v\u00e3o passar por avalia\u00e7\u00e3o e an\u00e1lise do Instituto Nacional de Controle de Qualidade em Sa\u00fade e ser\u00e3o distribu\u00eddas ap\u00f3s divulga\u00e7\u00e3o [&hellip;]<\/p>\n","protected":false},"author":3,"featured_media":6713,"comment_status":"open","ping_status":"open","sticky":false,"template":"","format":"standard","meta":{"_monsterinsights_skip_tracking":false,"_monsterinsights_sitenote_active":false,"_monsterinsights_sitenote_note":"","_monsterinsights_sitenote_category":0,"footnotes":""},"categories":[34],"tags":[],"yoast_head":"<!-- This site is optimized with the Yoast SEO plugin v22.9 - https:\/\/yoast.com\/wordpress\/plugins\/seo\/ -->\n<title>Novo lote de vacinas contra covid-19chegam ao Brasil - Portal MF<\/title>\n<meta name=\"robots\" content=\"index, follow, max-snippet:-1, max-image-preview:large, max-video-preview:-1\" \/>\n<link rel=\"canonical\" href=\"https:\/\/portalmf.com.br\/index.php\/2022\/12\/13\/novo-lote-de-vacinas-contra-covid-19chegam-ao-brasil\/\" \/>\n<meta property=\"og:locale\" content=\"pt_BR\" \/>\n<meta property=\"og:type\" content=\"article\" \/>\n<meta property=\"og:title\" content=\"Novo lote de vacinas contra covid-19chegam ao Brasil - Portal MF\" \/>\n<meta property=\"og:description\" content=\"O governo federal recebeu, na madrugada de&nbsp;hoje&nbsp;(13), um lote de 1,4 milh\u00e3o de doses de vacinas contra covid-19. Os imunizantes, do tipo bivalente, protegem contra a variante \u00d4micron original e a variante BA1. As vacinas v\u00e3o passar por avalia\u00e7\u00e3o e an\u00e1lise do Instituto Nacional de Controle de Qualidade em Sa\u00fade e ser\u00e3o distribu\u00eddas ap\u00f3s divulga\u00e7\u00e3o [&hellip;]\" \/>\n<meta property=\"og:url\" content=\"https:\/\/portalmf.com.br\/index.php\/2022\/12\/13\/novo-lote-de-vacinas-contra-covid-19chegam-ao-brasil\/\" \/>\n<meta property=\"og:site_name\" content=\"Portal MF\" \/>\n<meta property=\"article:author\" content=\"https:\/\/www.facebook.com\/portalmfoficial\" \/>\n<meta property=\"article:published_time\" content=\"2022-12-13T20:52:54+00:00\" \/>\n<meta property=\"og:image\" content=\"https:\/\/portalmf.com.br\/wp-content\/uploads\/2022\/12\/vacinacao_covid-19_vacina_fcpzzb_abr19062101582.jpg\" \/>\n\t<meta property=\"og:image:width\" content=\"1170\" \/>\n\t<meta property=\"og:image:height\" content=\"700\" \/>\n\t<meta property=\"og:image:type\" content=\"image\/jpeg\" \/>\n<meta name=\"author\" content=\"Reda\u00e7\u00e3o Portal MF\" \/>\n<meta name=\"twitter:card\" content=\"summary_large_image\" \/>\n<meta name=\"twitter:creator\" content=\"@https:\/\/x.com\/portalmfoficial\" \/>\n<meta name=\"twitter:label1\" content=\"Escrito por\" \/>\n\t<meta name=\"twitter:data1\" content=\"Reda\u00e7\u00e3o Portal MF\" \/>\n\t<meta name=\"twitter:label2\" content=\"Est. tempo de leitura\" \/>\n\t<meta name=\"twitter:data2\" content=\"2 minutos\" \/>\n<script type=\"application\/ld+json\" class=\"yoast-schema-graph\">{\"@context\":\"https:\/\/schema.org\",\"@graph\":[{\"@type\":\"WebPage\",\"@id\":\"https:\/\/portalmf.com.br\/index.php\/2022\/12\/13\/novo-lote-de-vacinas-contra-covid-19chegam-ao-brasil\/\",\"url\":\"https:\/\/portalmf.com.br\/index.php\/2022\/12\/13\/novo-lote-de-vacinas-contra-covid-19chegam-ao-brasil\/\",\"name\":\"Novo lote de vacinas contra covid-19chegam ao Brasil - Portal MF\",\"isPartOf\":{\"@id\":\"https:\/\/portalmf.com.br\/#website\"},\"primaryImageOfPage\":{\"@id\":\"https:\/\/portalmf.com.br\/index.php\/2022\/12\/13\/novo-lote-de-vacinas-contra-covid-19chegam-ao-brasil\/#primaryimage\"},\"image\":{\"@id\":\"https:\/\/portalmf.com.br\/index.php\/2022\/12\/13\/novo-lote-de-vacinas-contra-covid-19chegam-ao-brasil\/#primaryimage\"},\"thumbnailUrl\":\"https:\/\/portalmf.com.br\/wp-content\/uploads\/2022\/12\/vacinacao_covid-19_vacina_fcpzzb_abr19062101582.jpg\",\"datePublished\":\"2022-12-13T20:52:54+00:00\",\"dateModified\":\"2022-12-13T20:52:54+00:00\",\"author\":{\"@id\":\"https:\/\/portalmf.com.br\/#\/schema\/person\/9ec101baf56233e53520c26de5d6f6f0\"},\"breadcrumb\":{\"@id\":\"https:\/\/portalmf.com.br\/index.php\/2022\/12\/13\/novo-lote-de-vacinas-contra-covid-19chegam-ao-brasil\/#breadcrumb\"},\"inLanguage\":\"pt-BR\",\"potentialAction\":[{\"@type\":\"ReadAction\",\"target\":[\"https:\/\/portalmf.com.br\/index.php\/2022\/12\/13\/novo-lote-de-vacinas-contra-covid-19chegam-ao-brasil\/\"]}]},{\"@type\":\"ImageObject\",\"inLanguage\":\"pt-BR\",\"@id\":\"https:\/\/portalmf.com.br\/index.php\/2022\/12\/13\/novo-lote-de-vacinas-contra-covid-19chegam-ao-brasil\/#primaryimage\",\"url\":\"https:\/\/portalmf.com.br\/wp-content\/uploads\/2022\/12\/vacinacao_covid-19_vacina_fcpzzb_abr19062101582.jpg\",\"contentUrl\":\"https:\/\/portalmf.com.br\/wp-content\/uploads\/2022\/12\/vacinacao_covid-19_vacina_fcpzzb_abr19062101582.jpg\",\"width\":1170,\"height\":700,\"caption\":\"Foto: Fabio Rodrigues Pozzebom\/Ag\u00eancia Brasil\"},{\"@type\":\"BreadcrumbList\",\"@id\":\"https:\/\/portalmf.com.br\/index.php\/2022\/12\/13\/novo-lote-de-vacinas-contra-covid-19chegam-ao-brasil\/#breadcrumb\",\"itemListElement\":[{\"@type\":\"ListItem\",\"position\":1,\"name\":\"In\u00edcio\",\"item\":\"https:\/\/portalmf.com.br\/\"},{\"@type\":\"ListItem\",\"position\":2,\"name\":\"Novo lote de vacinas contra covid-19chegam ao Brasil\"}]},{\"@type\":\"WebSite\",\"@id\":\"https:\/\/portalmf.com.br\/#website\",\"url\":\"https:\/\/portalmf.com.br\/\",\"name\":\"Portal MF\",\"description\":\"Voc\u00ea conectado com a informa\u00e7\u00e3o\",\"potentialAction\":[{\"@type\":\"SearchAction\",\"target\":{\"@type\":\"EntryPoint\",\"urlTemplate\":\"https:\/\/portalmf.com.br\/?s={search_term_string}\"},\"query-input\":\"required name=search_term_string\"}],\"inLanguage\":\"pt-BR\"},{\"@type\":\"Person\",\"@id\":\"https:\/\/portalmf.com.br\/#\/schema\/person\/9ec101baf56233e53520c26de5d6f6f0\",\"name\":\"Reda\u00e7\u00e3o Portal MF\",\"image\":{\"@type\":\"ImageObject\",\"inLanguage\":\"pt-BR\",\"@id\":\"https:\/\/portalmf.com.br\/#\/schema\/person\/image\/\",\"url\":\"https:\/\/secure.gravatar.com\/avatar\/41b9aaeb2100835f7c64362330f74c7f?s=96&d=mm&r=g\",\"contentUrl\":\"https:\/\/secure.gravatar.com\/avatar\/41b9aaeb2100835f7c64362330f74c7f?s=96&d=mm&r=g\",\"caption\":\"Reda\u00e7\u00e3o Portal MF\"},\"description\":\"Sejam bem-vindos o portal de informa\u00e7\u00f5es de entretenimento de Feira de Santana, desde 2006 realiza coberturas dos principais eventos com entrevistas exclusivas com as principais personalidades mundiais. Fique conectado tamb\u00e9m nas redes sociais.\",\"sameAs\":[\"http:\/\/www.portalmf.com.br\/\",\"https:\/\/www.facebook.com\/portalmfoficial\",\"https:\/\/www.instagram.com\/portalmf\/\",\"https:\/\/x.com\/https:\/\/x.com\/portalmfoficial\",\"https:\/\/www.youtube.com\/@portalmfoficial\"],\"url\":\"https:\/\/portalmf.com.br\/index.php\/author\/junior\/\"}]}<\/script>\n<!-- \/ Yoast SEO plugin. -->","yoast_head_json":{"title":"Novo lote de vacinas contra covid-19chegam ao Brasil - Portal MF","robots":{"index":"index","follow":"follow","max-snippet":"max-snippet:-1","max-image-preview":"max-image-preview:large","max-video-preview":"max-video-preview:-1"},"canonical":"https:\/\/portalmf.com.br\/index.php\/2022\/12\/13\/novo-lote-de-vacinas-contra-covid-19chegam-ao-brasil\/","og_locale":"pt_BR","og_type":"article","og_title":"Novo lote de vacinas contra covid-19chegam ao Brasil - Portal MF","og_description":"O governo federal recebeu, na madrugada de&nbsp;hoje&nbsp;(13), um lote de 1,4 milh\u00e3o de doses de vacinas contra covid-19. Os imunizantes, do tipo bivalente, protegem contra a variante \u00d4micron original e a variante BA1. As vacinas v\u00e3o passar por avalia\u00e7\u00e3o e an\u00e1lise do Instituto Nacional de Controle de Qualidade em Sa\u00fade e ser\u00e3o distribu\u00eddas ap\u00f3s divulga\u00e7\u00e3o [&hellip;]","og_url":"https:\/\/portalmf.com.br\/index.php\/2022\/12\/13\/novo-lote-de-vacinas-contra-covid-19chegam-ao-brasil\/","og_site_name":"Portal MF","article_author":"https:\/\/www.facebook.com\/portalmfoficial","article_published_time":"2022-12-13T20:52:54+00:00","og_image":[{"width":1170,"height":700,"url":"https:\/\/portalmf.com.br\/wp-content\/uploads\/2022\/12\/vacinacao_covid-19_vacina_fcpzzb_abr19062101582.jpg","type":"image\/jpeg"}],"author":"Reda\u00e7\u00e3o Portal MF","twitter_card":"summary_large_image","twitter_creator":"@https:\/\/x.com\/portalmfoficial","twitter_misc":{"Escrito por":"Reda\u00e7\u00e3o Portal MF","Est. tempo de leitura":"2 minutos"},"schema":{"@context":"https:\/\/schema.org","@graph":[{"@type":"WebPage","@id":"https:\/\/portalmf.com.br\/index.php\/2022\/12\/13\/novo-lote-de-vacinas-contra-covid-19chegam-ao-brasil\/","url":"https:\/\/portalmf.com.br\/index.php\/2022\/12\/13\/novo-lote-de-vacinas-contra-covid-19chegam-ao-brasil\/","name":"Novo lote de vacinas contra covid-19chegam ao Brasil - Portal MF","isPartOf":{"@id":"https:\/\/portalmf.com.br\/#website"},"primaryImageOfPage":{"@id":"https:\/\/portalmf.com.br\/index.php\/2022\/12\/13\/novo-lote-de-vacinas-contra-covid-19chegam-ao-brasil\/#primaryimage"},"image":{"@id":"https:\/\/portalmf.com.br\/index.php\/2022\/12\/13\/novo-lote-de-vacinas-contra-covid-19chegam-ao-brasil\/#primaryimage"},"thumbnailUrl":"https:\/\/portalmf.com.br\/wp-content\/uploads\/2022\/12\/vacinacao_covid-19_vacina_fcpzzb_abr19062101582.jpg","datePublished":"2022-12-13T20:52:54+00:00","dateModified":"2022-12-13T20:52:54+00:00","author":{"@id":"https:\/\/portalmf.com.br\/#\/schema\/person\/9ec101baf56233e53520c26de5d6f6f0"},"breadcrumb":{"@id":"https:\/\/portalmf.com.br\/index.php\/2022\/12\/13\/novo-lote-de-vacinas-contra-covid-19chegam-ao-brasil\/#breadcrumb"},"inLanguage":"pt-BR","potentialAction":[{"@type":"ReadAction","target":["https:\/\/portalmf.com.br\/index.php\/2022\/12\/13\/novo-lote-de-vacinas-contra-covid-19chegam-ao-brasil\/"]}]},{"@type":"ImageObject","inLanguage":"pt-BR","@id":"https:\/\/portalmf.com.br\/index.php\/2022\/12\/13\/novo-lote-de-vacinas-contra-covid-19chegam-ao-brasil\/#primaryimage","url":"https:\/\/portalmf.com.br\/wp-content\/uploads\/2022\/12\/vacinacao_covid-19_vacina_fcpzzb_abr19062101582.jpg","contentUrl":"https:\/\/portalmf.com.br\/wp-content\/uploads\/2022\/12\/vacinacao_covid-19_vacina_fcpzzb_abr19062101582.jpg","width":1170,"height":700,"caption":"Foto: Fabio Rodrigues Pozzebom\/Ag\u00eancia Brasil"},{"@type":"BreadcrumbList","@id":"https:\/\/portalmf.com.br\/index.php\/2022\/12\/13\/novo-lote-de-vacinas-contra-covid-19chegam-ao-brasil\/#breadcrumb","itemListElement":[{"@type":"ListItem","position":1,"name":"In\u00edcio","item":"https:\/\/portalmf.com.br\/"},{"@type":"ListItem","position":2,"name":"Novo lote de vacinas contra covid-19chegam ao Brasil"}]},{"@type":"WebSite","@id":"https:\/\/portalmf.com.br\/#website","url":"https:\/\/portalmf.com.br\/","name":"Portal MF","description":"Voc\u00ea conectado com a informa\u00e7\u00e3o","potentialAction":[{"@type":"SearchAction","target":{"@type":"EntryPoint","urlTemplate":"https:\/\/portalmf.com.br\/?s={search_term_string}"},"query-input":"required name=search_term_string"}],"inLanguage":"pt-BR"},{"@type":"Person","@id":"https:\/\/portalmf.com.br\/#\/schema\/person\/9ec101baf56233e53520c26de5d6f6f0","name":"Reda\u00e7\u00e3o Portal MF","image":{"@type":"ImageObject","inLanguage":"pt-BR","@id":"https:\/\/portalmf.com.br\/#\/schema\/person\/image\/","url":"https:\/\/secure.gravatar.com\/avatar\/41b9aaeb2100835f7c64362330f74c7f?s=96&d=mm&r=g","contentUrl":"https:\/\/secure.gravatar.com\/avatar\/41b9aaeb2100835f7c64362330f74c7f?s=96&d=mm&r=g","caption":"Reda\u00e7\u00e3o Portal MF"},"description":"Sejam bem-vindos o portal de informa\u00e7\u00f5es de entretenimento de Feira de Santana, desde 2006 realiza coberturas dos principais eventos com entrevistas exclusivas com as principais personalidades mundiais. Fique conectado tamb\u00e9m nas redes sociais.","sameAs":["http:\/\/www.portalmf.com.br\/","https:\/\/www.facebook.com\/portalmfoficial","https:\/\/www.instagram.com\/portalmf\/","https:\/\/x.com\/https:\/\/x.com\/portalmfoficial","https:\/\/www.youtube.com\/@portalmfoficial"],"url":"https:\/\/portalmf.com.br\/index.php\/author\/junior\/"}]}},"_links":{"self":[{"href":"https:\/\/portalmf.com.br\/index.php\/wp-json\/wp\/v2\/posts\/6712"}],"collection":[{"href":"https:\/\/portalmf.com.br\/index.php\/wp-json\/wp\/v2\/posts"}],"about":[{"href":"https:\/\/portalmf.com.br\/index.php\/wp-json\/wp\/v2\/types\/post"}],"author":[{"embeddable":true,"href":"https:\/\/portalmf.com.br\/index.php\/wp-json\/wp\/v2\/users\/3"}],"replies":[{"embeddable":true,"href":"https:\/\/portalmf.com.br\/index.php\/wp-json\/wp\/v2\/comments?post=6712"}],"version-history":[{"count":1,"href":"https:\/\/portalmf.com.br\/index.php\/wp-json\/wp\/v2\/posts\/6712\/revisions"}],"predecessor-version":[{"id":6714,"href":"https:\/\/portalmf.com.br\/index.php\/wp-json\/wp\/v2\/posts\/6712\/revisions\/6714"}],"wp:featuredmedia":[{"embeddable":true,"href":"https:\/\/portalmf.com.br\/index.php\/wp-json\/wp\/v2\/media\/6713"}],"wp:attachment":[{"href":"https:\/\/portalmf.com.br\/index.php\/wp-json\/wp\/v2\/media?parent=6712"}],"wp:term":[{"taxonomy":"category","embeddable":true,"href":"https:\/\/portalmf.com.br\/index.php\/wp-json\/wp\/v2\/categories?post=6712"},{"taxonomy":"post_tag","embeddable":true,"href":"https:\/\/portalmf.com.br\/index.php\/wp-json\/wp\/v2\/tags?post=6712"}],"curies":[{"name":"wp","href":"https:\/\/api.w.org\/{rel}","templated":true}]}}