{"id":6706,"date":"2022-12-13T17:39:51","date_gmt":"2022-12-13T20:39:51","guid":{"rendered":"https:\/\/portalmf.com.br\/?p=6706"},"modified":"2022-12-13T17:39:52","modified_gmt":"2022-12-13T20:39:52","slug":"mateus-solano-e-o-novo-jurado-do-the-masked-singer-brasil","status":"publish","type":"post","link":"https:\/\/portalmf.com.br\/index.php\/2022\/12\/13\/mateus-solano-e-o-novo-jurado-do-the-masked-singer-brasil\/","title":{"rendered":"Mateus Solano \u00e9 o novo jurado do &#8216;The Masked Singer Brasil&#8217;"},"content":{"rendered":"\n<p>Tem mais gente chegando no &#8216;The Masked Singer Brasil&#8217;: Mateus Solano \u00e9 o novo jurado da terceira temporada do&nbsp;<em>reality&nbsp;<\/em>e foi anunciado esta manh\u00e3 no &#8216;Encontro com Patr\u00edcia Poeta&#8217;. Com o time de jurados completo, ele se junta a Sabrina Sato, Ta\u00eds Ara\u00fajo e Eduardo Sterblitch na miss\u00e3o de descobrir quem s\u00e3o as personalidades escondidas atr\u00e1s das m\u00e1scaras que v\u00e3o dar o que falar neste ver\u00e3o. No dia 22 de janeiro, novos mist\u00e9rios e novas fantasias v\u00e3o embalar o domingo \u00e0 tarde da TV Globo sob o comando de Ivete Sangalo e com Priscilla Alcantara nos bastidores.&nbsp;<\/p>\n\n\n\n<p>\u201cEstou muito feliz e honrado por ter sido convidado a integrar a bancada do \u2018The Masked Singer Brasil\u2019! Sou de um tempo em que as pessoas assistiam TV todas juntas num mesmo hor\u00e1rio, o que acabou se perdendo com as muitas op\u00e7\u00f5es que existem hoje. Esse programa consegue a proeza de juntar todo mundo num domingo para assistir, se divertir e torcer junto. Que eu possa trazer ainda mais alegria e divers\u00e3o aos domingos junto aos meus queridos Ta\u00eds Araujo, Eduardo Sterblitch e Sabrina Sato\u201d, declara Mateus.&nbsp;<\/p>\n\n\n\n<p>O &#8216;The Masked Singer Brasil\u2019 \u00e9 uma coprodu\u00e7\u00e3o TV Globo e Endemol Shine Brasil, baseado no formato sul-coreano criado pela Mun Hwa Broadcasting Corp, tem dire\u00e7\u00e3o art\u00edstica de Adriano Ricco (TV Globo) e dire\u00e7\u00e3o de Marcelo Amiky (Endemol Shine Brasil). O reality tem previs\u00e3o de estreia dia 22 de janeiro.<\/p>\n","protected":false},"excerpt":{"rendered":"<p>Tem mais gente chegando no &#8216;The Masked Singer Brasil&#8217;: Mateus Solano \u00e9 o novo jurado da terceira temporada do&nbsp;reality&nbsp;e foi anunciado esta manh\u00e3 no &#8216;Encontro com Patr\u00edcia Poeta&#8217;. Com o time de jurados completo, ele se junta a Sabrina Sato, Ta\u00eds Ara\u00fajo e Eduardo Sterblitch na miss\u00e3o de descobrir quem s\u00e3o as personalidades escondidas atr\u00e1s [&hellip;]<\/p>\n","protected":false},"author":3,"featured_media":6707,"comment_status":"open","ping_status":"open","sticky":false,"template":"","format":"standard","meta":{"_monsterinsights_skip_tracking":false,"_monsterinsights_sitenote_active":false,"_monsterinsights_sitenote_note":"","_monsterinsights_sitenote_category":0,"footnotes":""},"categories":[47,43],"tags":[],"yoast_head":"<!-- This site is optimized with the Yoast SEO plugin v22.9 - https:\/\/yoast.com\/wordpress\/plugins\/seo\/ -->\n<title>Mateus Solano \u00e9 o novo jurado do &#039;The Masked Singer Brasil&#039; - Portal MF<\/title>\n<meta name=\"robots\" content=\"index, follow, max-snippet:-1, max-image-preview:large, max-video-preview:-1\" \/>\n<link rel=\"canonical\" href=\"https:\/\/portalmf.com.br\/index.php\/2022\/12\/13\/mateus-solano-e-o-novo-jurado-do-the-masked-singer-brasil\/\" \/>\n<meta property=\"og:locale\" content=\"pt_BR\" \/>\n<meta property=\"og:type\" content=\"article\" \/>\n<meta property=\"og:title\" content=\"Mateus Solano \u00e9 o novo jurado do &#039;The Masked Singer Brasil&#039; - Portal MF\" \/>\n<meta property=\"og:description\" content=\"Tem mais gente chegando no &#8216;The Masked Singer Brasil&#8217;: Mateus Solano \u00e9 o novo jurado da terceira temporada do&nbsp;reality&nbsp;e foi anunciado esta manh\u00e3 no &#8216;Encontro com Patr\u00edcia Poeta&#8217;. Com o time de jurados completo, ele se junta a Sabrina Sato, Ta\u00eds Ara\u00fajo e Eduardo Sterblitch na miss\u00e3o de descobrir quem s\u00e3o as personalidades escondidas atr\u00e1s [&hellip;]\" \/>\n<meta property=\"og:url\" content=\"https:\/\/portalmf.com.br\/index.php\/2022\/12\/13\/mateus-solano-e-o-novo-jurado-do-the-masked-singer-brasil\/\" \/>\n<meta property=\"og:site_name\" content=\"Portal MF\" \/>\n<meta property=\"article:author\" content=\"https:\/\/www.facebook.com\/portalmfoficial\" \/>\n<meta property=\"article:published_time\" content=\"2022-12-13T20:39:51+00:00\" \/>\n<meta property=\"article:modified_time\" content=\"2022-12-13T20:39:52+00:00\" \/>\n<meta property=\"og:image\" content=\"https:\/\/portalmf.com.br\/wp-content\/uploads\/2022\/12\/assets_fotos_985_TVG_tvglobo_tmsb_solano_16x9.jpg\" \/>\n\t<meta property=\"og:image:width\" content=\"2362\" \/>\n\t<meta property=\"og:image:height\" content=\"1329\" \/>\n\t<meta property=\"og:image:type\" content=\"image\/jpeg\" \/>\n<meta name=\"author\" content=\"Reda\u00e7\u00e3o Portal MF\" \/>\n<meta name=\"twitter:card\" content=\"summary_large_image\" \/>\n<meta name=\"twitter:creator\" content=\"@https:\/\/x.com\/portalmfoficial\" \/>\n<meta name=\"twitter:label1\" content=\"Escrito por\" \/>\n\t<meta name=\"twitter:data1\" content=\"Reda\u00e7\u00e3o Portal MF\" \/>\n\t<meta name=\"twitter:label2\" content=\"Est. tempo de leitura\" \/>\n\t<meta name=\"twitter:data2\" content=\"2 minutos\" \/>\n<script type=\"application\/ld+json\" class=\"yoast-schema-graph\">{\"@context\":\"https:\/\/schema.org\",\"@graph\":[{\"@type\":\"WebPage\",\"@id\":\"https:\/\/portalmf.com.br\/index.php\/2022\/12\/13\/mateus-solano-e-o-novo-jurado-do-the-masked-singer-brasil\/\",\"url\":\"https:\/\/portalmf.com.br\/index.php\/2022\/12\/13\/mateus-solano-e-o-novo-jurado-do-the-masked-singer-brasil\/\",\"name\":\"Mateus Solano \u00e9 o novo jurado do 'The Masked Singer Brasil' - Portal MF\",\"isPartOf\":{\"@id\":\"https:\/\/portalmf.com.br\/#website\"},\"primaryImageOfPage\":{\"@id\":\"https:\/\/portalmf.com.br\/index.php\/2022\/12\/13\/mateus-solano-e-o-novo-jurado-do-the-masked-singer-brasil\/#primaryimage\"},\"image\":{\"@id\":\"https:\/\/portalmf.com.br\/index.php\/2022\/12\/13\/mateus-solano-e-o-novo-jurado-do-the-masked-singer-brasil\/#primaryimage\"},\"thumbnailUrl\":\"https:\/\/portalmf.com.br\/wp-content\/uploads\/2022\/12\/assets_fotos_985_TVG_tvglobo_tmsb_solano_16x9.jpg\",\"datePublished\":\"2022-12-13T20:39:51+00:00\",\"dateModified\":\"2022-12-13T20:39:52+00:00\",\"author\":{\"@id\":\"https:\/\/portalmf.com.br\/#\/schema\/person\/9ec101baf56233e53520c26de5d6f6f0\"},\"breadcrumb\":{\"@id\":\"https:\/\/portalmf.com.br\/index.php\/2022\/12\/13\/mateus-solano-e-o-novo-jurado-do-the-masked-singer-brasil\/#breadcrumb\"},\"inLanguage\":\"pt-BR\",\"potentialAction\":[{\"@type\":\"ReadAction\",\"target\":[\"https:\/\/portalmf.com.br\/index.php\/2022\/12\/13\/mateus-solano-e-o-novo-jurado-do-the-masked-singer-brasil\/\"]}]},{\"@type\":\"ImageObject\",\"inLanguage\":\"pt-BR\",\"@id\":\"https:\/\/portalmf.com.br\/index.php\/2022\/12\/13\/mateus-solano-e-o-novo-jurado-do-the-masked-singer-brasil\/#primaryimage\",\"url\":\"https:\/\/portalmf.com.br\/wp-content\/uploads\/2022\/12\/assets_fotos_985_TVG_tvglobo_tmsb_solano_16x9.jpg\",\"contentUrl\":\"https:\/\/portalmf.com.br\/wp-content\/uploads\/2022\/12\/assets_fotos_985_TVG_tvglobo_tmsb_solano_16x9.jpg\",\"width\":2362,\"height\":1329,\"caption\":\"Mateus Solano\"},{\"@type\":\"BreadcrumbList\",\"@id\":\"https:\/\/portalmf.com.br\/index.php\/2022\/12\/13\/mateus-solano-e-o-novo-jurado-do-the-masked-singer-brasil\/#breadcrumb\",\"itemListElement\":[{\"@type\":\"ListItem\",\"position\":1,\"name\":\"In\u00edcio\",\"item\":\"https:\/\/portalmf.com.br\/\"},{\"@type\":\"ListItem\",\"position\":2,\"name\":\"Mateus Solano \u00e9 o novo jurado do &#8216;The Masked Singer Brasil&#8217;\"}]},{\"@type\":\"WebSite\",\"@id\":\"https:\/\/portalmf.com.br\/#website\",\"url\":\"https:\/\/portalmf.com.br\/\",\"name\":\"Portal MF\",\"description\":\"Voc\u00ea conectado com a informa\u00e7\u00e3o\",\"potentialAction\":[{\"@type\":\"SearchAction\",\"target\":{\"@type\":\"EntryPoint\",\"urlTemplate\":\"https:\/\/portalmf.com.br\/?s={search_term_string}\"},\"query-input\":\"required name=search_term_string\"}],\"inLanguage\":\"pt-BR\"},{\"@type\":\"Person\",\"@id\":\"https:\/\/portalmf.com.br\/#\/schema\/person\/9ec101baf56233e53520c26de5d6f6f0\",\"name\":\"Reda\u00e7\u00e3o Portal MF\",\"image\":{\"@type\":\"ImageObject\",\"inLanguage\":\"pt-BR\",\"@id\":\"https:\/\/portalmf.com.br\/#\/schema\/person\/image\/\",\"url\":\"https:\/\/secure.gravatar.com\/avatar\/41b9aaeb2100835f7c64362330f74c7f?s=96&d=mm&r=g\",\"contentUrl\":\"https:\/\/secure.gravatar.com\/avatar\/41b9aaeb2100835f7c64362330f74c7f?s=96&d=mm&r=g\",\"caption\":\"Reda\u00e7\u00e3o Portal MF\"},\"description\":\"Sejam bem-vindos o portal de informa\u00e7\u00f5es de entretenimento de Feira de Santana, desde 2006 realiza coberturas dos principais eventos com entrevistas exclusivas com as principais personalidades mundiais. Fique conectado tamb\u00e9m nas redes sociais.\",\"sameAs\":[\"http:\/\/www.portalmf.com.br\/\",\"https:\/\/www.facebook.com\/portalmfoficial\",\"https:\/\/www.instagram.com\/portalmf\/\",\"https:\/\/x.com\/https:\/\/x.com\/portalmfoficial\",\"https:\/\/www.youtube.com\/@portalmfoficial\"],\"url\":\"https:\/\/portalmf.com.br\/index.php\/author\/junior\/\"}]}<\/script>\n<!-- \/ Yoast SEO plugin. -->","yoast_head_json":{"title":"Mateus Solano \u00e9 o novo jurado do 'The Masked Singer Brasil' - Portal MF","robots":{"index":"index","follow":"follow","max-snippet":"max-snippet:-1","max-image-preview":"max-image-preview:large","max-video-preview":"max-video-preview:-1"},"canonical":"https:\/\/portalmf.com.br\/index.php\/2022\/12\/13\/mateus-solano-e-o-novo-jurado-do-the-masked-singer-brasil\/","og_locale":"pt_BR","og_type":"article","og_title":"Mateus Solano \u00e9 o novo jurado do 'The Masked Singer Brasil' - Portal MF","og_description":"Tem mais gente chegando no &#8216;The Masked Singer Brasil&#8217;: Mateus Solano \u00e9 o novo jurado da terceira temporada do&nbsp;reality&nbsp;e foi anunciado esta manh\u00e3 no &#8216;Encontro com Patr\u00edcia Poeta&#8217;. Com o time de jurados completo, ele se junta a Sabrina Sato, Ta\u00eds Ara\u00fajo e Eduardo Sterblitch na miss\u00e3o de descobrir quem s\u00e3o as personalidades escondidas atr\u00e1s [&hellip;]","og_url":"https:\/\/portalmf.com.br\/index.php\/2022\/12\/13\/mateus-solano-e-o-novo-jurado-do-the-masked-singer-brasil\/","og_site_name":"Portal MF","article_author":"https:\/\/www.facebook.com\/portalmfoficial","article_published_time":"2022-12-13T20:39:51+00:00","article_modified_time":"2022-12-13T20:39:52+00:00","og_image":[{"width":2362,"height":1329,"url":"https:\/\/portalmf.com.br\/wp-content\/uploads\/2022\/12\/assets_fotos_985_TVG_tvglobo_tmsb_solano_16x9.jpg","type":"image\/jpeg"}],"author":"Reda\u00e7\u00e3o Portal MF","twitter_card":"summary_large_image","twitter_creator":"@https:\/\/x.com\/portalmfoficial","twitter_misc":{"Escrito por":"Reda\u00e7\u00e3o Portal MF","Est. tempo de leitura":"2 minutos"},"schema":{"@context":"https:\/\/schema.org","@graph":[{"@type":"WebPage","@id":"https:\/\/portalmf.com.br\/index.php\/2022\/12\/13\/mateus-solano-e-o-novo-jurado-do-the-masked-singer-brasil\/","url":"https:\/\/portalmf.com.br\/index.php\/2022\/12\/13\/mateus-solano-e-o-novo-jurado-do-the-masked-singer-brasil\/","name":"Mateus Solano \u00e9 o novo jurado do 'The Masked Singer Brasil' - Portal MF","isPartOf":{"@id":"https:\/\/portalmf.com.br\/#website"},"primaryImageOfPage":{"@id":"https:\/\/portalmf.com.br\/index.php\/2022\/12\/13\/mateus-solano-e-o-novo-jurado-do-the-masked-singer-brasil\/#primaryimage"},"image":{"@id":"https:\/\/portalmf.com.br\/index.php\/2022\/12\/13\/mateus-solano-e-o-novo-jurado-do-the-masked-singer-brasil\/#primaryimage"},"thumbnailUrl":"https:\/\/portalmf.com.br\/wp-content\/uploads\/2022\/12\/assets_fotos_985_TVG_tvglobo_tmsb_solano_16x9.jpg","datePublished":"2022-12-13T20:39:51+00:00","dateModified":"2022-12-13T20:39:52+00:00","author":{"@id":"https:\/\/portalmf.com.br\/#\/schema\/person\/9ec101baf56233e53520c26de5d6f6f0"},"breadcrumb":{"@id":"https:\/\/portalmf.com.br\/index.php\/2022\/12\/13\/mateus-solano-e-o-novo-jurado-do-the-masked-singer-brasil\/#breadcrumb"},"inLanguage":"pt-BR","potentialAction":[{"@type":"ReadAction","target":["https:\/\/portalmf.com.br\/index.php\/2022\/12\/13\/mateus-solano-e-o-novo-jurado-do-the-masked-singer-brasil\/"]}]},{"@type":"ImageObject","inLanguage":"pt-BR","@id":"https:\/\/portalmf.com.br\/index.php\/2022\/12\/13\/mateus-solano-e-o-novo-jurado-do-the-masked-singer-brasil\/#primaryimage","url":"https:\/\/portalmf.com.br\/wp-content\/uploads\/2022\/12\/assets_fotos_985_TVG_tvglobo_tmsb_solano_16x9.jpg","contentUrl":"https:\/\/portalmf.com.br\/wp-content\/uploads\/2022\/12\/assets_fotos_985_TVG_tvglobo_tmsb_solano_16x9.jpg","width":2362,"height":1329,"caption":"Mateus Solano"},{"@type":"BreadcrumbList","@id":"https:\/\/portalmf.com.br\/index.php\/2022\/12\/13\/mateus-solano-e-o-novo-jurado-do-the-masked-singer-brasil\/#breadcrumb","itemListElement":[{"@type":"ListItem","position":1,"name":"In\u00edcio","item":"https:\/\/portalmf.com.br\/"},{"@type":"ListItem","position":2,"name":"Mateus Solano \u00e9 o novo jurado do &#8216;The Masked Singer Brasil&#8217;"}]},{"@type":"WebSite","@id":"https:\/\/portalmf.com.br\/#website","url":"https:\/\/portalmf.com.br\/","name":"Portal MF","description":"Voc\u00ea conectado com a informa\u00e7\u00e3o","potentialAction":[{"@type":"SearchAction","target":{"@type":"EntryPoint","urlTemplate":"https:\/\/portalmf.com.br\/?s={search_term_string}"},"query-input":"required name=search_term_string"}],"inLanguage":"pt-BR"},{"@type":"Person","@id":"https:\/\/portalmf.com.br\/#\/schema\/person\/9ec101baf56233e53520c26de5d6f6f0","name":"Reda\u00e7\u00e3o Portal MF","image":{"@type":"ImageObject","inLanguage":"pt-BR","@id":"https:\/\/portalmf.com.br\/#\/schema\/person\/image\/","url":"https:\/\/secure.gravatar.com\/avatar\/41b9aaeb2100835f7c64362330f74c7f?s=96&d=mm&r=g","contentUrl":"https:\/\/secure.gravatar.com\/avatar\/41b9aaeb2100835f7c64362330f74c7f?s=96&d=mm&r=g","caption":"Reda\u00e7\u00e3o Portal MF"},"description":"Sejam bem-vindos o portal de informa\u00e7\u00f5es de entretenimento de Feira de Santana, desde 2006 realiza coberturas dos principais eventos com entrevistas exclusivas com as principais personalidades mundiais. Fique conectado tamb\u00e9m nas redes sociais.","sameAs":["http:\/\/www.portalmf.com.br\/","https:\/\/www.facebook.com\/portalmfoficial","https:\/\/www.instagram.com\/portalmf\/","https:\/\/x.com\/https:\/\/x.com\/portalmfoficial","https:\/\/www.youtube.com\/@portalmfoficial"],"url":"https:\/\/portalmf.com.br\/index.php\/author\/junior\/"}]}},"_links":{"self":[{"href":"https:\/\/portalmf.com.br\/index.php\/wp-json\/wp\/v2\/posts\/6706"}],"collection":[{"href":"https:\/\/portalmf.com.br\/index.php\/wp-json\/wp\/v2\/posts"}],"about":[{"href":"https:\/\/portalmf.com.br\/index.php\/wp-json\/wp\/v2\/types\/post"}],"author":[{"embeddable":true,"href":"https:\/\/portalmf.com.br\/index.php\/wp-json\/wp\/v2\/users\/3"}],"replies":[{"embeddable":true,"href":"https:\/\/portalmf.com.br\/index.php\/wp-json\/wp\/v2\/comments?post=6706"}],"version-history":[{"count":1,"href":"https:\/\/portalmf.com.br\/index.php\/wp-json\/wp\/v2\/posts\/6706\/revisions"}],"predecessor-version":[{"id":6708,"href":"https:\/\/portalmf.com.br\/index.php\/wp-json\/wp\/v2\/posts\/6706\/revisions\/6708"}],"wp:featuredmedia":[{"embeddable":true,"href":"https:\/\/portalmf.com.br\/index.php\/wp-json\/wp\/v2\/media\/6707"}],"wp:attachment":[{"href":"https:\/\/portalmf.com.br\/index.php\/wp-json\/wp\/v2\/media?parent=6706"}],"wp:term":[{"taxonomy":"category","embeddable":true,"href":"https:\/\/portalmf.com.br\/index.php\/wp-json\/wp\/v2\/categories?post=6706"},{"taxonomy":"post_tag","embeddable":true,"href":"https:\/\/portalmf.com.br\/index.php\/wp-json\/wp\/v2\/tags?post=6706"}],"curies":[{"name":"wp","href":"https:\/\/api.w.org\/{rel}","templated":true}]}}