{"id":6697,"date":"2022-12-13T17:34:20","date_gmt":"2022-12-13T20:34:20","guid":{"rendered":"https:\/\/portalmf.com.br\/?p=6697"},"modified":"2022-12-14T11:37:30","modified_gmt":"2022-12-14T14:37:30","slug":"pec-da-reducao-da-aliquota-patronal-dos-municipios-ganha-forca-com-mobilizacao-em-brasilia","status":"publish","type":"post","link":"https:\/\/portalmf.com.br\/index.php\/2022\/12\/13\/pec-da-reducao-da-aliquota-patronal-dos-municipios-ganha-forca-com-mobilizacao-em-brasilia\/","title":{"rendered":"PEC da redu\u00e7\u00e3o da al\u00edquota patronal dos munic\u00edpios ganha for\u00e7a com mobiliza\u00e7\u00e3o em Bras\u00edlia"},"content":{"rendered":"\n<p>A \u00faltima mobiliza\u00e7\u00e3o municipalista do ano, que reuniu mais de 500 prefeitos de todo o Brasil, nesta segunda-feira (12) e ter\u00e7a-feira (13), em Bras\u00edlia, trouxe entre os itens priorit\u00e1rios a PEC 14\/2022, que reduz pela metade a al\u00edquota patronal do INSS paga pelas prefeituras. A proposta defendida pela Uni\u00e3o dos Munic\u00edpios da Bahia (UPB) para o equil\u00edbrio fiscal dos munic\u00edpios consta na pauta entregue ao presidente da C\u00e2mara dos Deputados, Arthur Lira, e foi apresentada pelo presidente UPB, Z\u00e9 Coc\u00e1, na plen\u00e1ria da mobiliza\u00e7\u00e3o, na sede da Confedera\u00e7\u00e3o Nacional de Munic\u00edpios (CNM). A mat\u00e9ria, de autoria do deputado federal Cac\u00e1 Le\u00e3o, teve a admissibilidade aprovada na Comiss\u00e3o de Constitui\u00e7\u00e3o, Justi\u00e7a e Cidadania (CCJ) da C\u00e2mara e aguarda a instala\u00e7\u00e3o de uma comiss\u00e3o especial que analisar\u00e1 a mat\u00e9ria.<\/p>\n\n\n\n<p>Diante dos gestores presentes, Z\u00e9 Coc\u00e1, afirmou que a PEC \u00e9 hoje a maior luta da Bahia e do Nordeste. \u201cNo estudo que apresentamos provamos ao governo federal que os munic\u00edpios hoje s\u00f3 recolhem 7,8 %. Na PEC estamos propondo descontar na fonte 11% ao inv\u00e9s dos 22,5% que \u00e9 cobrado dos munic\u00edpios hoje. Ou seja, a Uni\u00e3o vai arrecadar em torno de 3,5% a 4% a mais do que arrecada e vai deixar de ter um preju\u00edzo de R$ 11 bilh\u00f5es com d\u00edvidas\u201d. O gestor que \u00e9 prefeito de Jequi\u00e9, no sudoeste baiano, ressaltou que os munic\u00edpios mais pobres deixam de investir para pagar uma al\u00edquota que \u00e9 das mais altas aplicadas a empregadores no Brasil, sem considerar que as prefeituras n\u00e3o visam lucro. \u201cAgora com o controle do eSocial, a expectativa \u00e9 que os munic\u00edpios entrem em colapso. \u00c9 por isso a nossa luta pela PEC 14\u201d, argumentou o presidente da UPB, no evento.<\/p>\n\n\n\n<p>Tamb\u00e9m durante a mobiliza\u00e7\u00e3o, uma reuni\u00e3o articulada pelo vice-presidente da UPB, Jos\u00e9 Henrique Tigre, Quinho, com o presidente da CCJ da C\u00e2mara dos Deputados, Arthur Maia, refor\u00e7ou o pedido de apoio dos gestores para instala\u00e7\u00e3o da comiss\u00e3o especial que ouvir\u00e1 os setores envolvidos para aprimorar o texto da PEC da redu\u00e7\u00e3o da al\u00edquota patronal dos munic\u00edpios. \u201cSem d\u00favida alguma, essa PEC ser\u00e1 um novo modelo de gest\u00e3o, uma nova forma de conduzir os munic\u00edpios dando legalidade e tranquilidade para os gestores\u201d, justificou.<\/p>\n\n\n\n<p>O diretor tesoureiro da UPB e prefeito de Santana, Marc\u00e3o Cardoso, exaltou a mobiliza\u00e7\u00e3o como \u201cparte fundamental para as mudan\u00e7as que queremos para o futuro nos nossos munic\u00edpios\u201d. A ideia foi compartilhada pelo prefeito de Jussara, Tacinho Mendes, que afirmou: \u201c\u00e9 algo muito importante para a sobreviv\u00eancia dos nossos munic\u00edpios\u201d. O prefeito de Itua\u00e7u, Phellipe Brito, tamb\u00e9m est\u00e1 em Bras\u00edlia e explicou que o INSS tem pesado no or\u00e7amento do munic\u00edpio. \u201cEst\u00e1 causando grandes danos financeiramente, pois somos um munic\u00edpio pobre e compromete boa parte da nossa receita\u201d.<\/p>\n\n\n\n<p>O presidente da&nbsp;CNM, Paulo Ziulkoski, refor\u00e7ou que a demanda faz parte da pauta priorit\u00e1ria do municipalismo brasileiro e tem total comprometimento da confedera\u00e7\u00e3o em atuar pela aprova\u00e7\u00e3o da proposta. \u201cTemos que ser chatos. Estamos trabalhando forte e vamos continuar com a luta da UPB, vamos continuar lutando firme para ver se a gente consegue aprovar\u201d, disse.<\/p>\n\n\n\n<p>Ainda na plen\u00e1ria na sede da&nbsp;CNM, os gestores dialogaram com o presidente do IBGE sobre a realiza\u00e7\u00e3o do Censo 2022, demonstrando a preocupa\u00e7\u00e3o com a conclus\u00e3o do recenseamento, uma vez que a contagem populacional \u00e9 a base para o c\u00e1lculo da reparti\u00e7\u00e3o do Fundo de Participa\u00e7\u00e3o dos Munic\u00edpios (FPM) e demais transfer\u00eancias constitucionais. Outro importante di\u00e1logo ocorreu com os novos parlamentares eleitos para C\u00e2mara e Senado. O movimento municipalista apresentou a eles a pauta priorit\u00e1ria com proposta de interesse dos munic\u00edpios que tramitam no Congresso Nacional.<\/p>\n","protected":false},"excerpt":{"rendered":"<p>A \u00faltima mobiliza\u00e7\u00e3o municipalista do ano, que reuniu mais de 500 prefeitos de todo o Brasil, nesta segunda-feira (12) e ter\u00e7a-feira (13), em Bras\u00edlia, trouxe entre os itens priorit\u00e1rios a PEC 14\/2022, que reduz pela metade a al\u00edquota patronal do INSS paga pelas prefeituras. A proposta defendida pela Uni\u00e3o dos Munic\u00edpios da Bahia (UPB) para [&hellip;]<\/p>\n","protected":false},"author":3,"featured_media":6698,"comment_status":"open","ping_status":"open","sticky":false,"template":"","format":"standard","meta":{"_monsterinsights_skip_tracking":false,"_monsterinsights_sitenote_active":false,"_monsterinsights_sitenote_note":"","_monsterinsights_sitenote_category":0,"footnotes":""},"categories":[34],"tags":[],"yoast_head":"<!-- This site is optimized with the Yoast SEO plugin v22.9 - https:\/\/yoast.com\/wordpress\/plugins\/seo\/ -->\n<title>PEC da redu\u00e7\u00e3o da al\u00edquota patronal dos munic\u00edpios ganha for\u00e7a com mobiliza\u00e7\u00e3o em Bras\u00edlia - Portal MF<\/title>\n<meta name=\"robots\" content=\"index, follow, max-snippet:-1, max-image-preview:large, max-video-preview:-1\" \/>\n<link rel=\"canonical\" href=\"https:\/\/portalmf.com.br\/index.php\/2022\/12\/13\/pec-da-reducao-da-aliquota-patronal-dos-municipios-ganha-forca-com-mobilizacao-em-brasilia\/\" \/>\n<meta property=\"og:locale\" content=\"pt_BR\" \/>\n<meta property=\"og:type\" content=\"article\" \/>\n<meta property=\"og:title\" content=\"PEC da redu\u00e7\u00e3o da al\u00edquota patronal dos munic\u00edpios ganha for\u00e7a com mobiliza\u00e7\u00e3o em Bras\u00edlia - Portal MF\" \/>\n<meta property=\"og:description\" content=\"A \u00faltima mobiliza\u00e7\u00e3o municipalista do ano, que reuniu mais de 500 prefeitos de todo o Brasil, nesta segunda-feira (12) e ter\u00e7a-feira (13), em Bras\u00edlia, trouxe entre os itens priorit\u00e1rios a PEC 14\/2022, que reduz pela metade a al\u00edquota patronal do INSS paga pelas prefeituras. A proposta defendida pela Uni\u00e3o dos Munic\u00edpios da Bahia (UPB) para [&hellip;]\" \/>\n<meta property=\"og:url\" content=\"https:\/\/portalmf.com.br\/index.php\/2022\/12\/13\/pec-da-reducao-da-aliquota-patronal-dos-municipios-ganha-forca-com-mobilizacao-em-brasilia\/\" \/>\n<meta property=\"og:site_name\" content=\"Portal MF\" \/>\n<meta property=\"article:author\" content=\"https:\/\/www.facebook.com\/portalmfoficial\" \/>\n<meta property=\"article:published_time\" content=\"2022-12-13T20:34:20+00:00\" \/>\n<meta property=\"article:modified_time\" content=\"2022-12-14T14:37:30+00:00\" \/>\n<meta property=\"og:image\" content=\"https:\/\/portalmf.com.br\/wp-content\/uploads\/2022\/12\/Prefeitos_Baianos.jpeg\" \/>\n\t<meta property=\"og:image:width\" content=\"1600\" \/>\n\t<meta property=\"og:image:height\" content=\"1066\" \/>\n\t<meta property=\"og:image:type\" content=\"image\/jpeg\" \/>\n<meta name=\"author\" content=\"Reda\u00e7\u00e3o Portal MF\" \/>\n<meta name=\"twitter:card\" content=\"summary_large_image\" \/>\n<meta name=\"twitter:creator\" content=\"@https:\/\/x.com\/portalmfoficial\" \/>\n<meta name=\"twitter:label1\" content=\"Escrito por\" \/>\n\t<meta name=\"twitter:data1\" content=\"Reda\u00e7\u00e3o Portal MF\" \/>\n\t<meta name=\"twitter:label2\" content=\"Est. tempo de leitura\" \/>\n\t<meta name=\"twitter:data2\" content=\"4 minutos\" \/>\n<script type=\"application\/ld+json\" class=\"yoast-schema-graph\">{\"@context\":\"https:\/\/schema.org\",\"@graph\":[{\"@type\":\"WebPage\",\"@id\":\"https:\/\/portalmf.com.br\/index.php\/2022\/12\/13\/pec-da-reducao-da-aliquota-patronal-dos-municipios-ganha-forca-com-mobilizacao-em-brasilia\/\",\"url\":\"https:\/\/portalmf.com.br\/index.php\/2022\/12\/13\/pec-da-reducao-da-aliquota-patronal-dos-municipios-ganha-forca-com-mobilizacao-em-brasilia\/\",\"name\":\"PEC da redu\u00e7\u00e3o da al\u00edquota patronal dos munic\u00edpios ganha for\u00e7a com mobiliza\u00e7\u00e3o em Bras\u00edlia - Portal MF\",\"isPartOf\":{\"@id\":\"https:\/\/portalmf.com.br\/#website\"},\"primaryImageOfPage\":{\"@id\":\"https:\/\/portalmf.com.br\/index.php\/2022\/12\/13\/pec-da-reducao-da-aliquota-patronal-dos-municipios-ganha-forca-com-mobilizacao-em-brasilia\/#primaryimage\"},\"image\":{\"@id\":\"https:\/\/portalmf.com.br\/index.php\/2022\/12\/13\/pec-da-reducao-da-aliquota-patronal-dos-municipios-ganha-forca-com-mobilizacao-em-brasilia\/#primaryimage\"},\"thumbnailUrl\":\"https:\/\/portalmf.com.br\/wp-content\/uploads\/2022\/12\/Prefeitos_Baianos.jpeg\",\"datePublished\":\"2022-12-13T20:34:20+00:00\",\"dateModified\":\"2022-12-14T14:37:30+00:00\",\"author\":{\"@id\":\"https:\/\/portalmf.com.br\/#\/schema\/person\/9ec101baf56233e53520c26de5d6f6f0\"},\"breadcrumb\":{\"@id\":\"https:\/\/portalmf.com.br\/index.php\/2022\/12\/13\/pec-da-reducao-da-aliquota-patronal-dos-municipios-ganha-forca-com-mobilizacao-em-brasilia\/#breadcrumb\"},\"inLanguage\":\"pt-BR\",\"potentialAction\":[{\"@type\":\"ReadAction\",\"target\":[\"https:\/\/portalmf.com.br\/index.php\/2022\/12\/13\/pec-da-reducao-da-aliquota-patronal-dos-municipios-ganha-forca-com-mobilizacao-em-brasilia\/\"]}]},{\"@type\":\"ImageObject\",\"inLanguage\":\"pt-BR\",\"@id\":\"https:\/\/portalmf.com.br\/index.php\/2022\/12\/13\/pec-da-reducao-da-aliquota-patronal-dos-municipios-ganha-forca-com-mobilizacao-em-brasilia\/#primaryimage\",\"url\":\"https:\/\/portalmf.com.br\/wp-content\/uploads\/2022\/12\/Prefeitos_Baianos.jpeg\",\"contentUrl\":\"https:\/\/portalmf.com.br\/wp-content\/uploads\/2022\/12\/Prefeitos_Baianos.jpeg\",\"width\":1600,\"height\":1066,\"caption\":\"Foto: Euro Am\u00e2ncio\"},{\"@type\":\"BreadcrumbList\",\"@id\":\"https:\/\/portalmf.com.br\/index.php\/2022\/12\/13\/pec-da-reducao-da-aliquota-patronal-dos-municipios-ganha-forca-com-mobilizacao-em-brasilia\/#breadcrumb\",\"itemListElement\":[{\"@type\":\"ListItem\",\"position\":1,\"name\":\"In\u00edcio\",\"item\":\"https:\/\/portalmf.com.br\/\"},{\"@type\":\"ListItem\",\"position\":2,\"name\":\"PEC da redu\u00e7\u00e3o da al\u00edquota patronal dos munic\u00edpios ganha for\u00e7a com mobiliza\u00e7\u00e3o em Bras\u00edlia\"}]},{\"@type\":\"WebSite\",\"@id\":\"https:\/\/portalmf.com.br\/#website\",\"url\":\"https:\/\/portalmf.com.br\/\",\"name\":\"Portal MF\",\"description\":\"Voc\u00ea conectado com a informa\u00e7\u00e3o\",\"potentialAction\":[{\"@type\":\"SearchAction\",\"target\":{\"@type\":\"EntryPoint\",\"urlTemplate\":\"https:\/\/portalmf.com.br\/?s={search_term_string}\"},\"query-input\":\"required name=search_term_string\"}],\"inLanguage\":\"pt-BR\"},{\"@type\":\"Person\",\"@id\":\"https:\/\/portalmf.com.br\/#\/schema\/person\/9ec101baf56233e53520c26de5d6f6f0\",\"name\":\"Reda\u00e7\u00e3o Portal MF\",\"image\":{\"@type\":\"ImageObject\",\"inLanguage\":\"pt-BR\",\"@id\":\"https:\/\/portalmf.com.br\/#\/schema\/person\/image\/\",\"url\":\"https:\/\/secure.gravatar.com\/avatar\/41b9aaeb2100835f7c64362330f74c7f?s=96&d=mm&r=g\",\"contentUrl\":\"https:\/\/secure.gravatar.com\/avatar\/41b9aaeb2100835f7c64362330f74c7f?s=96&d=mm&r=g\",\"caption\":\"Reda\u00e7\u00e3o Portal MF\"},\"description\":\"Sejam bem-vindos o portal de informa\u00e7\u00f5es de entretenimento de Feira de Santana, desde 2006 realiza coberturas dos principais eventos com entrevistas exclusivas com as principais personalidades mundiais. Fique conectado tamb\u00e9m nas redes sociais.\",\"sameAs\":[\"http:\/\/www.portalmf.com.br\/\",\"https:\/\/www.facebook.com\/portalmfoficial\",\"https:\/\/www.instagram.com\/portalmf\/\",\"https:\/\/x.com\/https:\/\/x.com\/portalmfoficial\",\"https:\/\/www.youtube.com\/@portalmfoficial\"],\"url\":\"https:\/\/portalmf.com.br\/index.php\/author\/junior\/\"}]}<\/script>\n<!-- \/ Yoast SEO plugin. -->","yoast_head_json":{"title":"PEC da redu\u00e7\u00e3o da al\u00edquota patronal dos munic\u00edpios ganha for\u00e7a com mobiliza\u00e7\u00e3o em Bras\u00edlia - Portal MF","robots":{"index":"index","follow":"follow","max-snippet":"max-snippet:-1","max-image-preview":"max-image-preview:large","max-video-preview":"max-video-preview:-1"},"canonical":"https:\/\/portalmf.com.br\/index.php\/2022\/12\/13\/pec-da-reducao-da-aliquota-patronal-dos-municipios-ganha-forca-com-mobilizacao-em-brasilia\/","og_locale":"pt_BR","og_type":"article","og_title":"PEC da redu\u00e7\u00e3o da al\u00edquota patronal dos munic\u00edpios ganha for\u00e7a com mobiliza\u00e7\u00e3o em Bras\u00edlia - Portal MF","og_description":"A \u00faltima mobiliza\u00e7\u00e3o municipalista do ano, que reuniu mais de 500 prefeitos de todo o Brasil, nesta segunda-feira (12) e ter\u00e7a-feira (13), em Bras\u00edlia, trouxe entre os itens priorit\u00e1rios a PEC 14\/2022, que reduz pela metade a al\u00edquota patronal do INSS paga pelas prefeituras. A proposta defendida pela Uni\u00e3o dos Munic\u00edpios da Bahia (UPB) para [&hellip;]","og_url":"https:\/\/portalmf.com.br\/index.php\/2022\/12\/13\/pec-da-reducao-da-aliquota-patronal-dos-municipios-ganha-forca-com-mobilizacao-em-brasilia\/","og_site_name":"Portal MF","article_author":"https:\/\/www.facebook.com\/portalmfoficial","article_published_time":"2022-12-13T20:34:20+00:00","article_modified_time":"2022-12-14T14:37:30+00:00","og_image":[{"width":1600,"height":1066,"url":"https:\/\/portalmf.com.br\/wp-content\/uploads\/2022\/12\/Prefeitos_Baianos.jpeg","type":"image\/jpeg"}],"author":"Reda\u00e7\u00e3o Portal MF","twitter_card":"summary_large_image","twitter_creator":"@https:\/\/x.com\/portalmfoficial","twitter_misc":{"Escrito por":"Reda\u00e7\u00e3o Portal MF","Est. tempo de leitura":"4 minutos"},"schema":{"@context":"https:\/\/schema.org","@graph":[{"@type":"WebPage","@id":"https:\/\/portalmf.com.br\/index.php\/2022\/12\/13\/pec-da-reducao-da-aliquota-patronal-dos-municipios-ganha-forca-com-mobilizacao-em-brasilia\/","url":"https:\/\/portalmf.com.br\/index.php\/2022\/12\/13\/pec-da-reducao-da-aliquota-patronal-dos-municipios-ganha-forca-com-mobilizacao-em-brasilia\/","name":"PEC da redu\u00e7\u00e3o da al\u00edquota patronal dos munic\u00edpios ganha for\u00e7a com mobiliza\u00e7\u00e3o em Bras\u00edlia - Portal MF","isPartOf":{"@id":"https:\/\/portalmf.com.br\/#website"},"primaryImageOfPage":{"@id":"https:\/\/portalmf.com.br\/index.php\/2022\/12\/13\/pec-da-reducao-da-aliquota-patronal-dos-municipios-ganha-forca-com-mobilizacao-em-brasilia\/#primaryimage"},"image":{"@id":"https:\/\/portalmf.com.br\/index.php\/2022\/12\/13\/pec-da-reducao-da-aliquota-patronal-dos-municipios-ganha-forca-com-mobilizacao-em-brasilia\/#primaryimage"},"thumbnailUrl":"https:\/\/portalmf.com.br\/wp-content\/uploads\/2022\/12\/Prefeitos_Baianos.jpeg","datePublished":"2022-12-13T20:34:20+00:00","dateModified":"2022-12-14T14:37:30+00:00","author":{"@id":"https:\/\/portalmf.com.br\/#\/schema\/person\/9ec101baf56233e53520c26de5d6f6f0"},"breadcrumb":{"@id":"https:\/\/portalmf.com.br\/index.php\/2022\/12\/13\/pec-da-reducao-da-aliquota-patronal-dos-municipios-ganha-forca-com-mobilizacao-em-brasilia\/#breadcrumb"},"inLanguage":"pt-BR","potentialAction":[{"@type":"ReadAction","target":["https:\/\/portalmf.com.br\/index.php\/2022\/12\/13\/pec-da-reducao-da-aliquota-patronal-dos-municipios-ganha-forca-com-mobilizacao-em-brasilia\/"]}]},{"@type":"ImageObject","inLanguage":"pt-BR","@id":"https:\/\/portalmf.com.br\/index.php\/2022\/12\/13\/pec-da-reducao-da-aliquota-patronal-dos-municipios-ganha-forca-com-mobilizacao-em-brasilia\/#primaryimage","url":"https:\/\/portalmf.com.br\/wp-content\/uploads\/2022\/12\/Prefeitos_Baianos.jpeg","contentUrl":"https:\/\/portalmf.com.br\/wp-content\/uploads\/2022\/12\/Prefeitos_Baianos.jpeg","width":1600,"height":1066,"caption":"Foto: Euro Am\u00e2ncio"},{"@type":"BreadcrumbList","@id":"https:\/\/portalmf.com.br\/index.php\/2022\/12\/13\/pec-da-reducao-da-aliquota-patronal-dos-municipios-ganha-forca-com-mobilizacao-em-brasilia\/#breadcrumb","itemListElement":[{"@type":"ListItem","position":1,"name":"In\u00edcio","item":"https:\/\/portalmf.com.br\/"},{"@type":"ListItem","position":2,"name":"PEC da redu\u00e7\u00e3o da al\u00edquota patronal dos munic\u00edpios ganha for\u00e7a com mobiliza\u00e7\u00e3o em Bras\u00edlia"}]},{"@type":"WebSite","@id":"https:\/\/portalmf.com.br\/#website","url":"https:\/\/portalmf.com.br\/","name":"Portal MF","description":"Voc\u00ea conectado com a informa\u00e7\u00e3o","potentialAction":[{"@type":"SearchAction","target":{"@type":"EntryPoint","urlTemplate":"https:\/\/portalmf.com.br\/?s={search_term_string}"},"query-input":"required name=search_term_string"}],"inLanguage":"pt-BR"},{"@type":"Person","@id":"https:\/\/portalmf.com.br\/#\/schema\/person\/9ec101baf56233e53520c26de5d6f6f0","name":"Reda\u00e7\u00e3o Portal MF","image":{"@type":"ImageObject","inLanguage":"pt-BR","@id":"https:\/\/portalmf.com.br\/#\/schema\/person\/image\/","url":"https:\/\/secure.gravatar.com\/avatar\/41b9aaeb2100835f7c64362330f74c7f?s=96&d=mm&r=g","contentUrl":"https:\/\/secure.gravatar.com\/avatar\/41b9aaeb2100835f7c64362330f74c7f?s=96&d=mm&r=g","caption":"Reda\u00e7\u00e3o Portal MF"},"description":"Sejam bem-vindos o portal de informa\u00e7\u00f5es de entretenimento de Feira de Santana, desde 2006 realiza coberturas dos principais eventos com entrevistas exclusivas com as principais personalidades mundiais. Fique conectado tamb\u00e9m nas redes sociais.","sameAs":["http:\/\/www.portalmf.com.br\/","https:\/\/www.facebook.com\/portalmfoficial","https:\/\/www.instagram.com\/portalmf\/","https:\/\/x.com\/https:\/\/x.com\/portalmfoficial","https:\/\/www.youtube.com\/@portalmfoficial"],"url":"https:\/\/portalmf.com.br\/index.php\/author\/junior\/"}]}},"_links":{"self":[{"href":"https:\/\/portalmf.com.br\/index.php\/wp-json\/wp\/v2\/posts\/6697"}],"collection":[{"href":"https:\/\/portalmf.com.br\/index.php\/wp-json\/wp\/v2\/posts"}],"about":[{"href":"https:\/\/portalmf.com.br\/index.php\/wp-json\/wp\/v2\/types\/post"}],"author":[{"embeddable":true,"href":"https:\/\/portalmf.com.br\/index.php\/wp-json\/wp\/v2\/users\/3"}],"replies":[{"embeddable":true,"href":"https:\/\/portalmf.com.br\/index.php\/wp-json\/wp\/v2\/comments?post=6697"}],"version-history":[{"count":2,"href":"https:\/\/portalmf.com.br\/index.php\/wp-json\/wp\/v2\/posts\/6697\/revisions"}],"predecessor-version":[{"id":6723,"href":"https:\/\/portalmf.com.br\/index.php\/wp-json\/wp\/v2\/posts\/6697\/revisions\/6723"}],"wp:featuredmedia":[{"embeddable":true,"href":"https:\/\/portalmf.com.br\/index.php\/wp-json\/wp\/v2\/media\/6698"}],"wp:attachment":[{"href":"https:\/\/portalmf.com.br\/index.php\/wp-json\/wp\/v2\/media?parent=6697"}],"wp:term":[{"taxonomy":"category","embeddable":true,"href":"https:\/\/portalmf.com.br\/index.php\/wp-json\/wp\/v2\/categories?post=6697"},{"taxonomy":"post_tag","embeddable":true,"href":"https:\/\/portalmf.com.br\/index.php\/wp-json\/wp\/v2\/tags?post=6697"}],"curies":[{"name":"wp","href":"https:\/\/api.w.org\/{rel}","templated":true}]}}