{"id":6691,"date":"2022-12-13T17:21:27","date_gmt":"2022-12-13T20:21:27","guid":{"rendered":"https:\/\/portalmf.com.br\/?p=6691"},"modified":"2022-12-13T17:21:28","modified_gmt":"2022-12-13T20:21:28","slug":"ile-aiye-seleciona-finalistas-da-42a-noite-da-beleza-negra-na-proxima-segunda-feira-19","status":"publish","type":"post","link":"https:\/\/portalmf.com.br\/index.php\/2022\/12\/13\/ile-aiye-seleciona-finalistas-da-42a-noite-da-beleza-negra-na-proxima-segunda-feira-19\/","title":{"rendered":"Il\u00ea Aiy\u00ea seleciona finalistas da 42\u00aa Noite da\u00a0Beleza\u00a0Negra na pr\u00f3xima segunda-feira (19)\u00a0\u00a0"},"content":{"rendered":"\n<p>Vai at\u00e9 esta sexta-feira (16) as inscri\u00e7\u00f5es para a 42\u00ba Noite da Beleza Negra do Il\u00ea Aiy\u00ea, com data marcada para 21 de janeiro, quando o bloco afro mais antigo do Brasil eleger\u00e1 a sua Deusa do \u00c9bano 2023. A edi\u00e7\u00e3o atual traz como novidade a amplia\u00e7\u00e3o da idade das candidatas, que agora podem ter entre 18 e 35 anos. A sele\u00e7\u00e3o das 15 finalistas est\u00e1 marcada para a pr\u00f3xima segunda-feira (19), 15h, na Senzala do Barro Preto.<\/p>\n\n\n\n<p>As inscri\u00e7\u00f5es est\u00e3o sendo realizadas no site&nbsp;<a href=\"http:\/\/www.belezanegraileaiye.blogspot.com\/\" target=\"_blank\" rel=\"noreferrer noopener\">www.belezanegraileaiye.blogspot.com<\/a>. A organiza\u00e7\u00e3o do concurso lembra que as fotos necess\u00e1rias para a inscri\u00e7\u00e3o devem ser de rosto e corpo inteiro, n\u00e3o sendo aceitas fotos de candidatas com roupas de banho ou \u00edntimas. Por n\u00e3o considerar altura, tamanho do quadril nem outras medidas corporais, o j\u00fari da Noite da Beleza n\u00e3o avalia fotos com esse perfil.<\/p>\n\n\n\n<p>Ap\u00f3s dois anos sem acontecer por conta das restri\u00e7\u00f5es impostas pela pandemia da Covid-19, a&nbsp;<em>Noite da&nbsp;Beleza&nbsp;Negra<\/em>&nbsp; volta \u00e0 cena como uma das festas mais importantes e esperadas do ver\u00e3o da Bahia. Entre os crit\u00e9rios para a sele\u00e7\u00e3o da nova Rainha do Il\u00ea Aiy\u00ea est\u00e3o&nbsp;o n\u00edvel de consci\u00eancia cidad\u00e3 em rela\u00e7\u00e3o ao papel da mulher&nbsp;negra&nbsp;na sociedade&nbsp;e a&nbsp;performance em dan\u00e7a afro, uma vez que se apresentar ao lado da Band\u2019Aiy\u00ea \u00e9 uma das suas atribui\u00e7\u00f5es durante o reinado.<\/p>\n\n\n\n<p>A&nbsp;<em>Noite da&nbsp;Beleza&nbsp;Negra<\/em>&nbsp;\u00e9 uma das principais a\u00e7\u00f5es afirmativas do bloco Il\u00ea Aiy\u00ea, cumprindo desde a sua primeira edi\u00e7\u00e3o o papel de resgate da autoestima da mulher&nbsp;negra&nbsp;baiana e brasileira. A vencedora da 42\u00aa&nbsp;edi\u00e7\u00e3o&nbsp;far\u00e1 sua estreia oficial no Carnaval de Salvador 2023, quando o Il\u00ea Aiy\u00ea dedica o seu tema ao centen\u00e1rio do angolano Agostinho Neto.<\/p>\n\n\n\n<p>Atualmente, o cargo de Deusa do \u00c9bano est\u00e1 sendo ocupado por Gleiciele Teixeira Oliveira, que conquistou o t\u00edtulo em fevereiro de 2020 e, em car\u00e1ter in\u00e9dito, cumpre seu terceiro ano de reinado devido \u00e0s circunst\u00e2ncias impostas pela pandemia.<\/p>\n","protected":false},"excerpt":{"rendered":"<p>Vai at\u00e9 esta sexta-feira (16) as inscri\u00e7\u00f5es para a 42\u00ba Noite da Beleza Negra do Il\u00ea Aiy\u00ea, com data marcada para 21 de janeiro, quando o bloco afro mais antigo do Brasil eleger\u00e1 a sua Deusa do \u00c9bano 2023. A edi\u00e7\u00e3o atual traz como novidade a amplia\u00e7\u00e3o da idade das candidatas, que agora podem ter [&hellip;]<\/p>\n","protected":false},"author":3,"featured_media":6692,"comment_status":"open","ping_status":"open","sticky":false,"template":"","format":"standard","meta":{"_monsterinsights_skip_tracking":false,"_monsterinsights_sitenote_active":false,"_monsterinsights_sitenote_note":"","_monsterinsights_sitenote_category":0,"footnotes":""},"categories":[44,40],"tags":[],"yoast_head":"<!-- This site is optimized with the Yoast SEO plugin v22.9 - https:\/\/yoast.com\/wordpress\/plugins\/seo\/ -->\n<title>Il\u00ea Aiy\u00ea seleciona finalistas da 42\u00aa Noite da\u00a0Beleza\u00a0Negra na pr\u00f3xima segunda-feira (19)\u00a0\u00a0 - Portal MF<\/title>\n<meta name=\"robots\" content=\"index, follow, max-snippet:-1, max-image-preview:large, max-video-preview:-1\" \/>\n<link rel=\"canonical\" href=\"https:\/\/portalmf.com.br\/index.php\/2022\/12\/13\/ile-aiye-seleciona-finalistas-da-42a-noite-da-beleza-negra-na-proxima-segunda-feira-19\/\" \/>\n<meta property=\"og:locale\" content=\"pt_BR\" \/>\n<meta property=\"og:type\" content=\"article\" \/>\n<meta property=\"og:title\" content=\"Il\u00ea Aiy\u00ea seleciona finalistas da 42\u00aa Noite da\u00a0Beleza\u00a0Negra na pr\u00f3xima segunda-feira (19)\u00a0\u00a0 - Portal MF\" \/>\n<meta property=\"og:description\" content=\"Vai at\u00e9 esta sexta-feira (16) as inscri\u00e7\u00f5es para a 42\u00ba Noite da Beleza Negra do Il\u00ea Aiy\u00ea, com data marcada para 21 de janeiro, quando o bloco afro mais antigo do Brasil eleger\u00e1 a sua Deusa do \u00c9bano 2023. A edi\u00e7\u00e3o atual traz como novidade a amplia\u00e7\u00e3o da idade das candidatas, que agora podem ter [&hellip;]\" \/>\n<meta property=\"og:url\" content=\"https:\/\/portalmf.com.br\/index.php\/2022\/12\/13\/ile-aiye-seleciona-finalistas-da-42a-noite-da-beleza-negra-na-proxima-segunda-feira-19\/\" \/>\n<meta property=\"og:site_name\" content=\"Portal MF\" \/>\n<meta property=\"article:author\" content=\"https:\/\/www.facebook.com\/portalmfoficial\" \/>\n<meta property=\"article:published_time\" content=\"2022-12-13T20:21:27+00:00\" \/>\n<meta property=\"article:modified_time\" content=\"2022-12-13T20:21:28+00:00\" \/>\n<meta property=\"og:image\" content=\"https:\/\/portalmf.com.br\/wp-content\/uploads\/2022\/12\/Gleiciele-Teixeira_DeusadoEbano2020.jpg\" \/>\n\t<meta property=\"og:image:width\" content=\"1773\" \/>\n\t<meta property=\"og:image:height\" content=\"1182\" \/>\n\t<meta property=\"og:image:type\" content=\"image\/jpeg\" \/>\n<meta name=\"author\" content=\"Reda\u00e7\u00e3o Portal MF\" \/>\n<meta name=\"twitter:card\" content=\"summary_large_image\" \/>\n<meta name=\"twitter:creator\" content=\"@https:\/\/x.com\/portalmfoficial\" \/>\n<meta name=\"twitter:label1\" content=\"Escrito por\" \/>\n\t<meta name=\"twitter:data1\" content=\"Reda\u00e7\u00e3o Portal MF\" \/>\n\t<meta name=\"twitter:label2\" content=\"Est. tempo de leitura\" \/>\n\t<meta name=\"twitter:data2\" content=\"2 minutos\" \/>\n<script type=\"application\/ld+json\" class=\"yoast-schema-graph\">{\"@context\":\"https:\/\/schema.org\",\"@graph\":[{\"@type\":\"WebPage\",\"@id\":\"https:\/\/portalmf.com.br\/index.php\/2022\/12\/13\/ile-aiye-seleciona-finalistas-da-42a-noite-da-beleza-negra-na-proxima-segunda-feira-19\/\",\"url\":\"https:\/\/portalmf.com.br\/index.php\/2022\/12\/13\/ile-aiye-seleciona-finalistas-da-42a-noite-da-beleza-negra-na-proxima-segunda-feira-19\/\",\"name\":\"Il\u00ea Aiy\u00ea seleciona finalistas da 42\u00aa Noite da\u00a0Beleza\u00a0Negra na pr\u00f3xima segunda-feira (19)\u00a0\u00a0 - Portal MF\",\"isPartOf\":{\"@id\":\"https:\/\/portalmf.com.br\/#website\"},\"primaryImageOfPage\":{\"@id\":\"https:\/\/portalmf.com.br\/index.php\/2022\/12\/13\/ile-aiye-seleciona-finalistas-da-42a-noite-da-beleza-negra-na-proxima-segunda-feira-19\/#primaryimage\"},\"image\":{\"@id\":\"https:\/\/portalmf.com.br\/index.php\/2022\/12\/13\/ile-aiye-seleciona-finalistas-da-42a-noite-da-beleza-negra-na-proxima-segunda-feira-19\/#primaryimage\"},\"thumbnailUrl\":\"https:\/\/portalmf.com.br\/wp-content\/uploads\/2022\/12\/Gleiciele-Teixeira_DeusadoEbano2020.jpg\",\"datePublished\":\"2022-12-13T20:21:27+00:00\",\"dateModified\":\"2022-12-13T20:21:28+00:00\",\"author\":{\"@id\":\"https:\/\/portalmf.com.br\/#\/schema\/person\/9ec101baf56233e53520c26de5d6f6f0\"},\"breadcrumb\":{\"@id\":\"https:\/\/portalmf.com.br\/index.php\/2022\/12\/13\/ile-aiye-seleciona-finalistas-da-42a-noite-da-beleza-negra-na-proxima-segunda-feira-19\/#breadcrumb\"},\"inLanguage\":\"pt-BR\",\"potentialAction\":[{\"@type\":\"ReadAction\",\"target\":[\"https:\/\/portalmf.com.br\/index.php\/2022\/12\/13\/ile-aiye-seleciona-finalistas-da-42a-noite-da-beleza-negra-na-proxima-segunda-feira-19\/\"]}]},{\"@type\":\"ImageObject\",\"inLanguage\":\"pt-BR\",\"@id\":\"https:\/\/portalmf.com.br\/index.php\/2022\/12\/13\/ile-aiye-seleciona-finalistas-da-42a-noite-da-beleza-negra-na-proxima-segunda-feira-19\/#primaryimage\",\"url\":\"https:\/\/portalmf.com.br\/wp-content\/uploads\/2022\/12\/Gleiciele-Teixeira_DeusadoEbano2020.jpg\",\"contentUrl\":\"https:\/\/portalmf.com.br\/wp-content\/uploads\/2022\/12\/Gleiciele-Teixeira_DeusadoEbano2020.jpg\",\"width\":1773,\"height\":1182},{\"@type\":\"BreadcrumbList\",\"@id\":\"https:\/\/portalmf.com.br\/index.php\/2022\/12\/13\/ile-aiye-seleciona-finalistas-da-42a-noite-da-beleza-negra-na-proxima-segunda-feira-19\/#breadcrumb\",\"itemListElement\":[{\"@type\":\"ListItem\",\"position\":1,\"name\":\"In\u00edcio\",\"item\":\"https:\/\/portalmf.com.br\/\"},{\"@type\":\"ListItem\",\"position\":2,\"name\":\"Il\u00ea Aiy\u00ea seleciona finalistas da 42\u00aa Noite da\u00a0Beleza\u00a0Negra na pr\u00f3xima segunda-feira (19)\u00a0\u00a0\"}]},{\"@type\":\"WebSite\",\"@id\":\"https:\/\/portalmf.com.br\/#website\",\"url\":\"https:\/\/portalmf.com.br\/\",\"name\":\"Portal MF\",\"description\":\"Voc\u00ea conectado com a informa\u00e7\u00e3o\",\"potentialAction\":[{\"@type\":\"SearchAction\",\"target\":{\"@type\":\"EntryPoint\",\"urlTemplate\":\"https:\/\/portalmf.com.br\/?s={search_term_string}\"},\"query-input\":\"required name=search_term_string\"}],\"inLanguage\":\"pt-BR\"},{\"@type\":\"Person\",\"@id\":\"https:\/\/portalmf.com.br\/#\/schema\/person\/9ec101baf56233e53520c26de5d6f6f0\",\"name\":\"Reda\u00e7\u00e3o Portal MF\",\"image\":{\"@type\":\"ImageObject\",\"inLanguage\":\"pt-BR\",\"@id\":\"https:\/\/portalmf.com.br\/#\/schema\/person\/image\/\",\"url\":\"https:\/\/secure.gravatar.com\/avatar\/41b9aaeb2100835f7c64362330f74c7f?s=96&d=mm&r=g\",\"contentUrl\":\"https:\/\/secure.gravatar.com\/avatar\/41b9aaeb2100835f7c64362330f74c7f?s=96&d=mm&r=g\",\"caption\":\"Reda\u00e7\u00e3o Portal MF\"},\"description\":\"Sejam bem-vindos o portal de informa\u00e7\u00f5es de entretenimento de Feira de Santana, desde 2006 realiza coberturas dos principais eventos com entrevistas exclusivas com as principais personalidades mundiais. Fique conectado tamb\u00e9m nas redes sociais.\",\"sameAs\":[\"http:\/\/www.portalmf.com.br\/\",\"https:\/\/www.facebook.com\/portalmfoficial\",\"https:\/\/www.instagram.com\/portalmf\/\",\"https:\/\/x.com\/https:\/\/x.com\/portalmfoficial\",\"https:\/\/www.youtube.com\/@portalmfoficial\"],\"url\":\"https:\/\/portalmf.com.br\/index.php\/author\/junior\/\"}]}<\/script>\n<!-- \/ Yoast SEO plugin. -->","yoast_head_json":{"title":"Il\u00ea Aiy\u00ea seleciona finalistas da 42\u00aa Noite da\u00a0Beleza\u00a0Negra na pr\u00f3xima segunda-feira (19)\u00a0\u00a0 - Portal MF","robots":{"index":"index","follow":"follow","max-snippet":"max-snippet:-1","max-image-preview":"max-image-preview:large","max-video-preview":"max-video-preview:-1"},"canonical":"https:\/\/portalmf.com.br\/index.php\/2022\/12\/13\/ile-aiye-seleciona-finalistas-da-42a-noite-da-beleza-negra-na-proxima-segunda-feira-19\/","og_locale":"pt_BR","og_type":"article","og_title":"Il\u00ea Aiy\u00ea seleciona finalistas da 42\u00aa Noite da\u00a0Beleza\u00a0Negra na pr\u00f3xima segunda-feira (19)\u00a0\u00a0 - Portal MF","og_description":"Vai at\u00e9 esta sexta-feira (16) as inscri\u00e7\u00f5es para a 42\u00ba Noite da Beleza Negra do Il\u00ea Aiy\u00ea, com data marcada para 21 de janeiro, quando o bloco afro mais antigo do Brasil eleger\u00e1 a sua Deusa do \u00c9bano 2023. A edi\u00e7\u00e3o atual traz como novidade a amplia\u00e7\u00e3o da idade das candidatas, que agora podem ter [&hellip;]","og_url":"https:\/\/portalmf.com.br\/index.php\/2022\/12\/13\/ile-aiye-seleciona-finalistas-da-42a-noite-da-beleza-negra-na-proxima-segunda-feira-19\/","og_site_name":"Portal MF","article_author":"https:\/\/www.facebook.com\/portalmfoficial","article_published_time":"2022-12-13T20:21:27+00:00","article_modified_time":"2022-12-13T20:21:28+00:00","og_image":[{"width":1773,"height":1182,"url":"https:\/\/portalmf.com.br\/wp-content\/uploads\/2022\/12\/Gleiciele-Teixeira_DeusadoEbano2020.jpg","type":"image\/jpeg"}],"author":"Reda\u00e7\u00e3o Portal MF","twitter_card":"summary_large_image","twitter_creator":"@https:\/\/x.com\/portalmfoficial","twitter_misc":{"Escrito por":"Reda\u00e7\u00e3o Portal MF","Est. tempo de leitura":"2 minutos"},"schema":{"@context":"https:\/\/schema.org","@graph":[{"@type":"WebPage","@id":"https:\/\/portalmf.com.br\/index.php\/2022\/12\/13\/ile-aiye-seleciona-finalistas-da-42a-noite-da-beleza-negra-na-proxima-segunda-feira-19\/","url":"https:\/\/portalmf.com.br\/index.php\/2022\/12\/13\/ile-aiye-seleciona-finalistas-da-42a-noite-da-beleza-negra-na-proxima-segunda-feira-19\/","name":"Il\u00ea Aiy\u00ea seleciona finalistas da 42\u00aa Noite da\u00a0Beleza\u00a0Negra na pr\u00f3xima segunda-feira (19)\u00a0\u00a0 - Portal MF","isPartOf":{"@id":"https:\/\/portalmf.com.br\/#website"},"primaryImageOfPage":{"@id":"https:\/\/portalmf.com.br\/index.php\/2022\/12\/13\/ile-aiye-seleciona-finalistas-da-42a-noite-da-beleza-negra-na-proxima-segunda-feira-19\/#primaryimage"},"image":{"@id":"https:\/\/portalmf.com.br\/index.php\/2022\/12\/13\/ile-aiye-seleciona-finalistas-da-42a-noite-da-beleza-negra-na-proxima-segunda-feira-19\/#primaryimage"},"thumbnailUrl":"https:\/\/portalmf.com.br\/wp-content\/uploads\/2022\/12\/Gleiciele-Teixeira_DeusadoEbano2020.jpg","datePublished":"2022-12-13T20:21:27+00:00","dateModified":"2022-12-13T20:21:28+00:00","author":{"@id":"https:\/\/portalmf.com.br\/#\/schema\/person\/9ec101baf56233e53520c26de5d6f6f0"},"breadcrumb":{"@id":"https:\/\/portalmf.com.br\/index.php\/2022\/12\/13\/ile-aiye-seleciona-finalistas-da-42a-noite-da-beleza-negra-na-proxima-segunda-feira-19\/#breadcrumb"},"inLanguage":"pt-BR","potentialAction":[{"@type":"ReadAction","target":["https:\/\/portalmf.com.br\/index.php\/2022\/12\/13\/ile-aiye-seleciona-finalistas-da-42a-noite-da-beleza-negra-na-proxima-segunda-feira-19\/"]}]},{"@type":"ImageObject","inLanguage":"pt-BR","@id":"https:\/\/portalmf.com.br\/index.php\/2022\/12\/13\/ile-aiye-seleciona-finalistas-da-42a-noite-da-beleza-negra-na-proxima-segunda-feira-19\/#primaryimage","url":"https:\/\/portalmf.com.br\/wp-content\/uploads\/2022\/12\/Gleiciele-Teixeira_DeusadoEbano2020.jpg","contentUrl":"https:\/\/portalmf.com.br\/wp-content\/uploads\/2022\/12\/Gleiciele-Teixeira_DeusadoEbano2020.jpg","width":1773,"height":1182},{"@type":"BreadcrumbList","@id":"https:\/\/portalmf.com.br\/index.php\/2022\/12\/13\/ile-aiye-seleciona-finalistas-da-42a-noite-da-beleza-negra-na-proxima-segunda-feira-19\/#breadcrumb","itemListElement":[{"@type":"ListItem","position":1,"name":"In\u00edcio","item":"https:\/\/portalmf.com.br\/"},{"@type":"ListItem","position":2,"name":"Il\u00ea Aiy\u00ea seleciona finalistas da 42\u00aa Noite da\u00a0Beleza\u00a0Negra na pr\u00f3xima segunda-feira (19)\u00a0\u00a0"}]},{"@type":"WebSite","@id":"https:\/\/portalmf.com.br\/#website","url":"https:\/\/portalmf.com.br\/","name":"Portal MF","description":"Voc\u00ea conectado com a informa\u00e7\u00e3o","potentialAction":[{"@type":"SearchAction","target":{"@type":"EntryPoint","urlTemplate":"https:\/\/portalmf.com.br\/?s={search_term_string}"},"query-input":"required name=search_term_string"}],"inLanguage":"pt-BR"},{"@type":"Person","@id":"https:\/\/portalmf.com.br\/#\/schema\/person\/9ec101baf56233e53520c26de5d6f6f0","name":"Reda\u00e7\u00e3o Portal MF","image":{"@type":"ImageObject","inLanguage":"pt-BR","@id":"https:\/\/portalmf.com.br\/#\/schema\/person\/image\/","url":"https:\/\/secure.gravatar.com\/avatar\/41b9aaeb2100835f7c64362330f74c7f?s=96&d=mm&r=g","contentUrl":"https:\/\/secure.gravatar.com\/avatar\/41b9aaeb2100835f7c64362330f74c7f?s=96&d=mm&r=g","caption":"Reda\u00e7\u00e3o Portal MF"},"description":"Sejam bem-vindos o portal de informa\u00e7\u00f5es de entretenimento de Feira de Santana, desde 2006 realiza coberturas dos principais eventos com entrevistas exclusivas com as principais personalidades mundiais. Fique conectado tamb\u00e9m nas redes sociais.","sameAs":["http:\/\/www.portalmf.com.br\/","https:\/\/www.facebook.com\/portalmfoficial","https:\/\/www.instagram.com\/portalmf\/","https:\/\/x.com\/https:\/\/x.com\/portalmfoficial","https:\/\/www.youtube.com\/@portalmfoficial"],"url":"https:\/\/portalmf.com.br\/index.php\/author\/junior\/"}]}},"_links":{"self":[{"href":"https:\/\/portalmf.com.br\/index.php\/wp-json\/wp\/v2\/posts\/6691"}],"collection":[{"href":"https:\/\/portalmf.com.br\/index.php\/wp-json\/wp\/v2\/posts"}],"about":[{"href":"https:\/\/portalmf.com.br\/index.php\/wp-json\/wp\/v2\/types\/post"}],"author":[{"embeddable":true,"href":"https:\/\/portalmf.com.br\/index.php\/wp-json\/wp\/v2\/users\/3"}],"replies":[{"embeddable":true,"href":"https:\/\/portalmf.com.br\/index.php\/wp-json\/wp\/v2\/comments?post=6691"}],"version-history":[{"count":1,"href":"https:\/\/portalmf.com.br\/index.php\/wp-json\/wp\/v2\/posts\/6691\/revisions"}],"predecessor-version":[{"id":6693,"href":"https:\/\/portalmf.com.br\/index.php\/wp-json\/wp\/v2\/posts\/6691\/revisions\/6693"}],"wp:featuredmedia":[{"embeddable":true,"href":"https:\/\/portalmf.com.br\/index.php\/wp-json\/wp\/v2\/media\/6692"}],"wp:attachment":[{"href":"https:\/\/portalmf.com.br\/index.php\/wp-json\/wp\/v2\/media?parent=6691"}],"wp:term":[{"taxonomy":"category","embeddable":true,"href":"https:\/\/portalmf.com.br\/index.php\/wp-json\/wp\/v2\/categories?post=6691"},{"taxonomy":"post_tag","embeddable":true,"href":"https:\/\/portalmf.com.br\/index.php\/wp-json\/wp\/v2\/tags?post=6691"}],"curies":[{"name":"wp","href":"https:\/\/api.w.org\/{rel}","templated":true}]}}