{"id":6682,"date":"2022-12-12T17:09:00","date_gmt":"2022-12-12T20:09:00","guid":{"rendered":"https:\/\/portalmf.com.br\/?p=6682"},"modified":"2022-12-13T17:12:22","modified_gmt":"2022-12-13T20:12:22","slug":"cirurgia-de-face-realizada-no-hospital-cleriston-andrade-e-destaque-em-revista-cientifica-internacional","status":"publish","type":"post","link":"https:\/\/portalmf.com.br\/index.php\/2022\/12\/12\/cirurgia-de-face-realizada-no-hospital-cleriston-andrade-e-destaque-em-revista-cientifica-internacional\/","title":{"rendered":"Cirurgia de face realizada no Hospital Cl\u00e9riston Andrade \u00e9 destaque em revista cient\u00edfica internacional"},"content":{"rendered":"\n<p>A hist\u00f3ria de um paciente, v\u00edtima de acidente de moto, com fratura de face, foi destaque na Revista Portuguesa de Estomatologia, Medicina Dent\u00e1ria e Cirurgia Maxilofacial. O artigo cient\u00edfico divulgado na revista internacional \u00e9 sobre um caso de Artroplastia Interposicional com Retalho do M\u00fasculo Temporal, cirurgia at\u00e9 ent\u00e3o in\u00e9dita no Hospital Geral Cl\u00e9riston Andrade (HGCA).<\/p>\n\n\n\n<p>O paciente em quest\u00e3o \u00e9 do sexo masculino, 39 anos, e sofreu um acidente motocicl\u00edstico em 2019, fraturando na \u00e9poca a parte central da mand\u00edbula. Foi realizada a cirurgia no maxilar com sucesso. Entretanto, o paciente n\u00e3o prosseguiu com a fisioterapia e acompanhamento orientados pela equipe bucomaxilofacial da unidade, evoluindo para <strong>Anquilose Bilateral<\/strong>, termo t\u00e9cnico usado para informar ocorr\u00eancia de uma fus\u00e3o entre o osso da mand\u00edbula com o do cr\u00e2nio. O que fez com que este paciente ficasse com abertura de boca limitada em apenas 11 mil\u00edmetros.<\/p>\n\n\n\n<p>O cirurgi\u00e3o bucomaxilofacial, Thiago Leite, disse que o paciente ficou quase 1 ano e meio, com s\u00e9rias dificuldades de fala, mastiga\u00e7\u00e3o, degluti\u00e7\u00e3o, dentre outros efeitos colaterais at\u00e9 uma segunda cirurgia fosse realizada. \u201cAssim que tomamos conhecimento do caso do paciente marcamos outra interven\u00e7\u00e3o, desta vez mais invasiva. Tivemos que fazer a retirada do bloco \u00f3sseo que fundiu com o cr\u00e2nio nos dois lados da face do paciente, e entre os ossos da mand\u00edbula e cr\u00e2nio, colocamos m\u00fasculo para evitar o atrito e uma melhor articula\u00e7\u00e3o da mand\u00edbula\u201d, explicou acrescentando que logo ap\u00f3s o m\u00e9todo cir\u00fargico, o paciente conseguir uma abertura de boca de 23 mil\u00edmetros e hoje segue uma vida normal.<\/p>\n\n\n\n<p>Para Carlos Bastos, interno do Servi\u00e7o de Cirurgia e Traumatologia Bucomaxilofacial do HGCA, o procedimento representa um dos maiores desafios terap\u00eauticos na cirurgia oral e maxilofacial. \u201cTratamentos diversos t\u00eam sido utilizados para o manuseamento da Articula\u00e7\u00e3o Temporomandibular-ATM, tais como artroplastia de v\u00e3o (gap), artroplastia interposicional e reconstru\u00e7\u00e3o da ATM com enxerto \u00f3sseo aut\u00f3geno e pr\u00f3teses. No entanto, neste caso espec\u00edfico, optamos por colocar m\u00fasculo temporal, devolvendo a fun\u00e7\u00e3o e diminui a recidiva da fus\u00e3o \u00f3ssea e consequente reanquilose\u201d, Concluiu.<br><br>O tratamento das anquiloses \u00e9 imperativamente cir\u00fargico e tem como objetivo a libera\u00e7\u00e3o da articula\u00e7\u00e3o e reanatomiza\u00e7\u00e3o da regi\u00e3o, devolvendo funcionalidade ao sistema estomatogn\u00e1tico. A escolha da t\u00e9cnica depende de alguns fatores, incluindo a idade. Al\u00e9m de ser publicado em revista cient\u00edfica internacional, o caso tamb\u00e9m foi apresentado no Congresso Brasileiro de Cirurgia Bucomaxilofacial, realizado este ano em Florian\u00f3polis.<\/p>\n\n\n\n<p>Veja link do artigo publicado:<\/p>\n\n\n\n<p><a href=\"http:\/\/administracao.spemd.pt\/app\/assets\/imagens\/files_img\/1_19_633d4038ef353.pdf\">http:\/\/administracao.spemd.pt\/app\/assets\/imagens\/files_img\/1_19_633d4038ef353.pdf<\/a><\/p>\n\n\n\n<p><strong>Fonte: ASCOM\/HGCA<\/strong><\/p>\n","protected":false},"excerpt":{"rendered":"<p>A hist\u00f3ria de um paciente, v\u00edtima de acidente de moto, com fratura de face, foi destaque na Revista Portuguesa de Estomatologia, Medicina Dent\u00e1ria e Cirurgia Maxilofacial. O artigo cient\u00edfico divulgado na revista internacional \u00e9 sobre um caso de Artroplastia Interposicional com Retalho do M\u00fasculo Temporal, cirurgia at\u00e9 ent\u00e3o in\u00e9dita no Hospital Geral Cl\u00e9riston Andrade (HGCA). [&hellip;]<\/p>\n","protected":false},"author":3,"featured_media":6683,"comment_status":"open","ping_status":"open","sticky":false,"template":"","format":"standard","meta":{"_monsterinsights_skip_tracking":false,"_monsterinsights_sitenote_active":false,"_monsterinsights_sitenote_note":"","_monsterinsights_sitenote_category":0,"footnotes":""},"categories":[34],"tags":[],"yoast_head":"<!-- This site is optimized with the Yoast SEO plugin v22.9 - https:\/\/yoast.com\/wordpress\/plugins\/seo\/ -->\n<title>Cirurgia de face realizada no Hospital Cl\u00e9riston Andrade \u00e9 destaque em revista cient\u00edfica internacional - Portal MF<\/title>\n<meta name=\"robots\" content=\"index, follow, max-snippet:-1, max-image-preview:large, max-video-preview:-1\" \/>\n<link rel=\"canonical\" href=\"https:\/\/portalmf.com.br\/index.php\/2022\/12\/12\/cirurgia-de-face-realizada-no-hospital-cleriston-andrade-e-destaque-em-revista-cientifica-internacional\/\" \/>\n<meta property=\"og:locale\" content=\"pt_BR\" \/>\n<meta property=\"og:type\" content=\"article\" \/>\n<meta property=\"og:title\" content=\"Cirurgia de face realizada no Hospital Cl\u00e9riston Andrade \u00e9 destaque em revista cient\u00edfica internacional - Portal MF\" \/>\n<meta property=\"og:description\" content=\"A hist\u00f3ria de um paciente, v\u00edtima de acidente de moto, com fratura de face, foi destaque na Revista Portuguesa de Estomatologia, Medicina Dent\u00e1ria e Cirurgia Maxilofacial. O artigo cient\u00edfico divulgado na revista internacional \u00e9 sobre um caso de Artroplastia Interposicional com Retalho do M\u00fasculo Temporal, cirurgia at\u00e9 ent\u00e3o in\u00e9dita no Hospital Geral Cl\u00e9riston Andrade (HGCA). [&hellip;]\" \/>\n<meta property=\"og:url\" content=\"https:\/\/portalmf.com.br\/index.php\/2022\/12\/12\/cirurgia-de-face-realizada-no-hospital-cleriston-andrade-e-destaque-em-revista-cientifica-internacional\/\" \/>\n<meta property=\"og:site_name\" content=\"Portal MF\" \/>\n<meta property=\"article:author\" content=\"https:\/\/www.facebook.com\/portalmfoficial\" \/>\n<meta property=\"article:published_time\" content=\"2022-12-12T20:09:00+00:00\" \/>\n<meta property=\"article:modified_time\" content=\"2022-12-13T20:12:22+00:00\" \/>\n<meta property=\"og:image\" content=\"https:\/\/portalmf.com.br\/wp-content\/uploads\/2022\/12\/indice.jpg\" \/>\n\t<meta property=\"og:image:width\" content=\"768\" \/>\n\t<meta property=\"og:image:height\" content=\"1024\" \/>\n\t<meta property=\"og:image:type\" content=\"image\/jpeg\" \/>\n<meta name=\"author\" content=\"Reda\u00e7\u00e3o Portal MF\" \/>\n<meta name=\"twitter:card\" content=\"summary_large_image\" \/>\n<meta name=\"twitter:creator\" content=\"@https:\/\/x.com\/portalmfoficial\" \/>\n<meta name=\"twitter:label1\" content=\"Escrito por\" \/>\n\t<meta name=\"twitter:data1\" content=\"Reda\u00e7\u00e3o Portal MF\" \/>\n\t<meta name=\"twitter:label2\" content=\"Est. tempo de leitura\" \/>\n\t<meta name=\"twitter:data2\" content=\"3 minutos\" \/>\n<script type=\"application\/ld+json\" class=\"yoast-schema-graph\">{\"@context\":\"https:\/\/schema.org\",\"@graph\":[{\"@type\":\"WebPage\",\"@id\":\"https:\/\/portalmf.com.br\/index.php\/2022\/12\/12\/cirurgia-de-face-realizada-no-hospital-cleriston-andrade-e-destaque-em-revista-cientifica-internacional\/\",\"url\":\"https:\/\/portalmf.com.br\/index.php\/2022\/12\/12\/cirurgia-de-face-realizada-no-hospital-cleriston-andrade-e-destaque-em-revista-cientifica-internacional\/\",\"name\":\"Cirurgia de face realizada no Hospital Cl\u00e9riston Andrade \u00e9 destaque em revista cient\u00edfica internacional - Portal MF\",\"isPartOf\":{\"@id\":\"https:\/\/portalmf.com.br\/#website\"},\"primaryImageOfPage\":{\"@id\":\"https:\/\/portalmf.com.br\/index.php\/2022\/12\/12\/cirurgia-de-face-realizada-no-hospital-cleriston-andrade-e-destaque-em-revista-cientifica-internacional\/#primaryimage\"},\"image\":{\"@id\":\"https:\/\/portalmf.com.br\/index.php\/2022\/12\/12\/cirurgia-de-face-realizada-no-hospital-cleriston-andrade-e-destaque-em-revista-cientifica-internacional\/#primaryimage\"},\"thumbnailUrl\":\"https:\/\/portalmf.com.br\/wp-content\/uploads\/2022\/12\/indice.jpg\",\"datePublished\":\"2022-12-12T20:09:00+00:00\",\"dateModified\":\"2022-12-13T20:12:22+00:00\",\"author\":{\"@id\":\"https:\/\/portalmf.com.br\/#\/schema\/person\/9ec101baf56233e53520c26de5d6f6f0\"},\"breadcrumb\":{\"@id\":\"https:\/\/portalmf.com.br\/index.php\/2022\/12\/12\/cirurgia-de-face-realizada-no-hospital-cleriston-andrade-e-destaque-em-revista-cientifica-internacional\/#breadcrumb\"},\"inLanguage\":\"pt-BR\",\"potentialAction\":[{\"@type\":\"ReadAction\",\"target\":[\"https:\/\/portalmf.com.br\/index.php\/2022\/12\/12\/cirurgia-de-face-realizada-no-hospital-cleriston-andrade-e-destaque-em-revista-cientifica-internacional\/\"]}]},{\"@type\":\"ImageObject\",\"inLanguage\":\"pt-BR\",\"@id\":\"https:\/\/portalmf.com.br\/index.php\/2022\/12\/12\/cirurgia-de-face-realizada-no-hospital-cleriston-andrade-e-destaque-em-revista-cientifica-internacional\/#primaryimage\",\"url\":\"https:\/\/portalmf.com.br\/wp-content\/uploads\/2022\/12\/indice.jpg\",\"contentUrl\":\"https:\/\/portalmf.com.br\/wp-content\/uploads\/2022\/12\/indice.jpg\",\"width\":768,\"height\":1024},{\"@type\":\"BreadcrumbList\",\"@id\":\"https:\/\/portalmf.com.br\/index.php\/2022\/12\/12\/cirurgia-de-face-realizada-no-hospital-cleriston-andrade-e-destaque-em-revista-cientifica-internacional\/#breadcrumb\",\"itemListElement\":[{\"@type\":\"ListItem\",\"position\":1,\"name\":\"In\u00edcio\",\"item\":\"https:\/\/portalmf.com.br\/\"},{\"@type\":\"ListItem\",\"position\":2,\"name\":\"Cirurgia de face realizada no Hospital Cl\u00e9riston Andrade \u00e9 destaque em revista cient\u00edfica internacional\"}]},{\"@type\":\"WebSite\",\"@id\":\"https:\/\/portalmf.com.br\/#website\",\"url\":\"https:\/\/portalmf.com.br\/\",\"name\":\"Portal MF\",\"description\":\"Voc\u00ea conectado com a informa\u00e7\u00e3o\",\"potentialAction\":[{\"@type\":\"SearchAction\",\"target\":{\"@type\":\"EntryPoint\",\"urlTemplate\":\"https:\/\/portalmf.com.br\/?s={search_term_string}\"},\"query-input\":\"required name=search_term_string\"}],\"inLanguage\":\"pt-BR\"},{\"@type\":\"Person\",\"@id\":\"https:\/\/portalmf.com.br\/#\/schema\/person\/9ec101baf56233e53520c26de5d6f6f0\",\"name\":\"Reda\u00e7\u00e3o Portal MF\",\"image\":{\"@type\":\"ImageObject\",\"inLanguage\":\"pt-BR\",\"@id\":\"https:\/\/portalmf.com.br\/#\/schema\/person\/image\/\",\"url\":\"https:\/\/secure.gravatar.com\/avatar\/41b9aaeb2100835f7c64362330f74c7f?s=96&d=mm&r=g\",\"contentUrl\":\"https:\/\/secure.gravatar.com\/avatar\/41b9aaeb2100835f7c64362330f74c7f?s=96&d=mm&r=g\",\"caption\":\"Reda\u00e7\u00e3o Portal MF\"},\"description\":\"Sejam bem-vindos o portal de informa\u00e7\u00f5es de entretenimento de Feira de Santana, desde 2006 realiza coberturas dos principais eventos com entrevistas exclusivas com as principais personalidades mundiais. Fique conectado tamb\u00e9m nas redes sociais.\",\"sameAs\":[\"http:\/\/www.portalmf.com.br\/\",\"https:\/\/www.facebook.com\/portalmfoficial\",\"https:\/\/www.instagram.com\/portalmf\/\",\"https:\/\/x.com\/https:\/\/x.com\/portalmfoficial\",\"https:\/\/www.youtube.com\/@portalmfoficial\"],\"url\":\"https:\/\/portalmf.com.br\/index.php\/author\/junior\/\"}]}<\/script>\n<!-- \/ Yoast SEO plugin. -->","yoast_head_json":{"title":"Cirurgia de face realizada no Hospital Cl\u00e9riston Andrade \u00e9 destaque em revista cient\u00edfica internacional - Portal MF","robots":{"index":"index","follow":"follow","max-snippet":"max-snippet:-1","max-image-preview":"max-image-preview:large","max-video-preview":"max-video-preview:-1"},"canonical":"https:\/\/portalmf.com.br\/index.php\/2022\/12\/12\/cirurgia-de-face-realizada-no-hospital-cleriston-andrade-e-destaque-em-revista-cientifica-internacional\/","og_locale":"pt_BR","og_type":"article","og_title":"Cirurgia de face realizada no Hospital Cl\u00e9riston Andrade \u00e9 destaque em revista cient\u00edfica internacional - Portal MF","og_description":"A hist\u00f3ria de um paciente, v\u00edtima de acidente de moto, com fratura de face, foi destaque na Revista Portuguesa de Estomatologia, Medicina Dent\u00e1ria e Cirurgia Maxilofacial. O artigo cient\u00edfico divulgado na revista internacional \u00e9 sobre um caso de Artroplastia Interposicional com Retalho do M\u00fasculo Temporal, cirurgia at\u00e9 ent\u00e3o in\u00e9dita no Hospital Geral Cl\u00e9riston Andrade (HGCA). [&hellip;]","og_url":"https:\/\/portalmf.com.br\/index.php\/2022\/12\/12\/cirurgia-de-face-realizada-no-hospital-cleriston-andrade-e-destaque-em-revista-cientifica-internacional\/","og_site_name":"Portal MF","article_author":"https:\/\/www.facebook.com\/portalmfoficial","article_published_time":"2022-12-12T20:09:00+00:00","article_modified_time":"2022-12-13T20:12:22+00:00","og_image":[{"width":768,"height":1024,"url":"https:\/\/portalmf.com.br\/wp-content\/uploads\/2022\/12\/indice.jpg","type":"image\/jpeg"}],"author":"Reda\u00e7\u00e3o Portal MF","twitter_card":"summary_large_image","twitter_creator":"@https:\/\/x.com\/portalmfoficial","twitter_misc":{"Escrito por":"Reda\u00e7\u00e3o Portal MF","Est. tempo de leitura":"3 minutos"},"schema":{"@context":"https:\/\/schema.org","@graph":[{"@type":"WebPage","@id":"https:\/\/portalmf.com.br\/index.php\/2022\/12\/12\/cirurgia-de-face-realizada-no-hospital-cleriston-andrade-e-destaque-em-revista-cientifica-internacional\/","url":"https:\/\/portalmf.com.br\/index.php\/2022\/12\/12\/cirurgia-de-face-realizada-no-hospital-cleriston-andrade-e-destaque-em-revista-cientifica-internacional\/","name":"Cirurgia de face realizada no Hospital Cl\u00e9riston Andrade \u00e9 destaque em revista cient\u00edfica internacional - Portal MF","isPartOf":{"@id":"https:\/\/portalmf.com.br\/#website"},"primaryImageOfPage":{"@id":"https:\/\/portalmf.com.br\/index.php\/2022\/12\/12\/cirurgia-de-face-realizada-no-hospital-cleriston-andrade-e-destaque-em-revista-cientifica-internacional\/#primaryimage"},"image":{"@id":"https:\/\/portalmf.com.br\/index.php\/2022\/12\/12\/cirurgia-de-face-realizada-no-hospital-cleriston-andrade-e-destaque-em-revista-cientifica-internacional\/#primaryimage"},"thumbnailUrl":"https:\/\/portalmf.com.br\/wp-content\/uploads\/2022\/12\/indice.jpg","datePublished":"2022-12-12T20:09:00+00:00","dateModified":"2022-12-13T20:12:22+00:00","author":{"@id":"https:\/\/portalmf.com.br\/#\/schema\/person\/9ec101baf56233e53520c26de5d6f6f0"},"breadcrumb":{"@id":"https:\/\/portalmf.com.br\/index.php\/2022\/12\/12\/cirurgia-de-face-realizada-no-hospital-cleriston-andrade-e-destaque-em-revista-cientifica-internacional\/#breadcrumb"},"inLanguage":"pt-BR","potentialAction":[{"@type":"ReadAction","target":["https:\/\/portalmf.com.br\/index.php\/2022\/12\/12\/cirurgia-de-face-realizada-no-hospital-cleriston-andrade-e-destaque-em-revista-cientifica-internacional\/"]}]},{"@type":"ImageObject","inLanguage":"pt-BR","@id":"https:\/\/portalmf.com.br\/index.php\/2022\/12\/12\/cirurgia-de-face-realizada-no-hospital-cleriston-andrade-e-destaque-em-revista-cientifica-internacional\/#primaryimage","url":"https:\/\/portalmf.com.br\/wp-content\/uploads\/2022\/12\/indice.jpg","contentUrl":"https:\/\/portalmf.com.br\/wp-content\/uploads\/2022\/12\/indice.jpg","width":768,"height":1024},{"@type":"BreadcrumbList","@id":"https:\/\/portalmf.com.br\/index.php\/2022\/12\/12\/cirurgia-de-face-realizada-no-hospital-cleriston-andrade-e-destaque-em-revista-cientifica-internacional\/#breadcrumb","itemListElement":[{"@type":"ListItem","position":1,"name":"In\u00edcio","item":"https:\/\/portalmf.com.br\/"},{"@type":"ListItem","position":2,"name":"Cirurgia de face realizada no Hospital Cl\u00e9riston Andrade \u00e9 destaque em revista cient\u00edfica internacional"}]},{"@type":"WebSite","@id":"https:\/\/portalmf.com.br\/#website","url":"https:\/\/portalmf.com.br\/","name":"Portal MF","description":"Voc\u00ea conectado com a informa\u00e7\u00e3o","potentialAction":[{"@type":"SearchAction","target":{"@type":"EntryPoint","urlTemplate":"https:\/\/portalmf.com.br\/?s={search_term_string}"},"query-input":"required name=search_term_string"}],"inLanguage":"pt-BR"},{"@type":"Person","@id":"https:\/\/portalmf.com.br\/#\/schema\/person\/9ec101baf56233e53520c26de5d6f6f0","name":"Reda\u00e7\u00e3o Portal MF","image":{"@type":"ImageObject","inLanguage":"pt-BR","@id":"https:\/\/portalmf.com.br\/#\/schema\/person\/image\/","url":"https:\/\/secure.gravatar.com\/avatar\/41b9aaeb2100835f7c64362330f74c7f?s=96&d=mm&r=g","contentUrl":"https:\/\/secure.gravatar.com\/avatar\/41b9aaeb2100835f7c64362330f74c7f?s=96&d=mm&r=g","caption":"Reda\u00e7\u00e3o Portal MF"},"description":"Sejam bem-vindos o portal de informa\u00e7\u00f5es de entretenimento de Feira de Santana, desde 2006 realiza coberturas dos principais eventos com entrevistas exclusivas com as principais personalidades mundiais. Fique conectado tamb\u00e9m nas redes sociais.","sameAs":["http:\/\/www.portalmf.com.br\/","https:\/\/www.facebook.com\/portalmfoficial","https:\/\/www.instagram.com\/portalmf\/","https:\/\/x.com\/https:\/\/x.com\/portalmfoficial","https:\/\/www.youtube.com\/@portalmfoficial"],"url":"https:\/\/portalmf.com.br\/index.php\/author\/junior\/"}]}},"_links":{"self":[{"href":"https:\/\/portalmf.com.br\/index.php\/wp-json\/wp\/v2\/posts\/6682"}],"collection":[{"href":"https:\/\/portalmf.com.br\/index.php\/wp-json\/wp\/v2\/posts"}],"about":[{"href":"https:\/\/portalmf.com.br\/index.php\/wp-json\/wp\/v2\/types\/post"}],"author":[{"embeddable":true,"href":"https:\/\/portalmf.com.br\/index.php\/wp-json\/wp\/v2\/users\/3"}],"replies":[{"embeddable":true,"href":"https:\/\/portalmf.com.br\/index.php\/wp-json\/wp\/v2\/comments?post=6682"}],"version-history":[{"count":1,"href":"https:\/\/portalmf.com.br\/index.php\/wp-json\/wp\/v2\/posts\/6682\/revisions"}],"predecessor-version":[{"id":6684,"href":"https:\/\/portalmf.com.br\/index.php\/wp-json\/wp\/v2\/posts\/6682\/revisions\/6684"}],"wp:featuredmedia":[{"embeddable":true,"href":"https:\/\/portalmf.com.br\/index.php\/wp-json\/wp\/v2\/media\/6683"}],"wp:attachment":[{"href":"https:\/\/portalmf.com.br\/index.php\/wp-json\/wp\/v2\/media?parent=6682"}],"wp:term":[{"taxonomy":"category","embeddable":true,"href":"https:\/\/portalmf.com.br\/index.php\/wp-json\/wp\/v2\/categories?post=6682"},{"taxonomy":"post_tag","embeddable":true,"href":"https:\/\/portalmf.com.br\/index.php\/wp-json\/wp\/v2\/tags?post=6682"}],"curies":[{"name":"wp","href":"https:\/\/api.w.org\/{rel}","templated":true}]}}