{"id":6679,"date":"2022-12-13T17:08:03","date_gmt":"2022-12-13T20:08:03","guid":{"rendered":"https:\/\/portalmf.com.br\/?p=6679"},"modified":"2022-12-13T17:08:03","modified_gmt":"2022-12-13T20:08:03","slug":"rede-alpha-fitness-inaugura-nova-unidade-na-federacao","status":"publish","type":"post","link":"https:\/\/portalmf.com.br\/index.php\/2022\/12\/13\/rede-alpha-fitness-inaugura-nova-unidade-na-federacao\/","title":{"rendered":"Rede Alpha Fitness inaugura nova unidade na Federa\u00e7\u00e3o"},"content":{"rendered":"\n<p>A Rede Alpha Fitness, principal rede de academias do Norte e Nordeste do pa\u00eds, n\u00e3o para! Acabou de ser inaugurada a 17\u00aa unidade, a Alpha Federa\u00e7\u00e3o. Na noite de ontem (segunda, 12 de dezembro), durante um coquetel para convidados, a nova unidade foi oficialmente apresentada. A nova unidade &#8211; localizada na Avenida Cardeal Silva, 747 &#8211; tem quase mil m2 e conta com equipamentos de muscula\u00e7\u00e3o de \u00faltima gera\u00e7\u00e3o, \u00e1rea de treinamento funcional, sala de gin\u00e1stica para diversas aulas, al\u00e9m de Alpha Express e Pilates. <\/p>\n\n\n\n<p>O espa\u00e7o \u00e9 100% climatizado, seguindo a padroniza\u00e7\u00e3o das unidades Alpha Fitness j\u00e1 em atividade. <\/p>\n\n\n\n<p><em>\u201cA Alpha Federa\u00e7\u00e3o est\u00e1 linda e traz uma estrutura muito moderna e confort\u00e1vel para atender \u00e0 demanda crescente desse bairro, um importante local de Salvador que ainda n\u00e3o contava com uma academia desse porte. A ades\u00e3o j\u00e1 tem sido grande e esperamos alcan\u00e7ar ainda mais alunos nessa nova unidade\u201d<\/em>, comenta Leandro Cardoso, CEO da Alpha Fitness.<\/p>\n\n\n\n<p>A Rede Alpha Fitness, que se consolidou no mercado como sin\u00f4nimo de bons servi\u00e7os e uma valiosa marca, j\u00e1 atende a Bahia (capital e interior com a unidade em Vit\u00f3ria da Conquista) e Sergipe; e se prepara para expans\u00e3o a outros estados do pa\u00eds, atrav\u00e9s de seu projeto de franquia.<\/p>\n","protected":false},"excerpt":{"rendered":"<p>A Rede Alpha Fitness, principal rede de academias do Norte e Nordeste do pa\u00eds, n\u00e3o para! Acabou de ser inaugurada a 17\u00aa unidade, a Alpha Federa\u00e7\u00e3o. Na noite de ontem (segunda, 12 de dezembro), durante um coquetel para convidados, a nova unidade foi oficialmente apresentada. A nova unidade &#8211; localizada na Avenida Cardeal Silva, 747 [&hellip;]<\/p>\n","protected":false},"author":3,"featured_media":6680,"comment_status":"open","ping_status":"open","sticky":false,"template":"","format":"standard","meta":{"_monsterinsights_skip_tracking":false,"_monsterinsights_sitenote_active":false,"_monsterinsights_sitenote_note":"","_monsterinsights_sitenote_category":0,"footnotes":""},"categories":[45,295],"tags":[],"yoast_head":"<!-- This site is optimized with the Yoast SEO plugin v22.9 - https:\/\/yoast.com\/wordpress\/plugins\/seo\/ -->\n<title>Rede Alpha Fitness inaugura nova unidade na Federa\u00e7\u00e3o - Portal MF<\/title>\n<meta name=\"robots\" content=\"index, follow, max-snippet:-1, max-image-preview:large, max-video-preview:-1\" \/>\n<link rel=\"canonical\" href=\"https:\/\/portalmf.com.br\/index.php\/2022\/12\/13\/rede-alpha-fitness-inaugura-nova-unidade-na-federacao\/\" \/>\n<meta property=\"og:locale\" content=\"pt_BR\" \/>\n<meta property=\"og:type\" content=\"article\" \/>\n<meta property=\"og:title\" content=\"Rede Alpha Fitness inaugura nova unidade na Federa\u00e7\u00e3o - Portal MF\" \/>\n<meta property=\"og:description\" content=\"A Rede Alpha Fitness, principal rede de academias do Norte e Nordeste do pa\u00eds, n\u00e3o para! Acabou de ser inaugurada a 17\u00aa unidade, a Alpha Federa\u00e7\u00e3o. Na noite de ontem (segunda, 12 de dezembro), durante um coquetel para convidados, a nova unidade foi oficialmente apresentada. A nova unidade &#8211; localizada na Avenida Cardeal Silva, 747 [&hellip;]\" \/>\n<meta property=\"og:url\" content=\"https:\/\/portalmf.com.br\/index.php\/2022\/12\/13\/rede-alpha-fitness-inaugura-nova-unidade-na-federacao\/\" \/>\n<meta property=\"og:site_name\" content=\"Portal MF\" \/>\n<meta property=\"article:author\" content=\"https:\/\/www.facebook.com\/portalmfoficial\" \/>\n<meta property=\"article:published_time\" content=\"2022-12-13T20:08:03+00:00\" \/>\n<meta property=\"og:image\" content=\"https:\/\/portalmf.com.br\/wp-content\/uploads\/2022\/12\/Inauguracao-Unidade-Alpha-Federacao_2.jpeg\" \/>\n\t<meta property=\"og:image:width\" content=\"1200\" \/>\n\t<meta property=\"og:image:height\" content=\"986\" \/>\n\t<meta property=\"og:image:type\" content=\"image\/jpeg\" \/>\n<meta name=\"author\" content=\"Reda\u00e7\u00e3o Portal MF\" \/>\n<meta name=\"twitter:card\" content=\"summary_large_image\" \/>\n<meta name=\"twitter:creator\" content=\"@https:\/\/x.com\/portalmfoficial\" \/>\n<meta name=\"twitter:label1\" content=\"Escrito por\" \/>\n\t<meta name=\"twitter:data1\" content=\"Reda\u00e7\u00e3o Portal MF\" \/>\n\t<meta name=\"twitter:label2\" content=\"Est. tempo de leitura\" \/>\n\t<meta name=\"twitter:data2\" content=\"2 minutos\" \/>\n<script type=\"application\/ld+json\" class=\"yoast-schema-graph\">{\"@context\":\"https:\/\/schema.org\",\"@graph\":[{\"@type\":\"WebPage\",\"@id\":\"https:\/\/portalmf.com.br\/index.php\/2022\/12\/13\/rede-alpha-fitness-inaugura-nova-unidade-na-federacao\/\",\"url\":\"https:\/\/portalmf.com.br\/index.php\/2022\/12\/13\/rede-alpha-fitness-inaugura-nova-unidade-na-federacao\/\",\"name\":\"Rede Alpha Fitness inaugura nova unidade na Federa\u00e7\u00e3o - Portal MF\",\"isPartOf\":{\"@id\":\"https:\/\/portalmf.com.br\/#website\"},\"primaryImageOfPage\":{\"@id\":\"https:\/\/portalmf.com.br\/index.php\/2022\/12\/13\/rede-alpha-fitness-inaugura-nova-unidade-na-federacao\/#primaryimage\"},\"image\":{\"@id\":\"https:\/\/portalmf.com.br\/index.php\/2022\/12\/13\/rede-alpha-fitness-inaugura-nova-unidade-na-federacao\/#primaryimage\"},\"thumbnailUrl\":\"https:\/\/portalmf.com.br\/wp-content\/uploads\/2022\/12\/Inauguracao-Unidade-Alpha-Federacao_2.jpeg\",\"datePublished\":\"2022-12-13T20:08:03+00:00\",\"dateModified\":\"2022-12-13T20:08:03+00:00\",\"author\":{\"@id\":\"https:\/\/portalmf.com.br\/#\/schema\/person\/9ec101baf56233e53520c26de5d6f6f0\"},\"breadcrumb\":{\"@id\":\"https:\/\/portalmf.com.br\/index.php\/2022\/12\/13\/rede-alpha-fitness-inaugura-nova-unidade-na-federacao\/#breadcrumb\"},\"inLanguage\":\"pt-BR\",\"potentialAction\":[{\"@type\":\"ReadAction\",\"target\":[\"https:\/\/portalmf.com.br\/index.php\/2022\/12\/13\/rede-alpha-fitness-inaugura-nova-unidade-na-federacao\/\"]}]},{\"@type\":\"ImageObject\",\"inLanguage\":\"pt-BR\",\"@id\":\"https:\/\/portalmf.com.br\/index.php\/2022\/12\/13\/rede-alpha-fitness-inaugura-nova-unidade-na-federacao\/#primaryimage\",\"url\":\"https:\/\/portalmf.com.br\/wp-content\/uploads\/2022\/12\/Inauguracao-Unidade-Alpha-Federacao_2.jpeg\",\"contentUrl\":\"https:\/\/portalmf.com.br\/wp-content\/uploads\/2022\/12\/Inauguracao-Unidade-Alpha-Federacao_2.jpeg\",\"width\":1200,\"height\":986},{\"@type\":\"BreadcrumbList\",\"@id\":\"https:\/\/portalmf.com.br\/index.php\/2022\/12\/13\/rede-alpha-fitness-inaugura-nova-unidade-na-federacao\/#breadcrumb\",\"itemListElement\":[{\"@type\":\"ListItem\",\"position\":1,\"name\":\"In\u00edcio\",\"item\":\"https:\/\/portalmf.com.br\/\"},{\"@type\":\"ListItem\",\"position\":2,\"name\":\"Rede Alpha Fitness inaugura nova unidade na Federa\u00e7\u00e3o\"}]},{\"@type\":\"WebSite\",\"@id\":\"https:\/\/portalmf.com.br\/#website\",\"url\":\"https:\/\/portalmf.com.br\/\",\"name\":\"Portal MF\",\"description\":\"Voc\u00ea conectado com a informa\u00e7\u00e3o\",\"potentialAction\":[{\"@type\":\"SearchAction\",\"target\":{\"@type\":\"EntryPoint\",\"urlTemplate\":\"https:\/\/portalmf.com.br\/?s={search_term_string}\"},\"query-input\":\"required name=search_term_string\"}],\"inLanguage\":\"pt-BR\"},{\"@type\":\"Person\",\"@id\":\"https:\/\/portalmf.com.br\/#\/schema\/person\/9ec101baf56233e53520c26de5d6f6f0\",\"name\":\"Reda\u00e7\u00e3o Portal MF\",\"image\":{\"@type\":\"ImageObject\",\"inLanguage\":\"pt-BR\",\"@id\":\"https:\/\/portalmf.com.br\/#\/schema\/person\/image\/\",\"url\":\"https:\/\/secure.gravatar.com\/avatar\/41b9aaeb2100835f7c64362330f74c7f?s=96&d=mm&r=g\",\"contentUrl\":\"https:\/\/secure.gravatar.com\/avatar\/41b9aaeb2100835f7c64362330f74c7f?s=96&d=mm&r=g\",\"caption\":\"Reda\u00e7\u00e3o Portal MF\"},\"description\":\"Sejam bem-vindos o portal de informa\u00e7\u00f5es de entretenimento de Feira de Santana, desde 2006 realiza coberturas dos principais eventos com entrevistas exclusivas com as principais personalidades mundiais. Fique conectado tamb\u00e9m nas redes sociais.\",\"sameAs\":[\"http:\/\/www.portalmf.com.br\/\",\"https:\/\/www.facebook.com\/portalmfoficial\",\"https:\/\/www.instagram.com\/portalmf\/\",\"https:\/\/x.com\/https:\/\/x.com\/portalmfoficial\",\"https:\/\/www.youtube.com\/@portalmfoficial\"],\"url\":\"https:\/\/portalmf.com.br\/index.php\/author\/junior\/\"}]}<\/script>\n<!-- \/ Yoast SEO plugin. -->","yoast_head_json":{"title":"Rede Alpha Fitness inaugura nova unidade na Federa\u00e7\u00e3o - Portal MF","robots":{"index":"index","follow":"follow","max-snippet":"max-snippet:-1","max-image-preview":"max-image-preview:large","max-video-preview":"max-video-preview:-1"},"canonical":"https:\/\/portalmf.com.br\/index.php\/2022\/12\/13\/rede-alpha-fitness-inaugura-nova-unidade-na-federacao\/","og_locale":"pt_BR","og_type":"article","og_title":"Rede Alpha Fitness inaugura nova unidade na Federa\u00e7\u00e3o - Portal MF","og_description":"A Rede Alpha Fitness, principal rede de academias do Norte e Nordeste do pa\u00eds, n\u00e3o para! Acabou de ser inaugurada a 17\u00aa unidade, a Alpha Federa\u00e7\u00e3o. Na noite de ontem (segunda, 12 de dezembro), durante um coquetel para convidados, a nova unidade foi oficialmente apresentada. A nova unidade &#8211; localizada na Avenida Cardeal Silva, 747 [&hellip;]","og_url":"https:\/\/portalmf.com.br\/index.php\/2022\/12\/13\/rede-alpha-fitness-inaugura-nova-unidade-na-federacao\/","og_site_name":"Portal MF","article_author":"https:\/\/www.facebook.com\/portalmfoficial","article_published_time":"2022-12-13T20:08:03+00:00","og_image":[{"width":1200,"height":986,"url":"https:\/\/portalmf.com.br\/wp-content\/uploads\/2022\/12\/Inauguracao-Unidade-Alpha-Federacao_2.jpeg","type":"image\/jpeg"}],"author":"Reda\u00e7\u00e3o Portal MF","twitter_card":"summary_large_image","twitter_creator":"@https:\/\/x.com\/portalmfoficial","twitter_misc":{"Escrito por":"Reda\u00e7\u00e3o Portal MF","Est. tempo de leitura":"2 minutos"},"schema":{"@context":"https:\/\/schema.org","@graph":[{"@type":"WebPage","@id":"https:\/\/portalmf.com.br\/index.php\/2022\/12\/13\/rede-alpha-fitness-inaugura-nova-unidade-na-federacao\/","url":"https:\/\/portalmf.com.br\/index.php\/2022\/12\/13\/rede-alpha-fitness-inaugura-nova-unidade-na-federacao\/","name":"Rede Alpha Fitness inaugura nova unidade na Federa\u00e7\u00e3o - Portal MF","isPartOf":{"@id":"https:\/\/portalmf.com.br\/#website"},"primaryImageOfPage":{"@id":"https:\/\/portalmf.com.br\/index.php\/2022\/12\/13\/rede-alpha-fitness-inaugura-nova-unidade-na-federacao\/#primaryimage"},"image":{"@id":"https:\/\/portalmf.com.br\/index.php\/2022\/12\/13\/rede-alpha-fitness-inaugura-nova-unidade-na-federacao\/#primaryimage"},"thumbnailUrl":"https:\/\/portalmf.com.br\/wp-content\/uploads\/2022\/12\/Inauguracao-Unidade-Alpha-Federacao_2.jpeg","datePublished":"2022-12-13T20:08:03+00:00","dateModified":"2022-12-13T20:08:03+00:00","author":{"@id":"https:\/\/portalmf.com.br\/#\/schema\/person\/9ec101baf56233e53520c26de5d6f6f0"},"breadcrumb":{"@id":"https:\/\/portalmf.com.br\/index.php\/2022\/12\/13\/rede-alpha-fitness-inaugura-nova-unidade-na-federacao\/#breadcrumb"},"inLanguage":"pt-BR","potentialAction":[{"@type":"ReadAction","target":["https:\/\/portalmf.com.br\/index.php\/2022\/12\/13\/rede-alpha-fitness-inaugura-nova-unidade-na-federacao\/"]}]},{"@type":"ImageObject","inLanguage":"pt-BR","@id":"https:\/\/portalmf.com.br\/index.php\/2022\/12\/13\/rede-alpha-fitness-inaugura-nova-unidade-na-federacao\/#primaryimage","url":"https:\/\/portalmf.com.br\/wp-content\/uploads\/2022\/12\/Inauguracao-Unidade-Alpha-Federacao_2.jpeg","contentUrl":"https:\/\/portalmf.com.br\/wp-content\/uploads\/2022\/12\/Inauguracao-Unidade-Alpha-Federacao_2.jpeg","width":1200,"height":986},{"@type":"BreadcrumbList","@id":"https:\/\/portalmf.com.br\/index.php\/2022\/12\/13\/rede-alpha-fitness-inaugura-nova-unidade-na-federacao\/#breadcrumb","itemListElement":[{"@type":"ListItem","position":1,"name":"In\u00edcio","item":"https:\/\/portalmf.com.br\/"},{"@type":"ListItem","position":2,"name":"Rede Alpha Fitness inaugura nova unidade na Federa\u00e7\u00e3o"}]},{"@type":"WebSite","@id":"https:\/\/portalmf.com.br\/#website","url":"https:\/\/portalmf.com.br\/","name":"Portal MF","description":"Voc\u00ea conectado com a informa\u00e7\u00e3o","potentialAction":[{"@type":"SearchAction","target":{"@type":"EntryPoint","urlTemplate":"https:\/\/portalmf.com.br\/?s={search_term_string}"},"query-input":"required name=search_term_string"}],"inLanguage":"pt-BR"},{"@type":"Person","@id":"https:\/\/portalmf.com.br\/#\/schema\/person\/9ec101baf56233e53520c26de5d6f6f0","name":"Reda\u00e7\u00e3o Portal MF","image":{"@type":"ImageObject","inLanguage":"pt-BR","@id":"https:\/\/portalmf.com.br\/#\/schema\/person\/image\/","url":"https:\/\/secure.gravatar.com\/avatar\/41b9aaeb2100835f7c64362330f74c7f?s=96&d=mm&r=g","contentUrl":"https:\/\/secure.gravatar.com\/avatar\/41b9aaeb2100835f7c64362330f74c7f?s=96&d=mm&r=g","caption":"Reda\u00e7\u00e3o Portal MF"},"description":"Sejam bem-vindos o portal de informa\u00e7\u00f5es de entretenimento de Feira de Santana, desde 2006 realiza coberturas dos principais eventos com entrevistas exclusivas com as principais personalidades mundiais. Fique conectado tamb\u00e9m nas redes sociais.","sameAs":["http:\/\/www.portalmf.com.br\/","https:\/\/www.facebook.com\/portalmfoficial","https:\/\/www.instagram.com\/portalmf\/","https:\/\/x.com\/https:\/\/x.com\/portalmfoficial","https:\/\/www.youtube.com\/@portalmfoficial"],"url":"https:\/\/portalmf.com.br\/index.php\/author\/junior\/"}]}},"_links":{"self":[{"href":"https:\/\/portalmf.com.br\/index.php\/wp-json\/wp\/v2\/posts\/6679"}],"collection":[{"href":"https:\/\/portalmf.com.br\/index.php\/wp-json\/wp\/v2\/posts"}],"about":[{"href":"https:\/\/portalmf.com.br\/index.php\/wp-json\/wp\/v2\/types\/post"}],"author":[{"embeddable":true,"href":"https:\/\/portalmf.com.br\/index.php\/wp-json\/wp\/v2\/users\/3"}],"replies":[{"embeddable":true,"href":"https:\/\/portalmf.com.br\/index.php\/wp-json\/wp\/v2\/comments?post=6679"}],"version-history":[{"count":1,"href":"https:\/\/portalmf.com.br\/index.php\/wp-json\/wp\/v2\/posts\/6679\/revisions"}],"predecessor-version":[{"id":6681,"href":"https:\/\/portalmf.com.br\/index.php\/wp-json\/wp\/v2\/posts\/6679\/revisions\/6681"}],"wp:featuredmedia":[{"embeddable":true,"href":"https:\/\/portalmf.com.br\/index.php\/wp-json\/wp\/v2\/media\/6680"}],"wp:attachment":[{"href":"https:\/\/portalmf.com.br\/index.php\/wp-json\/wp\/v2\/media?parent=6679"}],"wp:term":[{"taxonomy":"category","embeddable":true,"href":"https:\/\/portalmf.com.br\/index.php\/wp-json\/wp\/v2\/categories?post=6679"},{"taxonomy":"post_tag","embeddable":true,"href":"https:\/\/portalmf.com.br\/index.php\/wp-json\/wp\/v2\/tags?post=6679"}],"curies":[{"name":"wp","href":"https:\/\/api.w.org\/{rel}","templated":true}]}}