{"id":6529,"date":"2022-12-08T15:56:19","date_gmt":"2022-12-08T18:56:19","guid":{"rendered":"https:\/\/portalmf.com.br\/?p=6529"},"modified":"2022-12-08T15:56:20","modified_gmt":"2022-12-08T18:56:20","slug":"marca-tempt-lanca-nova-colecao-e-inova-no-modelo-de-negocio-se-tornando-pioneira-no-compact-shop","status":"publish","type":"post","link":"https:\/\/portalmf.com.br\/index.php\/2022\/12\/08\/marca-tempt-lanca-nova-colecao-e-inova-no-modelo-de-negocio-se-tornando-pioneira-no-compact-shop\/","title":{"rendered":"Marca Tempt lan\u00e7a nova cole\u00e7\u00e3o e inova no modelo de neg\u00f3cio, se tornando pioneira no Compact Shop"},"content":{"rendered":"\n<p>Com 13 anos de exist\u00eancia no mercado, a marca baiana Tempt \u2013 que sempre foi sin\u00f4nimo de inova\u00e7\u00e3o &#8211; veio se preparando durante 2022 para um rebranding. O lan\u00e7amento desse novo modelo de neg\u00f3cio aconteceu na noite desta quarta-feira, dia 07 de dezembro, no Shopping Paseo, onde fica localizada a loja f\u00edsica da marca, com um desfile que marcou tamb\u00e9m o lan\u00e7amento da nova cole\u00e7\u00e3o. Na ocasi\u00e3o, participaram do coquetel a imprensa, parceiros, amigos e convidados.<\/p>\n\n\n\n<p>A aposta da Tempt \u00e9 no modelo de neg\u00f3cio \u201cCompact Shop\u201d, que une pioneirismo e inova\u00e7\u00e3o. Para implementar esse novo modelo, foi feito um compilado de ideias, associado \u00e0 muita pesquisa de mercado, at\u00e9 chegar ao ponto que os s\u00f3cios da marca desejavam, que \u00e9 uma loja compacta, com produtos de qualidade, bem ambientada e tecnol\u00f3gica. \u201cO Compact Shop \u00e9 um formato um tanto quanto inovador, que concebemos e planejamos no \u00faltimo trimestre de 2021 e agora, em 2022, estamos colocando em pr\u00e1tica. Ser o pioneiro n\u00e3o \u00e9 f\u00e1cil, justamente pela falta de refer\u00eancias, mas n\u00f3s fomos em busca do entendimento necess\u00e1rio para colocar tudo em funcionamento\u201d, explica Maur\u00edcio de Andrade, s\u00f3cio e CEO da Tempt.<\/p>\n\n\n\n<p>Esse novo conceito de Compact Shop promoveu uma reestrutura\u00e7\u00e3o da empresa. Isso envolveu uma nova composi\u00e7\u00e3o de organograma, reforma na loja f\u00edsica &#8211; que contou com o projeto da arquiteta, Pat Vieira &#8211; e um rebranding, que al\u00e9m das pe\u00e7as despojadas, agora possui pe\u00e7as mais sofisticadas, se tornando o grande diferencial da marca em n\u00edvel de produtos; al\u00e9m da reorganiza\u00e7\u00e3o no e-commerce e redes sociais. Ao inv\u00e9s de criar submarcas, ou se tornar uma grande loja de roupas com diversos departamentos, foi feito um planejamento para fortalecer a marca Tempt e trabalhar com grupos de linhas de produtos. Hoje, existem tr\u00eas grupos de linha: o Alma Boa, o Vida Leve e o Conectar. A loja f\u00edsica, o e-commerce e as redes sociais j\u00e1 est\u00e3o estruturadas para o compact shop. O cliente j\u00e1 consegue perceber a diferen\u00e7a entre os tr\u00eas ambientes de cada grupo de linha, com comunica\u00e7\u00e3o visual pr\u00f3pria para cada um deles, mas que juntos, criam uma \u00fanica identidade visual da Tempt, fortalencendo a marca. \u201cO grande objetivo \u00e9 continuar oferecendo pe\u00e7as de qualidade, num portf\u00f3lio que permite o full look (se vestir por completo com a marca), comunicar de forma segmentada, permitindo maior entendimento por parte dos nossos clientes e trabalhar com o phygital (unindo o f\u00edsico com o digital)\u201d, completa Maur\u00edcio.<\/p>\n\n\n\n<p>Al\u00e9m de divulgar o novo modelo de neg\u00f3cio da empresa, tamb\u00e9m foi realizado, na ocasi\u00e3o, um desfile para apresentar 10 produtos da nova cole\u00e7\u00e3o \u201c\u00c1guas\u201d, que ser\u00e1 trabalhada atrav\u00e9s de pequenos lan\u00e7amentos ao longo do alto ver\u00e3o (dez-22 e jan-23). Criada por Jeferson Ribeiro, respons\u00e1vel pelo desenvolvimento de produtos da Tempt, a nova cole\u00e7\u00e3o traz pe\u00e7as inspiradas pelo movimento e fluidez das \u00e1guas. O mote criativo se d\u00e1 para mostrar as mudan\u00e7as e inova\u00e7\u00f5es que est\u00e3o acontecendo no conceito da marca. A nova cole\u00e7\u00e3o traz pitadas do ver\u00e3o baiano, com sofistica\u00e7\u00e3o e bom gosto, ao mesmo tempo falando de entusiasmo, de bons pensamentos e de boas energias. Nos tecidos, desfilam um algod\u00e3o peruano especial, chamado &#8220;pima&#8221; e considerado o melhor do mundo, com a sua textura suave e confort\u00e1vel. \u201cTrabalhamos com estampas e cores vivas, com elementos que marcam a mem\u00f3ria afetiva, l\u00e1 dos anos 80 (visto que nosso p\u00fablico tem idade m\u00e9dia de 45 anos e os jovens que nos acompanham, se familiarizam com a \u00e9poca), como as estampas de hibiscos e surfwear. Essa Cole\u00e7\u00e3o \u00c1guas, dialoga com a nossa adolenc\u00eancia, com aquela ida \u00e0 praia de Jaguaribe, um passeio por Itapu\u00e3, uma reuni\u00e3o com os amigos para tocar viol\u00e3o. Ela fala sobre uni\u00e3o, sobre conectar pessoas felizes, de alma boa e vida leve!\u201d, explica o estilista.<\/p>\n\n\n\n<p>A cole\u00e7\u00e3o \u201c\u00c1guas\u201d j\u00e1 est\u00e1 dispon\u00edvel na loja f\u00edsica e no e-commerce da Tempt, no site\u00a0<a href=\"http:\/\/www.tempt.com.br\/?fbclid=IwAR3GdzUXmPRm3RIfgaMzmD_6C3o3KxiAbYoyaT8cixm_Vd_8Sb7oOx9YP7E\" target=\"_blank\" rel=\"noreferrer noopener\">www.tempt.com.br<\/a>.<\/p>\n\n\n\n<figure class=\"wp-block-gallery has-nested-images columns-default is-cropped wp-block-gallery-1 is-layout-flex wp-block-gallery-is-layout-flex\">\n<figure class=\"wp-block-image size-large\"><img fetchpriority=\"high\" decoding=\"async\" width=\"666\" height=\"1000\" data-id=\"6530\" src=\"https:\/\/portalmf.com.br\/wp-content\/uploads\/2022\/12\/A-nova-colecao-da-Tempt-ja-esta-na-loja.jpg\" alt=\"\" class=\"wp-image-6530\" srcset=\"https:\/\/portalmf.com.br\/wp-content\/uploads\/2022\/12\/A-nova-colecao-da-Tempt-ja-esta-na-loja.jpg 666w, https:\/\/portalmf.com.br\/wp-content\/uploads\/2022\/12\/A-nova-colecao-da-Tempt-ja-esta-na-loja-200x300.jpg 200w, https:\/\/portalmf.com.br\/wp-content\/uploads\/2022\/12\/A-nova-colecao-da-Tempt-ja-esta-na-loja-585x878.jpg 585w\" sizes=\"(max-width: 666px) 100vw, 666px\" \/><\/figure>\n\n\n\n<figure class=\"wp-block-image size-large\"><img decoding=\"async\" width=\"1024\" height=\"683\" data-id=\"6535\" src=\"https:\/\/portalmf.com.br\/wp-content\/uploads\/2022\/12\/A-Tempt-apresentou-pecas-da-nova-colecao-Aguas-1024x683.jpg\" alt=\"\" class=\"wp-image-6535\" srcset=\"https:\/\/portalmf.com.br\/wp-content\/uploads\/2022\/12\/A-Tempt-apresentou-pecas-da-nova-colecao-Aguas-1024x683.jpg 1024w, https:\/\/portalmf.com.br\/wp-content\/uploads\/2022\/12\/A-Tempt-apresentou-pecas-da-nova-colecao-Aguas-300x200.jpg 300w, https:\/\/portalmf.com.br\/wp-content\/uploads\/2022\/12\/A-Tempt-apresentou-pecas-da-nova-colecao-Aguas-768x512.jpg 768w, https:\/\/portalmf.com.br\/wp-content\/uploads\/2022\/12\/A-Tempt-apresentou-pecas-da-nova-colecao-Aguas-1170x780.jpg 1170w, https:\/\/portalmf.com.br\/wp-content\/uploads\/2022\/12\/A-Tempt-apresentou-pecas-da-nova-colecao-Aguas-585x390.jpg 585w, https:\/\/portalmf.com.br\/wp-content\/uploads\/2022\/12\/A-Tempt-apresentou-pecas-da-nova-colecao-Aguas-263x175.jpg 263w, https:\/\/portalmf.com.br\/wp-content\/uploads\/2022\/12\/A-Tempt-apresentou-pecas-da-nova-colecao-Aguas.jpg 1200w\" sizes=\"(max-width: 1024px) 100vw, 1024px\" \/><\/figure>\n\n\n\n<figure class=\"wp-block-image size-large\"><img decoding=\"async\" width=\"666\" height=\"1000\" data-id=\"6532\" src=\"https:\/\/portalmf.com.br\/wp-content\/uploads\/2022\/12\/A-Tempt-completou-13-anos-no-mercado-e-e-uma-marca-baiana.jpg\" alt=\"\" class=\"wp-image-6532\" srcset=\"https:\/\/portalmf.com.br\/wp-content\/uploads\/2022\/12\/A-Tempt-completou-13-anos-no-mercado-e-e-uma-marca-baiana.jpg 666w, https:\/\/portalmf.com.br\/wp-content\/uploads\/2022\/12\/A-Tempt-completou-13-anos-no-mercado-e-e-uma-marca-baiana-200x300.jpg 200w, https:\/\/portalmf.com.br\/wp-content\/uploads\/2022\/12\/A-Tempt-completou-13-anos-no-mercado-e-e-uma-marca-baiana-585x878.jpg 585w\" sizes=\"(max-width: 666px) 100vw, 666px\" \/><\/figure>\n\n\n\n<figure class=\"wp-block-image size-large\"><img loading=\"lazy\" decoding=\"async\" width=\"534\" height=\"1024\" data-id=\"6531\" src=\"https:\/\/portalmf.com.br\/wp-content\/uploads\/2022\/12\/Gustavo-Moraes-esquerda-Ricardo-Martins-centro-e-Mauricio-de-Andrade-direita-sao-os-socios-da-Tempt-534x1024.jpg\" alt=\"\" class=\"wp-image-6531\" srcset=\"https:\/\/portalmf.com.br\/wp-content\/uploads\/2022\/12\/Gustavo-Moraes-esquerda-Ricardo-Martins-centro-e-Mauricio-de-Andrade-direita-sao-os-socios-da-Tempt-534x1024.jpg 534w, https:\/\/portalmf.com.br\/wp-content\/uploads\/2022\/12\/Gustavo-Moraes-esquerda-Ricardo-Martins-centro-e-Mauricio-de-Andrade-direita-sao-os-socios-da-Tempt-156x300.jpg 156w, https:\/\/portalmf.com.br\/wp-content\/uploads\/2022\/12\/Gustavo-Moraes-esquerda-Ricardo-Martins-centro-e-Mauricio-de-Andrade-direita-sao-os-socios-da-Tempt-585x1121.jpg 585w, https:\/\/portalmf.com.br\/wp-content\/uploads\/2022\/12\/Gustavo-Moraes-esquerda-Ricardo-Martins-centro-e-Mauricio-de-Andrade-direita-sao-os-socios-da-Tempt.jpg 614w\" sizes=\"(max-width: 534px) 100vw, 534px\" \/><\/figure>\n\n\n\n<figure class=\"wp-block-image size-large\"><img loading=\"lazy\" decoding=\"async\" width=\"683\" height=\"1024\" data-id=\"6533\" src=\"https:\/\/portalmf.com.br\/wp-content\/uploads\/2022\/12\/Igor-Paes-desfilou-alguns-looks-da-nova-colecao-683x1024.jpg\" alt=\"\" class=\"wp-image-6533\" srcset=\"https:\/\/portalmf.com.br\/wp-content\/uploads\/2022\/12\/Igor-Paes-desfilou-alguns-looks-da-nova-colecao-683x1024.jpg 683w, https:\/\/portalmf.com.br\/wp-content\/uploads\/2022\/12\/Igor-Paes-desfilou-alguns-looks-da-nova-colecao-200x300.jpg 200w, https:\/\/portalmf.com.br\/wp-content\/uploads\/2022\/12\/Igor-Paes-desfilou-alguns-looks-da-nova-colecao-768x1152.jpg 768w, https:\/\/portalmf.com.br\/wp-content\/uploads\/2022\/12\/Igor-Paes-desfilou-alguns-looks-da-nova-colecao-585x878.jpg 585w, https:\/\/portalmf.com.br\/wp-content\/uploads\/2022\/12\/Igor-Paes-desfilou-alguns-looks-da-nova-colecao.jpg 1000w\" sizes=\"(max-width: 683px) 100vw, 683px\" \/><\/figure>\n\n\n\n<figure class=\"wp-block-image size-large\"><img loading=\"lazy\" decoding=\"async\" width=\"666\" height=\"1000\" data-id=\"6534\" src=\"https:\/\/portalmf.com.br\/wp-content\/uploads\/2022\/12\/Tempt-lancou-nova-colecao-com-desfile-e-coquetel.jpg\" alt=\"\" class=\"wp-image-6534\" srcset=\"https:\/\/portalmf.com.br\/wp-content\/uploads\/2022\/12\/Tempt-lancou-nova-colecao-com-desfile-e-coquetel.jpg 666w, https:\/\/portalmf.com.br\/wp-content\/uploads\/2022\/12\/Tempt-lancou-nova-colecao-com-desfile-e-coquetel-200x300.jpg 200w, https:\/\/portalmf.com.br\/wp-content\/uploads\/2022\/12\/Tempt-lancou-nova-colecao-com-desfile-e-coquetel-585x878.jpg 585w\" sizes=\"(max-width: 666px) 100vw, 666px\" \/><\/figure>\n<\/figure>\n","protected":false},"excerpt":{"rendered":"<p>Com 13 anos de exist\u00eancia no mercado, a marca baiana Tempt \u2013 que sempre foi sin\u00f4nimo de inova\u00e7\u00e3o &#8211; veio se preparando durante 2022 para um rebranding. O lan\u00e7amento desse novo modelo de neg\u00f3cio aconteceu na noite desta quarta-feira, dia 07 de dezembro, no Shopping Paseo, onde fica localizada a loja f\u00edsica da marca, com [&hellip;]<\/p>\n","protected":false},"author":2,"featured_media":6535,"comment_status":"open","ping_status":"open","sticky":false,"template":"","format":"standard","meta":{"_monsterinsights_skip_tracking":false,"_monsterinsights_sitenote_active":false,"_monsterinsights_sitenote_note":"","_monsterinsights_sitenote_category":0,"footnotes":""},"categories":[295],"tags":[],"yoast_head":"<!-- This site is optimized with the Yoast SEO plugin v22.9 - https:\/\/yoast.com\/wordpress\/plugins\/seo\/ -->\n<title>Marca Tempt lan\u00e7a nova cole\u00e7\u00e3o e inova no modelo de neg\u00f3cio, se tornando pioneira no Compact Shop - Portal MF<\/title>\n<meta name=\"robots\" content=\"index, follow, max-snippet:-1, max-image-preview:large, max-video-preview:-1\" \/>\n<link rel=\"canonical\" href=\"https:\/\/portalmf.com.br\/index.php\/2022\/12\/08\/marca-tempt-lanca-nova-colecao-e-inova-no-modelo-de-negocio-se-tornando-pioneira-no-compact-shop\/\" \/>\n<meta property=\"og:locale\" content=\"pt_BR\" \/>\n<meta property=\"og:type\" content=\"article\" \/>\n<meta property=\"og:title\" content=\"Marca Tempt lan\u00e7a nova cole\u00e7\u00e3o e inova no modelo de neg\u00f3cio, se tornando pioneira no Compact Shop - Portal MF\" \/>\n<meta property=\"og:description\" content=\"Com 13 anos de exist\u00eancia no mercado, a marca baiana Tempt \u2013 que sempre foi sin\u00f4nimo de inova\u00e7\u00e3o &#8211; veio se preparando durante 2022 para um rebranding. O lan\u00e7amento desse novo modelo de neg\u00f3cio aconteceu na noite desta quarta-feira, dia 07 de dezembro, no Shopping Paseo, onde fica localizada a loja f\u00edsica da marca, com [&hellip;]\" \/>\n<meta property=\"og:url\" content=\"https:\/\/portalmf.com.br\/index.php\/2022\/12\/08\/marca-tempt-lanca-nova-colecao-e-inova-no-modelo-de-negocio-se-tornando-pioneira-no-compact-shop\/\" \/>\n<meta property=\"og:site_name\" content=\"Portal MF\" \/>\n<meta property=\"article:author\" content=\"reginaldojrfsa\" \/>\n<meta property=\"article:published_time\" content=\"2022-12-08T18:56:19+00:00\" \/>\n<meta property=\"article:modified_time\" content=\"2022-12-08T18:56:20+00:00\" \/>\n<meta property=\"og:image\" content=\"https:\/\/portalmf.com.br\/wp-content\/uploads\/2022\/12\/A-Tempt-apresentou-pecas-da-nova-colecao-Aguas.jpg\" \/>\n\t<meta property=\"og:image:width\" content=\"1200\" \/>\n\t<meta property=\"og:image:height\" content=\"800\" \/>\n\t<meta property=\"og:image:type\" content=\"image\/jpeg\" \/>\n<meta name=\"author\" content=\"Reginaldo J\u00fanior\" \/>\n<meta name=\"twitter:card\" content=\"summary_large_image\" \/>\n<meta name=\"twitter:creator\" content=\"@reginaldojrmf\" \/>\n<meta name=\"twitter:label1\" content=\"Escrito por\" \/>\n\t<meta name=\"twitter:data1\" content=\"Reginaldo J\u00fanior\" \/>\n\t<meta name=\"twitter:label2\" content=\"Est. tempo de leitura\" \/>\n\t<meta name=\"twitter:data2\" content=\"5 minutos\" \/>\n<script type=\"application\/ld+json\" class=\"yoast-schema-graph\">{\"@context\":\"https:\/\/schema.org\",\"@graph\":[{\"@type\":\"WebPage\",\"@id\":\"https:\/\/portalmf.com.br\/index.php\/2022\/12\/08\/marca-tempt-lanca-nova-colecao-e-inova-no-modelo-de-negocio-se-tornando-pioneira-no-compact-shop\/\",\"url\":\"https:\/\/portalmf.com.br\/index.php\/2022\/12\/08\/marca-tempt-lanca-nova-colecao-e-inova-no-modelo-de-negocio-se-tornando-pioneira-no-compact-shop\/\",\"name\":\"Marca Tempt lan\u00e7a nova cole\u00e7\u00e3o e inova no modelo de neg\u00f3cio, se tornando pioneira no Compact Shop - Portal MF\",\"isPartOf\":{\"@id\":\"https:\/\/portalmf.com.br\/#website\"},\"primaryImageOfPage\":{\"@id\":\"https:\/\/portalmf.com.br\/index.php\/2022\/12\/08\/marca-tempt-lanca-nova-colecao-e-inova-no-modelo-de-negocio-se-tornando-pioneira-no-compact-shop\/#primaryimage\"},\"image\":{\"@id\":\"https:\/\/portalmf.com.br\/index.php\/2022\/12\/08\/marca-tempt-lanca-nova-colecao-e-inova-no-modelo-de-negocio-se-tornando-pioneira-no-compact-shop\/#primaryimage\"},\"thumbnailUrl\":\"https:\/\/portalmf.com.br\/wp-content\/uploads\/2022\/12\/A-Tempt-apresentou-pecas-da-nova-colecao-Aguas.jpg\",\"datePublished\":\"2022-12-08T18:56:19+00:00\",\"dateModified\":\"2022-12-08T18:56:20+00:00\",\"author\":{\"@id\":\"https:\/\/portalmf.com.br\/#\/schema\/person\/11c82086fe8abc05a19147e964587285\"},\"breadcrumb\":{\"@id\":\"https:\/\/portalmf.com.br\/index.php\/2022\/12\/08\/marca-tempt-lanca-nova-colecao-e-inova-no-modelo-de-negocio-se-tornando-pioneira-no-compact-shop\/#breadcrumb\"},\"inLanguage\":\"pt-BR\",\"potentialAction\":[{\"@type\":\"ReadAction\",\"target\":[\"https:\/\/portalmf.com.br\/index.php\/2022\/12\/08\/marca-tempt-lanca-nova-colecao-e-inova-no-modelo-de-negocio-se-tornando-pioneira-no-compact-shop\/\"]}]},{\"@type\":\"ImageObject\",\"inLanguage\":\"pt-BR\",\"@id\":\"https:\/\/portalmf.com.br\/index.php\/2022\/12\/08\/marca-tempt-lanca-nova-colecao-e-inova-no-modelo-de-negocio-se-tornando-pioneira-no-compact-shop\/#primaryimage\",\"url\":\"https:\/\/portalmf.com.br\/wp-content\/uploads\/2022\/12\/A-Tempt-apresentou-pecas-da-nova-colecao-Aguas.jpg\",\"contentUrl\":\"https:\/\/portalmf.com.br\/wp-content\/uploads\/2022\/12\/A-Tempt-apresentou-pecas-da-nova-colecao-Aguas.jpg\",\"width\":1200,\"height\":800},{\"@type\":\"BreadcrumbList\",\"@id\":\"https:\/\/portalmf.com.br\/index.php\/2022\/12\/08\/marca-tempt-lanca-nova-colecao-e-inova-no-modelo-de-negocio-se-tornando-pioneira-no-compact-shop\/#breadcrumb\",\"itemListElement\":[{\"@type\":\"ListItem\",\"position\":1,\"name\":\"In\u00edcio\",\"item\":\"https:\/\/portalmf.com.br\/\"},{\"@type\":\"ListItem\",\"position\":2,\"name\":\"Marca Tempt lan\u00e7a nova cole\u00e7\u00e3o e inova no modelo de neg\u00f3cio, se tornando pioneira no Compact Shop\"}]},{\"@type\":\"WebSite\",\"@id\":\"https:\/\/portalmf.com.br\/#website\",\"url\":\"https:\/\/portalmf.com.br\/\",\"name\":\"Portal MF\",\"description\":\"Voc\u00ea conectado com a informa\u00e7\u00e3o\",\"potentialAction\":[{\"@type\":\"SearchAction\",\"target\":{\"@type\":\"EntryPoint\",\"urlTemplate\":\"https:\/\/portalmf.com.br\/?s={search_term_string}\"},\"query-input\":\"required name=search_term_string\"}],\"inLanguage\":\"pt-BR\"},{\"@type\":\"Person\",\"@id\":\"https:\/\/portalmf.com.br\/#\/schema\/person\/11c82086fe8abc05a19147e964587285\",\"name\":\"Reginaldo J\u00fanior\",\"image\":{\"@type\":\"ImageObject\",\"inLanguage\":\"pt-BR\",\"@id\":\"https:\/\/portalmf.com.br\/#\/schema\/person\/image\/\",\"url\":\"https:\/\/secure.gravatar.com\/avatar\/32a3c797cd0ac47cc53b8644c62776f9?s=96&d=mm&r=g\",\"contentUrl\":\"https:\/\/secure.gravatar.com\/avatar\/32a3c797cd0ac47cc53b8644c62776f9?s=96&d=mm&r=g\",\"caption\":\"Reginaldo J\u00fanior\"},\"description\":\"Jornalista e idealizador Portal MF\",\"sameAs\":[\"https:\/\/portalmf.com.br\/index.php\/author\/reginaldojr\/\",\"reginaldojrfsa\",\"reginaldojuniormf\",\"https:\/\/x.com\/reginaldojrmf\"],\"url\":\"https:\/\/portalmf.com.br\/index.php\/author\/reginaldojr\/\"}]}<\/script>\n<!-- \/ Yoast SEO plugin. -->","yoast_head_json":{"title":"Marca Tempt lan\u00e7a nova cole\u00e7\u00e3o e inova no modelo de neg\u00f3cio, se tornando pioneira no Compact Shop - Portal MF","robots":{"index":"index","follow":"follow","max-snippet":"max-snippet:-1","max-image-preview":"max-image-preview:large","max-video-preview":"max-video-preview:-1"},"canonical":"https:\/\/portalmf.com.br\/index.php\/2022\/12\/08\/marca-tempt-lanca-nova-colecao-e-inova-no-modelo-de-negocio-se-tornando-pioneira-no-compact-shop\/","og_locale":"pt_BR","og_type":"article","og_title":"Marca Tempt lan\u00e7a nova cole\u00e7\u00e3o e inova no modelo de neg\u00f3cio, se tornando pioneira no Compact Shop - Portal MF","og_description":"Com 13 anos de exist\u00eancia no mercado, a marca baiana Tempt \u2013 que sempre foi sin\u00f4nimo de inova\u00e7\u00e3o &#8211; veio se preparando durante 2022 para um rebranding. O lan\u00e7amento desse novo modelo de neg\u00f3cio aconteceu na noite desta quarta-feira, dia 07 de dezembro, no Shopping Paseo, onde fica localizada a loja f\u00edsica da marca, com [&hellip;]","og_url":"https:\/\/portalmf.com.br\/index.php\/2022\/12\/08\/marca-tempt-lanca-nova-colecao-e-inova-no-modelo-de-negocio-se-tornando-pioneira-no-compact-shop\/","og_site_name":"Portal MF","article_author":"reginaldojrfsa","article_published_time":"2022-12-08T18:56:19+00:00","article_modified_time":"2022-12-08T18:56:20+00:00","og_image":[{"width":1200,"height":800,"url":"https:\/\/portalmf.com.br\/wp-content\/uploads\/2022\/12\/A-Tempt-apresentou-pecas-da-nova-colecao-Aguas.jpg","type":"image\/jpeg"}],"author":"Reginaldo J\u00fanior","twitter_card":"summary_large_image","twitter_creator":"@reginaldojrmf","twitter_misc":{"Escrito por":"Reginaldo J\u00fanior","Est. tempo de leitura":"5 minutos"},"schema":{"@context":"https:\/\/schema.org","@graph":[{"@type":"WebPage","@id":"https:\/\/portalmf.com.br\/index.php\/2022\/12\/08\/marca-tempt-lanca-nova-colecao-e-inova-no-modelo-de-negocio-se-tornando-pioneira-no-compact-shop\/","url":"https:\/\/portalmf.com.br\/index.php\/2022\/12\/08\/marca-tempt-lanca-nova-colecao-e-inova-no-modelo-de-negocio-se-tornando-pioneira-no-compact-shop\/","name":"Marca Tempt lan\u00e7a nova cole\u00e7\u00e3o e inova no modelo de neg\u00f3cio, se tornando pioneira no Compact Shop - Portal MF","isPartOf":{"@id":"https:\/\/portalmf.com.br\/#website"},"primaryImageOfPage":{"@id":"https:\/\/portalmf.com.br\/index.php\/2022\/12\/08\/marca-tempt-lanca-nova-colecao-e-inova-no-modelo-de-negocio-se-tornando-pioneira-no-compact-shop\/#primaryimage"},"image":{"@id":"https:\/\/portalmf.com.br\/index.php\/2022\/12\/08\/marca-tempt-lanca-nova-colecao-e-inova-no-modelo-de-negocio-se-tornando-pioneira-no-compact-shop\/#primaryimage"},"thumbnailUrl":"https:\/\/portalmf.com.br\/wp-content\/uploads\/2022\/12\/A-Tempt-apresentou-pecas-da-nova-colecao-Aguas.jpg","datePublished":"2022-12-08T18:56:19+00:00","dateModified":"2022-12-08T18:56:20+00:00","author":{"@id":"https:\/\/portalmf.com.br\/#\/schema\/person\/11c82086fe8abc05a19147e964587285"},"breadcrumb":{"@id":"https:\/\/portalmf.com.br\/index.php\/2022\/12\/08\/marca-tempt-lanca-nova-colecao-e-inova-no-modelo-de-negocio-se-tornando-pioneira-no-compact-shop\/#breadcrumb"},"inLanguage":"pt-BR","potentialAction":[{"@type":"ReadAction","target":["https:\/\/portalmf.com.br\/index.php\/2022\/12\/08\/marca-tempt-lanca-nova-colecao-e-inova-no-modelo-de-negocio-se-tornando-pioneira-no-compact-shop\/"]}]},{"@type":"ImageObject","inLanguage":"pt-BR","@id":"https:\/\/portalmf.com.br\/index.php\/2022\/12\/08\/marca-tempt-lanca-nova-colecao-e-inova-no-modelo-de-negocio-se-tornando-pioneira-no-compact-shop\/#primaryimage","url":"https:\/\/portalmf.com.br\/wp-content\/uploads\/2022\/12\/A-Tempt-apresentou-pecas-da-nova-colecao-Aguas.jpg","contentUrl":"https:\/\/portalmf.com.br\/wp-content\/uploads\/2022\/12\/A-Tempt-apresentou-pecas-da-nova-colecao-Aguas.jpg","width":1200,"height":800},{"@type":"BreadcrumbList","@id":"https:\/\/portalmf.com.br\/index.php\/2022\/12\/08\/marca-tempt-lanca-nova-colecao-e-inova-no-modelo-de-negocio-se-tornando-pioneira-no-compact-shop\/#breadcrumb","itemListElement":[{"@type":"ListItem","position":1,"name":"In\u00edcio","item":"https:\/\/portalmf.com.br\/"},{"@type":"ListItem","position":2,"name":"Marca Tempt lan\u00e7a nova cole\u00e7\u00e3o e inova no modelo de neg\u00f3cio, se tornando pioneira no Compact Shop"}]},{"@type":"WebSite","@id":"https:\/\/portalmf.com.br\/#website","url":"https:\/\/portalmf.com.br\/","name":"Portal MF","description":"Voc\u00ea conectado com a informa\u00e7\u00e3o","potentialAction":[{"@type":"SearchAction","target":{"@type":"EntryPoint","urlTemplate":"https:\/\/portalmf.com.br\/?s={search_term_string}"},"query-input":"required name=search_term_string"}],"inLanguage":"pt-BR"},{"@type":"Person","@id":"https:\/\/portalmf.com.br\/#\/schema\/person\/11c82086fe8abc05a19147e964587285","name":"Reginaldo J\u00fanior","image":{"@type":"ImageObject","inLanguage":"pt-BR","@id":"https:\/\/portalmf.com.br\/#\/schema\/person\/image\/","url":"https:\/\/secure.gravatar.com\/avatar\/32a3c797cd0ac47cc53b8644c62776f9?s=96&d=mm&r=g","contentUrl":"https:\/\/secure.gravatar.com\/avatar\/32a3c797cd0ac47cc53b8644c62776f9?s=96&d=mm&r=g","caption":"Reginaldo J\u00fanior"},"description":"Jornalista e idealizador Portal MF","sameAs":["https:\/\/portalmf.com.br\/index.php\/author\/reginaldojr\/","reginaldojrfsa","reginaldojuniormf","https:\/\/x.com\/reginaldojrmf"],"url":"https:\/\/portalmf.com.br\/index.php\/author\/reginaldojr\/"}]}},"_links":{"self":[{"href":"https:\/\/portalmf.com.br\/index.php\/wp-json\/wp\/v2\/posts\/6529"}],"collection":[{"href":"https:\/\/portalmf.com.br\/index.php\/wp-json\/wp\/v2\/posts"}],"about":[{"href":"https:\/\/portalmf.com.br\/index.php\/wp-json\/wp\/v2\/types\/post"}],"author":[{"embeddable":true,"href":"https:\/\/portalmf.com.br\/index.php\/wp-json\/wp\/v2\/users\/2"}],"replies":[{"embeddable":true,"href":"https:\/\/portalmf.com.br\/index.php\/wp-json\/wp\/v2\/comments?post=6529"}],"version-history":[{"count":1,"href":"https:\/\/portalmf.com.br\/index.php\/wp-json\/wp\/v2\/posts\/6529\/revisions"}],"predecessor-version":[{"id":6536,"href":"https:\/\/portalmf.com.br\/index.php\/wp-json\/wp\/v2\/posts\/6529\/revisions\/6536"}],"wp:featuredmedia":[{"embeddable":true,"href":"https:\/\/portalmf.com.br\/index.php\/wp-json\/wp\/v2\/media\/6535"}],"wp:attachment":[{"href":"https:\/\/portalmf.com.br\/index.php\/wp-json\/wp\/v2\/media?parent=6529"}],"wp:term":[{"taxonomy":"category","embeddable":true,"href":"https:\/\/portalmf.com.br\/index.php\/wp-json\/wp\/v2\/categories?post=6529"},{"taxonomy":"post_tag","embeddable":true,"href":"https:\/\/portalmf.com.br\/index.php\/wp-json\/wp\/v2\/tags?post=6529"}],"curies":[{"name":"wp","href":"https:\/\/api.w.org\/{rel}","templated":true}]}}