{"id":6444,"date":"2022-02-18T11:42:00","date_gmt":"2022-02-18T14:42:00","guid":{"rendered":"https:\/\/portalmf.com.br\/?p=6444"},"modified":"2022-12-07T11:46:31","modified_gmt":"2022-12-07T14:46:31","slug":"pre-candidatos-recebem-convite-para-mudanca-de-partido","status":"publish","type":"post","link":"https:\/\/portalmf.com.br\/index.php\/2022\/02\/18\/pre-candidatos-recebem-convite-para-mudanca-de-partido\/","title":{"rendered":"Pr\u00e9-candidatos recebem convite para mudan\u00e7a de partido"},"content":{"rendered":"\n<p>Os bastidores da pol\u00edtica est\u00e3o com grande movimenta\u00e7\u00e3o em Feira de Santana. Pol\u00edticos estiveram reunidos com o presidente estadual do Podemos, Adriano Leal, em um shopping da cidade e receberam o convite para ingressar no partido, visando a elei\u00e7\u00e3o deste ano, a primeira com as novas regras, que tem como carro chefe o fim das coliga\u00e7\u00f5es.<\/p>\n\n\n\n<p>No radar do Podemos, dois pol\u00edticos conhecidos pelos feirenses, o vereador e atual l\u00edder do governo municipal, Lulinha da Concei\u00e7\u00e3o (hoje filiado ao Uni\u00e3o Brasil), pr\u00e9-candidato a deputado estadual e o suplente de vereador Netto Dez (hoje filiado ao PTB), que obteve mais de dois mil votos na elei\u00e7\u00e3o de 2020 e junto com um grupo formado por pol\u00edticos e empres\u00e1rios.<\/p>\n\n\n\n<p>Em entrevista exclusiva do jornal Folha do Estado e Radio Geral, Netto Dez falou sobre a reuni\u00e3o e o convite para o ingresso ao Podemos.<\/p>\n\n\n\n<p><em>&#8220;A reuni\u00e3o aconteceu na \u00faltima sexta-feira (12), com representantes dos diret\u00f3rios estadual e nacional do partido, a conversa foi muito boa, onde foi colocado os nomes dos pr\u00e9-candidatos a deputado federal e depois de analisar com minha equipe, vi que temos chances de uma disputa leal e o partido estar aliado com o pr\u00e9-candidato ACM Neto e agora estamos na fase de an\u00e1lise para uma poss\u00edvel filia\u00e7\u00e3o&#8221;<\/em>, disse Netto<\/p>\n\n\n\n<p>O partido tinha no comando o deputado federal Bacelar e teve Carlos Geilson como candidato a prefeito em Feira de Santana pela legenda em 2020 e fazia parte da base governista, mas para 2022 deve seguir com o grupo de ACM Neto e Jos\u00e9 Ronaldo, como afirma o vereador Lulinha.<\/p>\n\n\n\n<p><em>&#8220;Tivemos uma conversa com o partido Podemos, o presidente do partido esteve em Feira de Santana como outros candidatos da legenda de toda Bahia, e fui convidado para fazer parte da chapa, estou analisando, percebi que tenho condi\u00e7\u00f5es de participar da chapa, mais ainda n\u00e3o tomei a decis\u00e3o de mudan\u00e7a, estamos ouvindo nossos l\u00edderes pol\u00edticos e para sair do Uni\u00e3o Brasil s\u00f3 um partido que apoie a chapa de ACM Neto ao governo do estado&#8221;,<\/em> disse o vereador.<\/p>\n\n\n\n<p>Antes da visita dos pol\u00edticos do Podemos, os l\u00edderes do MDB Lucio Viera e Alex Futuca estiveram na cidade para buscar nomes para forma\u00e7\u00e3o da chapa ao legislativo estadual e federal.<\/p>\n\n\n\n<p>A janela eleitoral para a filia\u00e7\u00e3o ou troca de partido segue at\u00e9 o dia 1 de abril deste ano e a elei\u00e7\u00e3o de 2022 est\u00e1 marcada para acontecer em 2 de outubro.<\/p>\n","protected":false},"excerpt":{"rendered":"<p>Os bastidores da pol\u00edtica est\u00e3o com grande movimenta\u00e7\u00e3o em Feira de Santana. Pol\u00edticos estiveram reunidos com o presidente estadual do Podemos, Adriano Leal, em um shopping da cidade e receberam o convite para ingressar no partido, visando a elei\u00e7\u00e3o deste ano, a primeira com as novas regras, que tem como carro chefe o fim das [&hellip;]<\/p>\n","protected":false},"author":2,"featured_media":6445,"comment_status":"open","ping_status":"open","sticky":false,"template":"","format":"standard","meta":{"_monsterinsights_skip_tracking":false,"_monsterinsights_sitenote_active":false,"_monsterinsights_sitenote_note":"","_monsterinsights_sitenote_category":0,"footnotes":""},"categories":[34],"tags":[],"yoast_head":"<!-- This site is optimized with the Yoast SEO plugin v22.9 - https:\/\/yoast.com\/wordpress\/plugins\/seo\/ -->\n<title>Pr\u00e9-candidatos recebem convite para mudan\u00e7a de partido - Portal MF<\/title>\n<meta name=\"robots\" content=\"index, follow, max-snippet:-1, max-image-preview:large, max-video-preview:-1\" \/>\n<link rel=\"canonical\" href=\"https:\/\/portalmf.com.br\/index.php\/2022\/02\/18\/pre-candidatos-recebem-convite-para-mudanca-de-partido\/\" \/>\n<meta property=\"og:locale\" content=\"pt_BR\" \/>\n<meta property=\"og:type\" content=\"article\" \/>\n<meta property=\"og:title\" content=\"Pr\u00e9-candidatos recebem convite para mudan\u00e7a de partido - Portal MF\" \/>\n<meta property=\"og:description\" content=\"Os bastidores da pol\u00edtica est\u00e3o com grande movimenta\u00e7\u00e3o em Feira de Santana. Pol\u00edticos estiveram reunidos com o presidente estadual do Podemos, Adriano Leal, em um shopping da cidade e receberam o convite para ingressar no partido, visando a elei\u00e7\u00e3o deste ano, a primeira com as novas regras, que tem como carro chefe o fim das [&hellip;]\" \/>\n<meta property=\"og:url\" content=\"https:\/\/portalmf.com.br\/index.php\/2022\/02\/18\/pre-candidatos-recebem-convite-para-mudanca-de-partido\/\" \/>\n<meta property=\"og:site_name\" content=\"Portal MF\" \/>\n<meta property=\"article:author\" content=\"reginaldojrfsa\" \/>\n<meta property=\"article:published_time\" content=\"2022-02-18T14:42:00+00:00\" \/>\n<meta property=\"article:modified_time\" content=\"2022-12-07T14:46:31+00:00\" \/>\n<meta property=\"og:image\" content=\"https:\/\/portalmf.com.br\/wp-content\/uploads\/2022\/12\/image.png\" \/>\n\t<meta property=\"og:image:width\" content=\"700\" \/>\n\t<meta property=\"og:image:height\" content=\"500\" \/>\n\t<meta property=\"og:image:type\" content=\"image\/png\" \/>\n<meta name=\"author\" content=\"Reginaldo J\u00fanior\" \/>\n<meta name=\"twitter:card\" content=\"summary_large_image\" \/>\n<meta name=\"twitter:creator\" content=\"@reginaldojrmf\" \/>\n<meta name=\"twitter:label1\" content=\"Escrito por\" \/>\n\t<meta name=\"twitter:data1\" content=\"Reginaldo J\u00fanior\" \/>\n\t<meta name=\"twitter:label2\" content=\"Est. tempo de leitura\" \/>\n\t<meta name=\"twitter:data2\" content=\"3 minutos\" \/>\n<script type=\"application\/ld+json\" class=\"yoast-schema-graph\">{\"@context\":\"https:\/\/schema.org\",\"@graph\":[{\"@type\":\"WebPage\",\"@id\":\"https:\/\/portalmf.com.br\/index.php\/2022\/02\/18\/pre-candidatos-recebem-convite-para-mudanca-de-partido\/\",\"url\":\"https:\/\/portalmf.com.br\/index.php\/2022\/02\/18\/pre-candidatos-recebem-convite-para-mudanca-de-partido\/\",\"name\":\"Pr\u00e9-candidatos recebem convite para mudan\u00e7a de partido - Portal MF\",\"isPartOf\":{\"@id\":\"https:\/\/portalmf.com.br\/#website\"},\"primaryImageOfPage\":{\"@id\":\"https:\/\/portalmf.com.br\/index.php\/2022\/02\/18\/pre-candidatos-recebem-convite-para-mudanca-de-partido\/#primaryimage\"},\"image\":{\"@id\":\"https:\/\/portalmf.com.br\/index.php\/2022\/02\/18\/pre-candidatos-recebem-convite-para-mudanca-de-partido\/#primaryimage\"},\"thumbnailUrl\":\"https:\/\/portalmf.com.br\/wp-content\/uploads\/2022\/12\/image.png\",\"datePublished\":\"2022-02-18T14:42:00+00:00\",\"dateModified\":\"2022-12-07T14:46:31+00:00\",\"author\":{\"@id\":\"https:\/\/portalmf.com.br\/#\/schema\/person\/11c82086fe8abc05a19147e964587285\"},\"breadcrumb\":{\"@id\":\"https:\/\/portalmf.com.br\/index.php\/2022\/02\/18\/pre-candidatos-recebem-convite-para-mudanca-de-partido\/#breadcrumb\"},\"inLanguage\":\"pt-BR\",\"potentialAction\":[{\"@type\":\"ReadAction\",\"target\":[\"https:\/\/portalmf.com.br\/index.php\/2022\/02\/18\/pre-candidatos-recebem-convite-para-mudanca-de-partido\/\"]}]},{\"@type\":\"ImageObject\",\"inLanguage\":\"pt-BR\",\"@id\":\"https:\/\/portalmf.com.br\/index.php\/2022\/02\/18\/pre-candidatos-recebem-convite-para-mudanca-de-partido\/#primaryimage\",\"url\":\"https:\/\/portalmf.com.br\/wp-content\/uploads\/2022\/12\/image.png\",\"contentUrl\":\"https:\/\/portalmf.com.br\/wp-content\/uploads\/2022\/12\/image.png\",\"width\":700,\"height\":500},{\"@type\":\"BreadcrumbList\",\"@id\":\"https:\/\/portalmf.com.br\/index.php\/2022\/02\/18\/pre-candidatos-recebem-convite-para-mudanca-de-partido\/#breadcrumb\",\"itemListElement\":[{\"@type\":\"ListItem\",\"position\":1,\"name\":\"In\u00edcio\",\"item\":\"https:\/\/portalmf.com.br\/\"},{\"@type\":\"ListItem\",\"position\":2,\"name\":\"Pr\u00e9-candidatos recebem convite para mudan\u00e7a de partido\"}]},{\"@type\":\"WebSite\",\"@id\":\"https:\/\/portalmf.com.br\/#website\",\"url\":\"https:\/\/portalmf.com.br\/\",\"name\":\"Portal MF\",\"description\":\"Voc\u00ea conectado com a informa\u00e7\u00e3o\",\"potentialAction\":[{\"@type\":\"SearchAction\",\"target\":{\"@type\":\"EntryPoint\",\"urlTemplate\":\"https:\/\/portalmf.com.br\/?s={search_term_string}\"},\"query-input\":\"required name=search_term_string\"}],\"inLanguage\":\"pt-BR\"},{\"@type\":\"Person\",\"@id\":\"https:\/\/portalmf.com.br\/#\/schema\/person\/11c82086fe8abc05a19147e964587285\",\"name\":\"Reginaldo J\u00fanior\",\"image\":{\"@type\":\"ImageObject\",\"inLanguage\":\"pt-BR\",\"@id\":\"https:\/\/portalmf.com.br\/#\/schema\/person\/image\/\",\"url\":\"https:\/\/secure.gravatar.com\/avatar\/32a3c797cd0ac47cc53b8644c62776f9?s=96&d=mm&r=g\",\"contentUrl\":\"https:\/\/secure.gravatar.com\/avatar\/32a3c797cd0ac47cc53b8644c62776f9?s=96&d=mm&r=g\",\"caption\":\"Reginaldo J\u00fanior\"},\"description\":\"Jornalista e idealizador Portal MF\",\"sameAs\":[\"https:\/\/portalmf.com.br\/index.php\/author\/reginaldojr\/\",\"reginaldojrfsa\",\"reginaldojuniormf\",\"https:\/\/x.com\/reginaldojrmf\"],\"url\":\"https:\/\/portalmf.com.br\/index.php\/author\/reginaldojr\/\"}]}<\/script>\n<!-- \/ Yoast SEO plugin. -->","yoast_head_json":{"title":"Pr\u00e9-candidatos recebem convite para mudan\u00e7a de partido - Portal MF","robots":{"index":"index","follow":"follow","max-snippet":"max-snippet:-1","max-image-preview":"max-image-preview:large","max-video-preview":"max-video-preview:-1"},"canonical":"https:\/\/portalmf.com.br\/index.php\/2022\/02\/18\/pre-candidatos-recebem-convite-para-mudanca-de-partido\/","og_locale":"pt_BR","og_type":"article","og_title":"Pr\u00e9-candidatos recebem convite para mudan\u00e7a de partido - Portal MF","og_description":"Os bastidores da pol\u00edtica est\u00e3o com grande movimenta\u00e7\u00e3o em Feira de Santana. Pol\u00edticos estiveram reunidos com o presidente estadual do Podemos, Adriano Leal, em um shopping da cidade e receberam o convite para ingressar no partido, visando a elei\u00e7\u00e3o deste ano, a primeira com as novas regras, que tem como carro chefe o fim das [&hellip;]","og_url":"https:\/\/portalmf.com.br\/index.php\/2022\/02\/18\/pre-candidatos-recebem-convite-para-mudanca-de-partido\/","og_site_name":"Portal MF","article_author":"reginaldojrfsa","article_published_time":"2022-02-18T14:42:00+00:00","article_modified_time":"2022-12-07T14:46:31+00:00","og_image":[{"width":700,"height":500,"url":"https:\/\/portalmf.com.br\/wp-content\/uploads\/2022\/12\/image.png","type":"image\/png"}],"author":"Reginaldo J\u00fanior","twitter_card":"summary_large_image","twitter_creator":"@reginaldojrmf","twitter_misc":{"Escrito por":"Reginaldo J\u00fanior","Est. tempo de leitura":"3 minutos"},"schema":{"@context":"https:\/\/schema.org","@graph":[{"@type":"WebPage","@id":"https:\/\/portalmf.com.br\/index.php\/2022\/02\/18\/pre-candidatos-recebem-convite-para-mudanca-de-partido\/","url":"https:\/\/portalmf.com.br\/index.php\/2022\/02\/18\/pre-candidatos-recebem-convite-para-mudanca-de-partido\/","name":"Pr\u00e9-candidatos recebem convite para mudan\u00e7a de partido - Portal MF","isPartOf":{"@id":"https:\/\/portalmf.com.br\/#website"},"primaryImageOfPage":{"@id":"https:\/\/portalmf.com.br\/index.php\/2022\/02\/18\/pre-candidatos-recebem-convite-para-mudanca-de-partido\/#primaryimage"},"image":{"@id":"https:\/\/portalmf.com.br\/index.php\/2022\/02\/18\/pre-candidatos-recebem-convite-para-mudanca-de-partido\/#primaryimage"},"thumbnailUrl":"https:\/\/portalmf.com.br\/wp-content\/uploads\/2022\/12\/image.png","datePublished":"2022-02-18T14:42:00+00:00","dateModified":"2022-12-07T14:46:31+00:00","author":{"@id":"https:\/\/portalmf.com.br\/#\/schema\/person\/11c82086fe8abc05a19147e964587285"},"breadcrumb":{"@id":"https:\/\/portalmf.com.br\/index.php\/2022\/02\/18\/pre-candidatos-recebem-convite-para-mudanca-de-partido\/#breadcrumb"},"inLanguage":"pt-BR","potentialAction":[{"@type":"ReadAction","target":["https:\/\/portalmf.com.br\/index.php\/2022\/02\/18\/pre-candidatos-recebem-convite-para-mudanca-de-partido\/"]}]},{"@type":"ImageObject","inLanguage":"pt-BR","@id":"https:\/\/portalmf.com.br\/index.php\/2022\/02\/18\/pre-candidatos-recebem-convite-para-mudanca-de-partido\/#primaryimage","url":"https:\/\/portalmf.com.br\/wp-content\/uploads\/2022\/12\/image.png","contentUrl":"https:\/\/portalmf.com.br\/wp-content\/uploads\/2022\/12\/image.png","width":700,"height":500},{"@type":"BreadcrumbList","@id":"https:\/\/portalmf.com.br\/index.php\/2022\/02\/18\/pre-candidatos-recebem-convite-para-mudanca-de-partido\/#breadcrumb","itemListElement":[{"@type":"ListItem","position":1,"name":"In\u00edcio","item":"https:\/\/portalmf.com.br\/"},{"@type":"ListItem","position":2,"name":"Pr\u00e9-candidatos recebem convite para mudan\u00e7a de partido"}]},{"@type":"WebSite","@id":"https:\/\/portalmf.com.br\/#website","url":"https:\/\/portalmf.com.br\/","name":"Portal MF","description":"Voc\u00ea conectado com a informa\u00e7\u00e3o","potentialAction":[{"@type":"SearchAction","target":{"@type":"EntryPoint","urlTemplate":"https:\/\/portalmf.com.br\/?s={search_term_string}"},"query-input":"required name=search_term_string"}],"inLanguage":"pt-BR"},{"@type":"Person","@id":"https:\/\/portalmf.com.br\/#\/schema\/person\/11c82086fe8abc05a19147e964587285","name":"Reginaldo J\u00fanior","image":{"@type":"ImageObject","inLanguage":"pt-BR","@id":"https:\/\/portalmf.com.br\/#\/schema\/person\/image\/","url":"https:\/\/secure.gravatar.com\/avatar\/32a3c797cd0ac47cc53b8644c62776f9?s=96&d=mm&r=g","contentUrl":"https:\/\/secure.gravatar.com\/avatar\/32a3c797cd0ac47cc53b8644c62776f9?s=96&d=mm&r=g","caption":"Reginaldo J\u00fanior"},"description":"Jornalista e idealizador Portal MF","sameAs":["https:\/\/portalmf.com.br\/index.php\/author\/reginaldojr\/","reginaldojrfsa","reginaldojuniormf","https:\/\/x.com\/reginaldojrmf"],"url":"https:\/\/portalmf.com.br\/index.php\/author\/reginaldojr\/"}]}},"_links":{"self":[{"href":"https:\/\/portalmf.com.br\/index.php\/wp-json\/wp\/v2\/posts\/6444"}],"collection":[{"href":"https:\/\/portalmf.com.br\/index.php\/wp-json\/wp\/v2\/posts"}],"about":[{"href":"https:\/\/portalmf.com.br\/index.php\/wp-json\/wp\/v2\/types\/post"}],"author":[{"embeddable":true,"href":"https:\/\/portalmf.com.br\/index.php\/wp-json\/wp\/v2\/users\/2"}],"replies":[{"embeddable":true,"href":"https:\/\/portalmf.com.br\/index.php\/wp-json\/wp\/v2\/comments?post=6444"}],"version-history":[{"count":2,"href":"https:\/\/portalmf.com.br\/index.php\/wp-json\/wp\/v2\/posts\/6444\/revisions"}],"predecessor-version":[{"id":6447,"href":"https:\/\/portalmf.com.br\/index.php\/wp-json\/wp\/v2\/posts\/6444\/revisions\/6447"}],"wp:featuredmedia":[{"embeddable":true,"href":"https:\/\/portalmf.com.br\/index.php\/wp-json\/wp\/v2\/media\/6445"}],"wp:attachment":[{"href":"https:\/\/portalmf.com.br\/index.php\/wp-json\/wp\/v2\/media?parent=6444"}],"wp:term":[{"taxonomy":"category","embeddable":true,"href":"https:\/\/portalmf.com.br\/index.php\/wp-json\/wp\/v2\/categories?post=6444"},{"taxonomy":"post_tag","embeddable":true,"href":"https:\/\/portalmf.com.br\/index.php\/wp-json\/wp\/v2\/tags?post=6444"}],"curies":[{"name":"wp","href":"https:\/\/api.w.org\/{rel}","templated":true}]}}