{"id":6429,"date":"2022-12-06T14:01:00","date_gmt":"2022-12-06T17:01:00","guid":{"rendered":"https:\/\/portalmf.com.br\/?p=6429"},"modified":"2022-12-06T17:02:52","modified_gmt":"2022-12-06T20:02:52","slug":"marcio-victor-e-tony-salles-cantam-juntos-pela-primeira-vez","status":"publish","type":"post","link":"https:\/\/portalmf.com.br\/index.php\/2022\/12\/06\/marcio-victor-e-tony-salles-cantam-juntos-pela-primeira-vez\/","title":{"rendered":"M\u00e1rcio Victor e Tony Salles cantam juntos pela primeira vez"},"content":{"rendered":"\n<p>Duas pot\u00eancias do cen\u00e1rio musical baiano se unem para sacudir este ver\u00e3o: M\u00e1rcio Victor e Tony Salles (Parangol\u00e9) cantam juntos pela primeira vez, e na estreia interpretam o single \u201cFren\u00e9tica Botada\u201d, que integra o projeto audiovisual Psi Universal. <\/p>\n\n\n\n<p><em>&#8220;Pensei logo no meu parceiro Tony Salles pra dividir essa comigo! Sempre tivemos vontade de gravar algo juntos, e agora surgiu essa m\u00fasica especial, que eu tenho certeza que vai tocar muito nas festas desse ver\u00e3o.\u201d,<\/em> afirma M\u00e1rcio Victor.<\/p>\n\n\n\n<p>A composi\u00e7\u00e3o \u00e9 de Jorginho Barbosa, talentoso m\u00fasico da Banda Psirico, junto com o seu filho, Gabriel Barbosa e de Paulo Santos (Paulada). <\/p>\n\n\n\n<p><em>\u201cEle me mostrou no \u00f4nibus, numa dessas viagens da nossa turn\u00ea pelo Brasil. No mesmo momento eu me arrepiei e j\u00e1 pensei nas batidas, no arranjo e comecei a fazer o Carnaval dentro do \u00f4nibus mesmo, com a minha banda!\u201d, <\/em>revelou animado o l\u00edder do Psirico.<\/p>\n","protected":false},"excerpt":{"rendered":"<p>Duas pot\u00eancias do cen\u00e1rio musical baiano se unem para sacudir este ver\u00e3o: M\u00e1rcio Victor e Tony Salles (Parangol\u00e9) cantam juntos pela primeira vez, e na estreia interpretam o single \u201cFren\u00e9tica Botada\u201d, que integra o projeto audiovisual Psi Universal. &#8220;Pensei logo no meu parceiro Tony Salles pra dividir essa comigo! Sempre tivemos vontade de gravar algo [&hellip;]<\/p>\n","protected":false},"author":2,"featured_media":6430,"comment_status":"open","ping_status":"open","sticky":false,"template":"","format":"standard","meta":{"_monsterinsights_skip_tracking":false,"_monsterinsights_sitenote_active":false,"_monsterinsights_sitenote_note":"","_monsterinsights_sitenote_category":0,"footnotes":""},"categories":[47,36],"tags":[],"yoast_head":"<!-- This site is optimized with the Yoast SEO plugin v22.9 - https:\/\/yoast.com\/wordpress\/plugins\/seo\/ -->\n<title>M\u00e1rcio Victor e Tony Salles cantam juntos pela primeira vez - Portal MF<\/title>\n<meta name=\"robots\" content=\"index, follow, max-snippet:-1, max-image-preview:large, max-video-preview:-1\" \/>\n<link rel=\"canonical\" href=\"https:\/\/portalmf.com.br\/index.php\/2022\/12\/06\/marcio-victor-e-tony-salles-cantam-juntos-pela-primeira-vez\/\" \/>\n<meta property=\"og:locale\" content=\"pt_BR\" \/>\n<meta property=\"og:type\" content=\"article\" \/>\n<meta property=\"og:title\" content=\"M\u00e1rcio Victor e Tony Salles cantam juntos pela primeira vez - Portal MF\" \/>\n<meta property=\"og:description\" content=\"Duas pot\u00eancias do cen\u00e1rio musical baiano se unem para sacudir este ver\u00e3o: M\u00e1rcio Victor e Tony Salles (Parangol\u00e9) cantam juntos pela primeira vez, e na estreia interpretam o single \u201cFren\u00e9tica Botada\u201d, que integra o projeto audiovisual Psi Universal. &#8220;Pensei logo no meu parceiro Tony Salles pra dividir essa comigo! Sempre tivemos vontade de gravar algo [&hellip;]\" \/>\n<meta property=\"og:url\" content=\"https:\/\/portalmf.com.br\/index.php\/2022\/12\/06\/marcio-victor-e-tony-salles-cantam-juntos-pela-primeira-vez\/\" \/>\n<meta property=\"og:site_name\" content=\"Portal MF\" \/>\n<meta property=\"article:author\" content=\"reginaldojrfsa\" \/>\n<meta property=\"article:published_time\" content=\"2022-12-06T17:01:00+00:00\" \/>\n<meta property=\"article:modified_time\" content=\"2022-12-06T20:02:52+00:00\" \/>\n<meta property=\"og:image\" content=\"https:\/\/portalmf.com.br\/wp-content\/uploads\/2022\/12\/Marcio-Victor-e-Tony-Salles.jpeg\" \/>\n\t<meta property=\"og:image:width\" content=\"1024\" \/>\n\t<meta property=\"og:image:height\" content=\"682\" \/>\n\t<meta property=\"og:image:type\" content=\"image\/jpeg\" \/>\n<meta name=\"author\" content=\"Reginaldo J\u00fanior\" \/>\n<meta name=\"twitter:card\" content=\"summary_large_image\" \/>\n<meta name=\"twitter:creator\" content=\"@reginaldojrmf\" \/>\n<meta name=\"twitter:label1\" content=\"Escrito por\" \/>\n\t<meta name=\"twitter:data1\" content=\"Reginaldo J\u00fanior\" \/>\n\t<meta name=\"twitter:label2\" content=\"Est. tempo de leitura\" \/>\n\t<meta name=\"twitter:data2\" content=\"1 minuto\" \/>\n<script type=\"application\/ld+json\" class=\"yoast-schema-graph\">{\"@context\":\"https:\/\/schema.org\",\"@graph\":[{\"@type\":\"WebPage\",\"@id\":\"https:\/\/portalmf.com.br\/index.php\/2022\/12\/06\/marcio-victor-e-tony-salles-cantam-juntos-pela-primeira-vez\/\",\"url\":\"https:\/\/portalmf.com.br\/index.php\/2022\/12\/06\/marcio-victor-e-tony-salles-cantam-juntos-pela-primeira-vez\/\",\"name\":\"M\u00e1rcio Victor e Tony Salles cantam juntos pela primeira vez - Portal MF\",\"isPartOf\":{\"@id\":\"https:\/\/portalmf.com.br\/#website\"},\"primaryImageOfPage\":{\"@id\":\"https:\/\/portalmf.com.br\/index.php\/2022\/12\/06\/marcio-victor-e-tony-salles-cantam-juntos-pela-primeira-vez\/#primaryimage\"},\"image\":{\"@id\":\"https:\/\/portalmf.com.br\/index.php\/2022\/12\/06\/marcio-victor-e-tony-salles-cantam-juntos-pela-primeira-vez\/#primaryimage\"},\"thumbnailUrl\":\"https:\/\/portalmf.com.br\/wp-content\/uploads\/2022\/12\/Marcio-Victor-e-Tony-Salles.jpeg\",\"datePublished\":\"2022-12-06T17:01:00+00:00\",\"dateModified\":\"2022-12-06T20:02:52+00:00\",\"author\":{\"@id\":\"https:\/\/portalmf.com.br\/#\/schema\/person\/11c82086fe8abc05a19147e964587285\"},\"breadcrumb\":{\"@id\":\"https:\/\/portalmf.com.br\/index.php\/2022\/12\/06\/marcio-victor-e-tony-salles-cantam-juntos-pela-primeira-vez\/#breadcrumb\"},\"inLanguage\":\"pt-BR\",\"potentialAction\":[{\"@type\":\"ReadAction\",\"target\":[\"https:\/\/portalmf.com.br\/index.php\/2022\/12\/06\/marcio-victor-e-tony-salles-cantam-juntos-pela-primeira-vez\/\"]}]},{\"@type\":\"ImageObject\",\"inLanguage\":\"pt-BR\",\"@id\":\"https:\/\/portalmf.com.br\/index.php\/2022\/12\/06\/marcio-victor-e-tony-salles-cantam-juntos-pela-primeira-vez\/#primaryimage\",\"url\":\"https:\/\/portalmf.com.br\/wp-content\/uploads\/2022\/12\/Marcio-Victor-e-Tony-Salles.jpeg\",\"contentUrl\":\"https:\/\/portalmf.com.br\/wp-content\/uploads\/2022\/12\/Marcio-Victor-e-Tony-Salles.jpeg\",\"width\":1024,\"height\":682},{\"@type\":\"BreadcrumbList\",\"@id\":\"https:\/\/portalmf.com.br\/index.php\/2022\/12\/06\/marcio-victor-e-tony-salles-cantam-juntos-pela-primeira-vez\/#breadcrumb\",\"itemListElement\":[{\"@type\":\"ListItem\",\"position\":1,\"name\":\"In\u00edcio\",\"item\":\"https:\/\/portalmf.com.br\/\"},{\"@type\":\"ListItem\",\"position\":2,\"name\":\"M\u00e1rcio Victor e Tony Salles cantam juntos pela primeira vez\"}]},{\"@type\":\"WebSite\",\"@id\":\"https:\/\/portalmf.com.br\/#website\",\"url\":\"https:\/\/portalmf.com.br\/\",\"name\":\"Portal MF\",\"description\":\"Voc\u00ea conectado com a informa\u00e7\u00e3o\",\"potentialAction\":[{\"@type\":\"SearchAction\",\"target\":{\"@type\":\"EntryPoint\",\"urlTemplate\":\"https:\/\/portalmf.com.br\/?s={search_term_string}\"},\"query-input\":\"required name=search_term_string\"}],\"inLanguage\":\"pt-BR\"},{\"@type\":\"Person\",\"@id\":\"https:\/\/portalmf.com.br\/#\/schema\/person\/11c82086fe8abc05a19147e964587285\",\"name\":\"Reginaldo J\u00fanior\",\"image\":{\"@type\":\"ImageObject\",\"inLanguage\":\"pt-BR\",\"@id\":\"https:\/\/portalmf.com.br\/#\/schema\/person\/image\/\",\"url\":\"https:\/\/secure.gravatar.com\/avatar\/32a3c797cd0ac47cc53b8644c62776f9?s=96&d=mm&r=g\",\"contentUrl\":\"https:\/\/secure.gravatar.com\/avatar\/32a3c797cd0ac47cc53b8644c62776f9?s=96&d=mm&r=g\",\"caption\":\"Reginaldo J\u00fanior\"},\"description\":\"Jornalista e idealizador Portal MF\",\"sameAs\":[\"https:\/\/portalmf.com.br\/index.php\/author\/reginaldojr\/\",\"reginaldojrfsa\",\"reginaldojuniormf\",\"https:\/\/x.com\/reginaldojrmf\"],\"url\":\"https:\/\/portalmf.com.br\/index.php\/author\/reginaldojr\/\"}]}<\/script>\n<!-- \/ Yoast SEO plugin. -->","yoast_head_json":{"title":"M\u00e1rcio Victor e Tony Salles cantam juntos pela primeira vez - Portal MF","robots":{"index":"index","follow":"follow","max-snippet":"max-snippet:-1","max-image-preview":"max-image-preview:large","max-video-preview":"max-video-preview:-1"},"canonical":"https:\/\/portalmf.com.br\/index.php\/2022\/12\/06\/marcio-victor-e-tony-salles-cantam-juntos-pela-primeira-vez\/","og_locale":"pt_BR","og_type":"article","og_title":"M\u00e1rcio Victor e Tony Salles cantam juntos pela primeira vez - Portal MF","og_description":"Duas pot\u00eancias do cen\u00e1rio musical baiano se unem para sacudir este ver\u00e3o: M\u00e1rcio Victor e Tony Salles (Parangol\u00e9) cantam juntos pela primeira vez, e na estreia interpretam o single \u201cFren\u00e9tica Botada\u201d, que integra o projeto audiovisual Psi Universal. &#8220;Pensei logo no meu parceiro Tony Salles pra dividir essa comigo! Sempre tivemos vontade de gravar algo [&hellip;]","og_url":"https:\/\/portalmf.com.br\/index.php\/2022\/12\/06\/marcio-victor-e-tony-salles-cantam-juntos-pela-primeira-vez\/","og_site_name":"Portal MF","article_author":"reginaldojrfsa","article_published_time":"2022-12-06T17:01:00+00:00","article_modified_time":"2022-12-06T20:02:52+00:00","og_image":[{"width":1024,"height":682,"url":"https:\/\/portalmf.com.br\/wp-content\/uploads\/2022\/12\/Marcio-Victor-e-Tony-Salles.jpeg","type":"image\/jpeg"}],"author":"Reginaldo J\u00fanior","twitter_card":"summary_large_image","twitter_creator":"@reginaldojrmf","twitter_misc":{"Escrito por":"Reginaldo J\u00fanior","Est. tempo de leitura":"1 minuto"},"schema":{"@context":"https:\/\/schema.org","@graph":[{"@type":"WebPage","@id":"https:\/\/portalmf.com.br\/index.php\/2022\/12\/06\/marcio-victor-e-tony-salles-cantam-juntos-pela-primeira-vez\/","url":"https:\/\/portalmf.com.br\/index.php\/2022\/12\/06\/marcio-victor-e-tony-salles-cantam-juntos-pela-primeira-vez\/","name":"M\u00e1rcio Victor e Tony Salles cantam juntos pela primeira vez - Portal MF","isPartOf":{"@id":"https:\/\/portalmf.com.br\/#website"},"primaryImageOfPage":{"@id":"https:\/\/portalmf.com.br\/index.php\/2022\/12\/06\/marcio-victor-e-tony-salles-cantam-juntos-pela-primeira-vez\/#primaryimage"},"image":{"@id":"https:\/\/portalmf.com.br\/index.php\/2022\/12\/06\/marcio-victor-e-tony-salles-cantam-juntos-pela-primeira-vez\/#primaryimage"},"thumbnailUrl":"https:\/\/portalmf.com.br\/wp-content\/uploads\/2022\/12\/Marcio-Victor-e-Tony-Salles.jpeg","datePublished":"2022-12-06T17:01:00+00:00","dateModified":"2022-12-06T20:02:52+00:00","author":{"@id":"https:\/\/portalmf.com.br\/#\/schema\/person\/11c82086fe8abc05a19147e964587285"},"breadcrumb":{"@id":"https:\/\/portalmf.com.br\/index.php\/2022\/12\/06\/marcio-victor-e-tony-salles-cantam-juntos-pela-primeira-vez\/#breadcrumb"},"inLanguage":"pt-BR","potentialAction":[{"@type":"ReadAction","target":["https:\/\/portalmf.com.br\/index.php\/2022\/12\/06\/marcio-victor-e-tony-salles-cantam-juntos-pela-primeira-vez\/"]}]},{"@type":"ImageObject","inLanguage":"pt-BR","@id":"https:\/\/portalmf.com.br\/index.php\/2022\/12\/06\/marcio-victor-e-tony-salles-cantam-juntos-pela-primeira-vez\/#primaryimage","url":"https:\/\/portalmf.com.br\/wp-content\/uploads\/2022\/12\/Marcio-Victor-e-Tony-Salles.jpeg","contentUrl":"https:\/\/portalmf.com.br\/wp-content\/uploads\/2022\/12\/Marcio-Victor-e-Tony-Salles.jpeg","width":1024,"height":682},{"@type":"BreadcrumbList","@id":"https:\/\/portalmf.com.br\/index.php\/2022\/12\/06\/marcio-victor-e-tony-salles-cantam-juntos-pela-primeira-vez\/#breadcrumb","itemListElement":[{"@type":"ListItem","position":1,"name":"In\u00edcio","item":"https:\/\/portalmf.com.br\/"},{"@type":"ListItem","position":2,"name":"M\u00e1rcio Victor e Tony Salles cantam juntos pela primeira vez"}]},{"@type":"WebSite","@id":"https:\/\/portalmf.com.br\/#website","url":"https:\/\/portalmf.com.br\/","name":"Portal MF","description":"Voc\u00ea conectado com a informa\u00e7\u00e3o","potentialAction":[{"@type":"SearchAction","target":{"@type":"EntryPoint","urlTemplate":"https:\/\/portalmf.com.br\/?s={search_term_string}"},"query-input":"required name=search_term_string"}],"inLanguage":"pt-BR"},{"@type":"Person","@id":"https:\/\/portalmf.com.br\/#\/schema\/person\/11c82086fe8abc05a19147e964587285","name":"Reginaldo J\u00fanior","image":{"@type":"ImageObject","inLanguage":"pt-BR","@id":"https:\/\/portalmf.com.br\/#\/schema\/person\/image\/","url":"https:\/\/secure.gravatar.com\/avatar\/32a3c797cd0ac47cc53b8644c62776f9?s=96&d=mm&r=g","contentUrl":"https:\/\/secure.gravatar.com\/avatar\/32a3c797cd0ac47cc53b8644c62776f9?s=96&d=mm&r=g","caption":"Reginaldo J\u00fanior"},"description":"Jornalista e idealizador Portal MF","sameAs":["https:\/\/portalmf.com.br\/index.php\/author\/reginaldojr\/","reginaldojrfsa","reginaldojuniormf","https:\/\/x.com\/reginaldojrmf"],"url":"https:\/\/portalmf.com.br\/index.php\/author\/reginaldojr\/"}]}},"_links":{"self":[{"href":"https:\/\/portalmf.com.br\/index.php\/wp-json\/wp\/v2\/posts\/6429"}],"collection":[{"href":"https:\/\/portalmf.com.br\/index.php\/wp-json\/wp\/v2\/posts"}],"about":[{"href":"https:\/\/portalmf.com.br\/index.php\/wp-json\/wp\/v2\/types\/post"}],"author":[{"embeddable":true,"href":"https:\/\/portalmf.com.br\/index.php\/wp-json\/wp\/v2\/users\/2"}],"replies":[{"embeddable":true,"href":"https:\/\/portalmf.com.br\/index.php\/wp-json\/wp\/v2\/comments?post=6429"}],"version-history":[{"count":1,"href":"https:\/\/portalmf.com.br\/index.php\/wp-json\/wp\/v2\/posts\/6429\/revisions"}],"predecessor-version":[{"id":6431,"href":"https:\/\/portalmf.com.br\/index.php\/wp-json\/wp\/v2\/posts\/6429\/revisions\/6431"}],"wp:featuredmedia":[{"embeddable":true,"href":"https:\/\/portalmf.com.br\/index.php\/wp-json\/wp\/v2\/media\/6430"}],"wp:attachment":[{"href":"https:\/\/portalmf.com.br\/index.php\/wp-json\/wp\/v2\/media?parent=6429"}],"wp:term":[{"taxonomy":"category","embeddable":true,"href":"https:\/\/portalmf.com.br\/index.php\/wp-json\/wp\/v2\/categories?post=6429"},{"taxonomy":"post_tag","embeddable":true,"href":"https:\/\/portalmf.com.br\/index.php\/wp-json\/wp\/v2\/tags?post=6429"}],"curies":[{"name":"wp","href":"https:\/\/api.w.org\/{rel}","templated":true}]}}