{"id":5632,"date":"2022-11-04T20:00:37","date_gmt":"2022-11-04T23:00:37","guid":{"rendered":"http:\/\/portalmf.com.br\/?p=5632"},"modified":"2022-11-04T20:50:16","modified_gmt":"2022-11-04T23:50:16","slug":"estamos-discutindo-a-realizacao-do-natal-encantado-e-micareta-diz-secretario","status":"publish","type":"post","link":"https:\/\/portalmf.com.br\/index.php\/2022\/11\/04\/estamos-discutindo-a-realizacao-do-natal-encantado-e-micareta-diz-secretario\/","title":{"rendered":"\u201cEstamos discutindo a realiza\u00e7\u00e3o do Natal Encantado e Micareta\u201d, diz secret\u00e1rio"},"content":{"rendered":"\n<p>Por causa da pandemia do Covid-19, todos os eventos p\u00fablicos foram suspensos em Feira de Santana em 2020, entre eles a Micareta e o Natal Encantado, festas que re\u00fanem milhares de pessoas quando s\u00e3o realizados e ficaram impossibilitados de acontecer.<\/p>\n\n\n\n<p>Depois da vacina\u00e7\u00e3o da popula\u00e7\u00e3o, queda dos casos do coronavirus e a realiza\u00e7\u00e3o de outros eventos p\u00fablicos pelo Brasil, muitos feirenses come\u00e7aram a pergunta, quando esses eventos voltaram acontecem na cidade, em entrevista ao Portal MF, o secret\u00e1rio de Cultura, Esporte e Lazer, Jairo Carneiro Filho, falou sobre a possibilidade da realiza\u00e7\u00e3o do Natal Encantado em 2022.<\/p>\n\n\n\n<p><em>\u201cTodo o planejando est\u00e1 pronto na Secel e na Funda\u00e7\u00e3o Egberto Costa, agora vamos dialogar com o prefeito, esperamos passar esse momento eleitoral, para retoma diversas atividades culturais e esportivas e um desses pontos \u00e9 o Natal Encantado, esse projeto contempla a ilumina\u00e7\u00e3o natalina, qual o prefeito esteve reunido com a empresa que tem esse projeto e em paralelo a isso estamos com toda esse planejamento para que possamos realizar o evento em dezembro\u201d,<\/em> disse o secret\u00e1rio.<\/p>\n\n\n<div class=\"wp-block-image\">\n<figure class=\"alignleft size-large is-resized\"><img decoding=\"async\" src=\"http:\/\/portalmf.com.br\/wp-content\/uploads\/2022\/11\/IMG_20221104_195612-1015x1024.jpg\" alt=\"\" class=\"wp-image-5633\" width=\"117\" height=\"118\" srcset=\"https:\/\/portalmf.com.br\/wp-content\/uploads\/2022\/11\/IMG_20221104_195612-1015x1024.jpg 1015w, https:\/\/portalmf.com.br\/wp-content\/uploads\/2022\/11\/IMG_20221104_195612-297x300.jpg 297w, https:\/\/portalmf.com.br\/wp-content\/uploads\/2022\/11\/IMG_20221104_195612-150x150.jpg 150w, https:\/\/portalmf.com.br\/wp-content\/uploads\/2022\/11\/IMG_20221104_195612-768x775.jpg 768w, https:\/\/portalmf.com.br\/wp-content\/uploads\/2022\/11\/IMG_20221104_195612-1522x1536.jpg 1522w, https:\/\/portalmf.com.br\/wp-content\/uploads\/2022\/11\/IMG_20221104_195612-1170x1180.jpg 1170w, https:\/\/portalmf.com.br\/wp-content\/uploads\/2022\/11\/IMG_20221104_195612-585x585.jpg 585w, https:\/\/portalmf.com.br\/wp-content\/uploads\/2022\/11\/IMG_20221104_195612.jpg 1784w\" sizes=\"(max-width: 117px) 100vw, 117px\" \/><figcaption><strong>Secret\u00e1rio de Cultura, Esporte e Lazer, Jairo Carneiro Filho<\/strong><\/figcaption><\/figure><\/div>\n\n\n<p>Em rela\u00e7\u00e3o a Micareta de Feira, que seria realizada no m\u00eas de setembro de 2022, o secretario falou que os debates voltaram acontecer, tendo como principal defini\u00e7\u00e3o a data para realiza\u00e7\u00e3o do evento em 2023.<\/p>\n\n\n\n<p><em>\u201cDurante pandemia v\u00e1rios pontos foram discutidos, com pessoas que fazem parte do evento direto e indiretamente, at\u00e9 a suspen\u00e7\u00e3o da festa em setembro, agora vamos retornar esse di\u00e1logo com os envolvidos, afinal uma decis\u00e3o tem ocorrer com acordo do poder p\u00fablico municipal e a sociedade feirense, para que a melhor data seja definida\u201d,<\/em> falou.<\/p>\n\n\n\n<h4 class=\"wp-block-heading\">Prefeito Colbert falou sobre assunto <\/h4>\n\n\n\n<p>Em entrevista no m\u00eas de outubro ao Portal MF, o prefeito Colbert Martins, falou sobre a possibilidade de realiza\u00e7\u00e3o do Natal Encantado em Feira de Santana.<\/p>\n\n\n\n<p><em>\u201cEu fico pronto para realizar no final do ano o Natal Encantando, em 2023 estamos nos preparando para definir as nossas atra\u00e7\u00f5es e as nossas participa\u00e7\u00f5es culturais. Vamos ter boas alternativas para o pr\u00f3ximo ano e espero que nos preparados para elas, por isso temos de ter a prepara\u00e7\u00e3o profissional para o ano que vem. O Natal Encantado dever\u00e1 ser o nosso \u00faltimo momento de encontros na cidade. Em 2023 voltaremos a ter um ano mais normal na nova cidade\u201d, <\/em>falou<em>.<\/em><\/p>\n\n\n\n<p>&nbsp;Sobre a data Micareta prefeito afirmou que a defini\u00e7\u00e3o ser\u00e1 feita por pessoas envolvidas na festa.<\/p>\n\n\n\n<p><em>\u201cEsperamos a realiza\u00e7\u00e3o da Micareta de Feira de Santana em 2023 e vamos definir a data com quem \u00e9 da \u00e1rea, com quem \u00e9 profissional para poder fazer o melhor\u201d,<\/em> concluir Colbert.<\/p>\n","protected":false},"excerpt":{"rendered":"<p>Por causa da pandemia do Covid-19, todos os eventos p\u00fablicos foram suspensos em Feira de Santana em 2020, entre eles a Micareta e o Natal Encantado, festas que re\u00fanem milhares de pessoas quando s\u00e3o realizados e ficaram impossibilitados de acontecer. Depois da vacina\u00e7\u00e3o da popula\u00e7\u00e3o, queda dos casos do coronavirus e a realiza\u00e7\u00e3o de outros [&hellip;]<\/p>\n","protected":false},"author":2,"featured_media":5634,"comment_status":"open","ping_status":"open","sticky":false,"template":"","format":"standard","meta":{"_monsterinsights_skip_tracking":false,"_monsterinsights_sitenote_active":false,"_monsterinsights_sitenote_note":"","_monsterinsights_sitenote_category":0,"footnotes":""},"categories":[47,45,39],"tags":[],"yoast_head":"<!-- This site is optimized with the Yoast SEO plugin v22.9 - https:\/\/yoast.com\/wordpress\/plugins\/seo\/ -->\n<title>\u201cEstamos discutindo a realiza\u00e7\u00e3o do Natal Encantado e Micareta\u201d, diz secret\u00e1rio - Portal MF<\/title>\n<meta name=\"robots\" content=\"index, follow, max-snippet:-1, max-image-preview:large, max-video-preview:-1\" \/>\n<link rel=\"canonical\" href=\"https:\/\/portalmf.com.br\/index.php\/2022\/11\/04\/estamos-discutindo-a-realizacao-do-natal-encantado-e-micareta-diz-secretario\/\" \/>\n<meta property=\"og:locale\" content=\"pt_BR\" \/>\n<meta property=\"og:type\" content=\"article\" \/>\n<meta property=\"og:title\" content=\"\u201cEstamos discutindo a realiza\u00e7\u00e3o do Natal Encantado e Micareta\u201d, diz secret\u00e1rio - Portal MF\" \/>\n<meta property=\"og:description\" content=\"Por causa da pandemia do Covid-19, todos os eventos p\u00fablicos foram suspensos em Feira de Santana em 2020, entre eles a Micareta e o Natal Encantado, festas que re\u00fanem milhares de pessoas quando s\u00e3o realizados e ficaram impossibilitados de acontecer. Depois da vacina\u00e7\u00e3o da popula\u00e7\u00e3o, queda dos casos do coronavirus e a realiza\u00e7\u00e3o de outros [&hellip;]\" \/>\n<meta property=\"og:url\" content=\"https:\/\/portalmf.com.br\/index.php\/2022\/11\/04\/estamos-discutindo-a-realizacao-do-natal-encantado-e-micareta-diz-secretario\/\" \/>\n<meta property=\"og:site_name\" content=\"Portal MF\" \/>\n<meta property=\"article:author\" content=\"reginaldojrfsa\" \/>\n<meta property=\"article:published_time\" content=\"2022-11-04T23:00:37+00:00\" \/>\n<meta property=\"article:modified_time\" content=\"2022-11-04T23:50:16+00:00\" \/>\n<meta property=\"og:image\" content=\"https:\/\/portalmf.com.br\/wp-content\/uploads\/2022\/11\/foto_Micareta-scaled.jpg\" \/>\n\t<meta property=\"og:image:width\" content=\"2560\" \/>\n\t<meta property=\"og:image:height\" content=\"1920\" \/>\n\t<meta property=\"og:image:type\" content=\"image\/jpeg\" \/>\n<meta name=\"author\" content=\"Reginaldo J\u00fanior\" \/>\n<meta name=\"twitter:card\" content=\"summary_large_image\" \/>\n<meta name=\"twitter:creator\" content=\"@reginaldojrmf\" \/>\n<meta name=\"twitter:label1\" content=\"Escrito por\" \/>\n\t<meta name=\"twitter:data1\" content=\"Reginaldo J\u00fanior\" \/>\n\t<meta name=\"twitter:label2\" content=\"Est. tempo de leitura\" \/>\n\t<meta name=\"twitter:data2\" content=\"3 minutos\" \/>\n<script type=\"application\/ld+json\" class=\"yoast-schema-graph\">{\"@context\":\"https:\/\/schema.org\",\"@graph\":[{\"@type\":\"WebPage\",\"@id\":\"https:\/\/portalmf.com.br\/index.php\/2022\/11\/04\/estamos-discutindo-a-realizacao-do-natal-encantado-e-micareta-diz-secretario\/\",\"url\":\"https:\/\/portalmf.com.br\/index.php\/2022\/11\/04\/estamos-discutindo-a-realizacao-do-natal-encantado-e-micareta-diz-secretario\/\",\"name\":\"\u201cEstamos discutindo a realiza\u00e7\u00e3o do Natal Encantado e Micareta\u201d, diz secret\u00e1rio - Portal MF\",\"isPartOf\":{\"@id\":\"https:\/\/portalmf.com.br\/#website\"},\"primaryImageOfPage\":{\"@id\":\"https:\/\/portalmf.com.br\/index.php\/2022\/11\/04\/estamos-discutindo-a-realizacao-do-natal-encantado-e-micareta-diz-secretario\/#primaryimage\"},\"image\":{\"@id\":\"https:\/\/portalmf.com.br\/index.php\/2022\/11\/04\/estamos-discutindo-a-realizacao-do-natal-encantado-e-micareta-diz-secretario\/#primaryimage\"},\"thumbnailUrl\":\"https:\/\/portalmf.com.br\/wp-content\/uploads\/2022\/11\/foto_Micareta-scaled.jpg\",\"datePublished\":\"2022-11-04T23:00:37+00:00\",\"dateModified\":\"2022-11-04T23:50:16+00:00\",\"author\":{\"@id\":\"https:\/\/portalmf.com.br\/#\/schema\/person\/11c82086fe8abc05a19147e964587285\"},\"breadcrumb\":{\"@id\":\"https:\/\/portalmf.com.br\/index.php\/2022\/11\/04\/estamos-discutindo-a-realizacao-do-natal-encantado-e-micareta-diz-secretario\/#breadcrumb\"},\"inLanguage\":\"pt-BR\",\"potentialAction\":[{\"@type\":\"ReadAction\",\"target\":[\"https:\/\/portalmf.com.br\/index.php\/2022\/11\/04\/estamos-discutindo-a-realizacao-do-natal-encantado-e-micareta-diz-secretario\/\"]}]},{\"@type\":\"ImageObject\",\"inLanguage\":\"pt-BR\",\"@id\":\"https:\/\/portalmf.com.br\/index.php\/2022\/11\/04\/estamos-discutindo-a-realizacao-do-natal-encantado-e-micareta-diz-secretario\/#primaryimage\",\"url\":\"https:\/\/portalmf.com.br\/wp-content\/uploads\/2022\/11\/foto_Micareta-scaled.jpg\",\"contentUrl\":\"https:\/\/portalmf.com.br\/wp-content\/uploads\/2022\/11\/foto_Micareta-scaled.jpg\",\"width\":2560,\"height\":1920,\"caption\":\"Foto: Reginaldo J\u00fanior\/ Portal MF\"},{\"@type\":\"BreadcrumbList\",\"@id\":\"https:\/\/portalmf.com.br\/index.php\/2022\/11\/04\/estamos-discutindo-a-realizacao-do-natal-encantado-e-micareta-diz-secretario\/#breadcrumb\",\"itemListElement\":[{\"@type\":\"ListItem\",\"position\":1,\"name\":\"In\u00edcio\",\"item\":\"https:\/\/portalmf.com.br\/\"},{\"@type\":\"ListItem\",\"position\":2,\"name\":\"\u201cEstamos discutindo a realiza\u00e7\u00e3o do Natal Encantado e Micareta\u201d, diz secret\u00e1rio\"}]},{\"@type\":\"WebSite\",\"@id\":\"https:\/\/portalmf.com.br\/#website\",\"url\":\"https:\/\/portalmf.com.br\/\",\"name\":\"Portal MF\",\"description\":\"Voc\u00ea conectado com a informa\u00e7\u00e3o\",\"potentialAction\":[{\"@type\":\"SearchAction\",\"target\":{\"@type\":\"EntryPoint\",\"urlTemplate\":\"https:\/\/portalmf.com.br\/?s={search_term_string}\"},\"query-input\":\"required name=search_term_string\"}],\"inLanguage\":\"pt-BR\"},{\"@type\":\"Person\",\"@id\":\"https:\/\/portalmf.com.br\/#\/schema\/person\/11c82086fe8abc05a19147e964587285\",\"name\":\"Reginaldo J\u00fanior\",\"image\":{\"@type\":\"ImageObject\",\"inLanguage\":\"pt-BR\",\"@id\":\"https:\/\/portalmf.com.br\/#\/schema\/person\/image\/\",\"url\":\"https:\/\/secure.gravatar.com\/avatar\/32a3c797cd0ac47cc53b8644c62776f9?s=96&d=mm&r=g\",\"contentUrl\":\"https:\/\/secure.gravatar.com\/avatar\/32a3c797cd0ac47cc53b8644c62776f9?s=96&d=mm&r=g\",\"caption\":\"Reginaldo J\u00fanior\"},\"description\":\"Jornalista e idealizador Portal MF\",\"sameAs\":[\"https:\/\/portalmf.com.br\/index.php\/author\/reginaldojr\/\",\"reginaldojrfsa\",\"reginaldojuniormf\",\"https:\/\/x.com\/reginaldojrmf\"],\"url\":\"https:\/\/portalmf.com.br\/index.php\/author\/reginaldojr\/\"}]}<\/script>\n<!-- \/ Yoast SEO plugin. -->","yoast_head_json":{"title":"\u201cEstamos discutindo a realiza\u00e7\u00e3o do Natal Encantado e Micareta\u201d, diz secret\u00e1rio - Portal MF","robots":{"index":"index","follow":"follow","max-snippet":"max-snippet:-1","max-image-preview":"max-image-preview:large","max-video-preview":"max-video-preview:-1"},"canonical":"https:\/\/portalmf.com.br\/index.php\/2022\/11\/04\/estamos-discutindo-a-realizacao-do-natal-encantado-e-micareta-diz-secretario\/","og_locale":"pt_BR","og_type":"article","og_title":"\u201cEstamos discutindo a realiza\u00e7\u00e3o do Natal Encantado e Micareta\u201d, diz secret\u00e1rio - Portal MF","og_description":"Por causa da pandemia do Covid-19, todos os eventos p\u00fablicos foram suspensos em Feira de Santana em 2020, entre eles a Micareta e o Natal Encantado, festas que re\u00fanem milhares de pessoas quando s\u00e3o realizados e ficaram impossibilitados de acontecer. Depois da vacina\u00e7\u00e3o da popula\u00e7\u00e3o, queda dos casos do coronavirus e a realiza\u00e7\u00e3o de outros [&hellip;]","og_url":"https:\/\/portalmf.com.br\/index.php\/2022\/11\/04\/estamos-discutindo-a-realizacao-do-natal-encantado-e-micareta-diz-secretario\/","og_site_name":"Portal MF","article_author":"reginaldojrfsa","article_published_time":"2022-11-04T23:00:37+00:00","article_modified_time":"2022-11-04T23:50:16+00:00","og_image":[{"width":2560,"height":1920,"url":"https:\/\/portalmf.com.br\/wp-content\/uploads\/2022\/11\/foto_Micareta-scaled.jpg","type":"image\/jpeg"}],"author":"Reginaldo J\u00fanior","twitter_card":"summary_large_image","twitter_creator":"@reginaldojrmf","twitter_misc":{"Escrito por":"Reginaldo J\u00fanior","Est. tempo de leitura":"3 minutos"},"schema":{"@context":"https:\/\/schema.org","@graph":[{"@type":"WebPage","@id":"https:\/\/portalmf.com.br\/index.php\/2022\/11\/04\/estamos-discutindo-a-realizacao-do-natal-encantado-e-micareta-diz-secretario\/","url":"https:\/\/portalmf.com.br\/index.php\/2022\/11\/04\/estamos-discutindo-a-realizacao-do-natal-encantado-e-micareta-diz-secretario\/","name":"\u201cEstamos discutindo a realiza\u00e7\u00e3o do Natal Encantado e Micareta\u201d, diz secret\u00e1rio - Portal MF","isPartOf":{"@id":"https:\/\/portalmf.com.br\/#website"},"primaryImageOfPage":{"@id":"https:\/\/portalmf.com.br\/index.php\/2022\/11\/04\/estamos-discutindo-a-realizacao-do-natal-encantado-e-micareta-diz-secretario\/#primaryimage"},"image":{"@id":"https:\/\/portalmf.com.br\/index.php\/2022\/11\/04\/estamos-discutindo-a-realizacao-do-natal-encantado-e-micareta-diz-secretario\/#primaryimage"},"thumbnailUrl":"https:\/\/portalmf.com.br\/wp-content\/uploads\/2022\/11\/foto_Micareta-scaled.jpg","datePublished":"2022-11-04T23:00:37+00:00","dateModified":"2022-11-04T23:50:16+00:00","author":{"@id":"https:\/\/portalmf.com.br\/#\/schema\/person\/11c82086fe8abc05a19147e964587285"},"breadcrumb":{"@id":"https:\/\/portalmf.com.br\/index.php\/2022\/11\/04\/estamos-discutindo-a-realizacao-do-natal-encantado-e-micareta-diz-secretario\/#breadcrumb"},"inLanguage":"pt-BR","potentialAction":[{"@type":"ReadAction","target":["https:\/\/portalmf.com.br\/index.php\/2022\/11\/04\/estamos-discutindo-a-realizacao-do-natal-encantado-e-micareta-diz-secretario\/"]}]},{"@type":"ImageObject","inLanguage":"pt-BR","@id":"https:\/\/portalmf.com.br\/index.php\/2022\/11\/04\/estamos-discutindo-a-realizacao-do-natal-encantado-e-micareta-diz-secretario\/#primaryimage","url":"https:\/\/portalmf.com.br\/wp-content\/uploads\/2022\/11\/foto_Micareta-scaled.jpg","contentUrl":"https:\/\/portalmf.com.br\/wp-content\/uploads\/2022\/11\/foto_Micareta-scaled.jpg","width":2560,"height":1920,"caption":"Foto: Reginaldo J\u00fanior\/ Portal MF"},{"@type":"BreadcrumbList","@id":"https:\/\/portalmf.com.br\/index.php\/2022\/11\/04\/estamos-discutindo-a-realizacao-do-natal-encantado-e-micareta-diz-secretario\/#breadcrumb","itemListElement":[{"@type":"ListItem","position":1,"name":"In\u00edcio","item":"https:\/\/portalmf.com.br\/"},{"@type":"ListItem","position":2,"name":"\u201cEstamos discutindo a realiza\u00e7\u00e3o do Natal Encantado e Micareta\u201d, diz secret\u00e1rio"}]},{"@type":"WebSite","@id":"https:\/\/portalmf.com.br\/#website","url":"https:\/\/portalmf.com.br\/","name":"Portal MF","description":"Voc\u00ea conectado com a informa\u00e7\u00e3o","potentialAction":[{"@type":"SearchAction","target":{"@type":"EntryPoint","urlTemplate":"https:\/\/portalmf.com.br\/?s={search_term_string}"},"query-input":"required name=search_term_string"}],"inLanguage":"pt-BR"},{"@type":"Person","@id":"https:\/\/portalmf.com.br\/#\/schema\/person\/11c82086fe8abc05a19147e964587285","name":"Reginaldo J\u00fanior","image":{"@type":"ImageObject","inLanguage":"pt-BR","@id":"https:\/\/portalmf.com.br\/#\/schema\/person\/image\/","url":"https:\/\/secure.gravatar.com\/avatar\/32a3c797cd0ac47cc53b8644c62776f9?s=96&d=mm&r=g","contentUrl":"https:\/\/secure.gravatar.com\/avatar\/32a3c797cd0ac47cc53b8644c62776f9?s=96&d=mm&r=g","caption":"Reginaldo J\u00fanior"},"description":"Jornalista e idealizador Portal MF","sameAs":["https:\/\/portalmf.com.br\/index.php\/author\/reginaldojr\/","reginaldojrfsa","reginaldojuniormf","https:\/\/x.com\/reginaldojrmf"],"url":"https:\/\/portalmf.com.br\/index.php\/author\/reginaldojr\/"}]}},"_links":{"self":[{"href":"https:\/\/portalmf.com.br\/index.php\/wp-json\/wp\/v2\/posts\/5632"}],"collection":[{"href":"https:\/\/portalmf.com.br\/index.php\/wp-json\/wp\/v2\/posts"}],"about":[{"href":"https:\/\/portalmf.com.br\/index.php\/wp-json\/wp\/v2\/types\/post"}],"author":[{"embeddable":true,"href":"https:\/\/portalmf.com.br\/index.php\/wp-json\/wp\/v2\/users\/2"}],"replies":[{"embeddable":true,"href":"https:\/\/portalmf.com.br\/index.php\/wp-json\/wp\/v2\/comments?post=5632"}],"version-history":[{"count":4,"href":"https:\/\/portalmf.com.br\/index.php\/wp-json\/wp\/v2\/posts\/5632\/revisions"}],"predecessor-version":[{"id":5639,"href":"https:\/\/portalmf.com.br\/index.php\/wp-json\/wp\/v2\/posts\/5632\/revisions\/5639"}],"wp:featuredmedia":[{"embeddable":true,"href":"https:\/\/portalmf.com.br\/index.php\/wp-json\/wp\/v2\/media\/5634"}],"wp:attachment":[{"href":"https:\/\/portalmf.com.br\/index.php\/wp-json\/wp\/v2\/media?parent=5632"}],"wp:term":[{"taxonomy":"category","embeddable":true,"href":"https:\/\/portalmf.com.br\/index.php\/wp-json\/wp\/v2\/categories?post=5632"},{"taxonomy":"post_tag","embeddable":true,"href":"https:\/\/portalmf.com.br\/index.php\/wp-json\/wp\/v2\/tags?post=5632"}],"curies":[{"name":"wp","href":"https:\/\/api.w.org\/{rel}","templated":true}]}}