{"id":5580,"date":"2022-11-01T17:03:06","date_gmt":"2022-11-01T20:03:06","guid":{"rendered":"http:\/\/portalmf.com.br\/?p=5580"},"modified":"2022-11-01T17:06:36","modified_gmt":"2022-11-01T20:06:36","slug":"bolsonaro-pela-primeira-vez-apos-derrota-nas-eleicoes-de-2022","status":"publish","type":"post","link":"https:\/\/portalmf.com.br\/index.php\/2022\/11\/01\/bolsonaro-pela-primeira-vez-apos-derrota-nas-eleicoes-de-2022\/","title":{"rendered":"Bolsonaro pela primeira vez ap\u00f3s derrota nas elei\u00e7\u00f5es de 2022"},"content":{"rendered":"\n<p>O atual presidente Jair Bolsonaro (PL) se pronunciou, nesta quarta-feira (1), sobre o resultado do segundo turno das elei\u00e7\u00f5es 2022. O mandat\u00e1rio foi derrotado pelo petista Luiz In\u00e1cio Lula da Silva no \u00faltimo domingo (30) e passou mais de 44 horas sem realizar uma declara\u00e7\u00e3o sobre o pleito.<\/p>\n\n\n\n<p>Antes de iniciar o discurso, Bolsonaro brincou: <em>&#8220;Eles v\u00e3o sentir falta da gente, n\u00e9?&#8221;,<\/em> direcionando a fala para o ministro da Casa Civil, Ciro Nogueira.<\/p>\n\n\n\n<p>O mandat\u00e1rio come\u00e7ou agradecendo os mais de 58 milh\u00f5es de votos que teve no segundo turno.<\/p>\n\n\n\n<p><em>&#8220;Quero come\u00e7ar agradecendo os 58 milh\u00f5es de brasileiros que votaram em mim no \u00faltimo dia 30 de outubro&#8221;,<\/em> disse o presidente.<\/p>\n\n\n\n<figure class=\"wp-block-embed is-type-video is-provider-youtube wp-block-embed-youtube wp-embed-aspect-16-9 wp-has-aspect-ratio\"><div class=\"wp-block-embed__wrapper\">\n<iframe title=\"Bolsonaro fala pela primeira vez ap\u00f3s derrota nas elei\u00e7\u00f5es; veja \u00edntegra | CNN 360\u00b0\" width=\"696\" height=\"392\" src=\"https:\/\/www.youtube.com\/embed\/x_f0voDjG04?feature=oembed\" frameborder=\"0\" allow=\"accelerometer; autoplay; clipboard-write; encrypted-media; gyroscope; picture-in-picture; web-share\" allowfullscreen><\/iframe>\n<\/div><\/figure>\n\n\n\n<p>Em seguida, o chefe do Executivo comentou sobre as manifesta\u00e7\u00f5es que bloqueiam as estradas em v\u00e1rios estados do pa\u00eds.<\/p>\n\n\n\n<p><em>&#8220;Os atuais movimentos populares s\u00e3o fruto de indigna\u00e7\u00e3o e sentimento de injusti\u00e7a de como se deu o processo eleitoral. As manifesta\u00e7\u00f5es pac\u00edficas sempre ser\u00e3o bem-vindas, mas os nossos m\u00e9todos n\u00e3o podem ser os da esquerda, que sempre prejudicaram a popula\u00e7\u00e3o, como invas\u00e3o de propriedades, destrui\u00e7\u00e3o de patrim\u00f4nio&nbsp;e cerceamento do direito de ir e vir&#8221;.<\/em><\/p>\n\n\n\n<p>Bolsonaro tamb\u00e9m&nbsp;disse que sempre jogou &#8220;dentro das quatro linhas da Constitui\u00e7\u00e3o&#8221;.<\/p>\n\n\n\n<p><em>&#8220;Sempre fui rotulado como antidemocr\u00e1tico e, ao contr\u00e1rio dos meus acusadores, sempre joguei dentro das quatro linhas da Constitui\u00e7\u00e3o. Nunca falei em controlar ou censurar a m\u00eddia e as redes sociais. Enquanto presidente da Rep\u00fablica e cidad\u00e3o, continuarei cumprindo todos os mandamentos da nossa Constitui\u00e7\u00e3o&#8221;,<\/em> continuou.\u00a0<\/p>\n\n\n\n<p>Com informa\u00e7\u00f5es do IG<\/p>\n","protected":false},"excerpt":{"rendered":"<p>O atual presidente Jair Bolsonaro (PL) se pronunciou, nesta quarta-feira (1), sobre o resultado do segundo turno das elei\u00e7\u00f5es 2022. O mandat\u00e1rio foi derrotado pelo petista Luiz In\u00e1cio Lula da Silva no \u00faltimo domingo (30) e passou mais de 44 horas sem realizar uma declara\u00e7\u00e3o sobre o pleito. Antes de iniciar o discurso, Bolsonaro brincou: [&hellip;]<\/p>\n","protected":false},"author":2,"featured_media":5581,"comment_status":"open","ping_status":"open","sticky":false,"template":"","format":"standard","meta":{"_monsterinsights_skip_tracking":false,"_monsterinsights_sitenote_active":false,"_monsterinsights_sitenote_note":"","_monsterinsights_sitenote_category":0,"footnotes":""},"categories":[34],"tags":[66,67,83],"yoast_head":"<!-- This site is optimized with the Yoast SEO plugin v22.9 - https:\/\/yoast.com\/wordpress\/plugins\/seo\/ -->\n<title>Bolsonaro pela primeira vez ap\u00f3s derrota nas elei\u00e7\u00f5es de 2022 - Portal MF<\/title>\n<meta name=\"robots\" content=\"index, follow, max-snippet:-1, max-image-preview:large, max-video-preview:-1\" \/>\n<link rel=\"canonical\" href=\"https:\/\/portalmf.com.br\/index.php\/2022\/11\/01\/bolsonaro-pela-primeira-vez-apos-derrota-nas-eleicoes-de-2022\/\" \/>\n<meta property=\"og:locale\" content=\"pt_BR\" \/>\n<meta property=\"og:type\" content=\"article\" \/>\n<meta property=\"og:title\" content=\"Bolsonaro pela primeira vez ap\u00f3s derrota nas elei\u00e7\u00f5es de 2022 - Portal MF\" \/>\n<meta property=\"og:description\" content=\"O atual presidente Jair Bolsonaro (PL) se pronunciou, nesta quarta-feira (1), sobre o resultado do segundo turno das elei\u00e7\u00f5es 2022. O mandat\u00e1rio foi derrotado pelo petista Luiz In\u00e1cio Lula da Silva no \u00faltimo domingo (30) e passou mais de 44 horas sem realizar uma declara\u00e7\u00e3o sobre o pleito. Antes de iniciar o discurso, Bolsonaro brincou: [&hellip;]\" \/>\n<meta property=\"og:url\" content=\"https:\/\/portalmf.com.br\/index.php\/2022\/11\/01\/bolsonaro-pela-primeira-vez-apos-derrota-nas-eleicoes-de-2022\/\" \/>\n<meta property=\"og:site_name\" content=\"Portal MF\" \/>\n<meta property=\"article:author\" content=\"reginaldojrfsa\" \/>\n<meta property=\"article:published_time\" content=\"2022-11-01T20:03:06+00:00\" \/>\n<meta property=\"article:modified_time\" content=\"2022-11-01T20:06:36+00:00\" \/>\n<meta property=\"og:image\" content=\"https:\/\/portalmf.com.br\/wp-content\/uploads\/2022\/11\/bolsonaro.jpg\" \/>\n\t<meta property=\"og:image:width\" content=\"540\" \/>\n\t<meta property=\"og:image:height\" content=\"304\" \/>\n\t<meta property=\"og:image:type\" content=\"image\/jpeg\" \/>\n<meta name=\"author\" content=\"Reginaldo J\u00fanior\" \/>\n<meta name=\"twitter:card\" content=\"summary_large_image\" \/>\n<meta name=\"twitter:creator\" content=\"@reginaldojrmf\" \/>\n<meta name=\"twitter:label1\" content=\"Escrito por\" \/>\n\t<meta name=\"twitter:data1\" content=\"Reginaldo J\u00fanior\" \/>\n\t<meta name=\"twitter:label2\" content=\"Est. tempo de leitura\" \/>\n\t<meta name=\"twitter:data2\" content=\"2 minutos\" \/>\n<script type=\"application\/ld+json\" class=\"yoast-schema-graph\">{\"@context\":\"https:\/\/schema.org\",\"@graph\":[{\"@type\":\"WebPage\",\"@id\":\"https:\/\/portalmf.com.br\/index.php\/2022\/11\/01\/bolsonaro-pela-primeira-vez-apos-derrota-nas-eleicoes-de-2022\/\",\"url\":\"https:\/\/portalmf.com.br\/index.php\/2022\/11\/01\/bolsonaro-pela-primeira-vez-apos-derrota-nas-eleicoes-de-2022\/\",\"name\":\"Bolsonaro pela primeira vez ap\u00f3s derrota nas elei\u00e7\u00f5es de 2022 - Portal MF\",\"isPartOf\":{\"@id\":\"https:\/\/portalmf.com.br\/#website\"},\"primaryImageOfPage\":{\"@id\":\"https:\/\/portalmf.com.br\/index.php\/2022\/11\/01\/bolsonaro-pela-primeira-vez-apos-derrota-nas-eleicoes-de-2022\/#primaryimage\"},\"image\":{\"@id\":\"https:\/\/portalmf.com.br\/index.php\/2022\/11\/01\/bolsonaro-pela-primeira-vez-apos-derrota-nas-eleicoes-de-2022\/#primaryimage\"},\"thumbnailUrl\":\"https:\/\/portalmf.com.br\/wp-content\/uploads\/2022\/11\/bolsonaro.jpg\",\"datePublished\":\"2022-11-01T20:03:06+00:00\",\"dateModified\":\"2022-11-01T20:06:36+00:00\",\"author\":{\"@id\":\"https:\/\/portalmf.com.br\/#\/schema\/person\/11c82086fe8abc05a19147e964587285\"},\"breadcrumb\":{\"@id\":\"https:\/\/portalmf.com.br\/index.php\/2022\/11\/01\/bolsonaro-pela-primeira-vez-apos-derrota-nas-eleicoes-de-2022\/#breadcrumb\"},\"inLanguage\":\"pt-BR\",\"potentialAction\":[{\"@type\":\"ReadAction\",\"target\":[\"https:\/\/portalmf.com.br\/index.php\/2022\/11\/01\/bolsonaro-pela-primeira-vez-apos-derrota-nas-eleicoes-de-2022\/\"]}]},{\"@type\":\"ImageObject\",\"inLanguage\":\"pt-BR\",\"@id\":\"https:\/\/portalmf.com.br\/index.php\/2022\/11\/01\/bolsonaro-pela-primeira-vez-apos-derrota-nas-eleicoes-de-2022\/#primaryimage\",\"url\":\"https:\/\/portalmf.com.br\/wp-content\/uploads\/2022\/11\/bolsonaro.jpg\",\"contentUrl\":\"https:\/\/portalmf.com.br\/wp-content\/uploads\/2022\/11\/bolsonaro.jpg\",\"width\":540,\"height\":304},{\"@type\":\"BreadcrumbList\",\"@id\":\"https:\/\/portalmf.com.br\/index.php\/2022\/11\/01\/bolsonaro-pela-primeira-vez-apos-derrota-nas-eleicoes-de-2022\/#breadcrumb\",\"itemListElement\":[{\"@type\":\"ListItem\",\"position\":1,\"name\":\"In\u00edcio\",\"item\":\"https:\/\/portalmf.com.br\/\"},{\"@type\":\"ListItem\",\"position\":2,\"name\":\"Bolsonaro pela primeira vez ap\u00f3s derrota nas elei\u00e7\u00f5es de 2022\"}]},{\"@type\":\"WebSite\",\"@id\":\"https:\/\/portalmf.com.br\/#website\",\"url\":\"https:\/\/portalmf.com.br\/\",\"name\":\"Portal MF\",\"description\":\"Voc\u00ea conectado com a informa\u00e7\u00e3o\",\"potentialAction\":[{\"@type\":\"SearchAction\",\"target\":{\"@type\":\"EntryPoint\",\"urlTemplate\":\"https:\/\/portalmf.com.br\/?s={search_term_string}\"},\"query-input\":\"required name=search_term_string\"}],\"inLanguage\":\"pt-BR\"},{\"@type\":\"Person\",\"@id\":\"https:\/\/portalmf.com.br\/#\/schema\/person\/11c82086fe8abc05a19147e964587285\",\"name\":\"Reginaldo J\u00fanior\",\"image\":{\"@type\":\"ImageObject\",\"inLanguage\":\"pt-BR\",\"@id\":\"https:\/\/portalmf.com.br\/#\/schema\/person\/image\/\",\"url\":\"https:\/\/secure.gravatar.com\/avatar\/32a3c797cd0ac47cc53b8644c62776f9?s=96&d=mm&r=g\",\"contentUrl\":\"https:\/\/secure.gravatar.com\/avatar\/32a3c797cd0ac47cc53b8644c62776f9?s=96&d=mm&r=g\",\"caption\":\"Reginaldo J\u00fanior\"},\"description\":\"Jornalista e idealizador Portal MF\",\"sameAs\":[\"https:\/\/portalmf.com.br\/index.php\/author\/reginaldojr\/\",\"reginaldojrfsa\",\"reginaldojuniormf\",\"https:\/\/x.com\/reginaldojrmf\"],\"url\":\"https:\/\/portalmf.com.br\/index.php\/author\/reginaldojr\/\"}]}<\/script>\n<!-- \/ Yoast SEO plugin. -->","yoast_head_json":{"title":"Bolsonaro pela primeira vez ap\u00f3s derrota nas elei\u00e7\u00f5es de 2022 - Portal MF","robots":{"index":"index","follow":"follow","max-snippet":"max-snippet:-1","max-image-preview":"max-image-preview:large","max-video-preview":"max-video-preview:-1"},"canonical":"https:\/\/portalmf.com.br\/index.php\/2022\/11\/01\/bolsonaro-pela-primeira-vez-apos-derrota-nas-eleicoes-de-2022\/","og_locale":"pt_BR","og_type":"article","og_title":"Bolsonaro pela primeira vez ap\u00f3s derrota nas elei\u00e7\u00f5es de 2022 - Portal MF","og_description":"O atual presidente Jair Bolsonaro (PL) se pronunciou, nesta quarta-feira (1), sobre o resultado do segundo turno das elei\u00e7\u00f5es 2022. O mandat\u00e1rio foi derrotado pelo petista Luiz In\u00e1cio Lula da Silva no \u00faltimo domingo (30) e passou mais de 44 horas sem realizar uma declara\u00e7\u00e3o sobre o pleito. Antes de iniciar o discurso, Bolsonaro brincou: [&hellip;]","og_url":"https:\/\/portalmf.com.br\/index.php\/2022\/11\/01\/bolsonaro-pela-primeira-vez-apos-derrota-nas-eleicoes-de-2022\/","og_site_name":"Portal MF","article_author":"reginaldojrfsa","article_published_time":"2022-11-01T20:03:06+00:00","article_modified_time":"2022-11-01T20:06:36+00:00","og_image":[{"width":540,"height":304,"url":"https:\/\/portalmf.com.br\/wp-content\/uploads\/2022\/11\/bolsonaro.jpg","type":"image\/jpeg"}],"author":"Reginaldo J\u00fanior","twitter_card":"summary_large_image","twitter_creator":"@reginaldojrmf","twitter_misc":{"Escrito por":"Reginaldo J\u00fanior","Est. tempo de leitura":"2 minutos"},"schema":{"@context":"https:\/\/schema.org","@graph":[{"@type":"WebPage","@id":"https:\/\/portalmf.com.br\/index.php\/2022\/11\/01\/bolsonaro-pela-primeira-vez-apos-derrota-nas-eleicoes-de-2022\/","url":"https:\/\/portalmf.com.br\/index.php\/2022\/11\/01\/bolsonaro-pela-primeira-vez-apos-derrota-nas-eleicoes-de-2022\/","name":"Bolsonaro pela primeira vez ap\u00f3s derrota nas elei\u00e7\u00f5es de 2022 - Portal MF","isPartOf":{"@id":"https:\/\/portalmf.com.br\/#website"},"primaryImageOfPage":{"@id":"https:\/\/portalmf.com.br\/index.php\/2022\/11\/01\/bolsonaro-pela-primeira-vez-apos-derrota-nas-eleicoes-de-2022\/#primaryimage"},"image":{"@id":"https:\/\/portalmf.com.br\/index.php\/2022\/11\/01\/bolsonaro-pela-primeira-vez-apos-derrota-nas-eleicoes-de-2022\/#primaryimage"},"thumbnailUrl":"https:\/\/portalmf.com.br\/wp-content\/uploads\/2022\/11\/bolsonaro.jpg","datePublished":"2022-11-01T20:03:06+00:00","dateModified":"2022-11-01T20:06:36+00:00","author":{"@id":"https:\/\/portalmf.com.br\/#\/schema\/person\/11c82086fe8abc05a19147e964587285"},"breadcrumb":{"@id":"https:\/\/portalmf.com.br\/index.php\/2022\/11\/01\/bolsonaro-pela-primeira-vez-apos-derrota-nas-eleicoes-de-2022\/#breadcrumb"},"inLanguage":"pt-BR","potentialAction":[{"@type":"ReadAction","target":["https:\/\/portalmf.com.br\/index.php\/2022\/11\/01\/bolsonaro-pela-primeira-vez-apos-derrota-nas-eleicoes-de-2022\/"]}]},{"@type":"ImageObject","inLanguage":"pt-BR","@id":"https:\/\/portalmf.com.br\/index.php\/2022\/11\/01\/bolsonaro-pela-primeira-vez-apos-derrota-nas-eleicoes-de-2022\/#primaryimage","url":"https:\/\/portalmf.com.br\/wp-content\/uploads\/2022\/11\/bolsonaro.jpg","contentUrl":"https:\/\/portalmf.com.br\/wp-content\/uploads\/2022\/11\/bolsonaro.jpg","width":540,"height":304},{"@type":"BreadcrumbList","@id":"https:\/\/portalmf.com.br\/index.php\/2022\/11\/01\/bolsonaro-pela-primeira-vez-apos-derrota-nas-eleicoes-de-2022\/#breadcrumb","itemListElement":[{"@type":"ListItem","position":1,"name":"In\u00edcio","item":"https:\/\/portalmf.com.br\/"},{"@type":"ListItem","position":2,"name":"Bolsonaro pela primeira vez ap\u00f3s derrota nas elei\u00e7\u00f5es de 2022"}]},{"@type":"WebSite","@id":"https:\/\/portalmf.com.br\/#website","url":"https:\/\/portalmf.com.br\/","name":"Portal MF","description":"Voc\u00ea conectado com a informa\u00e7\u00e3o","potentialAction":[{"@type":"SearchAction","target":{"@type":"EntryPoint","urlTemplate":"https:\/\/portalmf.com.br\/?s={search_term_string}"},"query-input":"required name=search_term_string"}],"inLanguage":"pt-BR"},{"@type":"Person","@id":"https:\/\/portalmf.com.br\/#\/schema\/person\/11c82086fe8abc05a19147e964587285","name":"Reginaldo J\u00fanior","image":{"@type":"ImageObject","inLanguage":"pt-BR","@id":"https:\/\/portalmf.com.br\/#\/schema\/person\/image\/","url":"https:\/\/secure.gravatar.com\/avatar\/32a3c797cd0ac47cc53b8644c62776f9?s=96&d=mm&r=g","contentUrl":"https:\/\/secure.gravatar.com\/avatar\/32a3c797cd0ac47cc53b8644c62776f9?s=96&d=mm&r=g","caption":"Reginaldo J\u00fanior"},"description":"Jornalista e idealizador Portal MF","sameAs":["https:\/\/portalmf.com.br\/index.php\/author\/reginaldojr\/","reginaldojrfsa","reginaldojuniormf","https:\/\/x.com\/reginaldojrmf"],"url":"https:\/\/portalmf.com.br\/index.php\/author\/reginaldojr\/"}]}},"_links":{"self":[{"href":"https:\/\/portalmf.com.br\/index.php\/wp-json\/wp\/v2\/posts\/5580"}],"collection":[{"href":"https:\/\/portalmf.com.br\/index.php\/wp-json\/wp\/v2\/posts"}],"about":[{"href":"https:\/\/portalmf.com.br\/index.php\/wp-json\/wp\/v2\/types\/post"}],"author":[{"embeddable":true,"href":"https:\/\/portalmf.com.br\/index.php\/wp-json\/wp\/v2\/users\/2"}],"replies":[{"embeddable":true,"href":"https:\/\/portalmf.com.br\/index.php\/wp-json\/wp\/v2\/comments?post=5580"}],"version-history":[{"count":3,"href":"https:\/\/portalmf.com.br\/index.php\/wp-json\/wp\/v2\/posts\/5580\/revisions"}],"predecessor-version":[{"id":5585,"href":"https:\/\/portalmf.com.br\/index.php\/wp-json\/wp\/v2\/posts\/5580\/revisions\/5585"}],"wp:featuredmedia":[{"embeddable":true,"href":"https:\/\/portalmf.com.br\/index.php\/wp-json\/wp\/v2\/media\/5581"}],"wp:attachment":[{"href":"https:\/\/portalmf.com.br\/index.php\/wp-json\/wp\/v2\/media?parent=5580"}],"wp:term":[{"taxonomy":"category","embeddable":true,"href":"https:\/\/portalmf.com.br\/index.php\/wp-json\/wp\/v2\/categories?post=5580"},{"taxonomy":"post_tag","embeddable":true,"href":"https:\/\/portalmf.com.br\/index.php\/wp-json\/wp\/v2\/tags?post=5580"}],"curies":[{"name":"wp","href":"https:\/\/api.w.org\/{rel}","templated":true}]}}