{"id":5562,"date":"2022-11-01T15:54:34","date_gmt":"2022-11-01T18:54:34","guid":{"rendered":"http:\/\/portalmf.com.br\/?p=5562"},"modified":"2022-11-01T15:54:35","modified_gmt":"2022-11-01T18:54:35","slug":"jeronimo-vai-ao-bonfim-agradecer-vitoria-nas-urnas-e-pede-construcao-de-unidade-na-bahia","status":"publish","type":"post","link":"https:\/\/portalmf.com.br\/index.php\/2022\/11\/01\/jeronimo-vai-ao-bonfim-agradecer-vitoria-nas-urnas-e-pede-construcao-de-unidade-na-bahia\/","title":{"rendered":"Jer\u00f4nimo vai ao Bonfim agradecer vitoria nas urnas e pede constru\u00e7\u00e3o de unidade na Bahia"},"content":{"rendered":"\n<p>O governador eleito da Bahia, Jer\u00f4nimo Rodrigues (PT), foi at\u00e9 a Igreja do Bonfim, em Salvador, na tarde desta segunda-feira (31), primeiro compromisso p\u00fablico ap\u00f3s vencer as elei\u00e7\u00f5es no estado. O pr\u00f3ximo chefe do Executivo baiano repetiu a peregrina\u00e7\u00e3o que fez durante a pr\u00e9-campanha e campanha quando foi pedir for\u00e7as ao Senhor do Bonfim, padroeiro da Bahia e, agora, ainda mais for\u00e7a e sabedoria para que possa conduzir os destinos dos baianos e baianas, a partir de janeiro de 2023.<\/p>\n\n\n\n<p><em>\u201cComo \u00e9 de todo bom crist\u00e3o, quem pede, agradece, mas agradece pedindo mais. Pedindo que a paz continue no nosso pa\u00eds, que acabe essa divis\u00e3o perversa de dois brasis que n\u00e3o existem, \u00e9 um Brasil s\u00f3, um povo s\u00f3, e pedir para que Deus ilumine Lula para que ele possa conduzir pelo caminho da unidade um pa\u00eds, ferido por conta da fome e do desemprego, mas aben\u00e7oado por Deus\u201d,<\/em> afirmou o petista durante conversa com a imprensa na entrada da bas\u00edlica. <\/p>\n\n\n\n<p><em>&#8220;Eu quero fazer um apelo para que a gente possa construir uma unidade na Bahia&#8221;<\/em>, acrescentou o petista ao destacar que as elei\u00e7\u00f5es j\u00e1 foram conclu\u00eddas e o momento \u00e9 de uni\u00e3o.<\/p>\n\n\n\n<figure class=\"wp-block-image size-large\"><img fetchpriority=\"high\" decoding=\"async\" width=\"1024\" height=\"682\" src=\"http:\/\/portalmf.com.br\/wp-content\/uploads\/2022\/11\/Jeronimo-vai-ao-Bonfim-agradecer-vitoria-nas-urnas-e-pede-construcao-de-unidade-na-Bahia-1-1024x682.jpeg\" alt=\"\" class=\"wp-image-5563\" srcset=\"https:\/\/portalmf.com.br\/wp-content\/uploads\/2022\/11\/Jeronimo-vai-ao-Bonfim-agradecer-vitoria-nas-urnas-e-pede-construcao-de-unidade-na-Bahia-1-1024x682.jpeg 1024w, https:\/\/portalmf.com.br\/wp-content\/uploads\/2022\/11\/Jeronimo-vai-ao-Bonfim-agradecer-vitoria-nas-urnas-e-pede-construcao-de-unidade-na-Bahia-1-300x200.jpeg 300w, https:\/\/portalmf.com.br\/wp-content\/uploads\/2022\/11\/Jeronimo-vai-ao-Bonfim-agradecer-vitoria-nas-urnas-e-pede-construcao-de-unidade-na-Bahia-1-768x512.jpeg 768w, https:\/\/portalmf.com.br\/wp-content\/uploads\/2022\/11\/Jeronimo-vai-ao-Bonfim-agradecer-vitoria-nas-urnas-e-pede-construcao-de-unidade-na-Bahia-1-1170x780.jpeg 1170w, https:\/\/portalmf.com.br\/wp-content\/uploads\/2022\/11\/Jeronimo-vai-ao-Bonfim-agradecer-vitoria-nas-urnas-e-pede-construcao-de-unidade-na-Bahia-1-585x390.jpeg 585w, https:\/\/portalmf.com.br\/wp-content\/uploads\/2022\/11\/Jeronimo-vai-ao-Bonfim-agradecer-vitoria-nas-urnas-e-pede-construcao-de-unidade-na-Bahia-1-263x175.jpeg 263w, https:\/\/portalmf.com.br\/wp-content\/uploads\/2022\/11\/Jeronimo-vai-ao-Bonfim-agradecer-vitoria-nas-urnas-e-pede-construcao-de-unidade-na-Bahia-1.jpeg 1280w\" sizes=\"(max-width: 1024px) 100vw, 1024px\" \/><\/figure>\n\n\n\n<p>Jer\u00f4nimo agradeceu ainda aos eleitores baianos pelo reconhecimento do trabalho realizado pelos governos Jaques Wagner e Rui Costa e que depositaram nele a confian\u00e7a de dar continuidade ao projeto que tem transformado a Bahia nesses \u00faltimos 16 anos.<em> \u201cA vota\u00e7\u00e3o serviu para decidir quem ir\u00e1 governar, mas a elei\u00e7\u00e3o passou e os quase 4,5 milh\u00f5es de votos, agora, se multiplicam para quase 16 milh\u00f5es de pessoas, que \u00e9 o povo baiano. Saberemos tratar cada canto, cada munic\u00edpio, independente da vota\u00e7\u00e3o que tivemos. Iremos governar para toda a Bahia\u201d,<\/em> disse.<\/p>\n\n\n\n<p>O governador eleito participou da missa na Igreja do Bonfim acompanhado da futura primeira-dama da Bahia, Tatiana Veloso, do filho Jo\u00e3o Gabriel, do vice-governador eleito, Geraldo J\u00fanior (MDB), do senador Otto Alencar (PSD), al\u00e9m de prefeitos, deputados, vereadores e lideran\u00e7as pol\u00edticas.<\/p>\n\n\n\n<figure class=\"wp-block-image size-large\"><img decoding=\"async\" width=\"1024\" height=\"682\" src=\"http:\/\/portalmf.com.br\/wp-content\/uploads\/2022\/11\/Jeronimo-vai-ao-Bonfim-agradecer-vitoria-nas-urnas-e-pede-construcao-de-unidade-na-Bahia-3-1024x682.jpeg\" alt=\"\" class=\"wp-image-5565\" srcset=\"https:\/\/portalmf.com.br\/wp-content\/uploads\/2022\/11\/Jeronimo-vai-ao-Bonfim-agradecer-vitoria-nas-urnas-e-pede-construcao-de-unidade-na-Bahia-3-1024x682.jpeg 1024w, https:\/\/portalmf.com.br\/wp-content\/uploads\/2022\/11\/Jeronimo-vai-ao-Bonfim-agradecer-vitoria-nas-urnas-e-pede-construcao-de-unidade-na-Bahia-3-300x200.jpeg 300w, https:\/\/portalmf.com.br\/wp-content\/uploads\/2022\/11\/Jeronimo-vai-ao-Bonfim-agradecer-vitoria-nas-urnas-e-pede-construcao-de-unidade-na-Bahia-3-768x512.jpeg 768w, https:\/\/portalmf.com.br\/wp-content\/uploads\/2022\/11\/Jeronimo-vai-ao-Bonfim-agradecer-vitoria-nas-urnas-e-pede-construcao-de-unidade-na-Bahia-3-1170x780.jpeg 1170w, https:\/\/portalmf.com.br\/wp-content\/uploads\/2022\/11\/Jeronimo-vai-ao-Bonfim-agradecer-vitoria-nas-urnas-e-pede-construcao-de-unidade-na-Bahia-3-585x390.jpeg 585w, https:\/\/portalmf.com.br\/wp-content\/uploads\/2022\/11\/Jeronimo-vai-ao-Bonfim-agradecer-vitoria-nas-urnas-e-pede-construcao-de-unidade-na-Bahia-3-263x175.jpeg 263w, https:\/\/portalmf.com.br\/wp-content\/uploads\/2022\/11\/Jeronimo-vai-ao-Bonfim-agradecer-vitoria-nas-urnas-e-pede-construcao-de-unidade-na-Bahia-3.jpeg 1280w\" sizes=\"(max-width: 1024px) 100vw, 1024px\" \/><\/figure>\n","protected":false},"excerpt":{"rendered":"<p>O governador eleito da Bahia, Jer\u00f4nimo Rodrigues (PT), foi at\u00e9 a Igreja do Bonfim, em Salvador, na tarde desta segunda-feira (31), primeiro compromisso p\u00fablico ap\u00f3s vencer as elei\u00e7\u00f5es no estado. O pr\u00f3ximo chefe do Executivo baiano repetiu a peregrina\u00e7\u00e3o que fez durante a pr\u00e9-campanha e campanha quando foi pedir for\u00e7as ao Senhor do Bonfim, padroeiro [&hellip;]<\/p>\n","protected":false},"author":2,"featured_media":5564,"comment_status":"open","ping_status":"open","sticky":false,"template":"","format":"standard","meta":{"_monsterinsights_skip_tracking":false,"_monsterinsights_sitenote_active":false,"_monsterinsights_sitenote_note":"","_monsterinsights_sitenote_category":0,"footnotes":""},"categories":[34],"tags":[66,67,73,70],"yoast_head":"<!-- This site is optimized with the Yoast SEO plugin v22.9 - https:\/\/yoast.com\/wordpress\/plugins\/seo\/ -->\n<title>Jer\u00f4nimo vai ao Bonfim agradecer vitoria nas urnas e pede constru\u00e7\u00e3o de unidade na Bahia - Portal MF<\/title>\n<meta name=\"robots\" content=\"index, follow, max-snippet:-1, max-image-preview:large, max-video-preview:-1\" \/>\n<link rel=\"canonical\" href=\"https:\/\/portalmf.com.br\/index.php\/2022\/11\/01\/jeronimo-vai-ao-bonfim-agradecer-vitoria-nas-urnas-e-pede-construcao-de-unidade-na-bahia\/\" \/>\n<meta property=\"og:locale\" content=\"pt_BR\" \/>\n<meta property=\"og:type\" content=\"article\" \/>\n<meta property=\"og:title\" content=\"Jer\u00f4nimo vai ao Bonfim agradecer vitoria nas urnas e pede constru\u00e7\u00e3o de unidade na Bahia - Portal MF\" \/>\n<meta property=\"og:description\" content=\"O governador eleito da Bahia, Jer\u00f4nimo Rodrigues (PT), foi at\u00e9 a Igreja do Bonfim, em Salvador, na tarde desta segunda-feira (31), primeiro compromisso p\u00fablico ap\u00f3s vencer as elei\u00e7\u00f5es no estado. O pr\u00f3ximo chefe do Executivo baiano repetiu a peregrina\u00e7\u00e3o que fez durante a pr\u00e9-campanha e campanha quando foi pedir for\u00e7as ao Senhor do Bonfim, padroeiro [&hellip;]\" \/>\n<meta property=\"og:url\" content=\"https:\/\/portalmf.com.br\/index.php\/2022\/11\/01\/jeronimo-vai-ao-bonfim-agradecer-vitoria-nas-urnas-e-pede-construcao-de-unidade-na-bahia\/\" \/>\n<meta property=\"og:site_name\" content=\"Portal MF\" \/>\n<meta property=\"article:author\" content=\"reginaldojrfsa\" \/>\n<meta property=\"article:published_time\" content=\"2022-11-01T18:54:34+00:00\" \/>\n<meta property=\"article:modified_time\" content=\"2022-11-01T18:54:35+00:00\" \/>\n<meta property=\"og:image\" content=\"https:\/\/portalmf.com.br\/wp-content\/uploads\/2022\/11\/Jeronimo-vai-ao-Bonfim-agradecer-vitoria-nas-urnas-e-pede-construcao-de-unidade-na-Bahia-2.jpeg\" \/>\n\t<meta property=\"og:image:width\" content=\"1280\" \/>\n\t<meta property=\"og:image:height\" content=\"853\" \/>\n\t<meta property=\"og:image:type\" content=\"image\/jpeg\" \/>\n<meta name=\"author\" content=\"Reginaldo J\u00fanior\" \/>\n<meta name=\"twitter:card\" content=\"summary_large_image\" \/>\n<meta name=\"twitter:creator\" content=\"@reginaldojrmf\" \/>\n<meta name=\"twitter:label1\" content=\"Escrito por\" \/>\n\t<meta name=\"twitter:data1\" content=\"Reginaldo J\u00fanior\" \/>\n\t<meta name=\"twitter:label2\" content=\"Est. tempo de leitura\" \/>\n\t<meta name=\"twitter:data2\" content=\"3 minutos\" \/>\n<script type=\"application\/ld+json\" class=\"yoast-schema-graph\">{\"@context\":\"https:\/\/schema.org\",\"@graph\":[{\"@type\":\"WebPage\",\"@id\":\"https:\/\/portalmf.com.br\/index.php\/2022\/11\/01\/jeronimo-vai-ao-bonfim-agradecer-vitoria-nas-urnas-e-pede-construcao-de-unidade-na-bahia\/\",\"url\":\"https:\/\/portalmf.com.br\/index.php\/2022\/11\/01\/jeronimo-vai-ao-bonfim-agradecer-vitoria-nas-urnas-e-pede-construcao-de-unidade-na-bahia\/\",\"name\":\"Jer\u00f4nimo vai ao Bonfim agradecer vitoria nas urnas e pede constru\u00e7\u00e3o de unidade na Bahia - Portal MF\",\"isPartOf\":{\"@id\":\"https:\/\/portalmf.com.br\/#website\"},\"primaryImageOfPage\":{\"@id\":\"https:\/\/portalmf.com.br\/index.php\/2022\/11\/01\/jeronimo-vai-ao-bonfim-agradecer-vitoria-nas-urnas-e-pede-construcao-de-unidade-na-bahia\/#primaryimage\"},\"image\":{\"@id\":\"https:\/\/portalmf.com.br\/index.php\/2022\/11\/01\/jeronimo-vai-ao-bonfim-agradecer-vitoria-nas-urnas-e-pede-construcao-de-unidade-na-bahia\/#primaryimage\"},\"thumbnailUrl\":\"https:\/\/portalmf.com.br\/wp-content\/uploads\/2022\/11\/Jeronimo-vai-ao-Bonfim-agradecer-vitoria-nas-urnas-e-pede-construcao-de-unidade-na-Bahia-2.jpeg\",\"datePublished\":\"2022-11-01T18:54:34+00:00\",\"dateModified\":\"2022-11-01T18:54:35+00:00\",\"author\":{\"@id\":\"https:\/\/portalmf.com.br\/#\/schema\/person\/11c82086fe8abc05a19147e964587285\"},\"breadcrumb\":{\"@id\":\"https:\/\/portalmf.com.br\/index.php\/2022\/11\/01\/jeronimo-vai-ao-bonfim-agradecer-vitoria-nas-urnas-e-pede-construcao-de-unidade-na-bahia\/#breadcrumb\"},\"inLanguage\":\"pt-BR\",\"potentialAction\":[{\"@type\":\"ReadAction\",\"target\":[\"https:\/\/portalmf.com.br\/index.php\/2022\/11\/01\/jeronimo-vai-ao-bonfim-agradecer-vitoria-nas-urnas-e-pede-construcao-de-unidade-na-bahia\/\"]}]},{\"@type\":\"ImageObject\",\"inLanguage\":\"pt-BR\",\"@id\":\"https:\/\/portalmf.com.br\/index.php\/2022\/11\/01\/jeronimo-vai-ao-bonfim-agradecer-vitoria-nas-urnas-e-pede-construcao-de-unidade-na-bahia\/#primaryimage\",\"url\":\"https:\/\/portalmf.com.br\/wp-content\/uploads\/2022\/11\/Jeronimo-vai-ao-Bonfim-agradecer-vitoria-nas-urnas-e-pede-construcao-de-unidade-na-Bahia-2.jpeg\",\"contentUrl\":\"https:\/\/portalmf.com.br\/wp-content\/uploads\/2022\/11\/Jeronimo-vai-ao-Bonfim-agradecer-vitoria-nas-urnas-e-pede-construcao-de-unidade-na-Bahia-2.jpeg\",\"width\":1280,\"height\":853},{\"@type\":\"BreadcrumbList\",\"@id\":\"https:\/\/portalmf.com.br\/index.php\/2022\/11\/01\/jeronimo-vai-ao-bonfim-agradecer-vitoria-nas-urnas-e-pede-construcao-de-unidade-na-bahia\/#breadcrumb\",\"itemListElement\":[{\"@type\":\"ListItem\",\"position\":1,\"name\":\"In\u00edcio\",\"item\":\"https:\/\/portalmf.com.br\/\"},{\"@type\":\"ListItem\",\"position\":2,\"name\":\"Jer\u00f4nimo vai ao Bonfim agradecer vitoria nas urnas e pede constru\u00e7\u00e3o de unidade na Bahia\"}]},{\"@type\":\"WebSite\",\"@id\":\"https:\/\/portalmf.com.br\/#website\",\"url\":\"https:\/\/portalmf.com.br\/\",\"name\":\"Portal MF\",\"description\":\"Voc\u00ea conectado com a informa\u00e7\u00e3o\",\"potentialAction\":[{\"@type\":\"SearchAction\",\"target\":{\"@type\":\"EntryPoint\",\"urlTemplate\":\"https:\/\/portalmf.com.br\/?s={search_term_string}\"},\"query-input\":\"required name=search_term_string\"}],\"inLanguage\":\"pt-BR\"},{\"@type\":\"Person\",\"@id\":\"https:\/\/portalmf.com.br\/#\/schema\/person\/11c82086fe8abc05a19147e964587285\",\"name\":\"Reginaldo J\u00fanior\",\"image\":{\"@type\":\"ImageObject\",\"inLanguage\":\"pt-BR\",\"@id\":\"https:\/\/portalmf.com.br\/#\/schema\/person\/image\/\",\"url\":\"https:\/\/secure.gravatar.com\/avatar\/32a3c797cd0ac47cc53b8644c62776f9?s=96&d=mm&r=g\",\"contentUrl\":\"https:\/\/secure.gravatar.com\/avatar\/32a3c797cd0ac47cc53b8644c62776f9?s=96&d=mm&r=g\",\"caption\":\"Reginaldo J\u00fanior\"},\"description\":\"Jornalista e idealizador Portal MF\",\"sameAs\":[\"https:\/\/portalmf.com.br\/index.php\/author\/reginaldojr\/\",\"reginaldojrfsa\",\"reginaldojuniormf\",\"https:\/\/x.com\/reginaldojrmf\"],\"url\":\"https:\/\/portalmf.com.br\/index.php\/author\/reginaldojr\/\"}]}<\/script>\n<!-- \/ Yoast SEO plugin. -->","yoast_head_json":{"title":"Jer\u00f4nimo vai ao Bonfim agradecer vitoria nas urnas e pede constru\u00e7\u00e3o de unidade na Bahia - Portal MF","robots":{"index":"index","follow":"follow","max-snippet":"max-snippet:-1","max-image-preview":"max-image-preview:large","max-video-preview":"max-video-preview:-1"},"canonical":"https:\/\/portalmf.com.br\/index.php\/2022\/11\/01\/jeronimo-vai-ao-bonfim-agradecer-vitoria-nas-urnas-e-pede-construcao-de-unidade-na-bahia\/","og_locale":"pt_BR","og_type":"article","og_title":"Jer\u00f4nimo vai ao Bonfim agradecer vitoria nas urnas e pede constru\u00e7\u00e3o de unidade na Bahia - Portal MF","og_description":"O governador eleito da Bahia, Jer\u00f4nimo Rodrigues (PT), foi at\u00e9 a Igreja do Bonfim, em Salvador, na tarde desta segunda-feira (31), primeiro compromisso p\u00fablico ap\u00f3s vencer as elei\u00e7\u00f5es no estado. O pr\u00f3ximo chefe do Executivo baiano repetiu a peregrina\u00e7\u00e3o que fez durante a pr\u00e9-campanha e campanha quando foi pedir for\u00e7as ao Senhor do Bonfim, padroeiro [&hellip;]","og_url":"https:\/\/portalmf.com.br\/index.php\/2022\/11\/01\/jeronimo-vai-ao-bonfim-agradecer-vitoria-nas-urnas-e-pede-construcao-de-unidade-na-bahia\/","og_site_name":"Portal MF","article_author":"reginaldojrfsa","article_published_time":"2022-11-01T18:54:34+00:00","article_modified_time":"2022-11-01T18:54:35+00:00","og_image":[{"width":1280,"height":853,"url":"https:\/\/portalmf.com.br\/wp-content\/uploads\/2022\/11\/Jeronimo-vai-ao-Bonfim-agradecer-vitoria-nas-urnas-e-pede-construcao-de-unidade-na-Bahia-2.jpeg","type":"image\/jpeg"}],"author":"Reginaldo J\u00fanior","twitter_card":"summary_large_image","twitter_creator":"@reginaldojrmf","twitter_misc":{"Escrito por":"Reginaldo J\u00fanior","Est. tempo de leitura":"3 minutos"},"schema":{"@context":"https:\/\/schema.org","@graph":[{"@type":"WebPage","@id":"https:\/\/portalmf.com.br\/index.php\/2022\/11\/01\/jeronimo-vai-ao-bonfim-agradecer-vitoria-nas-urnas-e-pede-construcao-de-unidade-na-bahia\/","url":"https:\/\/portalmf.com.br\/index.php\/2022\/11\/01\/jeronimo-vai-ao-bonfim-agradecer-vitoria-nas-urnas-e-pede-construcao-de-unidade-na-bahia\/","name":"Jer\u00f4nimo vai ao Bonfim agradecer vitoria nas urnas e pede constru\u00e7\u00e3o de unidade na Bahia - Portal MF","isPartOf":{"@id":"https:\/\/portalmf.com.br\/#website"},"primaryImageOfPage":{"@id":"https:\/\/portalmf.com.br\/index.php\/2022\/11\/01\/jeronimo-vai-ao-bonfim-agradecer-vitoria-nas-urnas-e-pede-construcao-de-unidade-na-bahia\/#primaryimage"},"image":{"@id":"https:\/\/portalmf.com.br\/index.php\/2022\/11\/01\/jeronimo-vai-ao-bonfim-agradecer-vitoria-nas-urnas-e-pede-construcao-de-unidade-na-bahia\/#primaryimage"},"thumbnailUrl":"https:\/\/portalmf.com.br\/wp-content\/uploads\/2022\/11\/Jeronimo-vai-ao-Bonfim-agradecer-vitoria-nas-urnas-e-pede-construcao-de-unidade-na-Bahia-2.jpeg","datePublished":"2022-11-01T18:54:34+00:00","dateModified":"2022-11-01T18:54:35+00:00","author":{"@id":"https:\/\/portalmf.com.br\/#\/schema\/person\/11c82086fe8abc05a19147e964587285"},"breadcrumb":{"@id":"https:\/\/portalmf.com.br\/index.php\/2022\/11\/01\/jeronimo-vai-ao-bonfim-agradecer-vitoria-nas-urnas-e-pede-construcao-de-unidade-na-bahia\/#breadcrumb"},"inLanguage":"pt-BR","potentialAction":[{"@type":"ReadAction","target":["https:\/\/portalmf.com.br\/index.php\/2022\/11\/01\/jeronimo-vai-ao-bonfim-agradecer-vitoria-nas-urnas-e-pede-construcao-de-unidade-na-bahia\/"]}]},{"@type":"ImageObject","inLanguage":"pt-BR","@id":"https:\/\/portalmf.com.br\/index.php\/2022\/11\/01\/jeronimo-vai-ao-bonfim-agradecer-vitoria-nas-urnas-e-pede-construcao-de-unidade-na-bahia\/#primaryimage","url":"https:\/\/portalmf.com.br\/wp-content\/uploads\/2022\/11\/Jeronimo-vai-ao-Bonfim-agradecer-vitoria-nas-urnas-e-pede-construcao-de-unidade-na-Bahia-2.jpeg","contentUrl":"https:\/\/portalmf.com.br\/wp-content\/uploads\/2022\/11\/Jeronimo-vai-ao-Bonfim-agradecer-vitoria-nas-urnas-e-pede-construcao-de-unidade-na-Bahia-2.jpeg","width":1280,"height":853},{"@type":"BreadcrumbList","@id":"https:\/\/portalmf.com.br\/index.php\/2022\/11\/01\/jeronimo-vai-ao-bonfim-agradecer-vitoria-nas-urnas-e-pede-construcao-de-unidade-na-bahia\/#breadcrumb","itemListElement":[{"@type":"ListItem","position":1,"name":"In\u00edcio","item":"https:\/\/portalmf.com.br\/"},{"@type":"ListItem","position":2,"name":"Jer\u00f4nimo vai ao Bonfim agradecer vitoria nas urnas e pede constru\u00e7\u00e3o de unidade na Bahia"}]},{"@type":"WebSite","@id":"https:\/\/portalmf.com.br\/#website","url":"https:\/\/portalmf.com.br\/","name":"Portal MF","description":"Voc\u00ea conectado com a informa\u00e7\u00e3o","potentialAction":[{"@type":"SearchAction","target":{"@type":"EntryPoint","urlTemplate":"https:\/\/portalmf.com.br\/?s={search_term_string}"},"query-input":"required name=search_term_string"}],"inLanguage":"pt-BR"},{"@type":"Person","@id":"https:\/\/portalmf.com.br\/#\/schema\/person\/11c82086fe8abc05a19147e964587285","name":"Reginaldo J\u00fanior","image":{"@type":"ImageObject","inLanguage":"pt-BR","@id":"https:\/\/portalmf.com.br\/#\/schema\/person\/image\/","url":"https:\/\/secure.gravatar.com\/avatar\/32a3c797cd0ac47cc53b8644c62776f9?s=96&d=mm&r=g","contentUrl":"https:\/\/secure.gravatar.com\/avatar\/32a3c797cd0ac47cc53b8644c62776f9?s=96&d=mm&r=g","caption":"Reginaldo J\u00fanior"},"description":"Jornalista e idealizador Portal MF","sameAs":["https:\/\/portalmf.com.br\/index.php\/author\/reginaldojr\/","reginaldojrfsa","reginaldojuniormf","https:\/\/x.com\/reginaldojrmf"],"url":"https:\/\/portalmf.com.br\/index.php\/author\/reginaldojr\/"}]}},"_links":{"self":[{"href":"https:\/\/portalmf.com.br\/index.php\/wp-json\/wp\/v2\/posts\/5562"}],"collection":[{"href":"https:\/\/portalmf.com.br\/index.php\/wp-json\/wp\/v2\/posts"}],"about":[{"href":"https:\/\/portalmf.com.br\/index.php\/wp-json\/wp\/v2\/types\/post"}],"author":[{"embeddable":true,"href":"https:\/\/portalmf.com.br\/index.php\/wp-json\/wp\/v2\/users\/2"}],"replies":[{"embeddable":true,"href":"https:\/\/portalmf.com.br\/index.php\/wp-json\/wp\/v2\/comments?post=5562"}],"version-history":[{"count":1,"href":"https:\/\/portalmf.com.br\/index.php\/wp-json\/wp\/v2\/posts\/5562\/revisions"}],"predecessor-version":[{"id":5566,"href":"https:\/\/portalmf.com.br\/index.php\/wp-json\/wp\/v2\/posts\/5562\/revisions\/5566"}],"wp:featuredmedia":[{"embeddable":true,"href":"https:\/\/portalmf.com.br\/index.php\/wp-json\/wp\/v2\/media\/5564"}],"wp:attachment":[{"href":"https:\/\/portalmf.com.br\/index.php\/wp-json\/wp\/v2\/media?parent=5562"}],"wp:term":[{"taxonomy":"category","embeddable":true,"href":"https:\/\/portalmf.com.br\/index.php\/wp-json\/wp\/v2\/categories?post=5562"},{"taxonomy":"post_tag","embeddable":true,"href":"https:\/\/portalmf.com.br\/index.php\/wp-json\/wp\/v2\/tags?post=5562"}],"curies":[{"name":"wp","href":"https:\/\/api.w.org\/{rel}","templated":true}]}}