{"id":5492,"date":"2022-10-27T10:38:00","date_gmt":"2022-10-27T13:38:00","guid":{"rendered":"http:\/\/portalmf.com.br\/?p=5492"},"modified":"2022-10-27T17:40:37","modified_gmt":"2022-10-27T20:40:37","slug":"lazaro-ramos-e-bando-de-teatro-olodum-gravam-o-pai-o-2-em-salvador","status":"publish","type":"post","link":"https:\/\/portalmf.com.br\/index.php\/2022\/10\/27\/lazaro-ramos-e-bando-de-teatro-olodum-gravam-o-pai-o-2-em-salvador\/","title":{"rendered":"L\u00e1zaro Ramos e Bando de Teatro Olodum gravam \u00d3 Pa\u00ed, \u00d3 2, em Salvador"},"content":{"rendered":"\n<p>O ator e diretor L\u00e1zaro Ramos est\u00e1 em Salvador, reencontrando seus antigos companheiros do Bando de Teatro Olodum, para darem continuidade \u00e0s hist\u00f3rias dos personagens de \u00d3 pa\u00ed, \u00f3, um grande sucesso do grupo baiano, que foi adaptado para o cinema e a televis\u00e3o.<\/p>\n\n\n\n<p>O filme \u00d3 pa\u00ed, \u00f3 2 est\u00e1 sendo gravado no Centro Hist\u00f3rico de Salvador, atualizando as aventuras do cantor Roque (vivido por L\u00e1zaro Ramos), Dona Joana (Luciana Souza), o casal Reginaldo (\u00c9rico Br\u00e1s) e Maria (Valdineia Soriano), a Baiana (Rejane Maia), Seu Matias (Jorge Washington), Dona Raimunda (C\u00e1ssia Valle), Yolanda (Lyu \u00c1rison), Neus\u00e3o (T\u00e2nia Toko), Psilene (Dira Paes), L\u00facia (Edvana Carvalho) e outras divertidas figuras que habitam o Pelourinho.<\/p>\n\n\n\n<p>Se somam ao elenco do Bando de Teatro Olodum outros artistas convidados, como Luis Miranda, Ricardo Oshiro e Clara Buarque. A musicalidade da Bahia continua dando a t\u00f4nica do filme, com destaque para as heran\u00e7as africanas preservadas na m\u00fasica baiana. Participam de \u00d3 pa\u00ed, \u00f3 2, os cantores Russo Passapusso, Margareth Menezes, Tigan\u00e1 Santana, Guiguio Shewell (ex-Il\u00ea Aiy\u00ea), Pierre Onassis (ex-Olodum), Nininha Problem\u00e1tica, o grupo Attooxxa a cantora Alana Sarah, conhecida como A Dama do Pagode, grande revela\u00e7\u00e3o da cena atual com o hit Soca Fofo.<\/p>\n\n\n\n<p><strong>Longa tem dire\u00e7\u00e3o negra, feminina e baiana<\/strong><\/p>\n\n\n\n<p>A dire\u00e7\u00e3o da sequ\u00eancia de \u00d3 pa\u00ed, \u00f3 est\u00e1 sob responsabilidade da cineasta e roteirista baiana Viviane Ferreira, nome de destaque no cen\u00e1rio cinematogr\u00e1fica brasileiro, desde que seu filme \u201cO Dia de Jerusa\u201d, de 2013, representou o Brasil na mostra Short Film Corner do Festival de Cannes, em 2014.<\/p>\n\n\n\n<p>Em 2020, ao lan\u00e7ar o filme Um Dia Com Jerusa, baseado no curta e estrelado por L\u00e9a Garcia e D\u00e9bora Mar\u00e7al, Viviane Ferreira passou a ser a segunda mulher negra no Brasil a dirigir individualmente um longa-metragem de fic\u00e7\u00e3o. Fundadora da Odun Filmes e da Associa\u00e7\u00e3o de Profissionais do Audiovisual Negro (APAN), Viviane foi presidenta do Comit\u00ea Brasileiro de Sele\u00e7\u00e3o do Oscar 2021, que elegeu o filme para representar o Brasil na disputa em Hollywood.<\/p>\n\n\n\n<p>O roteiro de \u00d3 pa\u00ed, \u00f3 2 foi escrito por El\u00edsio Lopes Jr, Daniel Arcade, Igor Verde e Viviane Ferreira com colabora\u00e7\u00e3o de Luciana Souza, Bando de Teatro Olodum e Rafael Primot, e pesquisa de Dod\u00f4 Azevedo. A m\u00fasica tema do filme \u00e9 do m\u00fasico e compositor Jarbas Bittencourt e as coreografias de Jos\u00e9 Carlos Arandiba, o Zebrinha, ambos diretores art\u00edsticos do Bando de Teatro Olodum. A produ\u00e7\u00e3o do longa-metragem marca a volta da DUETO Produ\u00e7\u00f5es ao lado da Cas\u00e9 Filmes em parceria com a Globo Filmes e H2O Films.<\/p>\n\n\n\n<p>Originalmente criada em 1992, pelo Bando de Teatro Olodum e o diretor M\u00e1rcio Meirelles, como espet\u00e1culo teatral, a saga dos divertidos moradores do Pelourinho ganhou as telas de cinema em 2007, com dire\u00e7\u00e3o de Monique Gardenberg. Depois, a hist\u00f3ria foi adaptada para s\u00e9rie da tev\u00ea, exibida pela Rede Globo em duas temporadas, 2008 e 2009, com roteiro de Guel Arraes, Jorge Furtado e Bando de Teatro Olodum e dire\u00e7\u00e3o de Monique Gardenberg, Mauro Lima, Carolina Jabor e Ol\u00edvia Guimar\u00e3es.<\/p>\n\n\n\n<p><strong>Filme denuncia problemas sociais com humor e m\u00fasica<\/strong><\/p>\n\n\n\n<p>Nesta sequ\u00eancia, mais de uma d\u00e9cada se passa desde a morte tr\u00e1gica dos dois filhos de Dona Joana, em uma a\u00e7\u00e3o violenta da pol\u00edcia, em pleno Carnaval de Salvador. Enquanto vive o luto pela perda, a religiosa continua enfrentando os problemas na conviv\u00eancia com os inquilinos do seu velho corti\u00e7o no Pelourinho, que serve de moradia para a maioria dos personagens.<\/p>\n\n\n\n<p>A trama de \u00d3 pa\u00ed, \u00f3 2 marca a passagem do tempo com a presen\u00e7a das crian\u00e7as, agora adolescentes, filhos dos atrapalhados moradores, como Salvador (Jo\u00e3o Pedro), filho de Roque; Michelangelo (Pedro Amorim), filho de Dona Maria e Reginaldo; e Gisela (Ariele P\u00e9tala), filha de Yolanda e Neus\u00e3o, entre outros jovens.<\/p>\n\n\n\n<p>Como marca consolidada do Bando de Teatro Olodum, a narrativa de \u00d3 Pa\u00ed, \u00f3 traz o humor popular caracter\u00edsticos das ruas da Bahia para tratar de temas s\u00e9rios do cotidiano do povo pobre, em sua maioria negra, como o racismo, a especula\u00e7\u00e3o imobili\u00e1ria, a viol\u00eancia policial, a dificuldade de moradia, de mobilidade e de emprego.<\/p>\n\n\n\n<p><strong>Bando de Teatro Olodum<\/strong><\/p>\n\n\n\n<p>O Bando de Teatro Olodum \u00e9 a companhia de teatro negro de maior visibilidade na hist\u00f3ria das artes c\u00eanicas na Bahia e uma das mais consolidadas do pa\u00eds, que h\u00e1 32 anos ininterruptos defende um projeto de express\u00e3o negra coletiva nas artes c\u00eanicas, tendo as atrizes e atores negros como protagonistas das suas narrativas.<\/p>\n\n\n\n<p>Entre os grandes sucessos da companhia est\u00e3o: \u00d3 Pa\u00ed, \u00f3, que ganhou vers\u00e3o para o cinema e uma s\u00e9rie na tev\u00ea; a revista musical Cabar\u00e9 da Rrrra\u00e7a; a premiada vers\u00e3o afro-baiana para o cl\u00e1ssico de Shakespeare Sonho de Uma Noite de Ver\u00e3o; a celebra\u00e7\u00e3o \u00e0 ancestralidade negra Ben\u00e7a e o infantil \u00c1fricas, que contagia adultos e crian\u00e7as.<\/p>\n\n\n\n<p>Al\u00e9m dos mais de 20 espet\u00e1culos j\u00e1 montados e de incurs\u00f5es no cinema e na televis\u00e3o, o Bando leva o p\u00fablico \u00e0 reflex\u00e3o sobre os temas abordados em oficinas, debates e encontros com grupos de performances negras, contribuindo para a forma\u00e7\u00e3o de novos talentos das artes c\u00eanicas, comprometidos com a valoriza\u00e7\u00e3o da cultura afro-brasileira.<\/p>\n\n\n\n<p>Fundado em 17 de outubro de 1990, em Salvador, o Bando de Teatro Olodum \u00e9 fruto de uma parceria entre o Grupo Cultural Olodum e artistas do teatro baiano (M\u00e1rcio Meirelles, Chica Carelli, Maria Eug\u00eania Millet e Leda Ornelas), que convocaram artistas negros, alguns sem experi\u00eancias com as artes c\u00eanicas, outros com hist\u00f3rico de milit\u00e2ncia pol\u00edtica e cultural na periferia da cidade.<\/p>\n\n\n\n<p>A motiva\u00e7\u00e3o principal do Bando sempre foi a valoriza\u00e7\u00e3o das artes negras e a den\u00fancia contra o racismo e os diversos preconceitos da sociedade, que se consolidou em uma experi\u00eancia de performance negra refer\u00eancia para outros artistas e companhias do Brasil.<\/p>\n\n\n\n<p>Atualmente a companhia possui uma coordena\u00e7\u00e3o colegiada, formada por atores, que atuam tamb\u00e9m como produtores, e os diretores art\u00edsticos: o core\u00f3grafo Ant\u00f4nio Carlos Arandiba, Zebrinha e o m\u00fasico Jarbas Bittencourt.<\/p>\n\n\n\n<p>Foto: Clarice Philigret<\/p>\n","protected":false},"excerpt":{"rendered":"<p>O ator e diretor L\u00e1zaro Ramos est\u00e1 em Salvador, reencontrando seus antigos companheiros do Bando de Teatro Olodum, para darem continuidade \u00e0s hist\u00f3rias dos personagens de \u00d3 pa\u00ed, \u00f3, um grande sucesso do grupo baiano, que foi adaptado para o cinema e a televis\u00e3o. O filme \u00d3 pa\u00ed, \u00f3 2 est\u00e1 sendo gravado no Centro [&hellip;]<\/p>\n","protected":false},"author":2,"featured_media":5493,"comment_status":"open","ping_status":"open","sticky":false,"template":"","format":"standard","meta":{"_monsterinsights_skip_tracking":false,"_monsterinsights_sitenote_active":false,"_monsterinsights_sitenote_note":"","_monsterinsights_sitenote_category":0,"footnotes":""},"categories":[40,48],"tags":[],"yoast_head":"<!-- This site is optimized with the Yoast SEO plugin v22.9 - https:\/\/yoast.com\/wordpress\/plugins\/seo\/ -->\n<title>L\u00e1zaro Ramos e Bando de Teatro Olodum gravam \u00d3 Pa\u00ed, \u00d3 2, em Salvador - Portal MF<\/title>\n<meta name=\"robots\" content=\"index, follow, max-snippet:-1, max-image-preview:large, max-video-preview:-1\" \/>\n<link rel=\"canonical\" href=\"https:\/\/portalmf.com.br\/index.php\/2022\/10\/27\/lazaro-ramos-e-bando-de-teatro-olodum-gravam-o-pai-o-2-em-salvador\/\" \/>\n<meta property=\"og:locale\" content=\"pt_BR\" \/>\n<meta property=\"og:type\" content=\"article\" \/>\n<meta property=\"og:title\" content=\"L\u00e1zaro Ramos e Bando de Teatro Olodum gravam \u00d3 Pa\u00ed, \u00d3 2, em Salvador - Portal MF\" \/>\n<meta property=\"og:description\" content=\"O ator e diretor L\u00e1zaro Ramos est\u00e1 em Salvador, reencontrando seus antigos companheiros do Bando de Teatro Olodum, para darem continuidade \u00e0s hist\u00f3rias dos personagens de \u00d3 pa\u00ed, \u00f3, um grande sucesso do grupo baiano, que foi adaptado para o cinema e a televis\u00e3o. O filme \u00d3 pa\u00ed, \u00f3 2 est\u00e1 sendo gravado no Centro [&hellip;]\" \/>\n<meta property=\"og:url\" content=\"https:\/\/portalmf.com.br\/index.php\/2022\/10\/27\/lazaro-ramos-e-bando-de-teatro-olodum-gravam-o-pai-o-2-em-salvador\/\" \/>\n<meta property=\"og:site_name\" content=\"Portal MF\" \/>\n<meta property=\"article:author\" content=\"reginaldojrfsa\" \/>\n<meta property=\"article:published_time\" content=\"2022-10-27T13:38:00+00:00\" \/>\n<meta property=\"article:modified_time\" content=\"2022-10-27T20:40:37+00:00\" \/>\n<meta property=\"og:image\" content=\"https:\/\/portalmf.com.br\/wp-content\/uploads\/2022\/10\/Elenco-de-O-Pai-O-2-em-gravacao-no-Pelourinho-FotoClarice-Philigret.jpeg\" \/>\n\t<meta property=\"og:image:width\" content=\"880\" \/>\n\t<meta property=\"og:image:height\" content=\"533\" \/>\n\t<meta property=\"og:image:type\" content=\"image\/jpeg\" \/>\n<meta name=\"author\" content=\"Reginaldo J\u00fanior\" \/>\n<meta name=\"twitter:card\" content=\"summary_large_image\" \/>\n<meta name=\"twitter:creator\" content=\"@reginaldojrmf\" \/>\n<meta name=\"twitter:label1\" content=\"Escrito por\" \/>\n\t<meta name=\"twitter:data1\" content=\"Reginaldo J\u00fanior\" \/>\n\t<meta name=\"twitter:label2\" content=\"Est. tempo de leitura\" \/>\n\t<meta name=\"twitter:data2\" content=\"6 minutos\" \/>\n<script type=\"application\/ld+json\" class=\"yoast-schema-graph\">{\"@context\":\"https:\/\/schema.org\",\"@graph\":[{\"@type\":\"WebPage\",\"@id\":\"https:\/\/portalmf.com.br\/index.php\/2022\/10\/27\/lazaro-ramos-e-bando-de-teatro-olodum-gravam-o-pai-o-2-em-salvador\/\",\"url\":\"https:\/\/portalmf.com.br\/index.php\/2022\/10\/27\/lazaro-ramos-e-bando-de-teatro-olodum-gravam-o-pai-o-2-em-salvador\/\",\"name\":\"L\u00e1zaro Ramos e Bando de Teatro Olodum gravam \u00d3 Pa\u00ed, \u00d3 2, em Salvador - Portal MF\",\"isPartOf\":{\"@id\":\"https:\/\/portalmf.com.br\/#website\"},\"primaryImageOfPage\":{\"@id\":\"https:\/\/portalmf.com.br\/index.php\/2022\/10\/27\/lazaro-ramos-e-bando-de-teatro-olodum-gravam-o-pai-o-2-em-salvador\/#primaryimage\"},\"image\":{\"@id\":\"https:\/\/portalmf.com.br\/index.php\/2022\/10\/27\/lazaro-ramos-e-bando-de-teatro-olodum-gravam-o-pai-o-2-em-salvador\/#primaryimage\"},\"thumbnailUrl\":\"https:\/\/portalmf.com.br\/wp-content\/uploads\/2022\/10\/Elenco-de-O-Pai-O-2-em-gravacao-no-Pelourinho-FotoClarice-Philigret.jpeg\",\"datePublished\":\"2022-10-27T13:38:00+00:00\",\"dateModified\":\"2022-10-27T20:40:37+00:00\",\"author\":{\"@id\":\"https:\/\/portalmf.com.br\/#\/schema\/person\/11c82086fe8abc05a19147e964587285\"},\"breadcrumb\":{\"@id\":\"https:\/\/portalmf.com.br\/index.php\/2022\/10\/27\/lazaro-ramos-e-bando-de-teatro-olodum-gravam-o-pai-o-2-em-salvador\/#breadcrumb\"},\"inLanguage\":\"pt-BR\",\"potentialAction\":[{\"@type\":\"ReadAction\",\"target\":[\"https:\/\/portalmf.com.br\/index.php\/2022\/10\/27\/lazaro-ramos-e-bando-de-teatro-olodum-gravam-o-pai-o-2-em-salvador\/\"]}]},{\"@type\":\"ImageObject\",\"inLanguage\":\"pt-BR\",\"@id\":\"https:\/\/portalmf.com.br\/index.php\/2022\/10\/27\/lazaro-ramos-e-bando-de-teatro-olodum-gravam-o-pai-o-2-em-salvador\/#primaryimage\",\"url\":\"https:\/\/portalmf.com.br\/wp-content\/uploads\/2022\/10\/Elenco-de-O-Pai-O-2-em-gravacao-no-Pelourinho-FotoClarice-Philigret.jpeg\",\"contentUrl\":\"https:\/\/portalmf.com.br\/wp-content\/uploads\/2022\/10\/Elenco-de-O-Pai-O-2-em-gravacao-no-Pelourinho-FotoClarice-Philigret.jpeg\",\"width\":880,\"height\":533},{\"@type\":\"BreadcrumbList\",\"@id\":\"https:\/\/portalmf.com.br\/index.php\/2022\/10\/27\/lazaro-ramos-e-bando-de-teatro-olodum-gravam-o-pai-o-2-em-salvador\/#breadcrumb\",\"itemListElement\":[{\"@type\":\"ListItem\",\"position\":1,\"name\":\"In\u00edcio\",\"item\":\"https:\/\/portalmf.com.br\/\"},{\"@type\":\"ListItem\",\"position\":2,\"name\":\"L\u00e1zaro Ramos e Bando de Teatro Olodum gravam \u00d3 Pa\u00ed, \u00d3 2, em Salvador\"}]},{\"@type\":\"WebSite\",\"@id\":\"https:\/\/portalmf.com.br\/#website\",\"url\":\"https:\/\/portalmf.com.br\/\",\"name\":\"Portal MF\",\"description\":\"Voc\u00ea conectado com a informa\u00e7\u00e3o\",\"potentialAction\":[{\"@type\":\"SearchAction\",\"target\":{\"@type\":\"EntryPoint\",\"urlTemplate\":\"https:\/\/portalmf.com.br\/?s={search_term_string}\"},\"query-input\":\"required name=search_term_string\"}],\"inLanguage\":\"pt-BR\"},{\"@type\":\"Person\",\"@id\":\"https:\/\/portalmf.com.br\/#\/schema\/person\/11c82086fe8abc05a19147e964587285\",\"name\":\"Reginaldo J\u00fanior\",\"image\":{\"@type\":\"ImageObject\",\"inLanguage\":\"pt-BR\",\"@id\":\"https:\/\/portalmf.com.br\/#\/schema\/person\/image\/\",\"url\":\"https:\/\/secure.gravatar.com\/avatar\/32a3c797cd0ac47cc53b8644c62776f9?s=96&d=mm&r=g\",\"contentUrl\":\"https:\/\/secure.gravatar.com\/avatar\/32a3c797cd0ac47cc53b8644c62776f9?s=96&d=mm&r=g\",\"caption\":\"Reginaldo J\u00fanior\"},\"description\":\"Jornalista e idealizador Portal MF\",\"sameAs\":[\"https:\/\/portalmf.com.br\/index.php\/author\/reginaldojr\/\",\"reginaldojrfsa\",\"reginaldojuniormf\",\"https:\/\/x.com\/reginaldojrmf\"],\"url\":\"https:\/\/portalmf.com.br\/index.php\/author\/reginaldojr\/\"}]}<\/script>\n<!-- \/ Yoast SEO plugin. -->","yoast_head_json":{"title":"L\u00e1zaro Ramos e Bando de Teatro Olodum gravam \u00d3 Pa\u00ed, \u00d3 2, em Salvador - Portal MF","robots":{"index":"index","follow":"follow","max-snippet":"max-snippet:-1","max-image-preview":"max-image-preview:large","max-video-preview":"max-video-preview:-1"},"canonical":"https:\/\/portalmf.com.br\/index.php\/2022\/10\/27\/lazaro-ramos-e-bando-de-teatro-olodum-gravam-o-pai-o-2-em-salvador\/","og_locale":"pt_BR","og_type":"article","og_title":"L\u00e1zaro Ramos e Bando de Teatro Olodum gravam \u00d3 Pa\u00ed, \u00d3 2, em Salvador - Portal MF","og_description":"O ator e diretor L\u00e1zaro Ramos est\u00e1 em Salvador, reencontrando seus antigos companheiros do Bando de Teatro Olodum, para darem continuidade \u00e0s hist\u00f3rias dos personagens de \u00d3 pa\u00ed, \u00f3, um grande sucesso do grupo baiano, que foi adaptado para o cinema e a televis\u00e3o. O filme \u00d3 pa\u00ed, \u00f3 2 est\u00e1 sendo gravado no Centro [&hellip;]","og_url":"https:\/\/portalmf.com.br\/index.php\/2022\/10\/27\/lazaro-ramos-e-bando-de-teatro-olodum-gravam-o-pai-o-2-em-salvador\/","og_site_name":"Portal MF","article_author":"reginaldojrfsa","article_published_time":"2022-10-27T13:38:00+00:00","article_modified_time":"2022-10-27T20:40:37+00:00","og_image":[{"width":880,"height":533,"url":"https:\/\/portalmf.com.br\/wp-content\/uploads\/2022\/10\/Elenco-de-O-Pai-O-2-em-gravacao-no-Pelourinho-FotoClarice-Philigret.jpeg","type":"image\/jpeg"}],"author":"Reginaldo J\u00fanior","twitter_card":"summary_large_image","twitter_creator":"@reginaldojrmf","twitter_misc":{"Escrito por":"Reginaldo J\u00fanior","Est. tempo de leitura":"6 minutos"},"schema":{"@context":"https:\/\/schema.org","@graph":[{"@type":"WebPage","@id":"https:\/\/portalmf.com.br\/index.php\/2022\/10\/27\/lazaro-ramos-e-bando-de-teatro-olodum-gravam-o-pai-o-2-em-salvador\/","url":"https:\/\/portalmf.com.br\/index.php\/2022\/10\/27\/lazaro-ramos-e-bando-de-teatro-olodum-gravam-o-pai-o-2-em-salvador\/","name":"L\u00e1zaro Ramos e Bando de Teatro Olodum gravam \u00d3 Pa\u00ed, \u00d3 2, em Salvador - Portal MF","isPartOf":{"@id":"https:\/\/portalmf.com.br\/#website"},"primaryImageOfPage":{"@id":"https:\/\/portalmf.com.br\/index.php\/2022\/10\/27\/lazaro-ramos-e-bando-de-teatro-olodum-gravam-o-pai-o-2-em-salvador\/#primaryimage"},"image":{"@id":"https:\/\/portalmf.com.br\/index.php\/2022\/10\/27\/lazaro-ramos-e-bando-de-teatro-olodum-gravam-o-pai-o-2-em-salvador\/#primaryimage"},"thumbnailUrl":"https:\/\/portalmf.com.br\/wp-content\/uploads\/2022\/10\/Elenco-de-O-Pai-O-2-em-gravacao-no-Pelourinho-FotoClarice-Philigret.jpeg","datePublished":"2022-10-27T13:38:00+00:00","dateModified":"2022-10-27T20:40:37+00:00","author":{"@id":"https:\/\/portalmf.com.br\/#\/schema\/person\/11c82086fe8abc05a19147e964587285"},"breadcrumb":{"@id":"https:\/\/portalmf.com.br\/index.php\/2022\/10\/27\/lazaro-ramos-e-bando-de-teatro-olodum-gravam-o-pai-o-2-em-salvador\/#breadcrumb"},"inLanguage":"pt-BR","potentialAction":[{"@type":"ReadAction","target":["https:\/\/portalmf.com.br\/index.php\/2022\/10\/27\/lazaro-ramos-e-bando-de-teatro-olodum-gravam-o-pai-o-2-em-salvador\/"]}]},{"@type":"ImageObject","inLanguage":"pt-BR","@id":"https:\/\/portalmf.com.br\/index.php\/2022\/10\/27\/lazaro-ramos-e-bando-de-teatro-olodum-gravam-o-pai-o-2-em-salvador\/#primaryimage","url":"https:\/\/portalmf.com.br\/wp-content\/uploads\/2022\/10\/Elenco-de-O-Pai-O-2-em-gravacao-no-Pelourinho-FotoClarice-Philigret.jpeg","contentUrl":"https:\/\/portalmf.com.br\/wp-content\/uploads\/2022\/10\/Elenco-de-O-Pai-O-2-em-gravacao-no-Pelourinho-FotoClarice-Philigret.jpeg","width":880,"height":533},{"@type":"BreadcrumbList","@id":"https:\/\/portalmf.com.br\/index.php\/2022\/10\/27\/lazaro-ramos-e-bando-de-teatro-olodum-gravam-o-pai-o-2-em-salvador\/#breadcrumb","itemListElement":[{"@type":"ListItem","position":1,"name":"In\u00edcio","item":"https:\/\/portalmf.com.br\/"},{"@type":"ListItem","position":2,"name":"L\u00e1zaro Ramos e Bando de Teatro Olodum gravam \u00d3 Pa\u00ed, \u00d3 2, em Salvador"}]},{"@type":"WebSite","@id":"https:\/\/portalmf.com.br\/#website","url":"https:\/\/portalmf.com.br\/","name":"Portal MF","description":"Voc\u00ea conectado com a informa\u00e7\u00e3o","potentialAction":[{"@type":"SearchAction","target":{"@type":"EntryPoint","urlTemplate":"https:\/\/portalmf.com.br\/?s={search_term_string}"},"query-input":"required name=search_term_string"}],"inLanguage":"pt-BR"},{"@type":"Person","@id":"https:\/\/portalmf.com.br\/#\/schema\/person\/11c82086fe8abc05a19147e964587285","name":"Reginaldo J\u00fanior","image":{"@type":"ImageObject","inLanguage":"pt-BR","@id":"https:\/\/portalmf.com.br\/#\/schema\/person\/image\/","url":"https:\/\/secure.gravatar.com\/avatar\/32a3c797cd0ac47cc53b8644c62776f9?s=96&d=mm&r=g","contentUrl":"https:\/\/secure.gravatar.com\/avatar\/32a3c797cd0ac47cc53b8644c62776f9?s=96&d=mm&r=g","caption":"Reginaldo J\u00fanior"},"description":"Jornalista e idealizador Portal MF","sameAs":["https:\/\/portalmf.com.br\/index.php\/author\/reginaldojr\/","reginaldojrfsa","reginaldojuniormf","https:\/\/x.com\/reginaldojrmf"],"url":"https:\/\/portalmf.com.br\/index.php\/author\/reginaldojr\/"}]}},"_links":{"self":[{"href":"https:\/\/portalmf.com.br\/index.php\/wp-json\/wp\/v2\/posts\/5492"}],"collection":[{"href":"https:\/\/portalmf.com.br\/index.php\/wp-json\/wp\/v2\/posts"}],"about":[{"href":"https:\/\/portalmf.com.br\/index.php\/wp-json\/wp\/v2\/types\/post"}],"author":[{"embeddable":true,"href":"https:\/\/portalmf.com.br\/index.php\/wp-json\/wp\/v2\/users\/2"}],"replies":[{"embeddable":true,"href":"https:\/\/portalmf.com.br\/index.php\/wp-json\/wp\/v2\/comments?post=5492"}],"version-history":[{"count":1,"href":"https:\/\/portalmf.com.br\/index.php\/wp-json\/wp\/v2\/posts\/5492\/revisions"}],"predecessor-version":[{"id":5494,"href":"https:\/\/portalmf.com.br\/index.php\/wp-json\/wp\/v2\/posts\/5492\/revisions\/5494"}],"wp:featuredmedia":[{"embeddable":true,"href":"https:\/\/portalmf.com.br\/index.php\/wp-json\/wp\/v2\/media\/5493"}],"wp:attachment":[{"href":"https:\/\/portalmf.com.br\/index.php\/wp-json\/wp\/v2\/media?parent=5492"}],"wp:term":[{"taxonomy":"category","embeddable":true,"href":"https:\/\/portalmf.com.br\/index.php\/wp-json\/wp\/v2\/categories?post=5492"},{"taxonomy":"post_tag","embeddable":true,"href":"https:\/\/portalmf.com.br\/index.php\/wp-json\/wp\/v2\/tags?post=5492"}],"curies":[{"name":"wp","href":"https:\/\/api.w.org\/{rel}","templated":true}]}}