{"id":5447,"date":"2022-10-26T16:15:23","date_gmt":"2022-10-26T19:15:23","guid":{"rendered":"http:\/\/portalmf.com.br\/?p=5447"},"modified":"2022-10-26T16:15:24","modified_gmt":"2022-10-26T19:15:24","slug":"tv-globo-realiza-debate-com-os-candidatos-a-presidencia-da-republica","status":"publish","type":"post","link":"https:\/\/portalmf.com.br\/index.php\/2022\/10\/26\/tv-globo-realiza-debate-com-os-candidatos-a-presidencia-da-republica\/","title":{"rendered":"TV Globo realiza debate com os candidatos \u00e0 Presid\u00eancia da Rep\u00fablica"},"content":{"rendered":"\n<p>A TV Globo promove nesta sexta-feira, dia 28 de outubro, \u00e0s 21h30, o \u00faltimo debate entre os candidatos \u00e0 Presid\u00eancia da Rep\u00fablica que disputam o segundo turno das elei\u00e7\u00f5es: Jair Bolsonaro (PL) e Luiz In\u00e1cio Lula da Silva (PT). Mediado pelo jornalista William Bonner, o evento ser\u00e1 transmitido ao vivo pela TV Globo, pela GloboNews, pelo g1 (<a href=\"https:\/\/g1.globo.com\/\" target=\"_blank\" rel=\"noreferrer noopener\">g1.com.br<\/a>) e pelo Globoplay, direto dos Est\u00fadios Globo, no Rio de Janeiro.&nbsp; &nbsp; &nbsp; &nbsp;<\/p>\n\n\n\n<p>Logo ap\u00f3s a transmiss\u00e3o, o \u2018Jornal da Globo\u2019 entra no ar com Renata Lo Prete do est\u00fadio do debate conversando com os candidatos e ouvindo a opini\u00e3o de comentaristas pol\u00edticos sobre a performance de cada um. A TV Globo n\u00e3o exibir\u00e1 o \u2018Globo Rep\u00f3rter\u2019 nesta sexta-feira, dia 28. \u2018Verdades Secretas\u2019 vai ao ar logo ap\u00f3s o \u2018Jornal da Globo\u2019.&nbsp; &nbsp;<\/p>\n\n\n\n<p>A GloboNews exibir\u00e1 uma edi\u00e7\u00e3o especial da \u2018Central das Elei\u00e7\u00f5es\u2019 antes e ap\u00f3s o debate, que ser\u00e1 transmitido simultaneamente com a TV Globo para todo Brasil. O programa entra no ar \u00e0s 18h, direto dos Est\u00fadios Globo, com informa\u00e7\u00f5es, an\u00e1lises e entrevistas. Participam da cobertura os comentaristas Natuza Nery, Andr\u00e9ia Sadi, Julia Duailibi, Mauro Paulino, Fernando Gabeira, M\u00edriam Leit\u00e3o, Merval Pereira, Fl\u00e1via Oliveira, Gerson Camarotti, Ana Flor, Oct\u00e1vio Guedes, M\u00f4nica Waldvogel, Valdo Cruz e Eliane Cantanh\u00eade.&nbsp; &nbsp; &nbsp;<\/p>\n\n\n\n<p>Ap\u00f3s o debate, o g1 transmite ao vivo as entrevistas coletivas dos candidatos na sala de imprensa. O \u2018Fato ou Fake\u2019 publicar\u00e1 a checagem do que \u00e9 falso ou verdadeiro nas declara\u00e7\u00f5es dadas por eles.&nbsp; &nbsp;&nbsp;<\/p>\n\n\n\n<p><strong>Regras do debate&nbsp;<\/strong>&nbsp;&nbsp;<\/p>\n\n\n\n<p>O debate ter\u00e1 cinco blocos: o primeiro e o terceiro ser\u00e3o de temas livres, com dura\u00e7\u00e3o de 30 minutos. Cada candidato ter\u00e1 15 minutos e dever\u00e1 administrar seu tempo entre perguntas, respostas, r\u00e9plicas e tr\u00e9plicas. Jair Bolsonaro abre o primeiro bloco e Luiz In\u00e1cio Lula da Silva, o terceiro bloco.&nbsp; &nbsp;&nbsp;<\/p>\n\n\n\n<p>O segundo e o quarto blocos ser\u00e3o de temas determinados e ter\u00e3o dura\u00e7\u00e3o total de 20 minutos, com dois debates de 10 minutos. Os temas ser\u00e3o escolhidos pelos candidatos entre os seis oferecidos pela TV Globo em um tel\u00e3o. Cada candidato ter\u00e1 cinco minutos para debater e dever\u00e1 administrar seu tempo entre perguntas, respostas, r\u00e9plicas e tr\u00e9plicas. Cada tema s\u00f3 poder\u00e1 ser escolhido uma \u00fanica vez, sem repeti\u00e7\u00e3o. No segundo bloco, Luiz In\u00e1cio Lula da Silva inicia as perguntas. No quarto bloco, quem come\u00e7a \u00e9 Jair Bolsonaro.&nbsp; &nbsp;<\/p>\n\n\n\n<p>No quinto bloco, cada candidato far\u00e1 as suas considera\u00e7\u00f5es finais. Luiz In\u00e1cio Lula da Silva \u00e9 o primeiro e Jair Bolsonaro, o segundo. A ordem em que os candidatos far\u00e3o as perguntas em cada bloco, assim como as considera\u00e7\u00f5es finais, foi definida por sorteio com a presen\u00e7a de representantes dos partidos. &nbsp;<\/p>\n\n\n\n<p>Ap\u00f3s o t\u00e9rmino do debate, os candidatos poder\u00e3o participar de uma entrevista coletiva na sala de imprensa, com dura\u00e7\u00e3o de 10 minutos para cada um. A ordem tamb\u00e9m foi definida por sorteio na presen\u00e7a de representantes dos partidos:&nbsp; &nbsp; &nbsp;<\/p>\n\n\n\n<p>1\u00ba- Luiz In\u00e1cio Lula da Silva (PT)&nbsp; &nbsp; &nbsp;<\/p>\n\n\n\n<p>2\u00ba- Jair Bolsonaro (PL)&nbsp;&nbsp;<\/p>\n","protected":false},"excerpt":{"rendered":"<p>A TV Globo promove nesta sexta-feira, dia 28 de outubro, \u00e0s 21h30, o \u00faltimo debate entre os candidatos \u00e0 Presid\u00eancia da Rep\u00fablica que disputam o segundo turno das elei\u00e7\u00f5es: Jair Bolsonaro (PL) e Luiz In\u00e1cio Lula da Silva (PT). Mediado pelo jornalista William Bonner, o evento ser\u00e1 transmitido ao vivo pela TV Globo, pela GloboNews, [&hellip;]<\/p>\n","protected":false},"author":2,"featured_media":5448,"comment_status":"open","ping_status":"open","sticky":false,"template":"","format":"standard","meta":{"_monsterinsights_skip_tracking":false,"_monsterinsights_sitenote_active":false,"_monsterinsights_sitenote_note":"","_monsterinsights_sitenote_category":0,"footnotes":""},"categories":[47,43],"tags":[66,67,83,80],"yoast_head":"<!-- This site is optimized with the Yoast SEO plugin v22.9 - https:\/\/yoast.com\/wordpress\/plugins\/seo\/ -->\n<title>TV Globo realiza debate com os candidatos \u00e0 Presid\u00eancia da Rep\u00fablica - Portal MF<\/title>\n<meta name=\"robots\" content=\"index, follow, max-snippet:-1, max-image-preview:large, max-video-preview:-1\" \/>\n<link rel=\"canonical\" href=\"https:\/\/portalmf.com.br\/index.php\/2022\/10\/26\/tv-globo-realiza-debate-com-os-candidatos-a-presidencia-da-republica\/\" \/>\n<meta property=\"og:locale\" content=\"pt_BR\" \/>\n<meta property=\"og:type\" content=\"article\" \/>\n<meta property=\"og:title\" content=\"TV Globo realiza debate com os candidatos \u00e0 Presid\u00eancia da Rep\u00fablica - Portal MF\" \/>\n<meta property=\"og:description\" content=\"A TV Globo promove nesta sexta-feira, dia 28 de outubro, \u00e0s 21h30, o \u00faltimo debate entre os candidatos \u00e0 Presid\u00eancia da Rep\u00fablica que disputam o segundo turno das elei\u00e7\u00f5es: Jair Bolsonaro (PL) e Luiz In\u00e1cio Lula da Silva (PT). Mediado pelo jornalista William Bonner, o evento ser\u00e1 transmitido ao vivo pela TV Globo, pela GloboNews, [&hellip;]\" \/>\n<meta property=\"og:url\" content=\"https:\/\/portalmf.com.br\/index.php\/2022\/10\/26\/tv-globo-realiza-debate-com-os-candidatos-a-presidencia-da-republica\/\" \/>\n<meta property=\"og:site_name\" content=\"Portal MF\" \/>\n<meta property=\"article:author\" content=\"reginaldojrfsa\" \/>\n<meta property=\"article:published_time\" content=\"2022-10-26T19:15:23+00:00\" \/>\n<meta property=\"article:modified_time\" content=\"2022-10-26T19:15:24+00:00\" \/>\n<meta property=\"og:image\" content=\"https:\/\/portalmf.com.br\/wp-content\/uploads\/2022\/10\/debate.jpg\" \/>\n\t<meta property=\"og:image:width\" content=\"700\" \/>\n\t<meta property=\"og:image:height\" content=\"400\" \/>\n\t<meta property=\"og:image:type\" content=\"image\/jpeg\" \/>\n<meta name=\"author\" content=\"Reginaldo J\u00fanior\" \/>\n<meta name=\"twitter:card\" content=\"summary_large_image\" \/>\n<meta name=\"twitter:creator\" content=\"@reginaldojrmf\" \/>\n<meta name=\"twitter:label1\" content=\"Escrito por\" \/>\n\t<meta name=\"twitter:data1\" content=\"Reginaldo J\u00fanior\" \/>\n\t<meta name=\"twitter:label2\" content=\"Est. tempo de leitura\" \/>\n\t<meta name=\"twitter:data2\" content=\"3 minutos\" \/>\n<script type=\"application\/ld+json\" class=\"yoast-schema-graph\">{\"@context\":\"https:\/\/schema.org\",\"@graph\":[{\"@type\":\"WebPage\",\"@id\":\"https:\/\/portalmf.com.br\/index.php\/2022\/10\/26\/tv-globo-realiza-debate-com-os-candidatos-a-presidencia-da-republica\/\",\"url\":\"https:\/\/portalmf.com.br\/index.php\/2022\/10\/26\/tv-globo-realiza-debate-com-os-candidatos-a-presidencia-da-republica\/\",\"name\":\"TV Globo realiza debate com os candidatos \u00e0 Presid\u00eancia da Rep\u00fablica - Portal MF\",\"isPartOf\":{\"@id\":\"https:\/\/portalmf.com.br\/#website\"},\"primaryImageOfPage\":{\"@id\":\"https:\/\/portalmf.com.br\/index.php\/2022\/10\/26\/tv-globo-realiza-debate-com-os-candidatos-a-presidencia-da-republica\/#primaryimage\"},\"image\":{\"@id\":\"https:\/\/portalmf.com.br\/index.php\/2022\/10\/26\/tv-globo-realiza-debate-com-os-candidatos-a-presidencia-da-republica\/#primaryimage\"},\"thumbnailUrl\":\"https:\/\/portalmf.com.br\/wp-content\/uploads\/2022\/10\/debate.jpg\",\"datePublished\":\"2022-10-26T19:15:23+00:00\",\"dateModified\":\"2022-10-26T19:15:24+00:00\",\"author\":{\"@id\":\"https:\/\/portalmf.com.br\/#\/schema\/person\/11c82086fe8abc05a19147e964587285\"},\"breadcrumb\":{\"@id\":\"https:\/\/portalmf.com.br\/index.php\/2022\/10\/26\/tv-globo-realiza-debate-com-os-candidatos-a-presidencia-da-republica\/#breadcrumb\"},\"inLanguage\":\"pt-BR\",\"potentialAction\":[{\"@type\":\"ReadAction\",\"target\":[\"https:\/\/portalmf.com.br\/index.php\/2022\/10\/26\/tv-globo-realiza-debate-com-os-candidatos-a-presidencia-da-republica\/\"]}]},{\"@type\":\"ImageObject\",\"inLanguage\":\"pt-BR\",\"@id\":\"https:\/\/portalmf.com.br\/index.php\/2022\/10\/26\/tv-globo-realiza-debate-com-os-candidatos-a-presidencia-da-republica\/#primaryimage\",\"url\":\"https:\/\/portalmf.com.br\/wp-content\/uploads\/2022\/10\/debate.jpg\",\"contentUrl\":\"https:\/\/portalmf.com.br\/wp-content\/uploads\/2022\/10\/debate.jpg\",\"width\":700,\"height\":400},{\"@type\":\"BreadcrumbList\",\"@id\":\"https:\/\/portalmf.com.br\/index.php\/2022\/10\/26\/tv-globo-realiza-debate-com-os-candidatos-a-presidencia-da-republica\/#breadcrumb\",\"itemListElement\":[{\"@type\":\"ListItem\",\"position\":1,\"name\":\"In\u00edcio\",\"item\":\"https:\/\/portalmf.com.br\/\"},{\"@type\":\"ListItem\",\"position\":2,\"name\":\"TV Globo realiza debate com os candidatos \u00e0 Presid\u00eancia da Rep\u00fablica\"}]},{\"@type\":\"WebSite\",\"@id\":\"https:\/\/portalmf.com.br\/#website\",\"url\":\"https:\/\/portalmf.com.br\/\",\"name\":\"Portal MF\",\"description\":\"Voc\u00ea conectado com a informa\u00e7\u00e3o\",\"potentialAction\":[{\"@type\":\"SearchAction\",\"target\":{\"@type\":\"EntryPoint\",\"urlTemplate\":\"https:\/\/portalmf.com.br\/?s={search_term_string}\"},\"query-input\":\"required name=search_term_string\"}],\"inLanguage\":\"pt-BR\"},{\"@type\":\"Person\",\"@id\":\"https:\/\/portalmf.com.br\/#\/schema\/person\/11c82086fe8abc05a19147e964587285\",\"name\":\"Reginaldo J\u00fanior\",\"image\":{\"@type\":\"ImageObject\",\"inLanguage\":\"pt-BR\",\"@id\":\"https:\/\/portalmf.com.br\/#\/schema\/person\/image\/\",\"url\":\"https:\/\/secure.gravatar.com\/avatar\/32a3c797cd0ac47cc53b8644c62776f9?s=96&d=mm&r=g\",\"contentUrl\":\"https:\/\/secure.gravatar.com\/avatar\/32a3c797cd0ac47cc53b8644c62776f9?s=96&d=mm&r=g\",\"caption\":\"Reginaldo J\u00fanior\"},\"description\":\"Jornalista e idealizador Portal MF\",\"sameAs\":[\"https:\/\/portalmf.com.br\/index.php\/author\/reginaldojr\/\",\"reginaldojrfsa\",\"reginaldojuniormf\",\"https:\/\/x.com\/reginaldojrmf\"],\"url\":\"https:\/\/portalmf.com.br\/index.php\/author\/reginaldojr\/\"}]}<\/script>\n<!-- \/ Yoast SEO plugin. -->","yoast_head_json":{"title":"TV Globo realiza debate com os candidatos \u00e0 Presid\u00eancia da Rep\u00fablica - Portal MF","robots":{"index":"index","follow":"follow","max-snippet":"max-snippet:-1","max-image-preview":"max-image-preview:large","max-video-preview":"max-video-preview:-1"},"canonical":"https:\/\/portalmf.com.br\/index.php\/2022\/10\/26\/tv-globo-realiza-debate-com-os-candidatos-a-presidencia-da-republica\/","og_locale":"pt_BR","og_type":"article","og_title":"TV Globo realiza debate com os candidatos \u00e0 Presid\u00eancia da Rep\u00fablica - Portal MF","og_description":"A TV Globo promove nesta sexta-feira, dia 28 de outubro, \u00e0s 21h30, o \u00faltimo debate entre os candidatos \u00e0 Presid\u00eancia da Rep\u00fablica que disputam o segundo turno das elei\u00e7\u00f5es: Jair Bolsonaro (PL) e Luiz In\u00e1cio Lula da Silva (PT). Mediado pelo jornalista William Bonner, o evento ser\u00e1 transmitido ao vivo pela TV Globo, pela GloboNews, [&hellip;]","og_url":"https:\/\/portalmf.com.br\/index.php\/2022\/10\/26\/tv-globo-realiza-debate-com-os-candidatos-a-presidencia-da-republica\/","og_site_name":"Portal MF","article_author":"reginaldojrfsa","article_published_time":"2022-10-26T19:15:23+00:00","article_modified_time":"2022-10-26T19:15:24+00:00","og_image":[{"width":700,"height":400,"url":"https:\/\/portalmf.com.br\/wp-content\/uploads\/2022\/10\/debate.jpg","type":"image\/jpeg"}],"author":"Reginaldo J\u00fanior","twitter_card":"summary_large_image","twitter_creator":"@reginaldojrmf","twitter_misc":{"Escrito por":"Reginaldo J\u00fanior","Est. tempo de leitura":"3 minutos"},"schema":{"@context":"https:\/\/schema.org","@graph":[{"@type":"WebPage","@id":"https:\/\/portalmf.com.br\/index.php\/2022\/10\/26\/tv-globo-realiza-debate-com-os-candidatos-a-presidencia-da-republica\/","url":"https:\/\/portalmf.com.br\/index.php\/2022\/10\/26\/tv-globo-realiza-debate-com-os-candidatos-a-presidencia-da-republica\/","name":"TV Globo realiza debate com os candidatos \u00e0 Presid\u00eancia da Rep\u00fablica - Portal MF","isPartOf":{"@id":"https:\/\/portalmf.com.br\/#website"},"primaryImageOfPage":{"@id":"https:\/\/portalmf.com.br\/index.php\/2022\/10\/26\/tv-globo-realiza-debate-com-os-candidatos-a-presidencia-da-republica\/#primaryimage"},"image":{"@id":"https:\/\/portalmf.com.br\/index.php\/2022\/10\/26\/tv-globo-realiza-debate-com-os-candidatos-a-presidencia-da-republica\/#primaryimage"},"thumbnailUrl":"https:\/\/portalmf.com.br\/wp-content\/uploads\/2022\/10\/debate.jpg","datePublished":"2022-10-26T19:15:23+00:00","dateModified":"2022-10-26T19:15:24+00:00","author":{"@id":"https:\/\/portalmf.com.br\/#\/schema\/person\/11c82086fe8abc05a19147e964587285"},"breadcrumb":{"@id":"https:\/\/portalmf.com.br\/index.php\/2022\/10\/26\/tv-globo-realiza-debate-com-os-candidatos-a-presidencia-da-republica\/#breadcrumb"},"inLanguage":"pt-BR","potentialAction":[{"@type":"ReadAction","target":["https:\/\/portalmf.com.br\/index.php\/2022\/10\/26\/tv-globo-realiza-debate-com-os-candidatos-a-presidencia-da-republica\/"]}]},{"@type":"ImageObject","inLanguage":"pt-BR","@id":"https:\/\/portalmf.com.br\/index.php\/2022\/10\/26\/tv-globo-realiza-debate-com-os-candidatos-a-presidencia-da-republica\/#primaryimage","url":"https:\/\/portalmf.com.br\/wp-content\/uploads\/2022\/10\/debate.jpg","contentUrl":"https:\/\/portalmf.com.br\/wp-content\/uploads\/2022\/10\/debate.jpg","width":700,"height":400},{"@type":"BreadcrumbList","@id":"https:\/\/portalmf.com.br\/index.php\/2022\/10\/26\/tv-globo-realiza-debate-com-os-candidatos-a-presidencia-da-republica\/#breadcrumb","itemListElement":[{"@type":"ListItem","position":1,"name":"In\u00edcio","item":"https:\/\/portalmf.com.br\/"},{"@type":"ListItem","position":2,"name":"TV Globo realiza debate com os candidatos \u00e0 Presid\u00eancia da Rep\u00fablica"}]},{"@type":"WebSite","@id":"https:\/\/portalmf.com.br\/#website","url":"https:\/\/portalmf.com.br\/","name":"Portal MF","description":"Voc\u00ea conectado com a informa\u00e7\u00e3o","potentialAction":[{"@type":"SearchAction","target":{"@type":"EntryPoint","urlTemplate":"https:\/\/portalmf.com.br\/?s={search_term_string}"},"query-input":"required name=search_term_string"}],"inLanguage":"pt-BR"},{"@type":"Person","@id":"https:\/\/portalmf.com.br\/#\/schema\/person\/11c82086fe8abc05a19147e964587285","name":"Reginaldo J\u00fanior","image":{"@type":"ImageObject","inLanguage":"pt-BR","@id":"https:\/\/portalmf.com.br\/#\/schema\/person\/image\/","url":"https:\/\/secure.gravatar.com\/avatar\/32a3c797cd0ac47cc53b8644c62776f9?s=96&d=mm&r=g","contentUrl":"https:\/\/secure.gravatar.com\/avatar\/32a3c797cd0ac47cc53b8644c62776f9?s=96&d=mm&r=g","caption":"Reginaldo J\u00fanior"},"description":"Jornalista e idealizador Portal MF","sameAs":["https:\/\/portalmf.com.br\/index.php\/author\/reginaldojr\/","reginaldojrfsa","reginaldojuniormf","https:\/\/x.com\/reginaldojrmf"],"url":"https:\/\/portalmf.com.br\/index.php\/author\/reginaldojr\/"}]}},"_links":{"self":[{"href":"https:\/\/portalmf.com.br\/index.php\/wp-json\/wp\/v2\/posts\/5447"}],"collection":[{"href":"https:\/\/portalmf.com.br\/index.php\/wp-json\/wp\/v2\/posts"}],"about":[{"href":"https:\/\/portalmf.com.br\/index.php\/wp-json\/wp\/v2\/types\/post"}],"author":[{"embeddable":true,"href":"https:\/\/portalmf.com.br\/index.php\/wp-json\/wp\/v2\/users\/2"}],"replies":[{"embeddable":true,"href":"https:\/\/portalmf.com.br\/index.php\/wp-json\/wp\/v2\/comments?post=5447"}],"version-history":[{"count":1,"href":"https:\/\/portalmf.com.br\/index.php\/wp-json\/wp\/v2\/posts\/5447\/revisions"}],"predecessor-version":[{"id":5449,"href":"https:\/\/portalmf.com.br\/index.php\/wp-json\/wp\/v2\/posts\/5447\/revisions\/5449"}],"wp:featuredmedia":[{"embeddable":true,"href":"https:\/\/portalmf.com.br\/index.php\/wp-json\/wp\/v2\/media\/5448"}],"wp:attachment":[{"href":"https:\/\/portalmf.com.br\/index.php\/wp-json\/wp\/v2\/media?parent=5447"}],"wp:term":[{"taxonomy":"category","embeddable":true,"href":"https:\/\/portalmf.com.br\/index.php\/wp-json\/wp\/v2\/categories?post=5447"},{"taxonomy":"post_tag","embeddable":true,"href":"https:\/\/portalmf.com.br\/index.php\/wp-json\/wp\/v2\/tags?post=5447"}],"curies":[{"name":"wp","href":"https:\/\/api.w.org\/{rel}","templated":true}]}}