{"id":5429,"date":"2022-10-25T12:19:00","date_gmt":"2022-10-25T15:19:00","guid":{"rendered":"http:\/\/portalmf.com.br\/?p=5429"},"modified":"2022-10-25T18:21:11","modified_gmt":"2022-10-25T21:21:11","slug":"jeronimo-foge-dos-debates-para-evitar-problemas-da-sua-trajetoria-politica-como-vai-encarar-as-dificuldades-de-governar-a-bahia-questiona-acm-neto","status":"publish","type":"post","link":"https:\/\/portalmf.com.br\/index.php\/2022\/10\/25\/jeronimo-foge-dos-debates-para-evitar-problemas-da-sua-trajetoria-politica-como-vai-encarar-as-dificuldades-de-governar-a-bahia-questiona-acm-neto\/","title":{"rendered":"\u201dJer\u00f4nimo foge dos debates para evitar problemas da sua trajet\u00f3ria pol\u00edtica. Como vai encarar as dificuldades de governar a Bahia?\u201d, questiona ACM Neto"},"content":{"rendered":"\n<p>O candidato a governador ACM Neto (Uni\u00e3o Brasil) voltou a criticar a aus\u00eancia do candidato do PT baiano nos debates do segundo turno. Neto afirmou que Jer\u00f4nimo foge para tentar esconder o legado deixado por ele nos cargos p\u00fablicos que ocupou. \u201cComo \u00e9 que, numa elei\u00e7\u00e3o em segundo turno onde temos apenas dois candidatos, um deles \u00e9 desafiado a debater e n\u00e3o tem coragem de aparecer?\u201d, questionou o ex-prefeito de Salvador durante evento em Cruz das Almas.<\/p>\n\n\n\n<p>Nesta ter\u00e7a-feira (25), em entrevista \u00e0 r\u00e1dio Sociedade, o ex-prefeito de Salvador voltou a criticar o seu oponente. \u201cSe ele est\u00e1 se escondendo agora para n\u00e3o debater comigo, imaginem como ele seria se tivesse a oportunidade de ser governador, na hora de encarar os problemas de viol\u00eancia, os problemas da regula\u00e7\u00e3o na sa\u00fade p\u00fablica, do n\u00famero de desempregados e de pessoas vivendo abaixo da linha da extrema pobreza na Bahia?\u201d, apontou.<\/p>\n\n\n\n<p>Em discurso em Cruz das Almas, Neto lembrou que durante as passagens de Jer\u00f4nimo Rodrigues pela Secretaria de Desenvolvimento Rural, o candidato do PT foi o respons\u00e1vel por validar a extin\u00e7\u00e3o da EBDA, uma das ag\u00eancias mais importantes no apoio ao micro e pequeno produtor rural do estado.<\/p>\n\n\n\n<p>\u201cAqui em Cruz das Almas n\u00f3s temos uma zona rural forte, no Rec\u00f4ncavo n\u00f3s temos milhares de fam\u00edlias que vivem da agricultura familiar e o que fez Jer\u00f4nimo? Ele, que \u00e9 agr\u00f4nomo, virou as costas para o pequeno produtor e acabou com a EBDA\u201d, disse. \u201cEle tamb\u00e9m \u00e9 professor. Foi Secret\u00e1rio de Educa\u00e7\u00e3o e o resultado do trabalho dele foi deixar a Bahia em pen\u00faltimo lugar na qualidade de ensino do Brasil. Uma vergonha\u201d, acrescentou Neto.<\/p>\n\n\n\n<p>Outra situa\u00e7\u00e3o mencionada pelo candidato do Uni\u00e3o Brasil foi o tratamento dado por Jer\u00f4nimo aos alunos da rede p\u00fablica de ensino da Bahia durante a pandemia. Enquanto em Salvador o ex-prefeito organizou a estrutura municipal para garantir entrega de cestas b\u00e1sicas para as fam\u00edlias, seu advers\u00e1rio precisou ser obrigado pela Justi\u00e7a a garantir a merenda escolar para as crian\u00e7as e jovens que n\u00e3o podiam frequentar as salas de aula.<\/p>\n\n\n\n<p>\u201cAl\u00e9m de tudo isso, Jer\u00f4nimo foi secret\u00e1rio na cidade onde ele nasceu, em Aiquara. \u00c0 \u00e9poca, o prefeito da cidade, que ele apoiava e fazia parte da gest\u00e3o, foi cassado. A gest\u00e3o que ele participou ficou oito meses sem pagar os funcion\u00e1rios\u201d, salientou durante discurso aos presentes.<\/p>\n\n\n\n<p>ACM Neto tamb\u00e9m fez quest\u00e3o de citar o dado alarmante que mostra que apenas este ano, em Feira de Santana, 339 pessoas morreram na fila da regula\u00e7\u00e3o enquanto esperavam atendimento m\u00e9dico na Bahia.<\/p>\n\n\n\n<p>\u201cE eles ainda t\u00eam coragem de dizer que defendem os pobres. Como \u00e9 que defende o pobre deixando o pobre morrer sem ter atendimento de sa\u00fade? Deixando o pobre sem seguran\u00e7a, deixando as f\u00e1bricas fecharem os empregos, irem embora e fazendo da Bahia a campe\u00e3 do desemprego? Como defendem os pobres deixando a nossa juventude sem oportunidade de estudar para conseguir um lugar no mercado de trabalho ou para fazer o seu curso superior?\u201d, ponderou.<\/p>\n\n\n\n<p>\u201cEsse \u00e9 o resultado do trabalho de Jer\u00f4nimo Rodrigues. Na propaganda eles sabem mentir, mas, quando chega na realidade, a vida mostra que a coisa \u00e9 bem diferente\u201d, acrescentou Neto.<\/p>\n\n\n\n<p>Na cidade de Cruz das Almas o candidato ACM Neto foi recebido por diversas lideran\u00e7as pol\u00edticas da regi\u00e3o. O prefeito Ednaldo Ribeiro (Republicanos), que declarou apoio ao projeto pol\u00edtico de Neto ao Governo da Bahia no segundo turno, acompanhou o ex-prefeito durante toda a carreata e durante o com\u00edcio.<\/p>\n\n\n\n<p>\u201cDo lado de c\u00e1, com muito orgulho, eu falo da minha hist\u00f3ria. Falo dos mais de 20 anos que tenho na vida p\u00fablica. Lembro, inclusive, que com o apoio do povo de Cruz das Almas fui tr\u00eas vezes o deputado mais votado da Bahia. Duas vezes prefeito de Salvador. Jer\u00f4nimo foi testado e reprovado. Eu fui testado e considerado pelos soteropolitanos o melhor prefeito do Brasil por oito vezes. Sa\u00ed com mais de 80% de aprova\u00e7\u00e3o da prefeitura. Essa \u00e9 a compara\u00e7\u00e3o que os baianos precisam fazer\u201d, defendeu Neto.<\/p>\n\n\n\n<p>Tamb\u00e9m estiveram presentes vereadores e os deputados Elmar Nascimento (Uni\u00e3o Brasil), Sandro R\u00e9gis (Uni\u00e3o Brasil); os prefeitos de Governador Mangabeira, Marcelo Pedreira (PP), a prefeita de Nazar\u00e9, Eunice (Uni\u00e3o Brasil), de Maragogipe, Valdir, e o prefeito de S\u00e3o F\u00e9lix, Alex (Uni\u00e3o Brasil).<\/p>\n","protected":false},"excerpt":{"rendered":"<p>O candidato a governador ACM Neto (Uni\u00e3o Brasil) voltou a criticar a aus\u00eancia do candidato do PT baiano nos debates do segundo turno. Neto afirmou que Jer\u00f4nimo foge para tentar esconder o legado deixado por ele nos cargos p\u00fablicos que ocupou. \u201cComo \u00e9 que, numa elei\u00e7\u00e3o em segundo turno onde temos apenas dois candidatos, um [&hellip;]<\/p>\n","protected":false},"author":2,"featured_media":5430,"comment_status":"open","ping_status":"open","sticky":false,"template":"","format":"standard","meta":{"_monsterinsights_skip_tracking":false,"_monsterinsights_sitenote_active":false,"_monsterinsights_sitenote_note":"","_monsterinsights_sitenote_category":0,"footnotes":""},"categories":[34],"tags":[69,66,67],"yoast_head":"<!-- This site is optimized with the Yoast SEO plugin v22.9 - https:\/\/yoast.com\/wordpress\/plugins\/seo\/ -->\n<title>\u201dJer\u00f4nimo foge dos debates para evitar problemas da sua trajet\u00f3ria pol\u00edtica. Como vai encarar as dificuldades de governar a Bahia?\u201d, questiona ACM Neto - Portal MF<\/title>\n<meta name=\"robots\" content=\"index, follow, max-snippet:-1, max-image-preview:large, max-video-preview:-1\" \/>\n<link rel=\"canonical\" href=\"https:\/\/portalmf.com.br\/index.php\/2022\/10\/25\/jeronimo-foge-dos-debates-para-evitar-problemas-da-sua-trajetoria-politica-como-vai-encarar-as-dificuldades-de-governar-a-bahia-questiona-acm-neto\/\" \/>\n<meta property=\"og:locale\" content=\"pt_BR\" \/>\n<meta property=\"og:type\" content=\"article\" \/>\n<meta property=\"og:title\" content=\"\u201dJer\u00f4nimo foge dos debates para evitar problemas da sua trajet\u00f3ria pol\u00edtica. Como vai encarar as dificuldades de governar a Bahia?\u201d, questiona ACM Neto - Portal MF\" \/>\n<meta property=\"og:description\" content=\"O candidato a governador ACM Neto (Uni\u00e3o Brasil) voltou a criticar a aus\u00eancia do candidato do PT baiano nos debates do segundo turno. Neto afirmou que Jer\u00f4nimo foge para tentar esconder o legado deixado por ele nos cargos p\u00fablicos que ocupou. \u201cComo \u00e9 que, numa elei\u00e7\u00e3o em segundo turno onde temos apenas dois candidatos, um [&hellip;]\" \/>\n<meta property=\"og:url\" content=\"https:\/\/portalmf.com.br\/index.php\/2022\/10\/25\/jeronimo-foge-dos-debates-para-evitar-problemas-da-sua-trajetoria-politica-como-vai-encarar-as-dificuldades-de-governar-a-bahia-questiona-acm-neto\/\" \/>\n<meta property=\"og:site_name\" content=\"Portal MF\" \/>\n<meta property=\"article:author\" content=\"reginaldojrfsa\" \/>\n<meta property=\"article:published_time\" content=\"2022-10-25T15:19:00+00:00\" \/>\n<meta property=\"article:modified_time\" content=\"2022-10-25T21:21:11+00:00\" \/>\n<meta property=\"og:image\" content=\"https:\/\/portalmf.com.br\/wp-content\/uploads\/2022\/10\/questiona-ACM-Neto.jpeg\" \/>\n\t<meta property=\"og:image:width\" content=\"1600\" \/>\n\t<meta property=\"og:image:height\" content=\"1066\" \/>\n\t<meta property=\"og:image:type\" content=\"image\/jpeg\" \/>\n<meta name=\"author\" content=\"Reginaldo J\u00fanior\" \/>\n<meta name=\"twitter:card\" content=\"summary_large_image\" \/>\n<meta name=\"twitter:creator\" content=\"@reginaldojrmf\" \/>\n<meta name=\"twitter:label1\" content=\"Escrito por\" \/>\n\t<meta name=\"twitter:data1\" content=\"Reginaldo J\u00fanior\" \/>\n\t<meta name=\"twitter:label2\" content=\"Est. tempo de leitura\" \/>\n\t<meta name=\"twitter:data2\" content=\"4 minutos\" \/>\n<script type=\"application\/ld+json\" class=\"yoast-schema-graph\">{\"@context\":\"https:\/\/schema.org\",\"@graph\":[{\"@type\":\"WebPage\",\"@id\":\"https:\/\/portalmf.com.br\/index.php\/2022\/10\/25\/jeronimo-foge-dos-debates-para-evitar-problemas-da-sua-trajetoria-politica-como-vai-encarar-as-dificuldades-de-governar-a-bahia-questiona-acm-neto\/\",\"url\":\"https:\/\/portalmf.com.br\/index.php\/2022\/10\/25\/jeronimo-foge-dos-debates-para-evitar-problemas-da-sua-trajetoria-politica-como-vai-encarar-as-dificuldades-de-governar-a-bahia-questiona-acm-neto\/\",\"name\":\"\u201dJer\u00f4nimo foge dos debates para evitar problemas da sua trajet\u00f3ria pol\u00edtica. Como vai encarar as dificuldades de governar a Bahia?\u201d, questiona ACM Neto - Portal MF\",\"isPartOf\":{\"@id\":\"https:\/\/portalmf.com.br\/#website\"},\"primaryImageOfPage\":{\"@id\":\"https:\/\/portalmf.com.br\/index.php\/2022\/10\/25\/jeronimo-foge-dos-debates-para-evitar-problemas-da-sua-trajetoria-politica-como-vai-encarar-as-dificuldades-de-governar-a-bahia-questiona-acm-neto\/#primaryimage\"},\"image\":{\"@id\":\"https:\/\/portalmf.com.br\/index.php\/2022\/10\/25\/jeronimo-foge-dos-debates-para-evitar-problemas-da-sua-trajetoria-politica-como-vai-encarar-as-dificuldades-de-governar-a-bahia-questiona-acm-neto\/#primaryimage\"},\"thumbnailUrl\":\"https:\/\/portalmf.com.br\/wp-content\/uploads\/2022\/10\/questiona-ACM-Neto.jpeg\",\"datePublished\":\"2022-10-25T15:19:00+00:00\",\"dateModified\":\"2022-10-25T21:21:11+00:00\",\"author\":{\"@id\":\"https:\/\/portalmf.com.br\/#\/schema\/person\/11c82086fe8abc05a19147e964587285\"},\"breadcrumb\":{\"@id\":\"https:\/\/portalmf.com.br\/index.php\/2022\/10\/25\/jeronimo-foge-dos-debates-para-evitar-problemas-da-sua-trajetoria-politica-como-vai-encarar-as-dificuldades-de-governar-a-bahia-questiona-acm-neto\/#breadcrumb\"},\"inLanguage\":\"pt-BR\",\"potentialAction\":[{\"@type\":\"ReadAction\",\"target\":[\"https:\/\/portalmf.com.br\/index.php\/2022\/10\/25\/jeronimo-foge-dos-debates-para-evitar-problemas-da-sua-trajetoria-politica-como-vai-encarar-as-dificuldades-de-governar-a-bahia-questiona-acm-neto\/\"]}]},{\"@type\":\"ImageObject\",\"inLanguage\":\"pt-BR\",\"@id\":\"https:\/\/portalmf.com.br\/index.php\/2022\/10\/25\/jeronimo-foge-dos-debates-para-evitar-problemas-da-sua-trajetoria-politica-como-vai-encarar-as-dificuldades-de-governar-a-bahia-questiona-acm-neto\/#primaryimage\",\"url\":\"https:\/\/portalmf.com.br\/wp-content\/uploads\/2022\/10\/questiona-ACM-Neto.jpeg\",\"contentUrl\":\"https:\/\/portalmf.com.br\/wp-content\/uploads\/2022\/10\/questiona-ACM-Neto.jpeg\",\"width\":1600,\"height\":1066},{\"@type\":\"BreadcrumbList\",\"@id\":\"https:\/\/portalmf.com.br\/index.php\/2022\/10\/25\/jeronimo-foge-dos-debates-para-evitar-problemas-da-sua-trajetoria-politica-como-vai-encarar-as-dificuldades-de-governar-a-bahia-questiona-acm-neto\/#breadcrumb\",\"itemListElement\":[{\"@type\":\"ListItem\",\"position\":1,\"name\":\"In\u00edcio\",\"item\":\"https:\/\/portalmf.com.br\/\"},{\"@type\":\"ListItem\",\"position\":2,\"name\":\"\u201dJer\u00f4nimo foge dos debates para evitar problemas da sua trajet\u00f3ria pol\u00edtica. Como vai encarar as dificuldades de governar a Bahia?\u201d, questiona ACM Neto\"}]},{\"@type\":\"WebSite\",\"@id\":\"https:\/\/portalmf.com.br\/#website\",\"url\":\"https:\/\/portalmf.com.br\/\",\"name\":\"Portal MF\",\"description\":\"Voc\u00ea conectado com a informa\u00e7\u00e3o\",\"potentialAction\":[{\"@type\":\"SearchAction\",\"target\":{\"@type\":\"EntryPoint\",\"urlTemplate\":\"https:\/\/portalmf.com.br\/?s={search_term_string}\"},\"query-input\":\"required name=search_term_string\"}],\"inLanguage\":\"pt-BR\"},{\"@type\":\"Person\",\"@id\":\"https:\/\/portalmf.com.br\/#\/schema\/person\/11c82086fe8abc05a19147e964587285\",\"name\":\"Reginaldo J\u00fanior\",\"image\":{\"@type\":\"ImageObject\",\"inLanguage\":\"pt-BR\",\"@id\":\"https:\/\/portalmf.com.br\/#\/schema\/person\/image\/\",\"url\":\"https:\/\/secure.gravatar.com\/avatar\/32a3c797cd0ac47cc53b8644c62776f9?s=96&d=mm&r=g\",\"contentUrl\":\"https:\/\/secure.gravatar.com\/avatar\/32a3c797cd0ac47cc53b8644c62776f9?s=96&d=mm&r=g\",\"caption\":\"Reginaldo J\u00fanior\"},\"description\":\"Jornalista e idealizador Portal MF\",\"sameAs\":[\"https:\/\/portalmf.com.br\/index.php\/author\/reginaldojr\/\",\"reginaldojrfsa\",\"reginaldojuniormf\",\"https:\/\/x.com\/reginaldojrmf\"],\"url\":\"https:\/\/portalmf.com.br\/index.php\/author\/reginaldojr\/\"}]}<\/script>\n<!-- \/ Yoast SEO plugin. -->","yoast_head_json":{"title":"\u201dJer\u00f4nimo foge dos debates para evitar problemas da sua trajet\u00f3ria pol\u00edtica. Como vai encarar as dificuldades de governar a Bahia?\u201d, questiona ACM Neto - Portal MF","robots":{"index":"index","follow":"follow","max-snippet":"max-snippet:-1","max-image-preview":"max-image-preview:large","max-video-preview":"max-video-preview:-1"},"canonical":"https:\/\/portalmf.com.br\/index.php\/2022\/10\/25\/jeronimo-foge-dos-debates-para-evitar-problemas-da-sua-trajetoria-politica-como-vai-encarar-as-dificuldades-de-governar-a-bahia-questiona-acm-neto\/","og_locale":"pt_BR","og_type":"article","og_title":"\u201dJer\u00f4nimo foge dos debates para evitar problemas da sua trajet\u00f3ria pol\u00edtica. Como vai encarar as dificuldades de governar a Bahia?\u201d, questiona ACM Neto - Portal MF","og_description":"O candidato a governador ACM Neto (Uni\u00e3o Brasil) voltou a criticar a aus\u00eancia do candidato do PT baiano nos debates do segundo turno. Neto afirmou que Jer\u00f4nimo foge para tentar esconder o legado deixado por ele nos cargos p\u00fablicos que ocupou. \u201cComo \u00e9 que, numa elei\u00e7\u00e3o em segundo turno onde temos apenas dois candidatos, um [&hellip;]","og_url":"https:\/\/portalmf.com.br\/index.php\/2022\/10\/25\/jeronimo-foge-dos-debates-para-evitar-problemas-da-sua-trajetoria-politica-como-vai-encarar-as-dificuldades-de-governar-a-bahia-questiona-acm-neto\/","og_site_name":"Portal MF","article_author":"reginaldojrfsa","article_published_time":"2022-10-25T15:19:00+00:00","article_modified_time":"2022-10-25T21:21:11+00:00","og_image":[{"width":1600,"height":1066,"url":"https:\/\/portalmf.com.br\/wp-content\/uploads\/2022\/10\/questiona-ACM-Neto.jpeg","type":"image\/jpeg"}],"author":"Reginaldo J\u00fanior","twitter_card":"summary_large_image","twitter_creator":"@reginaldojrmf","twitter_misc":{"Escrito por":"Reginaldo J\u00fanior","Est. tempo de leitura":"4 minutos"},"schema":{"@context":"https:\/\/schema.org","@graph":[{"@type":"WebPage","@id":"https:\/\/portalmf.com.br\/index.php\/2022\/10\/25\/jeronimo-foge-dos-debates-para-evitar-problemas-da-sua-trajetoria-politica-como-vai-encarar-as-dificuldades-de-governar-a-bahia-questiona-acm-neto\/","url":"https:\/\/portalmf.com.br\/index.php\/2022\/10\/25\/jeronimo-foge-dos-debates-para-evitar-problemas-da-sua-trajetoria-politica-como-vai-encarar-as-dificuldades-de-governar-a-bahia-questiona-acm-neto\/","name":"\u201dJer\u00f4nimo foge dos debates para evitar problemas da sua trajet\u00f3ria pol\u00edtica. Como vai encarar as dificuldades de governar a Bahia?\u201d, questiona ACM Neto - Portal MF","isPartOf":{"@id":"https:\/\/portalmf.com.br\/#website"},"primaryImageOfPage":{"@id":"https:\/\/portalmf.com.br\/index.php\/2022\/10\/25\/jeronimo-foge-dos-debates-para-evitar-problemas-da-sua-trajetoria-politica-como-vai-encarar-as-dificuldades-de-governar-a-bahia-questiona-acm-neto\/#primaryimage"},"image":{"@id":"https:\/\/portalmf.com.br\/index.php\/2022\/10\/25\/jeronimo-foge-dos-debates-para-evitar-problemas-da-sua-trajetoria-politica-como-vai-encarar-as-dificuldades-de-governar-a-bahia-questiona-acm-neto\/#primaryimage"},"thumbnailUrl":"https:\/\/portalmf.com.br\/wp-content\/uploads\/2022\/10\/questiona-ACM-Neto.jpeg","datePublished":"2022-10-25T15:19:00+00:00","dateModified":"2022-10-25T21:21:11+00:00","author":{"@id":"https:\/\/portalmf.com.br\/#\/schema\/person\/11c82086fe8abc05a19147e964587285"},"breadcrumb":{"@id":"https:\/\/portalmf.com.br\/index.php\/2022\/10\/25\/jeronimo-foge-dos-debates-para-evitar-problemas-da-sua-trajetoria-politica-como-vai-encarar-as-dificuldades-de-governar-a-bahia-questiona-acm-neto\/#breadcrumb"},"inLanguage":"pt-BR","potentialAction":[{"@type":"ReadAction","target":["https:\/\/portalmf.com.br\/index.php\/2022\/10\/25\/jeronimo-foge-dos-debates-para-evitar-problemas-da-sua-trajetoria-politica-como-vai-encarar-as-dificuldades-de-governar-a-bahia-questiona-acm-neto\/"]}]},{"@type":"ImageObject","inLanguage":"pt-BR","@id":"https:\/\/portalmf.com.br\/index.php\/2022\/10\/25\/jeronimo-foge-dos-debates-para-evitar-problemas-da-sua-trajetoria-politica-como-vai-encarar-as-dificuldades-de-governar-a-bahia-questiona-acm-neto\/#primaryimage","url":"https:\/\/portalmf.com.br\/wp-content\/uploads\/2022\/10\/questiona-ACM-Neto.jpeg","contentUrl":"https:\/\/portalmf.com.br\/wp-content\/uploads\/2022\/10\/questiona-ACM-Neto.jpeg","width":1600,"height":1066},{"@type":"BreadcrumbList","@id":"https:\/\/portalmf.com.br\/index.php\/2022\/10\/25\/jeronimo-foge-dos-debates-para-evitar-problemas-da-sua-trajetoria-politica-como-vai-encarar-as-dificuldades-de-governar-a-bahia-questiona-acm-neto\/#breadcrumb","itemListElement":[{"@type":"ListItem","position":1,"name":"In\u00edcio","item":"https:\/\/portalmf.com.br\/"},{"@type":"ListItem","position":2,"name":"\u201dJer\u00f4nimo foge dos debates para evitar problemas da sua trajet\u00f3ria pol\u00edtica. Como vai encarar as dificuldades de governar a Bahia?\u201d, questiona ACM Neto"}]},{"@type":"WebSite","@id":"https:\/\/portalmf.com.br\/#website","url":"https:\/\/portalmf.com.br\/","name":"Portal MF","description":"Voc\u00ea conectado com a informa\u00e7\u00e3o","potentialAction":[{"@type":"SearchAction","target":{"@type":"EntryPoint","urlTemplate":"https:\/\/portalmf.com.br\/?s={search_term_string}"},"query-input":"required name=search_term_string"}],"inLanguage":"pt-BR"},{"@type":"Person","@id":"https:\/\/portalmf.com.br\/#\/schema\/person\/11c82086fe8abc05a19147e964587285","name":"Reginaldo J\u00fanior","image":{"@type":"ImageObject","inLanguage":"pt-BR","@id":"https:\/\/portalmf.com.br\/#\/schema\/person\/image\/","url":"https:\/\/secure.gravatar.com\/avatar\/32a3c797cd0ac47cc53b8644c62776f9?s=96&d=mm&r=g","contentUrl":"https:\/\/secure.gravatar.com\/avatar\/32a3c797cd0ac47cc53b8644c62776f9?s=96&d=mm&r=g","caption":"Reginaldo J\u00fanior"},"description":"Jornalista e idealizador Portal MF","sameAs":["https:\/\/portalmf.com.br\/index.php\/author\/reginaldojr\/","reginaldojrfsa","reginaldojuniormf","https:\/\/x.com\/reginaldojrmf"],"url":"https:\/\/portalmf.com.br\/index.php\/author\/reginaldojr\/"}]}},"_links":{"self":[{"href":"https:\/\/portalmf.com.br\/index.php\/wp-json\/wp\/v2\/posts\/5429"}],"collection":[{"href":"https:\/\/portalmf.com.br\/index.php\/wp-json\/wp\/v2\/posts"}],"about":[{"href":"https:\/\/portalmf.com.br\/index.php\/wp-json\/wp\/v2\/types\/post"}],"author":[{"embeddable":true,"href":"https:\/\/portalmf.com.br\/index.php\/wp-json\/wp\/v2\/users\/2"}],"replies":[{"embeddable":true,"href":"https:\/\/portalmf.com.br\/index.php\/wp-json\/wp\/v2\/comments?post=5429"}],"version-history":[{"count":1,"href":"https:\/\/portalmf.com.br\/index.php\/wp-json\/wp\/v2\/posts\/5429\/revisions"}],"predecessor-version":[{"id":5431,"href":"https:\/\/portalmf.com.br\/index.php\/wp-json\/wp\/v2\/posts\/5429\/revisions\/5431"}],"wp:featuredmedia":[{"embeddable":true,"href":"https:\/\/portalmf.com.br\/index.php\/wp-json\/wp\/v2\/media\/5430"}],"wp:attachment":[{"href":"https:\/\/portalmf.com.br\/index.php\/wp-json\/wp\/v2\/media?parent=5429"}],"wp:term":[{"taxonomy":"category","embeddable":true,"href":"https:\/\/portalmf.com.br\/index.php\/wp-json\/wp\/v2\/categories?post=5429"},{"taxonomy":"post_tag","embeddable":true,"href":"https:\/\/portalmf.com.br\/index.php\/wp-json\/wp\/v2\/tags?post=5429"}],"curies":[{"name":"wp","href":"https:\/\/api.w.org\/{rel}","templated":true}]}}