{"id":5426,"date":"2022-10-25T11:16:00","date_gmt":"2022-10-25T14:16:00","guid":{"rendered":"http:\/\/portalmf.com.br\/?p=5426"},"modified":"2022-10-25T18:18:02","modified_gmt":"2022-10-25T21:18:02","slug":"rede-sustentabilidade-oficializa-apoio-a-jeronimo","status":"publish","type":"post","link":"https:\/\/portalmf.com.br\/index.php\/2022\/10\/25\/rede-sustentabilidade-oficializa-apoio-a-jeronimo\/","title":{"rendered":"Rede Sustentabilidade oficializa apoio a Jer\u00f4nimo"},"content":{"rendered":"\n<p>A Rede Sustentabilidade oficializou seu apoio a Jer\u00f4nimo Rodrigues, candidato do Partido dos Trabalhadores ao Governo do Estado, nesta ter\u00e7a-feira, 25. Com o novo apoio, a campanha j\u00e1 conta com cinco novos partidos aliados &#8211; Rede, PSOL, PSC, PROS e Patriota. No total, a Coliga\u00e7\u00e3o Mais Bahia, Mais Brasil chega ao segundo turno com um arco de alian\u00e7as de onze legendas. A decis\u00e3o por apoiar a chapa de Jer\u00f4nimo Rodrigues se d\u00e1 pelo alinhamento nacional do partido, fortalecimento das pautas ambientais, compromisso em garantir mais inclus\u00e3o social e uma Bahia mais forte.<\/p>\n\n\n\n<p>\u201cNo segundo turno, com alinhamento para n\u00f3s da Rede, n\u00e3o \u00e9 \u201ctanto faz\u201d. N\u00f3s estamos aqui porque entendemos a import\u00e2ncia da tem\u00e1tica ambiental, porque precisamos alinhar esse projeto estadual ao projeto nacional, isso significa que n\u00f3s precisamos fortalecer os \u00f3rg\u00e3os ambientais, precisamos implementar as pol\u00edticas p\u00fablicas de meio ambiente das \u00e1guas, alinhada com o novo governo Lula que vem por a\u00ed. Significa que a Bahia, onde tudo come\u00e7ou, precisa contribuir com esse projeto da sustentabilidade nacional, e \u00e9 muito importante a gente estar aqui com Jer\u00f4nimo para afirmar isso\u201d, destacou o representante da executiva nacional da sigla. &#8220;A gente est\u00e1 mobilizado para eleger aqueles que t\u00eam compromisso em combater as injusti\u00e7as sociais contra as mulheres, contra os negros, contra os ind\u00edgenas e criar um novo ciclo de prosperidade com prote\u00e7\u00e3o ao meio ambiente, democracia e sustentabilidade&#8221;, afirmou Marina Silva, presidenta nacional da Rede, por meio de v\u00eddeo.<\/p>\n\n\n\n<p>Na ocasi\u00e3o, Jer\u00f4nimo agradeceu a oportunidade de estar recebendo o apoio p\u00fablico da legenda. &#8220;A chegada do PSOL traz um apoio firme, cr\u00edtico e pautas importantes. A Rede oferece uma esperan\u00e7a muito forte e com tr\u00eas frentes muito fortes: o partido, que traz a sustentabilidade como parte da sua constru\u00e7\u00e3o, por muitas vezes j\u00e1 colocaram o meio ambiente e a pauta ambiental como um atraso, n\u00e3o \u00e9 assim. N\u00f3s faremos sim o esfor\u00e7o necess\u00e1rio para construirmos o fortalecimento de um partido com pauta relevante, como a Rede; o segundo tema \u00e9 o ambiental, a gente sabe que ele \u00e9 maior que os partidos. Ontem n\u00f3s nos reunimos e recebemos o apoio do PSC com os evang\u00e9licos, pastores. O papel dos ambientalistas al\u00e9m do partido \u00e9 fundamental para o nosso estado; o terceiro tema \u00e9 que eu quero estabelecer que o debate feito com a Rede \u00e9 de abertura e fortalecimento dos espa\u00e7os de di\u00e1logo, existem temas que s\u00e3o relevantes e precisam ser tratados&#8221;, afirmou.<\/p>\n\n\n\n<p>Presidente do PT Bahia, \u00c9den Valadares falou sobre a import\u00e2ncia do apoio e disse estar confiante na vit\u00f3ria. \u201cO importante \u00e9 a gente carimbar a vit\u00f3ria, faltou pouco no primeiro turno, n\u00f3s estamos trabalhando muito, rodando a Bahia inteira, recebendo com alegria as ades\u00f5es. Cinco partidos que n\u00e3o estavam com a gente no primeiro turno agora est\u00e3o cm Jer\u00f4nimo no segundo, al\u00e9m de mais de 20 prefeitos e ex-prefeitos. Ent\u00e3o uma parte grande da sociedade baiana j\u00e1 conhece o favoritismo, digamos assim, o cheiro de vit\u00f3ria da campanha de Jer\u00f4nimo, e a gente est\u00e1 muito feliz, muito confiante nessa reta final\u201d, disse ao falar sobre a import\u00e2ncia de garantir a elei\u00e7\u00e3o do candidato petista ao Governo da Bahia e de ampliar a vota\u00e7\u00e3o de Lula. \u201cLula teve 69% no primeiro turno e nossa meta \u00e9 trabalhar para chegar aos 75%. Com f\u00e9 em Deus a Bahia vai dar uma grande contribui\u00e7\u00e3o para a vit\u00f3ria de Lula no Brasil\u201d, conclui o dirigente petista.<\/p>\n","protected":false},"excerpt":{"rendered":"<p>A Rede Sustentabilidade oficializou seu apoio a Jer\u00f4nimo Rodrigues, candidato do Partido dos Trabalhadores ao Governo do Estado, nesta ter\u00e7a-feira, 25. Com o novo apoio, a campanha j\u00e1 conta com cinco novos partidos aliados &#8211; Rede, PSOL, PSC, PROS e Patriota. No total, a Coliga\u00e7\u00e3o Mais Bahia, Mais Brasil chega ao segundo turno com um [&hellip;]<\/p>\n","protected":false},"author":2,"featured_media":5427,"comment_status":"open","ping_status":"open","sticky":false,"template":"","format":"standard","meta":{"_monsterinsights_skip_tracking":false,"_monsterinsights_sitenote_active":false,"_monsterinsights_sitenote_note":"","_monsterinsights_sitenote_category":0,"footnotes":""},"categories":[34],"tags":[66,67,70],"yoast_head":"<!-- This site is optimized with the Yoast SEO plugin v22.9 - https:\/\/yoast.com\/wordpress\/plugins\/seo\/ -->\n<title>Rede Sustentabilidade oficializa apoio a Jer\u00f4nimo - Portal MF<\/title>\n<meta name=\"robots\" content=\"index, follow, max-snippet:-1, max-image-preview:large, max-video-preview:-1\" \/>\n<link rel=\"canonical\" href=\"https:\/\/portalmf.com.br\/index.php\/2022\/10\/25\/rede-sustentabilidade-oficializa-apoio-a-jeronimo\/\" \/>\n<meta property=\"og:locale\" content=\"pt_BR\" \/>\n<meta property=\"og:type\" content=\"article\" \/>\n<meta property=\"og:title\" content=\"Rede Sustentabilidade oficializa apoio a Jer\u00f4nimo - Portal MF\" \/>\n<meta property=\"og:description\" content=\"A Rede Sustentabilidade oficializou seu apoio a Jer\u00f4nimo Rodrigues, candidato do Partido dos Trabalhadores ao Governo do Estado, nesta ter\u00e7a-feira, 25. Com o novo apoio, a campanha j\u00e1 conta com cinco novos partidos aliados &#8211; Rede, PSOL, PSC, PROS e Patriota. No total, a Coliga\u00e7\u00e3o Mais Bahia, Mais Brasil chega ao segundo turno com um [&hellip;]\" \/>\n<meta property=\"og:url\" content=\"https:\/\/portalmf.com.br\/index.php\/2022\/10\/25\/rede-sustentabilidade-oficializa-apoio-a-jeronimo\/\" \/>\n<meta property=\"og:site_name\" content=\"Portal MF\" \/>\n<meta property=\"article:author\" content=\"reginaldojrfsa\" \/>\n<meta property=\"article:published_time\" content=\"2022-10-25T14:16:00+00:00\" \/>\n<meta property=\"article:modified_time\" content=\"2022-10-25T21:18:02+00:00\" \/>\n<meta property=\"og:image\" content=\"https:\/\/portalmf.com.br\/wp-content\/uploads\/2022\/10\/Rede-Sustentabilidade-oficializa-apoio-a-Jeronimo.jpeg\" \/>\n\t<meta property=\"og:image:width\" content=\"1024\" \/>\n\t<meta property=\"og:image:height\" content=\"576\" \/>\n\t<meta property=\"og:image:type\" content=\"image\/jpeg\" \/>\n<meta name=\"author\" content=\"Reginaldo J\u00fanior\" \/>\n<meta name=\"twitter:card\" content=\"summary_large_image\" \/>\n<meta name=\"twitter:creator\" content=\"@reginaldojrmf\" \/>\n<meta name=\"twitter:label1\" content=\"Escrito por\" \/>\n\t<meta name=\"twitter:data1\" content=\"Reginaldo J\u00fanior\" \/>\n\t<meta name=\"twitter:label2\" content=\"Est. tempo de leitura\" \/>\n\t<meta name=\"twitter:data2\" content=\"4 minutos\" \/>\n<script type=\"application\/ld+json\" class=\"yoast-schema-graph\">{\"@context\":\"https:\/\/schema.org\",\"@graph\":[{\"@type\":\"WebPage\",\"@id\":\"https:\/\/portalmf.com.br\/index.php\/2022\/10\/25\/rede-sustentabilidade-oficializa-apoio-a-jeronimo\/\",\"url\":\"https:\/\/portalmf.com.br\/index.php\/2022\/10\/25\/rede-sustentabilidade-oficializa-apoio-a-jeronimo\/\",\"name\":\"Rede Sustentabilidade oficializa apoio a Jer\u00f4nimo - Portal MF\",\"isPartOf\":{\"@id\":\"https:\/\/portalmf.com.br\/#website\"},\"primaryImageOfPage\":{\"@id\":\"https:\/\/portalmf.com.br\/index.php\/2022\/10\/25\/rede-sustentabilidade-oficializa-apoio-a-jeronimo\/#primaryimage\"},\"image\":{\"@id\":\"https:\/\/portalmf.com.br\/index.php\/2022\/10\/25\/rede-sustentabilidade-oficializa-apoio-a-jeronimo\/#primaryimage\"},\"thumbnailUrl\":\"https:\/\/portalmf.com.br\/wp-content\/uploads\/2022\/10\/Rede-Sustentabilidade-oficializa-apoio-a-Jeronimo.jpeg\",\"datePublished\":\"2022-10-25T14:16:00+00:00\",\"dateModified\":\"2022-10-25T21:18:02+00:00\",\"author\":{\"@id\":\"https:\/\/portalmf.com.br\/#\/schema\/person\/11c82086fe8abc05a19147e964587285\"},\"breadcrumb\":{\"@id\":\"https:\/\/portalmf.com.br\/index.php\/2022\/10\/25\/rede-sustentabilidade-oficializa-apoio-a-jeronimo\/#breadcrumb\"},\"inLanguage\":\"pt-BR\",\"potentialAction\":[{\"@type\":\"ReadAction\",\"target\":[\"https:\/\/portalmf.com.br\/index.php\/2022\/10\/25\/rede-sustentabilidade-oficializa-apoio-a-jeronimo\/\"]}]},{\"@type\":\"ImageObject\",\"inLanguage\":\"pt-BR\",\"@id\":\"https:\/\/portalmf.com.br\/index.php\/2022\/10\/25\/rede-sustentabilidade-oficializa-apoio-a-jeronimo\/#primaryimage\",\"url\":\"https:\/\/portalmf.com.br\/wp-content\/uploads\/2022\/10\/Rede-Sustentabilidade-oficializa-apoio-a-Jeronimo.jpeg\",\"contentUrl\":\"https:\/\/portalmf.com.br\/wp-content\/uploads\/2022\/10\/Rede-Sustentabilidade-oficializa-apoio-a-Jeronimo.jpeg\",\"width\":1024,\"height\":576},{\"@type\":\"BreadcrumbList\",\"@id\":\"https:\/\/portalmf.com.br\/index.php\/2022\/10\/25\/rede-sustentabilidade-oficializa-apoio-a-jeronimo\/#breadcrumb\",\"itemListElement\":[{\"@type\":\"ListItem\",\"position\":1,\"name\":\"In\u00edcio\",\"item\":\"https:\/\/portalmf.com.br\/\"},{\"@type\":\"ListItem\",\"position\":2,\"name\":\"Rede Sustentabilidade oficializa apoio a Jer\u00f4nimo\"}]},{\"@type\":\"WebSite\",\"@id\":\"https:\/\/portalmf.com.br\/#website\",\"url\":\"https:\/\/portalmf.com.br\/\",\"name\":\"Portal MF\",\"description\":\"Voc\u00ea conectado com a informa\u00e7\u00e3o\",\"potentialAction\":[{\"@type\":\"SearchAction\",\"target\":{\"@type\":\"EntryPoint\",\"urlTemplate\":\"https:\/\/portalmf.com.br\/?s={search_term_string}\"},\"query-input\":\"required name=search_term_string\"}],\"inLanguage\":\"pt-BR\"},{\"@type\":\"Person\",\"@id\":\"https:\/\/portalmf.com.br\/#\/schema\/person\/11c82086fe8abc05a19147e964587285\",\"name\":\"Reginaldo J\u00fanior\",\"image\":{\"@type\":\"ImageObject\",\"inLanguage\":\"pt-BR\",\"@id\":\"https:\/\/portalmf.com.br\/#\/schema\/person\/image\/\",\"url\":\"https:\/\/secure.gravatar.com\/avatar\/32a3c797cd0ac47cc53b8644c62776f9?s=96&d=mm&r=g\",\"contentUrl\":\"https:\/\/secure.gravatar.com\/avatar\/32a3c797cd0ac47cc53b8644c62776f9?s=96&d=mm&r=g\",\"caption\":\"Reginaldo J\u00fanior\"},\"description\":\"Jornalista e idealizador Portal MF\",\"sameAs\":[\"https:\/\/portalmf.com.br\/index.php\/author\/reginaldojr\/\",\"reginaldojrfsa\",\"reginaldojuniormf\",\"https:\/\/x.com\/reginaldojrmf\"],\"url\":\"https:\/\/portalmf.com.br\/index.php\/author\/reginaldojr\/\"}]}<\/script>\n<!-- \/ Yoast SEO plugin. -->","yoast_head_json":{"title":"Rede Sustentabilidade oficializa apoio a Jer\u00f4nimo - Portal MF","robots":{"index":"index","follow":"follow","max-snippet":"max-snippet:-1","max-image-preview":"max-image-preview:large","max-video-preview":"max-video-preview:-1"},"canonical":"https:\/\/portalmf.com.br\/index.php\/2022\/10\/25\/rede-sustentabilidade-oficializa-apoio-a-jeronimo\/","og_locale":"pt_BR","og_type":"article","og_title":"Rede Sustentabilidade oficializa apoio a Jer\u00f4nimo - Portal MF","og_description":"A Rede Sustentabilidade oficializou seu apoio a Jer\u00f4nimo Rodrigues, candidato do Partido dos Trabalhadores ao Governo do Estado, nesta ter\u00e7a-feira, 25. Com o novo apoio, a campanha j\u00e1 conta com cinco novos partidos aliados &#8211; Rede, PSOL, PSC, PROS e Patriota. No total, a Coliga\u00e7\u00e3o Mais Bahia, Mais Brasil chega ao segundo turno com um [&hellip;]","og_url":"https:\/\/portalmf.com.br\/index.php\/2022\/10\/25\/rede-sustentabilidade-oficializa-apoio-a-jeronimo\/","og_site_name":"Portal MF","article_author":"reginaldojrfsa","article_published_time":"2022-10-25T14:16:00+00:00","article_modified_time":"2022-10-25T21:18:02+00:00","og_image":[{"width":1024,"height":576,"url":"https:\/\/portalmf.com.br\/wp-content\/uploads\/2022\/10\/Rede-Sustentabilidade-oficializa-apoio-a-Jeronimo.jpeg","type":"image\/jpeg"}],"author":"Reginaldo J\u00fanior","twitter_card":"summary_large_image","twitter_creator":"@reginaldojrmf","twitter_misc":{"Escrito por":"Reginaldo J\u00fanior","Est. tempo de leitura":"4 minutos"},"schema":{"@context":"https:\/\/schema.org","@graph":[{"@type":"WebPage","@id":"https:\/\/portalmf.com.br\/index.php\/2022\/10\/25\/rede-sustentabilidade-oficializa-apoio-a-jeronimo\/","url":"https:\/\/portalmf.com.br\/index.php\/2022\/10\/25\/rede-sustentabilidade-oficializa-apoio-a-jeronimo\/","name":"Rede Sustentabilidade oficializa apoio a Jer\u00f4nimo - Portal MF","isPartOf":{"@id":"https:\/\/portalmf.com.br\/#website"},"primaryImageOfPage":{"@id":"https:\/\/portalmf.com.br\/index.php\/2022\/10\/25\/rede-sustentabilidade-oficializa-apoio-a-jeronimo\/#primaryimage"},"image":{"@id":"https:\/\/portalmf.com.br\/index.php\/2022\/10\/25\/rede-sustentabilidade-oficializa-apoio-a-jeronimo\/#primaryimage"},"thumbnailUrl":"https:\/\/portalmf.com.br\/wp-content\/uploads\/2022\/10\/Rede-Sustentabilidade-oficializa-apoio-a-Jeronimo.jpeg","datePublished":"2022-10-25T14:16:00+00:00","dateModified":"2022-10-25T21:18:02+00:00","author":{"@id":"https:\/\/portalmf.com.br\/#\/schema\/person\/11c82086fe8abc05a19147e964587285"},"breadcrumb":{"@id":"https:\/\/portalmf.com.br\/index.php\/2022\/10\/25\/rede-sustentabilidade-oficializa-apoio-a-jeronimo\/#breadcrumb"},"inLanguage":"pt-BR","potentialAction":[{"@type":"ReadAction","target":["https:\/\/portalmf.com.br\/index.php\/2022\/10\/25\/rede-sustentabilidade-oficializa-apoio-a-jeronimo\/"]}]},{"@type":"ImageObject","inLanguage":"pt-BR","@id":"https:\/\/portalmf.com.br\/index.php\/2022\/10\/25\/rede-sustentabilidade-oficializa-apoio-a-jeronimo\/#primaryimage","url":"https:\/\/portalmf.com.br\/wp-content\/uploads\/2022\/10\/Rede-Sustentabilidade-oficializa-apoio-a-Jeronimo.jpeg","contentUrl":"https:\/\/portalmf.com.br\/wp-content\/uploads\/2022\/10\/Rede-Sustentabilidade-oficializa-apoio-a-Jeronimo.jpeg","width":1024,"height":576},{"@type":"BreadcrumbList","@id":"https:\/\/portalmf.com.br\/index.php\/2022\/10\/25\/rede-sustentabilidade-oficializa-apoio-a-jeronimo\/#breadcrumb","itemListElement":[{"@type":"ListItem","position":1,"name":"In\u00edcio","item":"https:\/\/portalmf.com.br\/"},{"@type":"ListItem","position":2,"name":"Rede Sustentabilidade oficializa apoio a Jer\u00f4nimo"}]},{"@type":"WebSite","@id":"https:\/\/portalmf.com.br\/#website","url":"https:\/\/portalmf.com.br\/","name":"Portal MF","description":"Voc\u00ea conectado com a informa\u00e7\u00e3o","potentialAction":[{"@type":"SearchAction","target":{"@type":"EntryPoint","urlTemplate":"https:\/\/portalmf.com.br\/?s={search_term_string}"},"query-input":"required name=search_term_string"}],"inLanguage":"pt-BR"},{"@type":"Person","@id":"https:\/\/portalmf.com.br\/#\/schema\/person\/11c82086fe8abc05a19147e964587285","name":"Reginaldo J\u00fanior","image":{"@type":"ImageObject","inLanguage":"pt-BR","@id":"https:\/\/portalmf.com.br\/#\/schema\/person\/image\/","url":"https:\/\/secure.gravatar.com\/avatar\/32a3c797cd0ac47cc53b8644c62776f9?s=96&d=mm&r=g","contentUrl":"https:\/\/secure.gravatar.com\/avatar\/32a3c797cd0ac47cc53b8644c62776f9?s=96&d=mm&r=g","caption":"Reginaldo J\u00fanior"},"description":"Jornalista e idealizador Portal MF","sameAs":["https:\/\/portalmf.com.br\/index.php\/author\/reginaldojr\/","reginaldojrfsa","reginaldojuniormf","https:\/\/x.com\/reginaldojrmf"],"url":"https:\/\/portalmf.com.br\/index.php\/author\/reginaldojr\/"}]}},"_links":{"self":[{"href":"https:\/\/portalmf.com.br\/index.php\/wp-json\/wp\/v2\/posts\/5426"}],"collection":[{"href":"https:\/\/portalmf.com.br\/index.php\/wp-json\/wp\/v2\/posts"}],"about":[{"href":"https:\/\/portalmf.com.br\/index.php\/wp-json\/wp\/v2\/types\/post"}],"author":[{"embeddable":true,"href":"https:\/\/portalmf.com.br\/index.php\/wp-json\/wp\/v2\/users\/2"}],"replies":[{"embeddable":true,"href":"https:\/\/portalmf.com.br\/index.php\/wp-json\/wp\/v2\/comments?post=5426"}],"version-history":[{"count":1,"href":"https:\/\/portalmf.com.br\/index.php\/wp-json\/wp\/v2\/posts\/5426\/revisions"}],"predecessor-version":[{"id":5428,"href":"https:\/\/portalmf.com.br\/index.php\/wp-json\/wp\/v2\/posts\/5426\/revisions\/5428"}],"wp:featuredmedia":[{"embeddable":true,"href":"https:\/\/portalmf.com.br\/index.php\/wp-json\/wp\/v2\/media\/5427"}],"wp:attachment":[{"href":"https:\/\/portalmf.com.br\/index.php\/wp-json\/wp\/v2\/media?parent=5426"}],"wp:term":[{"taxonomy":"category","embeddable":true,"href":"https:\/\/portalmf.com.br\/index.php\/wp-json\/wp\/v2\/categories?post=5426"},{"taxonomy":"post_tag","embeddable":true,"href":"https:\/\/portalmf.com.br\/index.php\/wp-json\/wp\/v2\/tags?post=5426"}],"curies":[{"name":"wp","href":"https:\/\/api.w.org\/{rel}","templated":true}]}}