{"id":5400,"date":"2022-10-25T14:35:22","date_gmt":"2022-10-25T17:35:22","guid":{"rendered":"http:\/\/portalmf.com.br\/?p=5400"},"modified":"2022-10-25T14:35:23","modified_gmt":"2022-10-25T17:35:23","slug":"jason-momoa-o-aquaman-declara-apoio-a-lula-nas-redes-sociais","status":"publish","type":"post","link":"https:\/\/portalmf.com.br\/index.php\/2022\/10\/25\/jason-momoa-o-aquaman-declara-apoio-a-lula-nas-redes-sociais\/","title":{"rendered":"Jason Momoa, o \u2018Aquaman\u2019, declara apoio a Lula nas redes sociais"},"content":{"rendered":"\n<p>O ator Jason Momoa, que interpreta o her\u00f3i \u2018Aquaman\u2019, da DC Comics, surpreendeu os f\u00e3s brasileiros, nesta segunda-feira, 24, ao fazer uma publica\u00e7\u00e3o, nas redes sociais, em apoio ao ex-presidente Luiz In\u00e1cio Lula da Silva (PT).<\/p>\n\n\n\n<p>Pelos stories do Instagram, o artista compartilhou uma not\u00edcia da ag\u00eancia Reuters mostrando que, segundo pesquisa da AtlasIntel, Lula havia ampliado vantagem sobre Bolsonaro para a vota\u00e7\u00e3o do segundo turno do pr\u00f3ximo domingo, 30. Momoa publicou um print da mat\u00e9ria acompanhado de v\u00e1rios cora\u00e7\u00f5es vermelhos.<\/p>\n\n\n\n<figure class=\"wp-block-image size-large is-resized\"><img fetchpriority=\"high\" decoding=\"async\" src=\"http:\/\/portalmf.com.br\/wp-content\/uploads\/2022\/10\/BGKFT4SHYNCVRNZM447YGBBBY4-628x1024.jpg\" alt=\"\" class=\"wp-image-5401\" width=\"578\" height=\"942\" srcset=\"https:\/\/portalmf.com.br\/wp-content\/uploads\/2022\/10\/BGKFT4SHYNCVRNZM447YGBBBY4-628x1024.jpg 628w, https:\/\/portalmf.com.br\/wp-content\/uploads\/2022\/10\/BGKFT4SHYNCVRNZM447YGBBBY4-184x300.jpg 184w, https:\/\/portalmf.com.br\/wp-content\/uploads\/2022\/10\/BGKFT4SHYNCVRNZM447YGBBBY4-768x1252.jpg 768w, https:\/\/portalmf.com.br\/wp-content\/uploads\/2022\/10\/BGKFT4SHYNCVRNZM447YGBBBY4-585x954.jpg 585w, https:\/\/portalmf.com.br\/wp-content\/uploads\/2022\/10\/BGKFT4SHYNCVRNZM447YGBBBY4.jpg 936w\" sizes=\"(max-width: 578px) 100vw, 578px\" \/><figcaption>Jason Momoa, o \u2018Aquaman\u2019, declara apoio a Lula nas redes sociais. Foto: Reprodu\u00e7\u00e3o\/Instagram\u00a0<\/figcaption><\/figure>\n\n\n\n<p>Na noite desta segunda-feira, tamb\u00e9m pelas redes sociais, o candidato petista agradeceu ao ator. \u201cObrigado pelo apoio, Jason Momoa\u201d, escreveu Lula, em seu perfil.<\/p>\n\n\n\n<p>A declara\u00e7\u00e3o do \u2018Aquaman\u2019 movimentou as redes sociais e gerou rea\u00e7\u00f5es entre os brasileiros. O nome do personagem chegou a ocupar o&nbsp;<strong>Trending Topic&nbsp;<\/strong>do&nbsp;<em>Twitter<\/em>.<\/p>\n\n\n\n<p>Recentemente, outros \u201cher\u00f3is\u201d tamb\u00e9m declararam apoio a Lula, como foi o caso do ator&nbsp;<strong>Mark Ruffalo<\/strong>, que interpreta o \u2018<strong>Hulk<\/strong>\u2019, da&nbsp;<strong>Marvel.&nbsp;<\/strong>\u201cHoje, humildemente acrescento minha voz para ressaltar as consequ\u00eancias globais da elei\u00e7\u00e3o brasileira. Voc\u00ea pode assistir minha mensagem e, mais importante, as palavras de muitos bravos defensores brasileiros da democracia e do planeta na transmiss\u00e3o ao vivo de hoje. Lula falando em breve!\u201d, escreveu.<\/p>\n\n\n\n<p>Sobre esses recentes apoio, uma internauta brincou: \u201cLula uniu Marvel e DC\u201d.<\/p>\n\n\n\n<figure class=\"wp-block-embed is-type-rich is-provider-twitter wp-block-embed-twitter\"><div class=\"wp-block-embed__wrapper\">\n<blockquote class=\"twitter-tweet\" data-width=\"550\" data-dnt=\"true\"><p lang=\"pt\" dir=\"ltr\">Hulk e o Aquaman est\u00e3o com Lula presidente. <br><br>Lula uniu Marvel e DC pela democracia no Brasil haha<\/p>&mdash; Tamires Sampaio (@soutamires_sp) <a href=\"https:\/\/twitter.com\/soutamires_sp\/status\/1584701919221932033?ref_src=twsrc%5Etfw\">October 25, 2022<\/a><\/blockquote><script async src=\"https:\/\/platform.twitter.com\/widgets.js\" charset=\"utf-8\"><\/script>\n<\/div><\/figure>\n\n\n\n<p>Um outro usu\u00e1rio relatou a surpresa ao ver a publica\u00e7\u00e3o do astro: \u201cEu de boas vendo o stories do Jason Momoa quando de repende, PAAAH\u201d.<\/p>\n\n\n\n<figure class=\"wp-block-embed is-type-rich is-provider-twitter wp-block-embed-twitter\"><div class=\"wp-block-embed__wrapper\">\n<blockquote class=\"twitter-tweet\" data-width=\"550\" data-dnt=\"true\"><p lang=\"pt\" dir=\"ltr\">Eu de boas vendo Stories do Jason Momoa quando de repente, PAAAH, ele falando bem do <a href=\"https:\/\/twitter.com\/LulaOficial?ref_src=twsrc%5Etfw\">@LulaOficial<\/a> com cora\u00e7\u00e3ozinho e tudo \u2764\ufe0f <a href=\"https:\/\/t.co\/o4E8n0CoqX\">pic.twitter.com\/o4E8n0CoqX<\/a><\/p>&mdash; Levi Kaique Ferreira (@LeviKaique) <a href=\"https:\/\/twitter.com\/LeviKaique\/status\/1584666932749291520?ref_src=twsrc%5Etfw\">October 24, 2022<\/a><\/blockquote><script async src=\"https:\/\/platform.twitter.com\/widgets.js\" charset=\"utf-8\"><\/script>\n<\/div><\/figure>\n\n\n\n<p>Com informa\u00e7\u00f5es do Estad\u00e3o<\/p>\n","protected":false},"excerpt":{"rendered":"<p>O ator Jason Momoa, que interpreta o her\u00f3i \u2018Aquaman\u2019, da DC Comics, surpreendeu os f\u00e3s brasileiros, nesta segunda-feira, 24, ao fazer uma publica\u00e7\u00e3o, nas redes sociais, em apoio ao ex-presidente Luiz In\u00e1cio Lula da Silva (PT). Pelos stories do Instagram, o artista compartilhou uma not\u00edcia da ag\u00eancia Reuters mostrando que, segundo pesquisa da AtlasIntel, Lula [&hellip;]<\/p>\n","protected":false},"author":2,"featured_media":5402,"comment_status":"open","ping_status":"open","sticky":false,"template":"","format":"standard","meta":{"_monsterinsights_skip_tracking":false,"_monsterinsights_sitenote_active":false,"_monsterinsights_sitenote_note":"","_monsterinsights_sitenote_category":0,"footnotes":""},"categories":[47,35],"tags":[66,67,288,80],"yoast_head":"<!-- This site is optimized with the Yoast SEO plugin v22.9 - https:\/\/yoast.com\/wordpress\/plugins\/seo\/ -->\n<title>Jason Momoa, o \u2018Aquaman\u2019, declara apoio a Lula nas redes sociais - Portal MF<\/title>\n<meta name=\"robots\" content=\"index, follow, max-snippet:-1, max-image-preview:large, max-video-preview:-1\" \/>\n<link rel=\"canonical\" href=\"https:\/\/portalmf.com.br\/index.php\/2022\/10\/25\/jason-momoa-o-aquaman-declara-apoio-a-lula-nas-redes-sociais\/\" \/>\n<meta property=\"og:locale\" content=\"pt_BR\" \/>\n<meta property=\"og:type\" content=\"article\" \/>\n<meta property=\"og:title\" content=\"Jason Momoa, o \u2018Aquaman\u2019, declara apoio a Lula nas redes sociais - Portal MF\" \/>\n<meta property=\"og:description\" content=\"O ator Jason Momoa, que interpreta o her\u00f3i \u2018Aquaman\u2019, da DC Comics, surpreendeu os f\u00e3s brasileiros, nesta segunda-feira, 24, ao fazer uma publica\u00e7\u00e3o, nas redes sociais, em apoio ao ex-presidente Luiz In\u00e1cio Lula da Silva (PT). Pelos stories do Instagram, o artista compartilhou uma not\u00edcia da ag\u00eancia Reuters mostrando que, segundo pesquisa da AtlasIntel, Lula [&hellip;]\" \/>\n<meta property=\"og:url\" content=\"https:\/\/portalmf.com.br\/index.php\/2022\/10\/25\/jason-momoa-o-aquaman-declara-apoio-a-lula-nas-redes-sociais\/\" \/>\n<meta property=\"og:site_name\" content=\"Portal MF\" \/>\n<meta property=\"article:author\" content=\"reginaldojrfsa\" \/>\n<meta property=\"article:published_time\" content=\"2022-10-25T17:35:22+00:00\" \/>\n<meta property=\"article:modified_time\" content=\"2022-10-25T17:35:23+00:00\" \/>\n<meta property=\"og:image\" content=\"https:\/\/portalmf.com.br\/wp-content\/uploads\/2022\/10\/Jason-Momoa.jpg\" \/>\n\t<meta property=\"og:image:width\" content=\"1200\" \/>\n\t<meta property=\"og:image:height\" content=\"800\" \/>\n\t<meta property=\"og:image:type\" content=\"image\/jpeg\" \/>\n<meta name=\"author\" content=\"Reginaldo J\u00fanior\" \/>\n<meta name=\"twitter:card\" content=\"summary_large_image\" \/>\n<meta name=\"twitter:creator\" content=\"@reginaldojrmf\" \/>\n<meta name=\"twitter:label1\" content=\"Escrito por\" \/>\n\t<meta name=\"twitter:data1\" content=\"Reginaldo J\u00fanior\" \/>\n\t<meta name=\"twitter:label2\" content=\"Est. tempo de leitura\" \/>\n\t<meta name=\"twitter:data2\" content=\"2 minutos\" \/>\n<script type=\"application\/ld+json\" class=\"yoast-schema-graph\">{\"@context\":\"https:\/\/schema.org\",\"@graph\":[{\"@type\":\"WebPage\",\"@id\":\"https:\/\/portalmf.com.br\/index.php\/2022\/10\/25\/jason-momoa-o-aquaman-declara-apoio-a-lula-nas-redes-sociais\/\",\"url\":\"https:\/\/portalmf.com.br\/index.php\/2022\/10\/25\/jason-momoa-o-aquaman-declara-apoio-a-lula-nas-redes-sociais\/\",\"name\":\"Jason Momoa, o \u2018Aquaman\u2019, declara apoio a Lula nas redes sociais - Portal MF\",\"isPartOf\":{\"@id\":\"https:\/\/portalmf.com.br\/#website\"},\"primaryImageOfPage\":{\"@id\":\"https:\/\/portalmf.com.br\/index.php\/2022\/10\/25\/jason-momoa-o-aquaman-declara-apoio-a-lula-nas-redes-sociais\/#primaryimage\"},\"image\":{\"@id\":\"https:\/\/portalmf.com.br\/index.php\/2022\/10\/25\/jason-momoa-o-aquaman-declara-apoio-a-lula-nas-redes-sociais\/#primaryimage\"},\"thumbnailUrl\":\"https:\/\/portalmf.com.br\/wp-content\/uploads\/2022\/10\/Jason-Momoa.jpg\",\"datePublished\":\"2022-10-25T17:35:22+00:00\",\"dateModified\":\"2022-10-25T17:35:23+00:00\",\"author\":{\"@id\":\"https:\/\/portalmf.com.br\/#\/schema\/person\/11c82086fe8abc05a19147e964587285\"},\"breadcrumb\":{\"@id\":\"https:\/\/portalmf.com.br\/index.php\/2022\/10\/25\/jason-momoa-o-aquaman-declara-apoio-a-lula-nas-redes-sociais\/#breadcrumb\"},\"inLanguage\":\"pt-BR\",\"potentialAction\":[{\"@type\":\"ReadAction\",\"target\":[\"https:\/\/portalmf.com.br\/index.php\/2022\/10\/25\/jason-momoa-o-aquaman-declara-apoio-a-lula-nas-redes-sociais\/\"]}]},{\"@type\":\"ImageObject\",\"inLanguage\":\"pt-BR\",\"@id\":\"https:\/\/portalmf.com.br\/index.php\/2022\/10\/25\/jason-momoa-o-aquaman-declara-apoio-a-lula-nas-redes-sociais\/#primaryimage\",\"url\":\"https:\/\/portalmf.com.br\/wp-content\/uploads\/2022\/10\/Jason-Momoa.jpg\",\"contentUrl\":\"https:\/\/portalmf.com.br\/wp-content\/uploads\/2022\/10\/Jason-Momoa.jpg\",\"width\":1200,\"height\":800},{\"@type\":\"BreadcrumbList\",\"@id\":\"https:\/\/portalmf.com.br\/index.php\/2022\/10\/25\/jason-momoa-o-aquaman-declara-apoio-a-lula-nas-redes-sociais\/#breadcrumb\",\"itemListElement\":[{\"@type\":\"ListItem\",\"position\":1,\"name\":\"In\u00edcio\",\"item\":\"https:\/\/portalmf.com.br\/\"},{\"@type\":\"ListItem\",\"position\":2,\"name\":\"Jason Momoa, o \u2018Aquaman\u2019, declara apoio a Lula nas redes sociais\"}]},{\"@type\":\"WebSite\",\"@id\":\"https:\/\/portalmf.com.br\/#website\",\"url\":\"https:\/\/portalmf.com.br\/\",\"name\":\"Portal MF\",\"description\":\"Voc\u00ea conectado com a informa\u00e7\u00e3o\",\"potentialAction\":[{\"@type\":\"SearchAction\",\"target\":{\"@type\":\"EntryPoint\",\"urlTemplate\":\"https:\/\/portalmf.com.br\/?s={search_term_string}\"},\"query-input\":\"required name=search_term_string\"}],\"inLanguage\":\"pt-BR\"},{\"@type\":\"Person\",\"@id\":\"https:\/\/portalmf.com.br\/#\/schema\/person\/11c82086fe8abc05a19147e964587285\",\"name\":\"Reginaldo J\u00fanior\",\"image\":{\"@type\":\"ImageObject\",\"inLanguage\":\"pt-BR\",\"@id\":\"https:\/\/portalmf.com.br\/#\/schema\/person\/image\/\",\"url\":\"https:\/\/secure.gravatar.com\/avatar\/32a3c797cd0ac47cc53b8644c62776f9?s=96&d=mm&r=g\",\"contentUrl\":\"https:\/\/secure.gravatar.com\/avatar\/32a3c797cd0ac47cc53b8644c62776f9?s=96&d=mm&r=g\",\"caption\":\"Reginaldo J\u00fanior\"},\"description\":\"Jornalista e idealizador Portal MF\",\"sameAs\":[\"https:\/\/portalmf.com.br\/index.php\/author\/reginaldojr\/\",\"reginaldojrfsa\",\"reginaldojuniormf\",\"https:\/\/x.com\/reginaldojrmf\"],\"url\":\"https:\/\/portalmf.com.br\/index.php\/author\/reginaldojr\/\"}]}<\/script>\n<!-- \/ Yoast SEO plugin. -->","yoast_head_json":{"title":"Jason Momoa, o \u2018Aquaman\u2019, declara apoio a Lula nas redes sociais - Portal MF","robots":{"index":"index","follow":"follow","max-snippet":"max-snippet:-1","max-image-preview":"max-image-preview:large","max-video-preview":"max-video-preview:-1"},"canonical":"https:\/\/portalmf.com.br\/index.php\/2022\/10\/25\/jason-momoa-o-aquaman-declara-apoio-a-lula-nas-redes-sociais\/","og_locale":"pt_BR","og_type":"article","og_title":"Jason Momoa, o \u2018Aquaman\u2019, declara apoio a Lula nas redes sociais - Portal MF","og_description":"O ator Jason Momoa, que interpreta o her\u00f3i \u2018Aquaman\u2019, da DC Comics, surpreendeu os f\u00e3s brasileiros, nesta segunda-feira, 24, ao fazer uma publica\u00e7\u00e3o, nas redes sociais, em apoio ao ex-presidente Luiz In\u00e1cio Lula da Silva (PT). Pelos stories do Instagram, o artista compartilhou uma not\u00edcia da ag\u00eancia Reuters mostrando que, segundo pesquisa da AtlasIntel, Lula [&hellip;]","og_url":"https:\/\/portalmf.com.br\/index.php\/2022\/10\/25\/jason-momoa-o-aquaman-declara-apoio-a-lula-nas-redes-sociais\/","og_site_name":"Portal MF","article_author":"reginaldojrfsa","article_published_time":"2022-10-25T17:35:22+00:00","article_modified_time":"2022-10-25T17:35:23+00:00","og_image":[{"width":1200,"height":800,"url":"https:\/\/portalmf.com.br\/wp-content\/uploads\/2022\/10\/Jason-Momoa.jpg","type":"image\/jpeg"}],"author":"Reginaldo J\u00fanior","twitter_card":"summary_large_image","twitter_creator":"@reginaldojrmf","twitter_misc":{"Escrito por":"Reginaldo J\u00fanior","Est. tempo de leitura":"2 minutos"},"schema":{"@context":"https:\/\/schema.org","@graph":[{"@type":"WebPage","@id":"https:\/\/portalmf.com.br\/index.php\/2022\/10\/25\/jason-momoa-o-aquaman-declara-apoio-a-lula-nas-redes-sociais\/","url":"https:\/\/portalmf.com.br\/index.php\/2022\/10\/25\/jason-momoa-o-aquaman-declara-apoio-a-lula-nas-redes-sociais\/","name":"Jason Momoa, o \u2018Aquaman\u2019, declara apoio a Lula nas redes sociais - Portal MF","isPartOf":{"@id":"https:\/\/portalmf.com.br\/#website"},"primaryImageOfPage":{"@id":"https:\/\/portalmf.com.br\/index.php\/2022\/10\/25\/jason-momoa-o-aquaman-declara-apoio-a-lula-nas-redes-sociais\/#primaryimage"},"image":{"@id":"https:\/\/portalmf.com.br\/index.php\/2022\/10\/25\/jason-momoa-o-aquaman-declara-apoio-a-lula-nas-redes-sociais\/#primaryimage"},"thumbnailUrl":"https:\/\/portalmf.com.br\/wp-content\/uploads\/2022\/10\/Jason-Momoa.jpg","datePublished":"2022-10-25T17:35:22+00:00","dateModified":"2022-10-25T17:35:23+00:00","author":{"@id":"https:\/\/portalmf.com.br\/#\/schema\/person\/11c82086fe8abc05a19147e964587285"},"breadcrumb":{"@id":"https:\/\/portalmf.com.br\/index.php\/2022\/10\/25\/jason-momoa-o-aquaman-declara-apoio-a-lula-nas-redes-sociais\/#breadcrumb"},"inLanguage":"pt-BR","potentialAction":[{"@type":"ReadAction","target":["https:\/\/portalmf.com.br\/index.php\/2022\/10\/25\/jason-momoa-o-aquaman-declara-apoio-a-lula-nas-redes-sociais\/"]}]},{"@type":"ImageObject","inLanguage":"pt-BR","@id":"https:\/\/portalmf.com.br\/index.php\/2022\/10\/25\/jason-momoa-o-aquaman-declara-apoio-a-lula-nas-redes-sociais\/#primaryimage","url":"https:\/\/portalmf.com.br\/wp-content\/uploads\/2022\/10\/Jason-Momoa.jpg","contentUrl":"https:\/\/portalmf.com.br\/wp-content\/uploads\/2022\/10\/Jason-Momoa.jpg","width":1200,"height":800},{"@type":"BreadcrumbList","@id":"https:\/\/portalmf.com.br\/index.php\/2022\/10\/25\/jason-momoa-o-aquaman-declara-apoio-a-lula-nas-redes-sociais\/#breadcrumb","itemListElement":[{"@type":"ListItem","position":1,"name":"In\u00edcio","item":"https:\/\/portalmf.com.br\/"},{"@type":"ListItem","position":2,"name":"Jason Momoa, o \u2018Aquaman\u2019, declara apoio a Lula nas redes sociais"}]},{"@type":"WebSite","@id":"https:\/\/portalmf.com.br\/#website","url":"https:\/\/portalmf.com.br\/","name":"Portal MF","description":"Voc\u00ea conectado com a informa\u00e7\u00e3o","potentialAction":[{"@type":"SearchAction","target":{"@type":"EntryPoint","urlTemplate":"https:\/\/portalmf.com.br\/?s={search_term_string}"},"query-input":"required name=search_term_string"}],"inLanguage":"pt-BR"},{"@type":"Person","@id":"https:\/\/portalmf.com.br\/#\/schema\/person\/11c82086fe8abc05a19147e964587285","name":"Reginaldo J\u00fanior","image":{"@type":"ImageObject","inLanguage":"pt-BR","@id":"https:\/\/portalmf.com.br\/#\/schema\/person\/image\/","url":"https:\/\/secure.gravatar.com\/avatar\/32a3c797cd0ac47cc53b8644c62776f9?s=96&d=mm&r=g","contentUrl":"https:\/\/secure.gravatar.com\/avatar\/32a3c797cd0ac47cc53b8644c62776f9?s=96&d=mm&r=g","caption":"Reginaldo J\u00fanior"},"description":"Jornalista e idealizador Portal MF","sameAs":["https:\/\/portalmf.com.br\/index.php\/author\/reginaldojr\/","reginaldojrfsa","reginaldojuniormf","https:\/\/x.com\/reginaldojrmf"],"url":"https:\/\/portalmf.com.br\/index.php\/author\/reginaldojr\/"}]}},"_links":{"self":[{"href":"https:\/\/portalmf.com.br\/index.php\/wp-json\/wp\/v2\/posts\/5400"}],"collection":[{"href":"https:\/\/portalmf.com.br\/index.php\/wp-json\/wp\/v2\/posts"}],"about":[{"href":"https:\/\/portalmf.com.br\/index.php\/wp-json\/wp\/v2\/types\/post"}],"author":[{"embeddable":true,"href":"https:\/\/portalmf.com.br\/index.php\/wp-json\/wp\/v2\/users\/2"}],"replies":[{"embeddable":true,"href":"https:\/\/portalmf.com.br\/index.php\/wp-json\/wp\/v2\/comments?post=5400"}],"version-history":[{"count":1,"href":"https:\/\/portalmf.com.br\/index.php\/wp-json\/wp\/v2\/posts\/5400\/revisions"}],"predecessor-version":[{"id":5403,"href":"https:\/\/portalmf.com.br\/index.php\/wp-json\/wp\/v2\/posts\/5400\/revisions\/5403"}],"wp:featuredmedia":[{"embeddable":true,"href":"https:\/\/portalmf.com.br\/index.php\/wp-json\/wp\/v2\/media\/5402"}],"wp:attachment":[{"href":"https:\/\/portalmf.com.br\/index.php\/wp-json\/wp\/v2\/media?parent=5400"}],"wp:term":[{"taxonomy":"category","embeddable":true,"href":"https:\/\/portalmf.com.br\/index.php\/wp-json\/wp\/v2\/categories?post=5400"},{"taxonomy":"post_tag","embeddable":true,"href":"https:\/\/portalmf.com.br\/index.php\/wp-json\/wp\/v2\/tags?post=5400"}],"curies":[{"name":"wp","href":"https:\/\/api.w.org\/{rel}","templated":true}]}}