{"id":5367,"date":"2022-10-24T15:53:03","date_gmt":"2022-10-24T18:53:03","guid":{"rendered":"http:\/\/portalmf.com.br\/?p=5367"},"modified":"2022-10-24T15:53:04","modified_gmt":"2022-10-24T18:53:04","slug":"projeto-colorindo-pelo-leva-marcia-freire-nessa-e-joy-mattos-para-o-pelourinho","status":"publish","type":"post","link":"https:\/\/portalmf.com.br\/index.php\/2022\/10\/24\/projeto-colorindo-pelo-leva-marcia-freire-nessa-e-joy-mattos-para-o-pelourinho\/","title":{"rendered":"Projeto Colorindo Pel\u00f4 leva M\u00e1rcia Freire, N\u00eassa e Joy Mattos para o Pelourinho"},"content":{"rendered":"\n<p>Conhecido pelo p\u00fablico como <strong>Projeto Colorindo Pel\u00f4<\/strong>, um dos principais eventos da agenda LGBTQIAPN+ da capital baiana volta ao Pelourinho, em sua terceira edi\u00e7\u00e3o, com a proposta de abranger novos espa\u00e7os culturais da cidade. O evento ser\u00e1 realizado no dia 28\/10, \u00e0s 19h, no Largo Quincas Berro D&#8217;\u00e1gua, com entrada gratuita, e contar\u00e1 com uma grade de atra\u00e7\u00f5es diversas.<\/p>\n\n\n\n<p>Com apresenta\u00e7\u00e3o das drag queens <strong>Valerie O&#8217;rarah<\/strong> e <strong>Rainha Loulou<\/strong>, o Projeto Colorindo Pel\u00f4 ter\u00e1 abertura do <strong>DJ Sales<\/strong>, e apresenta\u00e7\u00f5es de <strong>N\u00eassa<\/strong>, da cantora e ex-dan\u00e7arina do grupo \u00c9 O Tchan, <strong>Joy Mattos<\/strong>, e de uma das maiores representantes feminina da Ax\u00e9 Music, <strong>M\u00e1rcia Freire<\/strong>. A loira, que possui uma rela\u00e7\u00e3o especial com a comunidade LGBTQIAPN+, se sente animada para agitar o p\u00fablico na nova edi\u00e7\u00e3o do evento:<\/p>\n\n\n\n<p>\u201c<em>\u00c9 um prazer e sempre ser\u00e1 levar amor e energia para o p\u00fablico que sempre me acompanha e sou grata. Estou ansiosa, irei doar tudo de mim neste evento lindo. Parab\u00e9ns a TODOS envolvidos!!!\u201d<\/em>, disse M\u00e1rcia.<\/p>\n\n\n\n<p>Assim como nas outras edi\u00e7\u00f5es, as apresenta\u00e7\u00f5es principais ser\u00e3o intercaladas com performances de diversos artistas da cena queer soteropolitana, entre as quais est\u00e3o a drag <strong>Tereza Skyper<\/strong> e o coletivo <strong>Afrobapho<\/strong>. O projeto ainda homenagear\u00e1 a drag queen <strong>Shay Rizzo<\/strong>, que faleceu no dia 1\u00ba de outubro, menos de um m\u00eas ap\u00f3s sua apresenta\u00e7\u00e3o na segunda edi\u00e7\u00e3o do evento.<\/p>\n\n\n\n<p>O Projeto Colorindo Pel\u00f4 \u00e9 uma realiza\u00e7\u00e3o da Mafu\u00e1 Produ\u00e7\u00f5es com apoio do Governo do Estado e tem entrada gratuita.<\/p>\n","protected":false},"excerpt":{"rendered":"<p>Conhecido pelo p\u00fablico como Projeto Colorindo Pel\u00f4, um dos principais eventos da agenda LGBTQIAPN+ da capital baiana volta ao Pelourinho, em sua terceira edi\u00e7\u00e3o, com a proposta de abranger novos espa\u00e7os culturais da cidade. O evento ser\u00e1 realizado no dia 28\/10, \u00e0s 19h, no Largo Quincas Berro D&#8217;\u00e1gua, com entrada gratuita, e contar\u00e1 com uma [&hellip;]<\/p>\n","protected":false},"author":2,"featured_media":5368,"comment_status":"open","ping_status":"open","sticky":false,"template":"","format":"standard","meta":{"_monsterinsights_skip_tracking":false,"_monsterinsights_sitenote_active":false,"_monsterinsights_sitenote_note":"","_monsterinsights_sitenote_category":0,"footnotes":""},"categories":[40],"tags":[],"yoast_head":"<!-- This site is optimized with the Yoast SEO plugin v22.9 - https:\/\/yoast.com\/wordpress\/plugins\/seo\/ -->\n<title>Projeto Colorindo Pel\u00f4 leva M\u00e1rcia Freire, N\u00eassa e Joy Mattos para o Pelourinho - Portal MF<\/title>\n<meta name=\"robots\" content=\"index, follow, max-snippet:-1, max-image-preview:large, max-video-preview:-1\" \/>\n<link rel=\"canonical\" href=\"https:\/\/portalmf.com.br\/index.php\/2022\/10\/24\/projeto-colorindo-pelo-leva-marcia-freire-nessa-e-joy-mattos-para-o-pelourinho\/\" \/>\n<meta property=\"og:locale\" content=\"pt_BR\" \/>\n<meta property=\"og:type\" content=\"article\" \/>\n<meta property=\"og:title\" content=\"Projeto Colorindo Pel\u00f4 leva M\u00e1rcia Freire, N\u00eassa e Joy Mattos para o Pelourinho - Portal MF\" \/>\n<meta property=\"og:description\" content=\"Conhecido pelo p\u00fablico como Projeto Colorindo Pel\u00f4, um dos principais eventos da agenda LGBTQIAPN+ da capital baiana volta ao Pelourinho, em sua terceira edi\u00e7\u00e3o, com a proposta de abranger novos espa\u00e7os culturais da cidade. O evento ser\u00e1 realizado no dia 28\/10, \u00e0s 19h, no Largo Quincas Berro D&#8217;\u00e1gua, com entrada gratuita, e contar\u00e1 com uma [&hellip;]\" \/>\n<meta property=\"og:url\" content=\"https:\/\/portalmf.com.br\/index.php\/2022\/10\/24\/projeto-colorindo-pelo-leva-marcia-freire-nessa-e-joy-mattos-para-o-pelourinho\/\" \/>\n<meta property=\"og:site_name\" content=\"Portal MF\" \/>\n<meta property=\"article:author\" content=\"reginaldojrfsa\" \/>\n<meta property=\"article:published_time\" content=\"2022-10-24T18:53:03+00:00\" \/>\n<meta property=\"article:modified_time\" content=\"2022-10-24T18:53:04+00:00\" \/>\n<meta property=\"og:image\" content=\"https:\/\/portalmf.com.br\/wp-content\/uploads\/2022\/10\/image_6483441.jpg\" \/>\n\t<meta property=\"og:image:width\" content=\"707\" \/>\n\t<meta property=\"og:image:height\" content=\"495\" \/>\n\t<meta property=\"og:image:type\" content=\"image\/jpeg\" \/>\n<meta name=\"author\" content=\"Reginaldo J\u00fanior\" \/>\n<meta name=\"twitter:card\" content=\"summary_large_image\" \/>\n<meta name=\"twitter:creator\" content=\"@reginaldojrmf\" \/>\n<meta name=\"twitter:label1\" content=\"Escrito por\" \/>\n\t<meta name=\"twitter:data1\" content=\"Reginaldo J\u00fanior\" \/>\n\t<meta name=\"twitter:label2\" content=\"Est. tempo de leitura\" \/>\n\t<meta name=\"twitter:data2\" content=\"2 minutos\" \/>\n<script type=\"application\/ld+json\" class=\"yoast-schema-graph\">{\"@context\":\"https:\/\/schema.org\",\"@graph\":[{\"@type\":\"WebPage\",\"@id\":\"https:\/\/portalmf.com.br\/index.php\/2022\/10\/24\/projeto-colorindo-pelo-leva-marcia-freire-nessa-e-joy-mattos-para-o-pelourinho\/\",\"url\":\"https:\/\/portalmf.com.br\/index.php\/2022\/10\/24\/projeto-colorindo-pelo-leva-marcia-freire-nessa-e-joy-mattos-para-o-pelourinho\/\",\"name\":\"Projeto Colorindo Pel\u00f4 leva M\u00e1rcia Freire, N\u00eassa e Joy Mattos para o Pelourinho - Portal MF\",\"isPartOf\":{\"@id\":\"https:\/\/portalmf.com.br\/#website\"},\"primaryImageOfPage\":{\"@id\":\"https:\/\/portalmf.com.br\/index.php\/2022\/10\/24\/projeto-colorindo-pelo-leva-marcia-freire-nessa-e-joy-mattos-para-o-pelourinho\/#primaryimage\"},\"image\":{\"@id\":\"https:\/\/portalmf.com.br\/index.php\/2022\/10\/24\/projeto-colorindo-pelo-leva-marcia-freire-nessa-e-joy-mattos-para-o-pelourinho\/#primaryimage\"},\"thumbnailUrl\":\"https:\/\/portalmf.com.br\/wp-content\/uploads\/2022\/10\/image_6483441.jpg\",\"datePublished\":\"2022-10-24T18:53:03+00:00\",\"dateModified\":\"2022-10-24T18:53:04+00:00\",\"author\":{\"@id\":\"https:\/\/portalmf.com.br\/#\/schema\/person\/11c82086fe8abc05a19147e964587285\"},\"breadcrumb\":{\"@id\":\"https:\/\/portalmf.com.br\/index.php\/2022\/10\/24\/projeto-colorindo-pelo-leva-marcia-freire-nessa-e-joy-mattos-para-o-pelourinho\/#breadcrumb\"},\"inLanguage\":\"pt-BR\",\"potentialAction\":[{\"@type\":\"ReadAction\",\"target\":[\"https:\/\/portalmf.com.br\/index.php\/2022\/10\/24\/projeto-colorindo-pelo-leva-marcia-freire-nessa-e-joy-mattos-para-o-pelourinho\/\"]}]},{\"@type\":\"ImageObject\",\"inLanguage\":\"pt-BR\",\"@id\":\"https:\/\/portalmf.com.br\/index.php\/2022\/10\/24\/projeto-colorindo-pelo-leva-marcia-freire-nessa-e-joy-mattos-para-o-pelourinho\/#primaryimage\",\"url\":\"https:\/\/portalmf.com.br\/wp-content\/uploads\/2022\/10\/image_6483441.jpg\",\"contentUrl\":\"https:\/\/portalmf.com.br\/wp-content\/uploads\/2022\/10\/image_6483441.jpg\",\"width\":707,\"height\":495},{\"@type\":\"BreadcrumbList\",\"@id\":\"https:\/\/portalmf.com.br\/index.php\/2022\/10\/24\/projeto-colorindo-pelo-leva-marcia-freire-nessa-e-joy-mattos-para-o-pelourinho\/#breadcrumb\",\"itemListElement\":[{\"@type\":\"ListItem\",\"position\":1,\"name\":\"In\u00edcio\",\"item\":\"https:\/\/portalmf.com.br\/\"},{\"@type\":\"ListItem\",\"position\":2,\"name\":\"Projeto Colorindo Pel\u00f4 leva M\u00e1rcia Freire, N\u00eassa e Joy Mattos para o Pelourinho\"}]},{\"@type\":\"WebSite\",\"@id\":\"https:\/\/portalmf.com.br\/#website\",\"url\":\"https:\/\/portalmf.com.br\/\",\"name\":\"Portal MF\",\"description\":\"Voc\u00ea conectado com a informa\u00e7\u00e3o\",\"potentialAction\":[{\"@type\":\"SearchAction\",\"target\":{\"@type\":\"EntryPoint\",\"urlTemplate\":\"https:\/\/portalmf.com.br\/?s={search_term_string}\"},\"query-input\":\"required name=search_term_string\"}],\"inLanguage\":\"pt-BR\"},{\"@type\":\"Person\",\"@id\":\"https:\/\/portalmf.com.br\/#\/schema\/person\/11c82086fe8abc05a19147e964587285\",\"name\":\"Reginaldo J\u00fanior\",\"image\":{\"@type\":\"ImageObject\",\"inLanguage\":\"pt-BR\",\"@id\":\"https:\/\/portalmf.com.br\/#\/schema\/person\/image\/\",\"url\":\"https:\/\/secure.gravatar.com\/avatar\/32a3c797cd0ac47cc53b8644c62776f9?s=96&d=mm&r=g\",\"contentUrl\":\"https:\/\/secure.gravatar.com\/avatar\/32a3c797cd0ac47cc53b8644c62776f9?s=96&d=mm&r=g\",\"caption\":\"Reginaldo J\u00fanior\"},\"description\":\"Jornalista e idealizador Portal MF\",\"sameAs\":[\"https:\/\/portalmf.com.br\/index.php\/author\/reginaldojr\/\",\"reginaldojrfsa\",\"reginaldojuniormf\",\"https:\/\/x.com\/reginaldojrmf\"],\"url\":\"https:\/\/portalmf.com.br\/index.php\/author\/reginaldojr\/\"}]}<\/script>\n<!-- \/ Yoast SEO plugin. -->","yoast_head_json":{"title":"Projeto Colorindo Pel\u00f4 leva M\u00e1rcia Freire, N\u00eassa e Joy Mattos para o Pelourinho - Portal MF","robots":{"index":"index","follow":"follow","max-snippet":"max-snippet:-1","max-image-preview":"max-image-preview:large","max-video-preview":"max-video-preview:-1"},"canonical":"https:\/\/portalmf.com.br\/index.php\/2022\/10\/24\/projeto-colorindo-pelo-leva-marcia-freire-nessa-e-joy-mattos-para-o-pelourinho\/","og_locale":"pt_BR","og_type":"article","og_title":"Projeto Colorindo Pel\u00f4 leva M\u00e1rcia Freire, N\u00eassa e Joy Mattos para o Pelourinho - Portal MF","og_description":"Conhecido pelo p\u00fablico como Projeto Colorindo Pel\u00f4, um dos principais eventos da agenda LGBTQIAPN+ da capital baiana volta ao Pelourinho, em sua terceira edi\u00e7\u00e3o, com a proposta de abranger novos espa\u00e7os culturais da cidade. O evento ser\u00e1 realizado no dia 28\/10, \u00e0s 19h, no Largo Quincas Berro D&#8217;\u00e1gua, com entrada gratuita, e contar\u00e1 com uma [&hellip;]","og_url":"https:\/\/portalmf.com.br\/index.php\/2022\/10\/24\/projeto-colorindo-pelo-leva-marcia-freire-nessa-e-joy-mattos-para-o-pelourinho\/","og_site_name":"Portal MF","article_author":"reginaldojrfsa","article_published_time":"2022-10-24T18:53:03+00:00","article_modified_time":"2022-10-24T18:53:04+00:00","og_image":[{"width":707,"height":495,"url":"https:\/\/portalmf.com.br\/wp-content\/uploads\/2022\/10\/image_6483441.jpg","type":"image\/jpeg"}],"author":"Reginaldo J\u00fanior","twitter_card":"summary_large_image","twitter_creator":"@reginaldojrmf","twitter_misc":{"Escrito por":"Reginaldo J\u00fanior","Est. tempo de leitura":"2 minutos"},"schema":{"@context":"https:\/\/schema.org","@graph":[{"@type":"WebPage","@id":"https:\/\/portalmf.com.br\/index.php\/2022\/10\/24\/projeto-colorindo-pelo-leva-marcia-freire-nessa-e-joy-mattos-para-o-pelourinho\/","url":"https:\/\/portalmf.com.br\/index.php\/2022\/10\/24\/projeto-colorindo-pelo-leva-marcia-freire-nessa-e-joy-mattos-para-o-pelourinho\/","name":"Projeto Colorindo Pel\u00f4 leva M\u00e1rcia Freire, N\u00eassa e Joy Mattos para o Pelourinho - Portal MF","isPartOf":{"@id":"https:\/\/portalmf.com.br\/#website"},"primaryImageOfPage":{"@id":"https:\/\/portalmf.com.br\/index.php\/2022\/10\/24\/projeto-colorindo-pelo-leva-marcia-freire-nessa-e-joy-mattos-para-o-pelourinho\/#primaryimage"},"image":{"@id":"https:\/\/portalmf.com.br\/index.php\/2022\/10\/24\/projeto-colorindo-pelo-leva-marcia-freire-nessa-e-joy-mattos-para-o-pelourinho\/#primaryimage"},"thumbnailUrl":"https:\/\/portalmf.com.br\/wp-content\/uploads\/2022\/10\/image_6483441.jpg","datePublished":"2022-10-24T18:53:03+00:00","dateModified":"2022-10-24T18:53:04+00:00","author":{"@id":"https:\/\/portalmf.com.br\/#\/schema\/person\/11c82086fe8abc05a19147e964587285"},"breadcrumb":{"@id":"https:\/\/portalmf.com.br\/index.php\/2022\/10\/24\/projeto-colorindo-pelo-leva-marcia-freire-nessa-e-joy-mattos-para-o-pelourinho\/#breadcrumb"},"inLanguage":"pt-BR","potentialAction":[{"@type":"ReadAction","target":["https:\/\/portalmf.com.br\/index.php\/2022\/10\/24\/projeto-colorindo-pelo-leva-marcia-freire-nessa-e-joy-mattos-para-o-pelourinho\/"]}]},{"@type":"ImageObject","inLanguage":"pt-BR","@id":"https:\/\/portalmf.com.br\/index.php\/2022\/10\/24\/projeto-colorindo-pelo-leva-marcia-freire-nessa-e-joy-mattos-para-o-pelourinho\/#primaryimage","url":"https:\/\/portalmf.com.br\/wp-content\/uploads\/2022\/10\/image_6483441.jpg","contentUrl":"https:\/\/portalmf.com.br\/wp-content\/uploads\/2022\/10\/image_6483441.jpg","width":707,"height":495},{"@type":"BreadcrumbList","@id":"https:\/\/portalmf.com.br\/index.php\/2022\/10\/24\/projeto-colorindo-pelo-leva-marcia-freire-nessa-e-joy-mattos-para-o-pelourinho\/#breadcrumb","itemListElement":[{"@type":"ListItem","position":1,"name":"In\u00edcio","item":"https:\/\/portalmf.com.br\/"},{"@type":"ListItem","position":2,"name":"Projeto Colorindo Pel\u00f4 leva M\u00e1rcia Freire, N\u00eassa e Joy Mattos para o Pelourinho"}]},{"@type":"WebSite","@id":"https:\/\/portalmf.com.br\/#website","url":"https:\/\/portalmf.com.br\/","name":"Portal MF","description":"Voc\u00ea conectado com a informa\u00e7\u00e3o","potentialAction":[{"@type":"SearchAction","target":{"@type":"EntryPoint","urlTemplate":"https:\/\/portalmf.com.br\/?s={search_term_string}"},"query-input":"required name=search_term_string"}],"inLanguage":"pt-BR"},{"@type":"Person","@id":"https:\/\/portalmf.com.br\/#\/schema\/person\/11c82086fe8abc05a19147e964587285","name":"Reginaldo J\u00fanior","image":{"@type":"ImageObject","inLanguage":"pt-BR","@id":"https:\/\/portalmf.com.br\/#\/schema\/person\/image\/","url":"https:\/\/secure.gravatar.com\/avatar\/32a3c797cd0ac47cc53b8644c62776f9?s=96&d=mm&r=g","contentUrl":"https:\/\/secure.gravatar.com\/avatar\/32a3c797cd0ac47cc53b8644c62776f9?s=96&d=mm&r=g","caption":"Reginaldo J\u00fanior"},"description":"Jornalista e idealizador Portal MF","sameAs":["https:\/\/portalmf.com.br\/index.php\/author\/reginaldojr\/","reginaldojrfsa","reginaldojuniormf","https:\/\/x.com\/reginaldojrmf"],"url":"https:\/\/portalmf.com.br\/index.php\/author\/reginaldojr\/"}]}},"_links":{"self":[{"href":"https:\/\/portalmf.com.br\/index.php\/wp-json\/wp\/v2\/posts\/5367"}],"collection":[{"href":"https:\/\/portalmf.com.br\/index.php\/wp-json\/wp\/v2\/posts"}],"about":[{"href":"https:\/\/portalmf.com.br\/index.php\/wp-json\/wp\/v2\/types\/post"}],"author":[{"embeddable":true,"href":"https:\/\/portalmf.com.br\/index.php\/wp-json\/wp\/v2\/users\/2"}],"replies":[{"embeddable":true,"href":"https:\/\/portalmf.com.br\/index.php\/wp-json\/wp\/v2\/comments?post=5367"}],"version-history":[{"count":1,"href":"https:\/\/portalmf.com.br\/index.php\/wp-json\/wp\/v2\/posts\/5367\/revisions"}],"predecessor-version":[{"id":5369,"href":"https:\/\/portalmf.com.br\/index.php\/wp-json\/wp\/v2\/posts\/5367\/revisions\/5369"}],"wp:featuredmedia":[{"embeddable":true,"href":"https:\/\/portalmf.com.br\/index.php\/wp-json\/wp\/v2\/media\/5368"}],"wp:attachment":[{"href":"https:\/\/portalmf.com.br\/index.php\/wp-json\/wp\/v2\/media?parent=5367"}],"wp:term":[{"taxonomy":"category","embeddable":true,"href":"https:\/\/portalmf.com.br\/index.php\/wp-json\/wp\/v2\/categories?post=5367"},{"taxonomy":"post_tag","embeddable":true,"href":"https:\/\/portalmf.com.br\/index.php\/wp-json\/wp\/v2\/tags?post=5367"}],"curies":[{"name":"wp","href":"https:\/\/api.w.org\/{rel}","templated":true}]}}