{"id":5328,"date":"2022-10-23T22:27:26","date_gmt":"2022-10-24T01:27:26","guid":{"rendered":"http:\/\/portalmf.com.br\/?p=5328"},"modified":"2022-10-23T22:27:28","modified_gmt":"2022-10-24T01:27:28","slug":"apos-jefferson-atacar-policiais-bolsonaro-diz-que-nao-tem-nem-foto-com-ex-deputado-apesar-de-registros-no-palacio-do-planalto","status":"publish","type":"post","link":"https:\/\/portalmf.com.br\/index.php\/2022\/10\/23\/apos-jefferson-atacar-policiais-bolsonaro-diz-que-nao-tem-nem-foto-com-ex-deputado-apesar-de-registros-no-palacio-do-planalto\/","title":{"rendered":"Ap\u00f3s Jefferson atacar policiais, Bolsonaro diz que n\u00e3o tem nem foto com ex-deputado, apesar de registros no Pal\u00e1cio do Planalto"},"content":{"rendered":"\n<p>O presidente Jair Bolsonaro (PL) disse neste domingo (23) que n\u00e3o tem foto com o ex-deputado federal Roberto Jefferson, apesar dos registros feitos no Pal\u00e1cio do Planalto.<\/p>\n\n\n\n<figure class=\"wp-block-image size-full\"><img fetchpriority=\"high\" decoding=\"async\" width=\"600\" height=\"577\" src=\"http:\/\/portalmf.com.br\/wp-content\/uploads\/2022\/10\/twitter-ptb1.webp\" alt=\"\" class=\"wp-image-5329\" srcset=\"https:\/\/portalmf.com.br\/wp-content\/uploads\/2022\/10\/twitter-ptb1.webp 600w, https:\/\/portalmf.com.br\/wp-content\/uploads\/2022\/10\/twitter-ptb1-300x289.webp 300w, https:\/\/portalmf.com.br\/wp-content\/uploads\/2022\/10\/twitter-ptb1-585x563.webp 585w\" sizes=\"(max-width: 600px) 100vw, 600px\" \/><figcaption>Roberto Jefferson em foto ao lado do presidente Jair Bolsonaro postada em 14\/04\/2021 \u2014 Foto: Reprodu\u00e7\u00e3o\/Twitter<\/figcaption><\/figure>\n\n\n\n<p>A declara\u00e7\u00e3o do presidente foi feita \u00e0 tarde, durante uma transmiss\u00e3o ao vivo (live) em seu canal no YouTube, ap\u00f3s Jefferson atirar em policiais federais, que tentavam cumprir mandado de pris\u00e3o ordenado pelo ministro Alexandre de Moraes, do Supremo Tribunal Federal (STF). Ap\u00f3s 8 horas descumprindo ordem judicial, Jefferson se entregou \u00e0 pol\u00edcia.<\/p>\n\n\n\n<p>Durante a transmiss\u00e3o ao vivo \u00e0 tarde, o ministro das Comunica\u00e7\u00f5es, F\u00e1bio Faria, afirmou que o deputado federal Andr\u00e9 Janones (Avante-MG) &#8220;mente&#8221; ao dizer que &#8220;o Roberto Jefferson era um dos coordenadores da campanha do presidente Bolsonaro&#8221;.<\/p>\n\n\n\n<p>Faria continuou:<em> &#8220;Nunca foi coordenador, at\u00e9 porque ele era pr\u00e9-candidato, teve uma candidatura indeferida ali, era candidato contra&#8221;<\/em>.<\/p>\n\n\n\n<p>Bolsonaro, ent\u00e3o, interrompe Faria e fala: &#8220;N\u00e3o tem uma foto dele comigo. N\u00e3o tem nada&#8221;. O ministro das Comunica\u00e7\u00f5es endossa o presidente: &#8220;N\u00e3o tem uma foto, n\u00e3o tem contato&#8221;.<\/p>\n\n\n\n<figure class=\"wp-block-image size-full\"><img decoding=\"async\" width=\"600\" height=\"556\" src=\"http:\/\/portalmf.com.br\/wp-content\/uploads\/2022\/10\/bolsonaroejefferson.webp\" alt=\"\" class=\"wp-image-5330\" srcset=\"https:\/\/portalmf.com.br\/wp-content\/uploads\/2022\/10\/bolsonaroejefferson.webp 600w, https:\/\/portalmf.com.br\/wp-content\/uploads\/2022\/10\/bolsonaroejefferson-300x278.webp 300w, https:\/\/portalmf.com.br\/wp-content\/uploads\/2022\/10\/bolsonaroejefferson-585x542.webp 585w\" sizes=\"(max-width: 600px) 100vw, 600px\" \/><figcaption>Roberto Jefferson e Jair Bolsonaro em foto postada no Twitter em 2020 \u2014 Foto: Reprodu\u00e7\u00e3o\/Twitter<\/figcaption><\/figure>\n\n\n\n<p>Nos perfis oficiais nas redes sociais de Jefferson e do PTB, partido que ele foi presidente, \u00e9 poss\u00edvel encontrar fotos de encontros entre o ex-deputado federal e o presidente Jair Bolsonaro. Essas imagens foram feitas no Pal\u00e1cio do Planalto.<\/p>\n\n\n\n<figure class=\"wp-block-image size-full\"><img decoding=\"async\" width=\"600\" height=\"294\" src=\"http:\/\/portalmf.com.br\/wp-content\/uploads\/2022\/10\/robertojefferson.jpg\" alt=\"\" class=\"wp-image-5332\" srcset=\"https:\/\/portalmf.com.br\/wp-content\/uploads\/2022\/10\/robertojefferson.jpg 600w, https:\/\/portalmf.com.br\/wp-content\/uploads\/2022\/10\/robertojefferson-300x147.jpg 300w, https:\/\/portalmf.com.br\/wp-content\/uploads\/2022\/10\/robertojefferson-585x287.jpg 585w\" sizes=\"(max-width: 600px) 100vw, 600px\" \/><figcaption>Bolsonaro e Roberto Jefferson em foto postada em abril de 2021 \u2014 Foto: Reprodu\u00e7\u00e3o\/Instagram<\/figcaption><\/figure>\n\n\n\n<p>\u00c0 noite, ao participar de uma sabatina promovida por uma emissora de TV, Bolsonaro disse que n\u00e3o \u00e9 amigo de Jefferson.<\/p>\n\n\n\n<p>&#8220;N\u00f3s n\u00e3o somos amigos, n\u00f3s n\u00e3o temos relacionamento e [o] tratamento para pessoas que s\u00e3o corruptas ou agem dessa maneira como o Roberto Jefferson agiu, xingando uma mulher e tamb\u00e9m recebendo a bala policiais, o tratamento que ser\u00e1 dispensado pelo governo Jair Bolsonaro ser\u00e1 de bandido&#8221;, disse Bolsonaro.<\/p>\n\n\n\n<figure class=\"wp-block-image size-full\"><img loading=\"lazy\" decoding=\"async\" width=\"600\" height=\"275\" src=\"http:\/\/portalmf.com.br\/wp-content\/uploads\/2022\/10\/bolsonaro-rob-jefferson.jpg\" alt=\"\" class=\"wp-image-5333\" srcset=\"https:\/\/portalmf.com.br\/wp-content\/uploads\/2022\/10\/bolsonaro-rob-jefferson.jpg 600w, https:\/\/portalmf.com.br\/wp-content\/uploads\/2022\/10\/bolsonaro-rob-jefferson-300x138.jpg 300w, https:\/\/portalmf.com.br\/wp-content\/uploads\/2022\/10\/bolsonaro-rob-jefferson-585x268.jpg 585w\" sizes=\"(max-width: 600px) 100vw, 600px\" \/><figcaption>O presidente Jair Bolsonaro posa para foto com Roberto Jefferson e a ent\u00e3o presidente do PTB, Graciela Nienov, em foto postada em maio de 2021 \u2014 Foto: Reprodu\u00e7\u00e3o\/Instagram<\/figcaption><\/figure>\n\n\n\n<p>Roberto Jefferson era o candidato do PTB \u00e0 Presid\u00eancia da Rep\u00fablica, mas a candidatura foi indeferida pela Justi\u00e7a Eleitoral. Com isso, o candidato do PTB foi Padre Kelmon.<\/p>\n\n\n\n<p>No \u00faltimo debate entre presidenci\u00e1veis antes do 1\u00ba turno, Bolsonaro e Kelmon demonstraram ter uma rela\u00e7\u00e3o amig\u00e1vel tanto no ar quanto nos intervalos.<\/p>\n\n\n\n<p><strong>Jefferson se entrega<\/strong><\/p>\n\n\n\n<p>O ex-deputado Roberto Jefferson se entregou \u00e0 pol\u00edcia na noite deste domingo (23) ap\u00f3s atacar policiais federais e passar 8 horas desrespeitando ordem do Supremo Tribunal Federal (STF).<\/p>\n\n\n\n<p>Com informa\u00e7\u00f5es do G1<\/p>\n","protected":false},"excerpt":{"rendered":"<p>O presidente Jair Bolsonaro (PL) disse neste domingo (23) que n\u00e3o tem foto com o ex-deputado federal Roberto Jefferson, apesar dos registros feitos no Pal\u00e1cio do Planalto. A declara\u00e7\u00e3o do presidente foi feita \u00e0 tarde, durante uma transmiss\u00e3o ao vivo (live) em seu canal no YouTube, ap\u00f3s Jefferson atirar em policiais federais, que tentavam cumprir [&hellip;]<\/p>\n","protected":false},"author":2,"featured_media":5334,"comment_status":"open","ping_status":"open","sticky":false,"template":"","format":"standard","meta":{"_monsterinsights_skip_tracking":false,"_monsterinsights_sitenote_active":false,"_monsterinsights_sitenote_note":"","_monsterinsights_sitenote_category":0,"footnotes":""},"categories":[34],"tags":[66],"yoast_head":"<!-- This site is optimized with the Yoast SEO plugin v22.9 - https:\/\/yoast.com\/wordpress\/plugins\/seo\/ -->\n<title>Ap\u00f3s Jefferson atacar policiais, Bolsonaro diz que n\u00e3o tem nem foto com ex-deputado, apesar de registros no Pal\u00e1cio do Planalto - Portal MF<\/title>\n<meta name=\"robots\" content=\"index, follow, max-snippet:-1, max-image-preview:large, max-video-preview:-1\" \/>\n<link rel=\"canonical\" href=\"https:\/\/portalmf.com.br\/index.php\/2022\/10\/23\/apos-jefferson-atacar-policiais-bolsonaro-diz-que-nao-tem-nem-foto-com-ex-deputado-apesar-de-registros-no-palacio-do-planalto\/\" \/>\n<meta property=\"og:locale\" content=\"pt_BR\" \/>\n<meta property=\"og:type\" content=\"article\" \/>\n<meta property=\"og:title\" content=\"Ap\u00f3s Jefferson atacar policiais, Bolsonaro diz que n\u00e3o tem nem foto com ex-deputado, apesar de registros no Pal\u00e1cio do Planalto - Portal MF\" \/>\n<meta property=\"og:description\" content=\"O presidente Jair Bolsonaro (PL) disse neste domingo (23) que n\u00e3o tem foto com o ex-deputado federal Roberto Jefferson, apesar dos registros feitos no Pal\u00e1cio do Planalto. A declara\u00e7\u00e3o do presidente foi feita \u00e0 tarde, durante uma transmiss\u00e3o ao vivo (live) em seu canal no YouTube, ap\u00f3s Jefferson atirar em policiais federais, que tentavam cumprir [&hellip;]\" \/>\n<meta property=\"og:url\" content=\"https:\/\/portalmf.com.br\/index.php\/2022\/10\/23\/apos-jefferson-atacar-policiais-bolsonaro-diz-que-nao-tem-nem-foto-com-ex-deputado-apesar-de-registros-no-palacio-do-planalto\/\" \/>\n<meta property=\"og:site_name\" content=\"Portal MF\" \/>\n<meta property=\"article:author\" content=\"reginaldojrfsa\" \/>\n<meta property=\"article:published_time\" content=\"2022-10-24T01:27:26+00:00\" \/>\n<meta property=\"article:modified_time\" content=\"2022-10-24T01:27:28+00:00\" \/>\n<meta property=\"og:image\" content=\"https:\/\/portalmf.com.br\/wp-content\/uploads\/2022\/10\/jefferson.jpg\" \/>\n\t<meta property=\"og:image:width\" content=\"680\" \/>\n\t<meta property=\"og:image:height\" content=\"415\" \/>\n\t<meta property=\"og:image:type\" content=\"image\/jpeg\" \/>\n<meta name=\"author\" content=\"Reginaldo J\u00fanior\" \/>\n<meta name=\"twitter:card\" content=\"summary_large_image\" \/>\n<meta name=\"twitter:creator\" content=\"@reginaldojrmf\" \/>\n<meta name=\"twitter:label1\" content=\"Escrito por\" \/>\n\t<meta name=\"twitter:data1\" content=\"Reginaldo J\u00fanior\" \/>\n\t<meta name=\"twitter:label2\" content=\"Est. tempo de leitura\" \/>\n\t<meta name=\"twitter:data2\" content=\"4 minutos\" \/>\n<script type=\"application\/ld+json\" class=\"yoast-schema-graph\">{\"@context\":\"https:\/\/schema.org\",\"@graph\":[{\"@type\":\"WebPage\",\"@id\":\"https:\/\/portalmf.com.br\/index.php\/2022\/10\/23\/apos-jefferson-atacar-policiais-bolsonaro-diz-que-nao-tem-nem-foto-com-ex-deputado-apesar-de-registros-no-palacio-do-planalto\/\",\"url\":\"https:\/\/portalmf.com.br\/index.php\/2022\/10\/23\/apos-jefferson-atacar-policiais-bolsonaro-diz-que-nao-tem-nem-foto-com-ex-deputado-apesar-de-registros-no-palacio-do-planalto\/\",\"name\":\"Ap\u00f3s Jefferson atacar policiais, Bolsonaro diz que n\u00e3o tem nem foto com ex-deputado, apesar de registros no Pal\u00e1cio do Planalto - Portal MF\",\"isPartOf\":{\"@id\":\"https:\/\/portalmf.com.br\/#website\"},\"primaryImageOfPage\":{\"@id\":\"https:\/\/portalmf.com.br\/index.php\/2022\/10\/23\/apos-jefferson-atacar-policiais-bolsonaro-diz-que-nao-tem-nem-foto-com-ex-deputado-apesar-de-registros-no-palacio-do-planalto\/#primaryimage\"},\"image\":{\"@id\":\"https:\/\/portalmf.com.br\/index.php\/2022\/10\/23\/apos-jefferson-atacar-policiais-bolsonaro-diz-que-nao-tem-nem-foto-com-ex-deputado-apesar-de-registros-no-palacio-do-planalto\/#primaryimage\"},\"thumbnailUrl\":\"https:\/\/portalmf.com.br\/wp-content\/uploads\/2022\/10\/jefferson.jpg\",\"datePublished\":\"2022-10-24T01:27:26+00:00\",\"dateModified\":\"2022-10-24T01:27:28+00:00\",\"author\":{\"@id\":\"https:\/\/portalmf.com.br\/#\/schema\/person\/11c82086fe8abc05a19147e964587285\"},\"breadcrumb\":{\"@id\":\"https:\/\/portalmf.com.br\/index.php\/2022\/10\/23\/apos-jefferson-atacar-policiais-bolsonaro-diz-que-nao-tem-nem-foto-com-ex-deputado-apesar-de-registros-no-palacio-do-planalto\/#breadcrumb\"},\"inLanguage\":\"pt-BR\",\"potentialAction\":[{\"@type\":\"ReadAction\",\"target\":[\"https:\/\/portalmf.com.br\/index.php\/2022\/10\/23\/apos-jefferson-atacar-policiais-bolsonaro-diz-que-nao-tem-nem-foto-com-ex-deputado-apesar-de-registros-no-palacio-do-planalto\/\"]}]},{\"@type\":\"ImageObject\",\"inLanguage\":\"pt-BR\",\"@id\":\"https:\/\/portalmf.com.br\/index.php\/2022\/10\/23\/apos-jefferson-atacar-policiais-bolsonaro-diz-que-nao-tem-nem-foto-com-ex-deputado-apesar-de-registros-no-palacio-do-planalto\/#primaryimage\",\"url\":\"https:\/\/portalmf.com.br\/wp-content\/uploads\/2022\/10\/jefferson.jpg\",\"contentUrl\":\"https:\/\/portalmf.com.br\/wp-content\/uploads\/2022\/10\/jefferson.jpg\",\"width\":680,\"height\":415},{\"@type\":\"BreadcrumbList\",\"@id\":\"https:\/\/portalmf.com.br\/index.php\/2022\/10\/23\/apos-jefferson-atacar-policiais-bolsonaro-diz-que-nao-tem-nem-foto-com-ex-deputado-apesar-de-registros-no-palacio-do-planalto\/#breadcrumb\",\"itemListElement\":[{\"@type\":\"ListItem\",\"position\":1,\"name\":\"In\u00edcio\",\"item\":\"https:\/\/portalmf.com.br\/\"},{\"@type\":\"ListItem\",\"position\":2,\"name\":\"Ap\u00f3s Jefferson atacar policiais, Bolsonaro diz que n\u00e3o tem nem foto com ex-deputado, apesar de registros no Pal\u00e1cio do Planalto\"}]},{\"@type\":\"WebSite\",\"@id\":\"https:\/\/portalmf.com.br\/#website\",\"url\":\"https:\/\/portalmf.com.br\/\",\"name\":\"Portal MF\",\"description\":\"Voc\u00ea conectado com a informa\u00e7\u00e3o\",\"potentialAction\":[{\"@type\":\"SearchAction\",\"target\":{\"@type\":\"EntryPoint\",\"urlTemplate\":\"https:\/\/portalmf.com.br\/?s={search_term_string}\"},\"query-input\":\"required name=search_term_string\"}],\"inLanguage\":\"pt-BR\"},{\"@type\":\"Person\",\"@id\":\"https:\/\/portalmf.com.br\/#\/schema\/person\/11c82086fe8abc05a19147e964587285\",\"name\":\"Reginaldo J\u00fanior\",\"image\":{\"@type\":\"ImageObject\",\"inLanguage\":\"pt-BR\",\"@id\":\"https:\/\/portalmf.com.br\/#\/schema\/person\/image\/\",\"url\":\"https:\/\/secure.gravatar.com\/avatar\/32a3c797cd0ac47cc53b8644c62776f9?s=96&d=mm&r=g\",\"contentUrl\":\"https:\/\/secure.gravatar.com\/avatar\/32a3c797cd0ac47cc53b8644c62776f9?s=96&d=mm&r=g\",\"caption\":\"Reginaldo J\u00fanior\"},\"description\":\"Jornalista e idealizador Portal MF\",\"sameAs\":[\"https:\/\/portalmf.com.br\/index.php\/author\/reginaldojr\/\",\"reginaldojrfsa\",\"reginaldojuniormf\",\"https:\/\/x.com\/reginaldojrmf\"],\"url\":\"https:\/\/portalmf.com.br\/index.php\/author\/reginaldojr\/\"}]}<\/script>\n<!-- \/ Yoast SEO plugin. -->","yoast_head_json":{"title":"Ap\u00f3s Jefferson atacar policiais, Bolsonaro diz que n\u00e3o tem nem foto com ex-deputado, apesar de registros no Pal\u00e1cio do Planalto - Portal MF","robots":{"index":"index","follow":"follow","max-snippet":"max-snippet:-1","max-image-preview":"max-image-preview:large","max-video-preview":"max-video-preview:-1"},"canonical":"https:\/\/portalmf.com.br\/index.php\/2022\/10\/23\/apos-jefferson-atacar-policiais-bolsonaro-diz-que-nao-tem-nem-foto-com-ex-deputado-apesar-de-registros-no-palacio-do-planalto\/","og_locale":"pt_BR","og_type":"article","og_title":"Ap\u00f3s Jefferson atacar policiais, Bolsonaro diz que n\u00e3o tem nem foto com ex-deputado, apesar de registros no Pal\u00e1cio do Planalto - Portal MF","og_description":"O presidente Jair Bolsonaro (PL) disse neste domingo (23) que n\u00e3o tem foto com o ex-deputado federal Roberto Jefferson, apesar dos registros feitos no Pal\u00e1cio do Planalto. A declara\u00e7\u00e3o do presidente foi feita \u00e0 tarde, durante uma transmiss\u00e3o ao vivo (live) em seu canal no YouTube, ap\u00f3s Jefferson atirar em policiais federais, que tentavam cumprir [&hellip;]","og_url":"https:\/\/portalmf.com.br\/index.php\/2022\/10\/23\/apos-jefferson-atacar-policiais-bolsonaro-diz-que-nao-tem-nem-foto-com-ex-deputado-apesar-de-registros-no-palacio-do-planalto\/","og_site_name":"Portal MF","article_author":"reginaldojrfsa","article_published_time":"2022-10-24T01:27:26+00:00","article_modified_time":"2022-10-24T01:27:28+00:00","og_image":[{"width":680,"height":415,"url":"https:\/\/portalmf.com.br\/wp-content\/uploads\/2022\/10\/jefferson.jpg","type":"image\/jpeg"}],"author":"Reginaldo J\u00fanior","twitter_card":"summary_large_image","twitter_creator":"@reginaldojrmf","twitter_misc":{"Escrito por":"Reginaldo J\u00fanior","Est. tempo de leitura":"4 minutos"},"schema":{"@context":"https:\/\/schema.org","@graph":[{"@type":"WebPage","@id":"https:\/\/portalmf.com.br\/index.php\/2022\/10\/23\/apos-jefferson-atacar-policiais-bolsonaro-diz-que-nao-tem-nem-foto-com-ex-deputado-apesar-de-registros-no-palacio-do-planalto\/","url":"https:\/\/portalmf.com.br\/index.php\/2022\/10\/23\/apos-jefferson-atacar-policiais-bolsonaro-diz-que-nao-tem-nem-foto-com-ex-deputado-apesar-de-registros-no-palacio-do-planalto\/","name":"Ap\u00f3s Jefferson atacar policiais, Bolsonaro diz que n\u00e3o tem nem foto com ex-deputado, apesar de registros no Pal\u00e1cio do Planalto - Portal MF","isPartOf":{"@id":"https:\/\/portalmf.com.br\/#website"},"primaryImageOfPage":{"@id":"https:\/\/portalmf.com.br\/index.php\/2022\/10\/23\/apos-jefferson-atacar-policiais-bolsonaro-diz-que-nao-tem-nem-foto-com-ex-deputado-apesar-de-registros-no-palacio-do-planalto\/#primaryimage"},"image":{"@id":"https:\/\/portalmf.com.br\/index.php\/2022\/10\/23\/apos-jefferson-atacar-policiais-bolsonaro-diz-que-nao-tem-nem-foto-com-ex-deputado-apesar-de-registros-no-palacio-do-planalto\/#primaryimage"},"thumbnailUrl":"https:\/\/portalmf.com.br\/wp-content\/uploads\/2022\/10\/jefferson.jpg","datePublished":"2022-10-24T01:27:26+00:00","dateModified":"2022-10-24T01:27:28+00:00","author":{"@id":"https:\/\/portalmf.com.br\/#\/schema\/person\/11c82086fe8abc05a19147e964587285"},"breadcrumb":{"@id":"https:\/\/portalmf.com.br\/index.php\/2022\/10\/23\/apos-jefferson-atacar-policiais-bolsonaro-diz-que-nao-tem-nem-foto-com-ex-deputado-apesar-de-registros-no-palacio-do-planalto\/#breadcrumb"},"inLanguage":"pt-BR","potentialAction":[{"@type":"ReadAction","target":["https:\/\/portalmf.com.br\/index.php\/2022\/10\/23\/apos-jefferson-atacar-policiais-bolsonaro-diz-que-nao-tem-nem-foto-com-ex-deputado-apesar-de-registros-no-palacio-do-planalto\/"]}]},{"@type":"ImageObject","inLanguage":"pt-BR","@id":"https:\/\/portalmf.com.br\/index.php\/2022\/10\/23\/apos-jefferson-atacar-policiais-bolsonaro-diz-que-nao-tem-nem-foto-com-ex-deputado-apesar-de-registros-no-palacio-do-planalto\/#primaryimage","url":"https:\/\/portalmf.com.br\/wp-content\/uploads\/2022\/10\/jefferson.jpg","contentUrl":"https:\/\/portalmf.com.br\/wp-content\/uploads\/2022\/10\/jefferson.jpg","width":680,"height":415},{"@type":"BreadcrumbList","@id":"https:\/\/portalmf.com.br\/index.php\/2022\/10\/23\/apos-jefferson-atacar-policiais-bolsonaro-diz-que-nao-tem-nem-foto-com-ex-deputado-apesar-de-registros-no-palacio-do-planalto\/#breadcrumb","itemListElement":[{"@type":"ListItem","position":1,"name":"In\u00edcio","item":"https:\/\/portalmf.com.br\/"},{"@type":"ListItem","position":2,"name":"Ap\u00f3s Jefferson atacar policiais, Bolsonaro diz que n\u00e3o tem nem foto com ex-deputado, apesar de registros no Pal\u00e1cio do Planalto"}]},{"@type":"WebSite","@id":"https:\/\/portalmf.com.br\/#website","url":"https:\/\/portalmf.com.br\/","name":"Portal MF","description":"Voc\u00ea conectado com a informa\u00e7\u00e3o","potentialAction":[{"@type":"SearchAction","target":{"@type":"EntryPoint","urlTemplate":"https:\/\/portalmf.com.br\/?s={search_term_string}"},"query-input":"required name=search_term_string"}],"inLanguage":"pt-BR"},{"@type":"Person","@id":"https:\/\/portalmf.com.br\/#\/schema\/person\/11c82086fe8abc05a19147e964587285","name":"Reginaldo J\u00fanior","image":{"@type":"ImageObject","inLanguage":"pt-BR","@id":"https:\/\/portalmf.com.br\/#\/schema\/person\/image\/","url":"https:\/\/secure.gravatar.com\/avatar\/32a3c797cd0ac47cc53b8644c62776f9?s=96&d=mm&r=g","contentUrl":"https:\/\/secure.gravatar.com\/avatar\/32a3c797cd0ac47cc53b8644c62776f9?s=96&d=mm&r=g","caption":"Reginaldo J\u00fanior"},"description":"Jornalista e idealizador Portal MF","sameAs":["https:\/\/portalmf.com.br\/index.php\/author\/reginaldojr\/","reginaldojrfsa","reginaldojuniormf","https:\/\/x.com\/reginaldojrmf"],"url":"https:\/\/portalmf.com.br\/index.php\/author\/reginaldojr\/"}]}},"_links":{"self":[{"href":"https:\/\/portalmf.com.br\/index.php\/wp-json\/wp\/v2\/posts\/5328"}],"collection":[{"href":"https:\/\/portalmf.com.br\/index.php\/wp-json\/wp\/v2\/posts"}],"about":[{"href":"https:\/\/portalmf.com.br\/index.php\/wp-json\/wp\/v2\/types\/post"}],"author":[{"embeddable":true,"href":"https:\/\/portalmf.com.br\/index.php\/wp-json\/wp\/v2\/users\/2"}],"replies":[{"embeddable":true,"href":"https:\/\/portalmf.com.br\/index.php\/wp-json\/wp\/v2\/comments?post=5328"}],"version-history":[{"count":1,"href":"https:\/\/portalmf.com.br\/index.php\/wp-json\/wp\/v2\/posts\/5328\/revisions"}],"predecessor-version":[{"id":5335,"href":"https:\/\/portalmf.com.br\/index.php\/wp-json\/wp\/v2\/posts\/5328\/revisions\/5335"}],"wp:featuredmedia":[{"embeddable":true,"href":"https:\/\/portalmf.com.br\/index.php\/wp-json\/wp\/v2\/media\/5334"}],"wp:attachment":[{"href":"https:\/\/portalmf.com.br\/index.php\/wp-json\/wp\/v2\/media?parent=5328"}],"wp:term":[{"taxonomy":"category","embeddable":true,"href":"https:\/\/portalmf.com.br\/index.php\/wp-json\/wp\/v2\/categories?post=5328"},{"taxonomy":"post_tag","embeddable":true,"href":"https:\/\/portalmf.com.br\/index.php\/wp-json\/wp\/v2\/tags?post=5328"}],"curies":[{"name":"wp","href":"https:\/\/api.w.org\/{rel}","templated":true}]}}