{"id":5322,"date":"2022-10-23T16:09:29","date_gmt":"2022-10-23T19:09:29","guid":{"rendered":"http:\/\/portalmf.com.br\/?p=5322"},"modified":"2022-10-23T16:12:26","modified_gmt":"2022-10-23T19:12:26","slug":"em-rede-social-carlinhos-maia-e-lucas-guimaraes-anunciam-fim-do-casamento","status":"publish","type":"post","link":"https:\/\/portalmf.com.br\/index.php\/2022\/10\/23\/em-rede-social-carlinhos-maia-e-lucas-guimaraes-anunciam-fim-do-casamento\/","title":{"rendered":"Em rede social, Carlinhos Maia e Lucas Guimar\u00e3es anunciam fim do casamento"},"content":{"rendered":"\n<p>Chegou ao fim o relacionamento de Carlinhos Maia e Lucas Guimar\u00e3es. O t\u00e9rmino foi confirmado pelo pr\u00f3prio humorista, que usou suas redes sociais para falar com carinho do agora ex-marido, com quem estava casado desde 2019 e junto h\u00e1 quase 13 anos.<\/p>\n\n\n\n<p>&#8220;<em>Em respeito a todos que torcem e emanam amor todo esse tempo para nossa rela\u00e7\u00e3o, comunicamos que Lucas e eu seguiremos caminhos diferentes daqui pra frente. S\u00e3o quase 13 anos juntos, vivendo os melhores anos de nossas vidas, justamente por termos vivido tantas hist\u00f3rias e lutas. O amor que nos une vai al\u00e9m de estarmos casados!&#8221;, <\/em>escreveu ele.<\/p>\n\n\n\n<p>No texto assinado pelos dois, Carlinhos diz que a parceria entre eles ser\u00e1 eterna e explica que o amor que sentem se tornou &#8220;irmandade&#8221;. O humorista tamb\u00e9m pediu para que os f\u00e3s n\u00e3o fa\u00e7am especula\u00e7\u00f5es sobre o rompimento.<\/p>\n\n\n\n<p><em>&#8220;Sempre estaremos juntos e admirando o trabalho um do outro. Nossa parceria, cumplicidade e toda nossa hist\u00f3ria estar\u00e1 pra sempre em nossos cora\u00e7\u00f5es. Nosso amor se transformou em irmandade e pe\u00e7o a compreens\u00e3o de voc\u00eas nessa nossa fase. Nosso desejo \u00e9 que as pessoas que gostam de n\u00f3s e toda a m\u00eddia n\u00e3o criem especula\u00e7\u00f5es, nosso casamento termina com muito carinho e cumplicidade.&#8221;<\/em><\/p>\n\n\n\n<p>Carlinhos escreveu ainda que sabe que o futuro ser\u00e1 dif\u00edcil sem Lucas, a quem se referiu como &#8220;fam\u00edlia&#8221;.<\/p>\n\n\n\n<p><em>&#8220;Seguiremos sempre nos amando. Por isso a torcida para que tudo daqui pra frente siga em paz e harmonia! Antes de tudo somos fam\u00edlia e nesse momento pedimos respeito e carinho com a gente e com tudo que vivemos at\u00e9 hoje. N\u00e3o ser\u00e1 f\u00e1cil, por isso contamos muito com o amor e compreens\u00e3o de voc\u00eas, como fizeram todos esses anos.&#8221;<\/em><\/p>\n\n\n\n<blockquote class=\"instagram-media\" data-instgrm-permalink=\"https:\/\/www.instagram.com\/p\/CkEPfmgp9TD\/?utm_source=ig_embed&amp;utm_campaign=loading\" data-instgrm-version=\"14\" style=\" background:#FFF; border:0; border-radius:3px; box-shadow:0 0 1px 0 rgba(0,0,0,0.5),0 1px 10px 0 rgba(0,0,0,0.15); margin: 1px; max-width:540px; min-width:326px; padding:0; width:99.375%; width:-webkit-calc(100% - 2px); width:calc(100% - 2px);\"><div style=\"padding:16px;\"> <a href=\"https:\/\/www.instagram.com\/p\/CkEPfmgp9TD\/?utm_source=ig_embed&amp;utm_campaign=loading\" style=\" background:#FFFFFF; line-height:0; padding:0 0; text-align:center; text-decoration:none; width:100%;\" target=\"_blank\" rel=\"noopener\"> <div style=\" display: flex; flex-direction: row; align-items: center;\"> <div style=\"background-color: #F4F4F4; border-radius: 50%; flex-grow: 0; height: 40px; margin-right: 14px; width: 40px;\"><\/div> <div style=\"display: flex; flex-direction: column; flex-grow: 1; justify-content: center;\"> <div style=\" background-color: #F4F4F4; border-radius: 4px; flex-grow: 0; height: 14px; margin-bottom: 6px; width: 100px;\"><\/div> <div style=\" background-color: #F4F4F4; border-radius: 4px; flex-grow: 0; height: 14px; width: 60px;\"><\/div><\/div><\/div><div style=\"padding: 19% 0;\"><\/div> <div style=\"display:block; height:50px; margin:0 auto 12px; width:50px;\"><svg width=\"50px\" height=\"50px\" viewBox=\"0 0 60 60\" version=\"1.1\" xmlns=\"https:\/\/www.w3.org\/2000\/svg\" xmlns:xlink=\"https:\/\/www.w3.org\/1999\/xlink\"><g stroke=\"none\" stroke-width=\"1\" fill=\"none\" fill-rule=\"evenodd\"><g transform=\"translate(-511.000000, -20.000000)\" fill=\"#000000\"><g><path d=\"M556.869,30.41 C554.814,30.41 553.148,32.076 553.148,34.131 C553.148,36.186 554.814,37.852 556.869,37.852 C558.924,37.852 560.59,36.186 560.59,34.131 C560.59,32.076 558.924,30.41 556.869,30.41 M541,60.657 C535.114,60.657 530.342,55.887 530.342,50 C530.342,44.114 535.114,39.342 541,39.342 C546.887,39.342 551.658,44.114 551.658,50 C551.658,55.887 546.887,60.657 541,60.657 M541,33.886 C532.1,33.886 524.886,41.1 524.886,50 C524.886,58.899 532.1,66.113 541,66.113 C549.9,66.113 557.115,58.899 557.115,50 C557.115,41.1 549.9,33.886 541,33.886 M565.378,62.101 C565.244,65.022 564.756,66.606 564.346,67.663 C563.803,69.06 563.154,70.057 562.106,71.106 C561.058,72.155 560.06,72.803 558.662,73.347 C557.607,73.757 556.021,74.244 553.102,74.378 C549.944,74.521 548.997,74.552 541,74.552 C533.003,74.552 532.056,74.521 528.898,74.378 C525.979,74.244 524.393,73.757 523.338,73.347 C521.94,72.803 520.942,72.155 519.894,71.106 C518.846,70.057 518.197,69.06 517.654,67.663 C517.244,66.606 516.755,65.022 516.623,62.101 C516.479,58.943 516.448,57.996 516.448,50 C516.448,42.003 516.479,41.056 516.623,37.899 C516.755,34.978 517.244,33.391 517.654,32.338 C518.197,30.938 518.846,29.942 519.894,28.894 C520.942,27.846 521.94,27.196 523.338,26.654 C524.393,26.244 525.979,25.756 528.898,25.623 C532.057,25.479 533.004,25.448 541,25.448 C548.997,25.448 549.943,25.479 553.102,25.623 C556.021,25.756 557.607,26.244 558.662,26.654 C560.06,27.196 561.058,27.846 562.106,28.894 C563.154,29.942 563.803,30.938 564.346,32.338 C564.756,33.391 565.244,34.978 565.378,37.899 C565.522,41.056 565.552,42.003 565.552,50 C565.552,57.996 565.522,58.943 565.378,62.101 M570.82,37.631 C570.674,34.438 570.167,32.258 569.425,30.349 C568.659,28.377 567.633,26.702 565.965,25.035 C564.297,23.368 562.623,22.342 560.652,21.575 C558.743,20.834 556.562,20.326 553.369,20.18 C550.169,20.033 549.148,20 541,20 C532.853,20 531.831,20.033 528.631,20.18 C525.438,20.326 523.257,20.834 521.349,21.575 C519.376,22.342 517.703,23.368 516.035,25.035 C514.368,26.702 513.342,28.377 512.574,30.349 C511.834,32.258 511.326,34.438 511.181,37.631 C511.035,40.831 511,41.851 511,50 C511,58.147 511.035,59.17 511.181,62.369 C511.326,65.562 511.834,67.743 512.574,69.651 C513.342,71.625 514.368,73.296 516.035,74.965 C517.703,76.634 519.376,77.658 521.349,78.425 C523.257,79.167 525.438,79.673 528.631,79.82 C531.831,79.965 532.853,80.001 541,80.001 C549.148,80.001 550.169,79.965 553.369,79.82 C556.562,79.673 558.743,79.167 560.652,78.425 C562.623,77.658 564.297,76.634 565.965,74.965 C567.633,73.296 568.659,71.625 569.425,69.651 C570.167,67.743 570.674,65.562 570.82,62.369 C570.966,59.17 571,58.147 571,50 C571,41.851 570.966,40.831 570.82,37.631\"><\/path><\/g><\/g><\/g><\/svg><\/div><div style=\"padding-top: 8px;\"> <div style=\" color:#3897f0; font-family:Arial,sans-serif; font-size:14px; font-style:normal; font-weight:550; line-height:18px;\">Ver essa foto no Instagram<\/div><\/div><div style=\"padding: 12.5% 0;\"><\/div> <div style=\"display: flex; flex-direction: row; margin-bottom: 14px; align-items: center;\"><div> <div style=\"background-color: #F4F4F4; border-radius: 50%; height: 12.5px; width: 12.5px; transform: translateX(0px) translateY(7px);\"><\/div> <div style=\"background-color: #F4F4F4; height: 12.5px; transform: rotate(-45deg) translateX(3px) translateY(1px); width: 12.5px; flex-grow: 0; margin-right: 14px; margin-left: 2px;\"><\/div> <div style=\"background-color: #F4F4F4; border-radius: 50%; height: 12.5px; width: 12.5px; transform: translateX(9px) translateY(-18px);\"><\/div><\/div><div style=\"margin-left: 8px;\"> <div style=\" background-color: #F4F4F4; border-radius: 50%; flex-grow: 0; height: 20px; width: 20px;\"><\/div> <div style=\" width: 0; height: 0; border-top: 2px solid transparent; border-left: 6px solid #f4f4f4; border-bottom: 2px solid transparent; transform: translateX(16px) translateY(-4px) rotate(30deg)\"><\/div><\/div><div style=\"margin-left: auto;\"> <div style=\" width: 0px; border-top: 8px solid #F4F4F4; border-right: 8px solid transparent; transform: translateY(16px);\"><\/div> <div style=\" background-color: #F4F4F4; flex-grow: 0; height: 12px; width: 16px; transform: translateY(-4px);\"><\/div> <div style=\" width: 0; height: 0; border-top: 8px solid #F4F4F4; border-left: 8px solid transparent; transform: translateY(-4px) translateX(8px);\"><\/div><\/div><\/div> <div style=\"display: flex; flex-direction: column; flex-grow: 1; justify-content: center; margin-bottom: 24px;\"> <div style=\" background-color: #F4F4F4; border-radius: 4px; flex-grow: 0; height: 14px; margin-bottom: 6px; width: 224px;\"><\/div> <div style=\" background-color: #F4F4F4; border-radius: 4px; flex-grow: 0; height: 14px; width: 144px;\"><\/div><\/div><\/a><p style=\" color:#c9c8cd; font-family:Arial,sans-serif; font-size:14px; line-height:17px; margin-bottom:0; margin-top:8px; overflow:hidden; padding:8px 0 7px; text-align:center; text-overflow:ellipsis; white-space:nowrap;\"><a href=\"https:\/\/www.instagram.com\/p\/CkEPfmgp9TD\/?utm_source=ig_embed&amp;utm_campaign=loading\" style=\" color:#c9c8cd; font-family:Arial,sans-serif; font-size:14px; font-style:normal; font-weight:normal; line-height:17px; text-decoration:none;\" target=\"_blank\" rel=\"noopener\">Uma publica\u00e7\u00e3o compartilhada por Carlinhos Maia\ud83c\udf3b (@carlinhosmaiaof)<\/a><\/p><\/div><\/blockquote> <script async=\"\" src=\"\/\/www.instagram.com\/embed.js\"><\/script>\n\n\n\n<p>Com informa\u00e7\u00f5es do GShow<\/p>\n","protected":false},"excerpt":{"rendered":"<p>Chegou ao fim o relacionamento de Carlinhos Maia e Lucas Guimar\u00e3es. O t\u00e9rmino foi confirmado pelo pr\u00f3prio humorista, que usou suas redes sociais para falar com carinho do agora ex-marido, com quem estava casado desde 2019 e junto h\u00e1 quase 13 anos. &#8220;Em respeito a todos que torcem e emanam amor todo esse tempo para [&hellip;]<\/p>\n","protected":false},"author":2,"featured_media":5323,"comment_status":"open","ping_status":"open","sticky":false,"template":"","format":"standard","meta":{"_monsterinsights_skip_tracking":false,"_monsterinsights_sitenote_active":false,"_monsterinsights_sitenote_note":"","_monsterinsights_sitenote_category":0,"footnotes":""},"categories":[47,35],"tags":[165,287,286],"yoast_head":"<!-- This site is optimized with the Yoast SEO plugin v22.9 - https:\/\/yoast.com\/wordpress\/plugins\/seo\/ -->\n<title>Em rede social, Carlinhos Maia e Lucas Guimar\u00e3es anunciam fim do casamento - Portal MF<\/title>\n<meta name=\"robots\" content=\"index, follow, max-snippet:-1, max-image-preview:large, max-video-preview:-1\" \/>\n<link rel=\"canonical\" href=\"https:\/\/portalmf.com.br\/index.php\/2022\/10\/23\/em-rede-social-carlinhos-maia-e-lucas-guimaraes-anunciam-fim-do-casamento\/\" \/>\n<meta property=\"og:locale\" content=\"pt_BR\" \/>\n<meta property=\"og:type\" content=\"article\" \/>\n<meta property=\"og:title\" content=\"Em rede social, Carlinhos Maia e Lucas Guimar\u00e3es anunciam fim do casamento - Portal MF\" \/>\n<meta property=\"og:description\" content=\"Chegou ao fim o relacionamento de Carlinhos Maia e Lucas Guimar\u00e3es. O t\u00e9rmino foi confirmado pelo pr\u00f3prio humorista, que usou suas redes sociais para falar com carinho do agora ex-marido, com quem estava casado desde 2019 e junto h\u00e1 quase 13 anos. &#8220;Em respeito a todos que torcem e emanam amor todo esse tempo para [&hellip;]\" \/>\n<meta property=\"og:url\" content=\"https:\/\/portalmf.com.br\/index.php\/2022\/10\/23\/em-rede-social-carlinhos-maia-e-lucas-guimaraes-anunciam-fim-do-casamento\/\" \/>\n<meta property=\"og:site_name\" content=\"Portal MF\" \/>\n<meta property=\"article:author\" content=\"reginaldojrfsa\" \/>\n<meta property=\"article:published_time\" content=\"2022-10-23T19:09:29+00:00\" \/>\n<meta property=\"article:modified_time\" content=\"2022-10-23T19:12:26+00:00\" \/>\n<meta property=\"og:image\" content=\"https:\/\/portalmf.com.br\/wp-content\/uploads\/2022\/10\/IMG_20221023_160708.jpg\" \/>\n\t<meta property=\"og:image:width\" content=\"1080\" \/>\n\t<meta property=\"og:image:height\" content=\"660\" \/>\n\t<meta property=\"og:image:type\" content=\"image\/jpeg\" \/>\n<meta name=\"author\" content=\"Reginaldo J\u00fanior\" \/>\n<meta name=\"twitter:card\" content=\"summary_large_image\" \/>\n<meta name=\"twitter:creator\" content=\"@reginaldojrmf\" \/>\n<meta name=\"twitter:label1\" content=\"Escrito por\" \/>\n\t<meta name=\"twitter:data1\" content=\"Reginaldo J\u00fanior\" \/>\n\t<meta name=\"twitter:label2\" content=\"Est. tempo de leitura\" \/>\n\t<meta name=\"twitter:data2\" content=\"2 minutos\" \/>\n<script type=\"application\/ld+json\" class=\"yoast-schema-graph\">{\"@context\":\"https:\/\/schema.org\",\"@graph\":[{\"@type\":\"WebPage\",\"@id\":\"https:\/\/portalmf.com.br\/index.php\/2022\/10\/23\/em-rede-social-carlinhos-maia-e-lucas-guimaraes-anunciam-fim-do-casamento\/\",\"url\":\"https:\/\/portalmf.com.br\/index.php\/2022\/10\/23\/em-rede-social-carlinhos-maia-e-lucas-guimaraes-anunciam-fim-do-casamento\/\",\"name\":\"Em rede social, Carlinhos Maia e Lucas Guimar\u00e3es anunciam fim do casamento - Portal MF\",\"isPartOf\":{\"@id\":\"https:\/\/portalmf.com.br\/#website\"},\"primaryImageOfPage\":{\"@id\":\"https:\/\/portalmf.com.br\/index.php\/2022\/10\/23\/em-rede-social-carlinhos-maia-e-lucas-guimaraes-anunciam-fim-do-casamento\/#primaryimage\"},\"image\":{\"@id\":\"https:\/\/portalmf.com.br\/index.php\/2022\/10\/23\/em-rede-social-carlinhos-maia-e-lucas-guimaraes-anunciam-fim-do-casamento\/#primaryimage\"},\"thumbnailUrl\":\"https:\/\/portalmf.com.br\/wp-content\/uploads\/2022\/10\/IMG_20221023_160708.jpg\",\"datePublished\":\"2022-10-23T19:09:29+00:00\",\"dateModified\":\"2022-10-23T19:12:26+00:00\",\"author\":{\"@id\":\"https:\/\/portalmf.com.br\/#\/schema\/person\/11c82086fe8abc05a19147e964587285\"},\"breadcrumb\":{\"@id\":\"https:\/\/portalmf.com.br\/index.php\/2022\/10\/23\/em-rede-social-carlinhos-maia-e-lucas-guimaraes-anunciam-fim-do-casamento\/#breadcrumb\"},\"inLanguage\":\"pt-BR\",\"potentialAction\":[{\"@type\":\"ReadAction\",\"target\":[\"https:\/\/portalmf.com.br\/index.php\/2022\/10\/23\/em-rede-social-carlinhos-maia-e-lucas-guimaraes-anunciam-fim-do-casamento\/\"]}]},{\"@type\":\"ImageObject\",\"inLanguage\":\"pt-BR\",\"@id\":\"https:\/\/portalmf.com.br\/index.php\/2022\/10\/23\/em-rede-social-carlinhos-maia-e-lucas-guimaraes-anunciam-fim-do-casamento\/#primaryimage\",\"url\":\"https:\/\/portalmf.com.br\/wp-content\/uploads\/2022\/10\/IMG_20221023_160708.jpg\",\"contentUrl\":\"https:\/\/portalmf.com.br\/wp-content\/uploads\/2022\/10\/IMG_20221023_160708.jpg\",\"width\":1080,\"height\":660},{\"@type\":\"BreadcrumbList\",\"@id\":\"https:\/\/portalmf.com.br\/index.php\/2022\/10\/23\/em-rede-social-carlinhos-maia-e-lucas-guimaraes-anunciam-fim-do-casamento\/#breadcrumb\",\"itemListElement\":[{\"@type\":\"ListItem\",\"position\":1,\"name\":\"In\u00edcio\",\"item\":\"https:\/\/portalmf.com.br\/\"},{\"@type\":\"ListItem\",\"position\":2,\"name\":\"Em rede social, Carlinhos Maia e Lucas Guimar\u00e3es anunciam fim do casamento\"}]},{\"@type\":\"WebSite\",\"@id\":\"https:\/\/portalmf.com.br\/#website\",\"url\":\"https:\/\/portalmf.com.br\/\",\"name\":\"Portal MF\",\"description\":\"Voc\u00ea conectado com a informa\u00e7\u00e3o\",\"potentialAction\":[{\"@type\":\"SearchAction\",\"target\":{\"@type\":\"EntryPoint\",\"urlTemplate\":\"https:\/\/portalmf.com.br\/?s={search_term_string}\"},\"query-input\":\"required name=search_term_string\"}],\"inLanguage\":\"pt-BR\"},{\"@type\":\"Person\",\"@id\":\"https:\/\/portalmf.com.br\/#\/schema\/person\/11c82086fe8abc05a19147e964587285\",\"name\":\"Reginaldo J\u00fanior\",\"image\":{\"@type\":\"ImageObject\",\"inLanguage\":\"pt-BR\",\"@id\":\"https:\/\/portalmf.com.br\/#\/schema\/person\/image\/\",\"url\":\"https:\/\/secure.gravatar.com\/avatar\/32a3c797cd0ac47cc53b8644c62776f9?s=96&d=mm&r=g\",\"contentUrl\":\"https:\/\/secure.gravatar.com\/avatar\/32a3c797cd0ac47cc53b8644c62776f9?s=96&d=mm&r=g\",\"caption\":\"Reginaldo J\u00fanior\"},\"description\":\"Jornalista e idealizador Portal MF\",\"sameAs\":[\"https:\/\/portalmf.com.br\/index.php\/author\/reginaldojr\/\",\"reginaldojrfsa\",\"reginaldojuniormf\",\"https:\/\/x.com\/reginaldojrmf\"],\"url\":\"https:\/\/portalmf.com.br\/index.php\/author\/reginaldojr\/\"}]}<\/script>\n<!-- \/ Yoast SEO plugin. -->","yoast_head_json":{"title":"Em rede social, Carlinhos Maia e Lucas Guimar\u00e3es anunciam fim do casamento - Portal MF","robots":{"index":"index","follow":"follow","max-snippet":"max-snippet:-1","max-image-preview":"max-image-preview:large","max-video-preview":"max-video-preview:-1"},"canonical":"https:\/\/portalmf.com.br\/index.php\/2022\/10\/23\/em-rede-social-carlinhos-maia-e-lucas-guimaraes-anunciam-fim-do-casamento\/","og_locale":"pt_BR","og_type":"article","og_title":"Em rede social, Carlinhos Maia e Lucas Guimar\u00e3es anunciam fim do casamento - Portal MF","og_description":"Chegou ao fim o relacionamento de Carlinhos Maia e Lucas Guimar\u00e3es. O t\u00e9rmino foi confirmado pelo pr\u00f3prio humorista, que usou suas redes sociais para falar com carinho do agora ex-marido, com quem estava casado desde 2019 e junto h\u00e1 quase 13 anos. &#8220;Em respeito a todos que torcem e emanam amor todo esse tempo para [&hellip;]","og_url":"https:\/\/portalmf.com.br\/index.php\/2022\/10\/23\/em-rede-social-carlinhos-maia-e-lucas-guimaraes-anunciam-fim-do-casamento\/","og_site_name":"Portal MF","article_author":"reginaldojrfsa","article_published_time":"2022-10-23T19:09:29+00:00","article_modified_time":"2022-10-23T19:12:26+00:00","og_image":[{"width":1080,"height":660,"url":"https:\/\/portalmf.com.br\/wp-content\/uploads\/2022\/10\/IMG_20221023_160708.jpg","type":"image\/jpeg"}],"author":"Reginaldo J\u00fanior","twitter_card":"summary_large_image","twitter_creator":"@reginaldojrmf","twitter_misc":{"Escrito por":"Reginaldo J\u00fanior","Est. tempo de leitura":"2 minutos"},"schema":{"@context":"https:\/\/schema.org","@graph":[{"@type":"WebPage","@id":"https:\/\/portalmf.com.br\/index.php\/2022\/10\/23\/em-rede-social-carlinhos-maia-e-lucas-guimaraes-anunciam-fim-do-casamento\/","url":"https:\/\/portalmf.com.br\/index.php\/2022\/10\/23\/em-rede-social-carlinhos-maia-e-lucas-guimaraes-anunciam-fim-do-casamento\/","name":"Em rede social, Carlinhos Maia e Lucas Guimar\u00e3es anunciam fim do casamento - Portal MF","isPartOf":{"@id":"https:\/\/portalmf.com.br\/#website"},"primaryImageOfPage":{"@id":"https:\/\/portalmf.com.br\/index.php\/2022\/10\/23\/em-rede-social-carlinhos-maia-e-lucas-guimaraes-anunciam-fim-do-casamento\/#primaryimage"},"image":{"@id":"https:\/\/portalmf.com.br\/index.php\/2022\/10\/23\/em-rede-social-carlinhos-maia-e-lucas-guimaraes-anunciam-fim-do-casamento\/#primaryimage"},"thumbnailUrl":"https:\/\/portalmf.com.br\/wp-content\/uploads\/2022\/10\/IMG_20221023_160708.jpg","datePublished":"2022-10-23T19:09:29+00:00","dateModified":"2022-10-23T19:12:26+00:00","author":{"@id":"https:\/\/portalmf.com.br\/#\/schema\/person\/11c82086fe8abc05a19147e964587285"},"breadcrumb":{"@id":"https:\/\/portalmf.com.br\/index.php\/2022\/10\/23\/em-rede-social-carlinhos-maia-e-lucas-guimaraes-anunciam-fim-do-casamento\/#breadcrumb"},"inLanguage":"pt-BR","potentialAction":[{"@type":"ReadAction","target":["https:\/\/portalmf.com.br\/index.php\/2022\/10\/23\/em-rede-social-carlinhos-maia-e-lucas-guimaraes-anunciam-fim-do-casamento\/"]}]},{"@type":"ImageObject","inLanguage":"pt-BR","@id":"https:\/\/portalmf.com.br\/index.php\/2022\/10\/23\/em-rede-social-carlinhos-maia-e-lucas-guimaraes-anunciam-fim-do-casamento\/#primaryimage","url":"https:\/\/portalmf.com.br\/wp-content\/uploads\/2022\/10\/IMG_20221023_160708.jpg","contentUrl":"https:\/\/portalmf.com.br\/wp-content\/uploads\/2022\/10\/IMG_20221023_160708.jpg","width":1080,"height":660},{"@type":"BreadcrumbList","@id":"https:\/\/portalmf.com.br\/index.php\/2022\/10\/23\/em-rede-social-carlinhos-maia-e-lucas-guimaraes-anunciam-fim-do-casamento\/#breadcrumb","itemListElement":[{"@type":"ListItem","position":1,"name":"In\u00edcio","item":"https:\/\/portalmf.com.br\/"},{"@type":"ListItem","position":2,"name":"Em rede social, Carlinhos Maia e Lucas Guimar\u00e3es anunciam fim do casamento"}]},{"@type":"WebSite","@id":"https:\/\/portalmf.com.br\/#website","url":"https:\/\/portalmf.com.br\/","name":"Portal MF","description":"Voc\u00ea conectado com a informa\u00e7\u00e3o","potentialAction":[{"@type":"SearchAction","target":{"@type":"EntryPoint","urlTemplate":"https:\/\/portalmf.com.br\/?s={search_term_string}"},"query-input":"required name=search_term_string"}],"inLanguage":"pt-BR"},{"@type":"Person","@id":"https:\/\/portalmf.com.br\/#\/schema\/person\/11c82086fe8abc05a19147e964587285","name":"Reginaldo J\u00fanior","image":{"@type":"ImageObject","inLanguage":"pt-BR","@id":"https:\/\/portalmf.com.br\/#\/schema\/person\/image\/","url":"https:\/\/secure.gravatar.com\/avatar\/32a3c797cd0ac47cc53b8644c62776f9?s=96&d=mm&r=g","contentUrl":"https:\/\/secure.gravatar.com\/avatar\/32a3c797cd0ac47cc53b8644c62776f9?s=96&d=mm&r=g","caption":"Reginaldo J\u00fanior"},"description":"Jornalista e idealizador Portal MF","sameAs":["https:\/\/portalmf.com.br\/index.php\/author\/reginaldojr\/","reginaldojrfsa","reginaldojuniormf","https:\/\/x.com\/reginaldojrmf"],"url":"https:\/\/portalmf.com.br\/index.php\/author\/reginaldojr\/"}]}},"_links":{"self":[{"href":"https:\/\/portalmf.com.br\/index.php\/wp-json\/wp\/v2\/posts\/5322"}],"collection":[{"href":"https:\/\/portalmf.com.br\/index.php\/wp-json\/wp\/v2\/posts"}],"about":[{"href":"https:\/\/portalmf.com.br\/index.php\/wp-json\/wp\/v2\/types\/post"}],"author":[{"embeddable":true,"href":"https:\/\/portalmf.com.br\/index.php\/wp-json\/wp\/v2\/users\/2"}],"replies":[{"embeddable":true,"href":"https:\/\/portalmf.com.br\/index.php\/wp-json\/wp\/v2\/comments?post=5322"}],"version-history":[{"count":3,"href":"https:\/\/portalmf.com.br\/index.php\/wp-json\/wp\/v2\/posts\/5322\/revisions"}],"predecessor-version":[{"id":5327,"href":"https:\/\/portalmf.com.br\/index.php\/wp-json\/wp\/v2\/posts\/5322\/revisions\/5327"}],"wp:featuredmedia":[{"embeddable":true,"href":"https:\/\/portalmf.com.br\/index.php\/wp-json\/wp\/v2\/media\/5323"}],"wp:attachment":[{"href":"https:\/\/portalmf.com.br\/index.php\/wp-json\/wp\/v2\/media?parent=5322"}],"wp:term":[{"taxonomy":"category","embeddable":true,"href":"https:\/\/portalmf.com.br\/index.php\/wp-json\/wp\/v2\/categories?post=5322"},{"taxonomy":"post_tag","embeddable":true,"href":"https:\/\/portalmf.com.br\/index.php\/wp-json\/wp\/v2\/tags?post=5322"}],"curies":[{"name":"wp","href":"https:\/\/api.w.org\/{rel}","templated":true}]}}