{"id":5293,"date":"2022-10-21T16:53:40","date_gmt":"2022-10-21T19:53:40","guid":{"rendered":"http:\/\/portalmf.com.br\/?p=5293"},"modified":"2022-10-21T16:53:40","modified_gmt":"2022-10-21T19:53:40","slug":"ipec-na-bahia-no-segundo-turno-jeronimo-tem-48-acm-neto-44","status":"publish","type":"post","link":"https:\/\/portalmf.com.br\/index.php\/2022\/10\/21\/ipec-na-bahia-no-segundo-turno-jeronimo-tem-48-acm-neto-44\/","title":{"rendered":"Ipec na Bahia: no segundo turno, Jer\u00f4nimo tem 48%; ACM Neto, 44%"},"content":{"rendered":"\n<p>Pesquisa do Ipec (antigo Ibope), contratada pela TV Bahia e divulgada nesta sexta-feira (21), indica os \u00edndices de inten\u00e7\u00e3o de votos para governador da Bahia.<\/p>\n\n\n\n<p>O candidato do PT, Jer\u00f4nimo, tem 48%, e o candidato do Uni\u00e3o Brasil, ACM Neto, 44%. Dessa forma, eles est\u00e3o tecnicamente empatados por conta da margem de erro de tr\u00eas pontos percentuais.<\/p>\n\n\n\n<p>Foi registrado 5% o \u00edndice de eleitores que pretendem votar em branco ou anular o voto, enquanto 3% est\u00e3o indecisos.<\/p>\n\n\n\n<p>Entre os eleitores da Bahia,&nbsp;89% garantem que a decis\u00e3o do voto \u00e9 definitiva, e 11% indicam que ainda podem mudar de candidato at\u00e9 o dia da elei\u00e7\u00e3o. Um porcento n\u00e3o sabe ou n\u00e3o respondeu. Por conta dos arredondamentos no c\u00e1lculo, a soma do percentual \u00e9 superior a 100%<\/p>\n\n\n\n<p>Na pergunta espont\u00e2nea de inten\u00e7\u00e3o de voto, aquela em que os nomes dos candidatos n\u00e3o s\u00e3o apresentados para os entrevistados, 13% n\u00e3o sabem apontar espontaneamente em quem votariam e os que declararam espontaneamente que pretendem votar em branco ou nulo s\u00e3o 6%.<\/p>\n\n\n\n<p>De acordo com o Ipec, essa propor\u00e7\u00e3o de eleitores pode trazer movimenta\u00e7\u00f5es de \u00faltima hora.<\/p>\n\n\n\n<p>O Ipec mensurou tamb\u00e9m a expectativa de vit\u00f3ria, independentemente da inten\u00e7\u00e3o de voto, e 52% acham que Jer\u00f4nimo ser\u00e1 o pr\u00f3ximo governador da Bahia. Enquanto 36% acreditam que ACM Neto ser\u00e1 o vencedor do pleito, e outros doze porcento n\u00e3o sabem ou preferem n\u00e3o opinar.<\/p>\n\n\n\n<p>A pesquisa ouviu 1.504 pessoas, entre os dias 18 e 20 de outubro, em 74 munic\u00edpios de todas as regi\u00f5es do pa\u00eds. A margem de erro \u00e9 de tr\u00eas pontos percentuais para mais ou para menos, com 95% de n\u00edvel de confian\u00e7a. O levantamento foi registrado no Tribunal Superior Eleitoral (TSE) sob o n\u00famero BA-07302\/2022 e BR-05874\/2022.<\/p>\n\n\n\n<p><strong>Votos totais<\/strong><\/p>\n\n\n\n<p>Resposta estimulada e \u00fanica, em % de votos totais e com base na pergunta: se o segundo turno da elei\u00e7\u00e3o para governador da Bahia fosse hoje e os candidatos fossem estes, em quem o(a) sr(a) votaria?<\/p>\n\n\n\n<ul><li><strong>Jer\u00f4nimo: 48%<\/strong><\/li><li><strong>ACM NETO<\/strong>&nbsp;(<strong>Uni\u00e3o Brasil<\/strong>):&nbsp;<strong>44%<\/strong><\/li><li><strong>Branco e nulos: 5%<\/strong><\/li><li><strong>N\u00e3o sabe ou n\u00e3o responderam: 3%<\/strong><\/li><\/ul>\n\n\n\n<p><strong>Votos v\u00e1lidos<\/strong><\/p>\n\n\n\n<p>Considerando os votos v\u00e1lidos, quando s\u00e3o exclu\u00eddos os votos nulos e brancos, Jer\u00f4nimo tem 52% e ACM Neto, 48%. O procedimento \u00e9 o mesmo utilizado pela Justi\u00e7a Eleitoral para divulgar o resultado oficial da elei\u00e7\u00e3o.<\/p>\n\n\n\n<p><strong>Resposta estimulada e \u00fanica, em % de votos v\u00e1lidos:<\/strong><\/p>\n\n\n\n<ul><li><strong>Jer\u00f4nimo: 52%<\/strong><\/li><li><strong>ACM Neto: 48%<\/strong><\/li><\/ul>\n\n\n\n<p>Com informa\u00e7\u00f5es do G1 Bahia<\/p>\n","protected":false},"excerpt":{"rendered":"<p>Pesquisa do Ipec (antigo Ibope), contratada pela TV Bahia e divulgada nesta sexta-feira (21), indica os \u00edndices de inten\u00e7\u00e3o de votos para governador da Bahia. O candidato do PT, Jer\u00f4nimo, tem 48%, e o candidato do Uni\u00e3o Brasil, ACM Neto, 44%. Dessa forma, eles est\u00e3o tecnicamente empatados por conta da margem de erro de tr\u00eas [&hellip;]<\/p>\n","protected":false},"author":2,"featured_media":5250,"comment_status":"open","ping_status":"open","sticky":false,"template":"","format":"standard","meta":{"_monsterinsights_skip_tracking":false,"_monsterinsights_sitenote_active":false,"_monsterinsights_sitenote_note":"","_monsterinsights_sitenote_category":0,"footnotes":""},"categories":[34],"tags":[69,66,67,73,70,80],"yoast_head":"<!-- This site is optimized with the Yoast SEO plugin v22.9 - https:\/\/yoast.com\/wordpress\/plugins\/seo\/ -->\n<title>Ipec na Bahia: no segundo turno, Jer\u00f4nimo tem 48%; ACM Neto, 44% - Portal MF<\/title>\n<meta name=\"robots\" content=\"index, follow, max-snippet:-1, max-image-preview:large, max-video-preview:-1\" \/>\n<link rel=\"canonical\" href=\"https:\/\/portalmf.com.br\/index.php\/2022\/10\/21\/ipec-na-bahia-no-segundo-turno-jeronimo-tem-48-acm-neto-44\/\" \/>\n<meta property=\"og:locale\" content=\"pt_BR\" \/>\n<meta property=\"og:type\" content=\"article\" \/>\n<meta property=\"og:title\" content=\"Ipec na Bahia: no segundo turno, Jer\u00f4nimo tem 48%; ACM Neto, 44% - Portal MF\" \/>\n<meta property=\"og:description\" content=\"Pesquisa do Ipec (antigo Ibope), contratada pela TV Bahia e divulgada nesta sexta-feira (21), indica os \u00edndices de inten\u00e7\u00e3o de votos para governador da Bahia. O candidato do PT, Jer\u00f4nimo, tem 48%, e o candidato do Uni\u00e3o Brasil, ACM Neto, 44%. Dessa forma, eles est\u00e3o tecnicamente empatados por conta da margem de erro de tr\u00eas [&hellip;]\" \/>\n<meta property=\"og:url\" content=\"https:\/\/portalmf.com.br\/index.php\/2022\/10\/21\/ipec-na-bahia-no-segundo-turno-jeronimo-tem-48-acm-neto-44\/\" \/>\n<meta property=\"og:site_name\" content=\"Portal MF\" \/>\n<meta property=\"article:author\" content=\"reginaldojrfsa\" \/>\n<meta property=\"article:published_time\" content=\"2022-10-21T19:53:40+00:00\" \/>\n<meta property=\"og:image\" content=\"https:\/\/portalmf.com.br\/wp-content\/uploads\/2022\/10\/Jeronimo_acm_neto.jpg\" \/>\n\t<meta property=\"og:image:width\" content=\"700\" \/>\n\t<meta property=\"og:image:height\" content=\"400\" \/>\n\t<meta property=\"og:image:type\" content=\"image\/jpeg\" \/>\n<meta name=\"author\" content=\"Reginaldo J\u00fanior\" \/>\n<meta name=\"twitter:card\" content=\"summary_large_image\" \/>\n<meta name=\"twitter:creator\" content=\"@reginaldojrmf\" \/>\n<meta name=\"twitter:label1\" content=\"Escrito por\" \/>\n\t<meta name=\"twitter:data1\" content=\"Reginaldo J\u00fanior\" \/>\n\t<meta name=\"twitter:label2\" content=\"Est. tempo de leitura\" \/>\n\t<meta name=\"twitter:data2\" content=\"3 minutos\" \/>\n<script type=\"application\/ld+json\" class=\"yoast-schema-graph\">{\"@context\":\"https:\/\/schema.org\",\"@graph\":[{\"@type\":\"WebPage\",\"@id\":\"https:\/\/portalmf.com.br\/index.php\/2022\/10\/21\/ipec-na-bahia-no-segundo-turno-jeronimo-tem-48-acm-neto-44\/\",\"url\":\"https:\/\/portalmf.com.br\/index.php\/2022\/10\/21\/ipec-na-bahia-no-segundo-turno-jeronimo-tem-48-acm-neto-44\/\",\"name\":\"Ipec na Bahia: no segundo turno, Jer\u00f4nimo tem 48%; ACM Neto, 44% - Portal MF\",\"isPartOf\":{\"@id\":\"https:\/\/portalmf.com.br\/#website\"},\"primaryImageOfPage\":{\"@id\":\"https:\/\/portalmf.com.br\/index.php\/2022\/10\/21\/ipec-na-bahia-no-segundo-turno-jeronimo-tem-48-acm-neto-44\/#primaryimage\"},\"image\":{\"@id\":\"https:\/\/portalmf.com.br\/index.php\/2022\/10\/21\/ipec-na-bahia-no-segundo-turno-jeronimo-tem-48-acm-neto-44\/#primaryimage\"},\"thumbnailUrl\":\"https:\/\/portalmf.com.br\/wp-content\/uploads\/2022\/10\/Jeronimo_acm_neto.jpg\",\"datePublished\":\"2022-10-21T19:53:40+00:00\",\"dateModified\":\"2022-10-21T19:53:40+00:00\",\"author\":{\"@id\":\"https:\/\/portalmf.com.br\/#\/schema\/person\/11c82086fe8abc05a19147e964587285\"},\"breadcrumb\":{\"@id\":\"https:\/\/portalmf.com.br\/index.php\/2022\/10\/21\/ipec-na-bahia-no-segundo-turno-jeronimo-tem-48-acm-neto-44\/#breadcrumb\"},\"inLanguage\":\"pt-BR\",\"potentialAction\":[{\"@type\":\"ReadAction\",\"target\":[\"https:\/\/portalmf.com.br\/index.php\/2022\/10\/21\/ipec-na-bahia-no-segundo-turno-jeronimo-tem-48-acm-neto-44\/\"]}]},{\"@type\":\"ImageObject\",\"inLanguage\":\"pt-BR\",\"@id\":\"https:\/\/portalmf.com.br\/index.php\/2022\/10\/21\/ipec-na-bahia-no-segundo-turno-jeronimo-tem-48-acm-neto-44\/#primaryimage\",\"url\":\"https:\/\/portalmf.com.br\/wp-content\/uploads\/2022\/10\/Jeronimo_acm_neto.jpg\",\"contentUrl\":\"https:\/\/portalmf.com.br\/wp-content\/uploads\/2022\/10\/Jeronimo_acm_neto.jpg\",\"width\":700,\"height\":400},{\"@type\":\"BreadcrumbList\",\"@id\":\"https:\/\/portalmf.com.br\/index.php\/2022\/10\/21\/ipec-na-bahia-no-segundo-turno-jeronimo-tem-48-acm-neto-44\/#breadcrumb\",\"itemListElement\":[{\"@type\":\"ListItem\",\"position\":1,\"name\":\"In\u00edcio\",\"item\":\"https:\/\/portalmf.com.br\/\"},{\"@type\":\"ListItem\",\"position\":2,\"name\":\"Ipec na Bahia: no segundo turno, Jer\u00f4nimo tem 48%; ACM Neto, 44%\"}]},{\"@type\":\"WebSite\",\"@id\":\"https:\/\/portalmf.com.br\/#website\",\"url\":\"https:\/\/portalmf.com.br\/\",\"name\":\"Portal MF\",\"description\":\"Voc\u00ea conectado com a informa\u00e7\u00e3o\",\"potentialAction\":[{\"@type\":\"SearchAction\",\"target\":{\"@type\":\"EntryPoint\",\"urlTemplate\":\"https:\/\/portalmf.com.br\/?s={search_term_string}\"},\"query-input\":\"required name=search_term_string\"}],\"inLanguage\":\"pt-BR\"},{\"@type\":\"Person\",\"@id\":\"https:\/\/portalmf.com.br\/#\/schema\/person\/11c82086fe8abc05a19147e964587285\",\"name\":\"Reginaldo J\u00fanior\",\"image\":{\"@type\":\"ImageObject\",\"inLanguage\":\"pt-BR\",\"@id\":\"https:\/\/portalmf.com.br\/#\/schema\/person\/image\/\",\"url\":\"https:\/\/secure.gravatar.com\/avatar\/32a3c797cd0ac47cc53b8644c62776f9?s=96&d=mm&r=g\",\"contentUrl\":\"https:\/\/secure.gravatar.com\/avatar\/32a3c797cd0ac47cc53b8644c62776f9?s=96&d=mm&r=g\",\"caption\":\"Reginaldo J\u00fanior\"},\"description\":\"Jornalista e idealizador Portal MF\",\"sameAs\":[\"https:\/\/portalmf.com.br\/index.php\/author\/reginaldojr\/\",\"reginaldojrfsa\",\"reginaldojuniormf\",\"https:\/\/x.com\/reginaldojrmf\"],\"url\":\"https:\/\/portalmf.com.br\/index.php\/author\/reginaldojr\/\"}]}<\/script>\n<!-- \/ Yoast SEO plugin. -->","yoast_head_json":{"title":"Ipec na Bahia: no segundo turno, Jer\u00f4nimo tem 48%; ACM Neto, 44% - Portal MF","robots":{"index":"index","follow":"follow","max-snippet":"max-snippet:-1","max-image-preview":"max-image-preview:large","max-video-preview":"max-video-preview:-1"},"canonical":"https:\/\/portalmf.com.br\/index.php\/2022\/10\/21\/ipec-na-bahia-no-segundo-turno-jeronimo-tem-48-acm-neto-44\/","og_locale":"pt_BR","og_type":"article","og_title":"Ipec na Bahia: no segundo turno, Jer\u00f4nimo tem 48%; ACM Neto, 44% - Portal MF","og_description":"Pesquisa do Ipec (antigo Ibope), contratada pela TV Bahia e divulgada nesta sexta-feira (21), indica os \u00edndices de inten\u00e7\u00e3o de votos para governador da Bahia. O candidato do PT, Jer\u00f4nimo, tem 48%, e o candidato do Uni\u00e3o Brasil, ACM Neto, 44%. Dessa forma, eles est\u00e3o tecnicamente empatados por conta da margem de erro de tr\u00eas [&hellip;]","og_url":"https:\/\/portalmf.com.br\/index.php\/2022\/10\/21\/ipec-na-bahia-no-segundo-turno-jeronimo-tem-48-acm-neto-44\/","og_site_name":"Portal MF","article_author":"reginaldojrfsa","article_published_time":"2022-10-21T19:53:40+00:00","og_image":[{"width":700,"height":400,"url":"https:\/\/portalmf.com.br\/wp-content\/uploads\/2022\/10\/Jeronimo_acm_neto.jpg","type":"image\/jpeg"}],"author":"Reginaldo J\u00fanior","twitter_card":"summary_large_image","twitter_creator":"@reginaldojrmf","twitter_misc":{"Escrito por":"Reginaldo J\u00fanior","Est. tempo de leitura":"3 minutos"},"schema":{"@context":"https:\/\/schema.org","@graph":[{"@type":"WebPage","@id":"https:\/\/portalmf.com.br\/index.php\/2022\/10\/21\/ipec-na-bahia-no-segundo-turno-jeronimo-tem-48-acm-neto-44\/","url":"https:\/\/portalmf.com.br\/index.php\/2022\/10\/21\/ipec-na-bahia-no-segundo-turno-jeronimo-tem-48-acm-neto-44\/","name":"Ipec na Bahia: no segundo turno, Jer\u00f4nimo tem 48%; ACM Neto, 44% - Portal MF","isPartOf":{"@id":"https:\/\/portalmf.com.br\/#website"},"primaryImageOfPage":{"@id":"https:\/\/portalmf.com.br\/index.php\/2022\/10\/21\/ipec-na-bahia-no-segundo-turno-jeronimo-tem-48-acm-neto-44\/#primaryimage"},"image":{"@id":"https:\/\/portalmf.com.br\/index.php\/2022\/10\/21\/ipec-na-bahia-no-segundo-turno-jeronimo-tem-48-acm-neto-44\/#primaryimage"},"thumbnailUrl":"https:\/\/portalmf.com.br\/wp-content\/uploads\/2022\/10\/Jeronimo_acm_neto.jpg","datePublished":"2022-10-21T19:53:40+00:00","dateModified":"2022-10-21T19:53:40+00:00","author":{"@id":"https:\/\/portalmf.com.br\/#\/schema\/person\/11c82086fe8abc05a19147e964587285"},"breadcrumb":{"@id":"https:\/\/portalmf.com.br\/index.php\/2022\/10\/21\/ipec-na-bahia-no-segundo-turno-jeronimo-tem-48-acm-neto-44\/#breadcrumb"},"inLanguage":"pt-BR","potentialAction":[{"@type":"ReadAction","target":["https:\/\/portalmf.com.br\/index.php\/2022\/10\/21\/ipec-na-bahia-no-segundo-turno-jeronimo-tem-48-acm-neto-44\/"]}]},{"@type":"ImageObject","inLanguage":"pt-BR","@id":"https:\/\/portalmf.com.br\/index.php\/2022\/10\/21\/ipec-na-bahia-no-segundo-turno-jeronimo-tem-48-acm-neto-44\/#primaryimage","url":"https:\/\/portalmf.com.br\/wp-content\/uploads\/2022\/10\/Jeronimo_acm_neto.jpg","contentUrl":"https:\/\/portalmf.com.br\/wp-content\/uploads\/2022\/10\/Jeronimo_acm_neto.jpg","width":700,"height":400},{"@type":"BreadcrumbList","@id":"https:\/\/portalmf.com.br\/index.php\/2022\/10\/21\/ipec-na-bahia-no-segundo-turno-jeronimo-tem-48-acm-neto-44\/#breadcrumb","itemListElement":[{"@type":"ListItem","position":1,"name":"In\u00edcio","item":"https:\/\/portalmf.com.br\/"},{"@type":"ListItem","position":2,"name":"Ipec na Bahia: no segundo turno, Jer\u00f4nimo tem 48%; ACM Neto, 44%"}]},{"@type":"WebSite","@id":"https:\/\/portalmf.com.br\/#website","url":"https:\/\/portalmf.com.br\/","name":"Portal MF","description":"Voc\u00ea conectado com a informa\u00e7\u00e3o","potentialAction":[{"@type":"SearchAction","target":{"@type":"EntryPoint","urlTemplate":"https:\/\/portalmf.com.br\/?s={search_term_string}"},"query-input":"required name=search_term_string"}],"inLanguage":"pt-BR"},{"@type":"Person","@id":"https:\/\/portalmf.com.br\/#\/schema\/person\/11c82086fe8abc05a19147e964587285","name":"Reginaldo J\u00fanior","image":{"@type":"ImageObject","inLanguage":"pt-BR","@id":"https:\/\/portalmf.com.br\/#\/schema\/person\/image\/","url":"https:\/\/secure.gravatar.com\/avatar\/32a3c797cd0ac47cc53b8644c62776f9?s=96&d=mm&r=g","contentUrl":"https:\/\/secure.gravatar.com\/avatar\/32a3c797cd0ac47cc53b8644c62776f9?s=96&d=mm&r=g","caption":"Reginaldo J\u00fanior"},"description":"Jornalista e idealizador Portal MF","sameAs":["https:\/\/portalmf.com.br\/index.php\/author\/reginaldojr\/","reginaldojrfsa","reginaldojuniormf","https:\/\/x.com\/reginaldojrmf"],"url":"https:\/\/portalmf.com.br\/index.php\/author\/reginaldojr\/"}]}},"_links":{"self":[{"href":"https:\/\/portalmf.com.br\/index.php\/wp-json\/wp\/v2\/posts\/5293"}],"collection":[{"href":"https:\/\/portalmf.com.br\/index.php\/wp-json\/wp\/v2\/posts"}],"about":[{"href":"https:\/\/portalmf.com.br\/index.php\/wp-json\/wp\/v2\/types\/post"}],"author":[{"embeddable":true,"href":"https:\/\/portalmf.com.br\/index.php\/wp-json\/wp\/v2\/users\/2"}],"replies":[{"embeddable":true,"href":"https:\/\/portalmf.com.br\/index.php\/wp-json\/wp\/v2\/comments?post=5293"}],"version-history":[{"count":1,"href":"https:\/\/portalmf.com.br\/index.php\/wp-json\/wp\/v2\/posts\/5293\/revisions"}],"predecessor-version":[{"id":5294,"href":"https:\/\/portalmf.com.br\/index.php\/wp-json\/wp\/v2\/posts\/5293\/revisions\/5294"}],"wp:featuredmedia":[{"embeddable":true,"href":"https:\/\/portalmf.com.br\/index.php\/wp-json\/wp\/v2\/media\/5250"}],"wp:attachment":[{"href":"https:\/\/portalmf.com.br\/index.php\/wp-json\/wp\/v2\/media?parent=5293"}],"wp:term":[{"taxonomy":"category","embeddable":true,"href":"https:\/\/portalmf.com.br\/index.php\/wp-json\/wp\/v2\/categories?post=5293"},{"taxonomy":"post_tag","embeddable":true,"href":"https:\/\/portalmf.com.br\/index.php\/wp-json\/wp\/v2\/tags?post=5293"}],"curies":[{"name":"wp","href":"https:\/\/api.w.org\/{rel}","templated":true}]}}