{"id":5264,"date":"2022-10-20T17:04:36","date_gmt":"2022-10-20T20:04:36","guid":{"rendered":"http:\/\/portalmf.com.br\/?p=5264"},"modified":"2022-10-20T17:04:38","modified_gmt":"2022-10-20T20:04:38","slug":"globais-fazem-show-de-humor-em-salvador-e-participam-do-io-festival-de-cinema-de-maracangalha","status":"publish","type":"post","link":"https:\/\/portalmf.com.br\/index.php\/2022\/10\/20\/globais-fazem-show-de-humor-em-salvador-e-participam-do-io-festival-de-cinema-de-maracangalha\/","title":{"rendered":"Globais fazem show de humor em Salvador e participam do &#8220;I\u00ba Festival de Cinema de Maracangalha&#8221;"},"content":{"rendered":"\n<p>Nesta sexta, s\u00e1bado e domingo, 21, 22 e 23 de outubro, o munic\u00edpio de S\u00e3o Sebast\u00e3o do Pass\u00e9-BA ser\u00e1 palco do &#8220;I\u00ba Festival de Cinema de Maracangalha&#8221;, uma produ\u00e7\u00e3o assinada pela Rada Comunicativa &#8211; Rada Rezed\u00e1 e T\u00e1bita Rezed\u00e1 &#8211; com um car\u00e1ter n\u00e3o competitivo, apenas exibit\u00f3rio, proporcionando ao p\u00fablico a oportunidade de conhecer e apreciar filmes dirigidos por produtores brasileiros e de outros pa\u00edses, bem como os seis filmes rodados na pr\u00f3pria Maracangalha, pelos cineastas e produtores Rada, Beto e T\u00e1bita, entre os anos de 2007 e 2019.<\/p>\n\n\n\n<p>O 1\u00ba FCM ter\u00e1 seu coquetel de lan\u00e7amento oficial para convidados no dia 21 de outubro, \u00e0s 19h,na AMAM, ao som da Lira de Maracangalha e Samba de Maracangalha com a presen\u00e7a dos artistas Marcos Wainberg, o &#8216;Cara Crach\u00e1&#8217; do saudoso &#8220;Zorra Total&#8221; (Globo) que dirigiu o filme &#8220;Maracangalha, Eu Vou!&#8221; em 2019; Anselmo Vasconcelos, que dirigiu o filme &#8220;Al\u00f4 Boys&#8221;, apresentado em festivais fora do Brasil; Celso Taddei, roteirista da Rede Globo por 20 anos e roteirista chefe do &#8220;Zorra Total&#8221;; Vivian Duarte , a bruxa &#8216;Pandora&#8217; do youtuber Luccas Neto e preparadora de elenco do canal Lucas Toon; Breno Guimar\u00e3es, o lutador de boxe &#8216;Coruja&#8217; da novela &#8220;A Dona do Peda\u00e7o&#8221; (Globo), participou do longa &#8220;Meu Nome N\u00e3o \u00e9 Johnny&#8221; e atualmente est\u00e1 na novela &#8220;Reis&#8221;, (RecordTV). Nos tr\u00eas dias de Festival ser\u00e3o exibidos 12 filmes.<\/p>\n\n\n\n<p>Em tempo: Em sua segunda edi\u00e7\u00e3o, em 2023, o Festival de Cinema de Maracangalha, diferente desse ano, ter\u00e1 um car\u00e1ter competitivo e aberto aos produtores de cinema de todo o Brasil.Ser\u00e3o exibidos 18 filmes, dentre eles um filme de um cineasta residente na Alemanha, Ricardo Eche, que soube do festival e fez quest\u00e3o de participar com seu lindo curta metragem &#8220;Lembran\u00e7as do Futuro&#8221;( Memories of Future)<\/p>\n\n\n\n<p>Dia 22, durante uma cavalgada com mais de 30 cavalos de ra\u00e7a pela Vila de Maracangalha, ser\u00e3o gravadas algumas cenas do filme &#8220;Maracangalha, Meu Amor&#8221;, curta que tem dire\u00e7\u00e3o e roteiro de Rada Rezed\u00e1 e T\u00e1bita Rezed\u00e1. No mesmo dia, Rada Rezed\u00e1, Marcos Wainberg, Vivian Duarte, Celso Taddei e Breno Guimar\u00e3es voltam \u00e0 Salvador para o &#8220;Show de Humor e PodCast Ao Vivo&#8221;, &#8211; onde o p\u00fablico interagir\u00e1 com os artistas &#8211; das 15h \u00e0s 19h, no restaurante Quintal da Mangueira, no bairro do Imbu\u00ed. Ingresso individual R$ 80 (oitenta reais) \u00e0 venda no Sympla ou no tel: 71 9 8846-8994. Do espet\u00e1culo, os artistas retornam para S\u00e3o Sebasti\u00e3o do Pass\u00e9 , para gravar mais cenas de &#8220;Maracangalha , Meu Amor&#8221; e o encerramento do Festival, no domingo, dia 23.<\/p>\n\n\n\n<p>Ainda sobre o filme Maracangalha Meu Amor \u2013 Ser\u00e1 um filme de estreias &#8211; A jovem Sofia Lima, de apenas 16 anos, far\u00e1 a sua estreia como atriz no cinema ao lado de artistas com vasta experi\u00eancia na TV e Cinema nacional; a cineasta T\u00e1bita Rezed\u00e1, que respira TV e cinema desde seus 4 aninhos, far\u00e1 sua estreia oficial no cinema como diretora; o jovem arquiteto Cassiano Rios, que \u00e9 o designer de todo o projeto (filme e festival), far\u00e1 sua estreia como ator, e Cristina Neves, moradora e professora de Maracangalha, estreando como assistente de produ\u00e7\u00e3o. \u00c9 um projeto com muitas novidades!<\/p>\n","protected":false},"excerpt":{"rendered":"<p>Nesta sexta, s\u00e1bado e domingo, 21, 22 e 23 de outubro, o munic\u00edpio de S\u00e3o Sebast\u00e3o do Pass\u00e9-BA ser\u00e1 palco do &#8220;I\u00ba Festival de Cinema de Maracangalha&#8221;, uma produ\u00e7\u00e3o assinada pela Rada Comunicativa &#8211; Rada Rezed\u00e1 e T\u00e1bita Rezed\u00e1 &#8211; com um car\u00e1ter n\u00e3o competitivo, apenas exibit\u00f3rio, proporcionando ao p\u00fablico a oportunidade de conhecer e [&hellip;]<\/p>\n","protected":false},"author":2,"featured_media":5265,"comment_status":"open","ping_status":"open","sticky":false,"template":"","format":"standard","meta":{"_monsterinsights_skip_tracking":false,"_monsterinsights_sitenote_active":false,"_monsterinsights_sitenote_note":"","_monsterinsights_sitenote_category":0,"footnotes":""},"categories":[40],"tags":[],"yoast_head":"<!-- This site is optimized with the Yoast SEO plugin v22.9 - https:\/\/yoast.com\/wordpress\/plugins\/seo\/ -->\n<title>Globais fazem show de humor em Salvador e participam do &quot;I\u00ba Festival de Cinema de Maracangalha&quot; - Portal MF<\/title>\n<meta name=\"robots\" content=\"index, follow, max-snippet:-1, max-image-preview:large, max-video-preview:-1\" \/>\n<link rel=\"canonical\" href=\"https:\/\/portalmf.com.br\/index.php\/2022\/10\/20\/globais-fazem-show-de-humor-em-salvador-e-participam-do-io-festival-de-cinema-de-maracangalha\/\" \/>\n<meta property=\"og:locale\" content=\"pt_BR\" \/>\n<meta property=\"og:type\" content=\"article\" \/>\n<meta property=\"og:title\" content=\"Globais fazem show de humor em Salvador e participam do &quot;I\u00ba Festival de Cinema de Maracangalha&quot; - Portal MF\" \/>\n<meta property=\"og:description\" content=\"Nesta sexta, s\u00e1bado e domingo, 21, 22 e 23 de outubro, o munic\u00edpio de S\u00e3o Sebast\u00e3o do Pass\u00e9-BA ser\u00e1 palco do &#8220;I\u00ba Festival de Cinema de Maracangalha&#8221;, uma produ\u00e7\u00e3o assinada pela Rada Comunicativa &#8211; Rada Rezed\u00e1 e T\u00e1bita Rezed\u00e1 &#8211; com um car\u00e1ter n\u00e3o competitivo, apenas exibit\u00f3rio, proporcionando ao p\u00fablico a oportunidade de conhecer e [&hellip;]\" \/>\n<meta property=\"og:url\" content=\"https:\/\/portalmf.com.br\/index.php\/2022\/10\/20\/globais-fazem-show-de-humor-em-salvador-e-participam-do-io-festival-de-cinema-de-maracangalha\/\" \/>\n<meta property=\"og:site_name\" content=\"Portal MF\" \/>\n<meta property=\"article:author\" content=\"reginaldojrfsa\" \/>\n<meta property=\"article:published_time\" content=\"2022-10-20T20:04:36+00:00\" \/>\n<meta property=\"article:modified_time\" content=\"2022-10-20T20:04:38+00:00\" \/>\n<meta property=\"og:image\" content=\"https:\/\/portalmf.com.br\/wp-content\/uploads\/2022\/10\/Globais-fazem-show-de-humor-em-Salvador-e-participam-do-Io-Festival-de-Cinema-de-Maracangalha.jpeg\" \/>\n\t<meta property=\"og:image:width\" content=\"1279\" \/>\n\t<meta property=\"og:image:height\" content=\"1280\" \/>\n\t<meta property=\"og:image:type\" content=\"image\/jpeg\" \/>\n<meta name=\"author\" content=\"Reginaldo J\u00fanior\" \/>\n<meta name=\"twitter:card\" content=\"summary_large_image\" \/>\n<meta name=\"twitter:creator\" content=\"@reginaldojrmf\" \/>\n<meta name=\"twitter:label1\" content=\"Escrito por\" \/>\n\t<meta name=\"twitter:data1\" content=\"Reginaldo J\u00fanior\" \/>\n\t<meta name=\"twitter:label2\" content=\"Est. tempo de leitura\" \/>\n\t<meta name=\"twitter:data2\" content=\"3 minutos\" \/>\n<script type=\"application\/ld+json\" class=\"yoast-schema-graph\">{\"@context\":\"https:\/\/schema.org\",\"@graph\":[{\"@type\":\"WebPage\",\"@id\":\"https:\/\/portalmf.com.br\/index.php\/2022\/10\/20\/globais-fazem-show-de-humor-em-salvador-e-participam-do-io-festival-de-cinema-de-maracangalha\/\",\"url\":\"https:\/\/portalmf.com.br\/index.php\/2022\/10\/20\/globais-fazem-show-de-humor-em-salvador-e-participam-do-io-festival-de-cinema-de-maracangalha\/\",\"name\":\"Globais fazem show de humor em Salvador e participam do \\\"I\u00ba Festival de Cinema de Maracangalha\\\" - Portal MF\",\"isPartOf\":{\"@id\":\"https:\/\/portalmf.com.br\/#website\"},\"primaryImageOfPage\":{\"@id\":\"https:\/\/portalmf.com.br\/index.php\/2022\/10\/20\/globais-fazem-show-de-humor-em-salvador-e-participam-do-io-festival-de-cinema-de-maracangalha\/#primaryimage\"},\"image\":{\"@id\":\"https:\/\/portalmf.com.br\/index.php\/2022\/10\/20\/globais-fazem-show-de-humor-em-salvador-e-participam-do-io-festival-de-cinema-de-maracangalha\/#primaryimage\"},\"thumbnailUrl\":\"https:\/\/portalmf.com.br\/wp-content\/uploads\/2022\/10\/Globais-fazem-show-de-humor-em-Salvador-e-participam-do-Io-Festival-de-Cinema-de-Maracangalha.jpeg\",\"datePublished\":\"2022-10-20T20:04:36+00:00\",\"dateModified\":\"2022-10-20T20:04:38+00:00\",\"author\":{\"@id\":\"https:\/\/portalmf.com.br\/#\/schema\/person\/11c82086fe8abc05a19147e964587285\"},\"breadcrumb\":{\"@id\":\"https:\/\/portalmf.com.br\/index.php\/2022\/10\/20\/globais-fazem-show-de-humor-em-salvador-e-participam-do-io-festival-de-cinema-de-maracangalha\/#breadcrumb\"},\"inLanguage\":\"pt-BR\",\"potentialAction\":[{\"@type\":\"ReadAction\",\"target\":[\"https:\/\/portalmf.com.br\/index.php\/2022\/10\/20\/globais-fazem-show-de-humor-em-salvador-e-participam-do-io-festival-de-cinema-de-maracangalha\/\"]}]},{\"@type\":\"ImageObject\",\"inLanguage\":\"pt-BR\",\"@id\":\"https:\/\/portalmf.com.br\/index.php\/2022\/10\/20\/globais-fazem-show-de-humor-em-salvador-e-participam-do-io-festival-de-cinema-de-maracangalha\/#primaryimage\",\"url\":\"https:\/\/portalmf.com.br\/wp-content\/uploads\/2022\/10\/Globais-fazem-show-de-humor-em-Salvador-e-participam-do-Io-Festival-de-Cinema-de-Maracangalha.jpeg\",\"contentUrl\":\"https:\/\/portalmf.com.br\/wp-content\/uploads\/2022\/10\/Globais-fazem-show-de-humor-em-Salvador-e-participam-do-Io-Festival-de-Cinema-de-Maracangalha.jpeg\",\"width\":1279,\"height\":1280},{\"@type\":\"BreadcrumbList\",\"@id\":\"https:\/\/portalmf.com.br\/index.php\/2022\/10\/20\/globais-fazem-show-de-humor-em-salvador-e-participam-do-io-festival-de-cinema-de-maracangalha\/#breadcrumb\",\"itemListElement\":[{\"@type\":\"ListItem\",\"position\":1,\"name\":\"In\u00edcio\",\"item\":\"https:\/\/portalmf.com.br\/\"},{\"@type\":\"ListItem\",\"position\":2,\"name\":\"Globais fazem show de humor em Salvador e participam do &#8220;I\u00ba Festival de Cinema de Maracangalha&#8221;\"}]},{\"@type\":\"WebSite\",\"@id\":\"https:\/\/portalmf.com.br\/#website\",\"url\":\"https:\/\/portalmf.com.br\/\",\"name\":\"Portal MF\",\"description\":\"Voc\u00ea conectado com a informa\u00e7\u00e3o\",\"potentialAction\":[{\"@type\":\"SearchAction\",\"target\":{\"@type\":\"EntryPoint\",\"urlTemplate\":\"https:\/\/portalmf.com.br\/?s={search_term_string}\"},\"query-input\":\"required name=search_term_string\"}],\"inLanguage\":\"pt-BR\"},{\"@type\":\"Person\",\"@id\":\"https:\/\/portalmf.com.br\/#\/schema\/person\/11c82086fe8abc05a19147e964587285\",\"name\":\"Reginaldo J\u00fanior\",\"image\":{\"@type\":\"ImageObject\",\"inLanguage\":\"pt-BR\",\"@id\":\"https:\/\/portalmf.com.br\/#\/schema\/person\/image\/\",\"url\":\"https:\/\/secure.gravatar.com\/avatar\/32a3c797cd0ac47cc53b8644c62776f9?s=96&d=mm&r=g\",\"contentUrl\":\"https:\/\/secure.gravatar.com\/avatar\/32a3c797cd0ac47cc53b8644c62776f9?s=96&d=mm&r=g\",\"caption\":\"Reginaldo J\u00fanior\"},\"description\":\"Jornalista e idealizador Portal MF\",\"sameAs\":[\"https:\/\/portalmf.com.br\/index.php\/author\/reginaldojr\/\",\"reginaldojrfsa\",\"reginaldojuniormf\",\"https:\/\/x.com\/reginaldojrmf\"],\"url\":\"https:\/\/portalmf.com.br\/index.php\/author\/reginaldojr\/\"}]}<\/script>\n<!-- \/ Yoast SEO plugin. -->","yoast_head_json":{"title":"Globais fazem show de humor em Salvador e participam do \"I\u00ba Festival de Cinema de Maracangalha\" - Portal MF","robots":{"index":"index","follow":"follow","max-snippet":"max-snippet:-1","max-image-preview":"max-image-preview:large","max-video-preview":"max-video-preview:-1"},"canonical":"https:\/\/portalmf.com.br\/index.php\/2022\/10\/20\/globais-fazem-show-de-humor-em-salvador-e-participam-do-io-festival-de-cinema-de-maracangalha\/","og_locale":"pt_BR","og_type":"article","og_title":"Globais fazem show de humor em Salvador e participam do \"I\u00ba Festival de Cinema de Maracangalha\" - Portal MF","og_description":"Nesta sexta, s\u00e1bado e domingo, 21, 22 e 23 de outubro, o munic\u00edpio de S\u00e3o Sebast\u00e3o do Pass\u00e9-BA ser\u00e1 palco do &#8220;I\u00ba Festival de Cinema de Maracangalha&#8221;, uma produ\u00e7\u00e3o assinada pela Rada Comunicativa &#8211; Rada Rezed\u00e1 e T\u00e1bita Rezed\u00e1 &#8211; com um car\u00e1ter n\u00e3o competitivo, apenas exibit\u00f3rio, proporcionando ao p\u00fablico a oportunidade de conhecer e [&hellip;]","og_url":"https:\/\/portalmf.com.br\/index.php\/2022\/10\/20\/globais-fazem-show-de-humor-em-salvador-e-participam-do-io-festival-de-cinema-de-maracangalha\/","og_site_name":"Portal MF","article_author":"reginaldojrfsa","article_published_time":"2022-10-20T20:04:36+00:00","article_modified_time":"2022-10-20T20:04:38+00:00","og_image":[{"width":1279,"height":1280,"url":"https:\/\/portalmf.com.br\/wp-content\/uploads\/2022\/10\/Globais-fazem-show-de-humor-em-Salvador-e-participam-do-Io-Festival-de-Cinema-de-Maracangalha.jpeg","type":"image\/jpeg"}],"author":"Reginaldo J\u00fanior","twitter_card":"summary_large_image","twitter_creator":"@reginaldojrmf","twitter_misc":{"Escrito por":"Reginaldo J\u00fanior","Est. tempo de leitura":"3 minutos"},"schema":{"@context":"https:\/\/schema.org","@graph":[{"@type":"WebPage","@id":"https:\/\/portalmf.com.br\/index.php\/2022\/10\/20\/globais-fazem-show-de-humor-em-salvador-e-participam-do-io-festival-de-cinema-de-maracangalha\/","url":"https:\/\/portalmf.com.br\/index.php\/2022\/10\/20\/globais-fazem-show-de-humor-em-salvador-e-participam-do-io-festival-de-cinema-de-maracangalha\/","name":"Globais fazem show de humor em Salvador e participam do \"I\u00ba Festival de Cinema de Maracangalha\" - Portal MF","isPartOf":{"@id":"https:\/\/portalmf.com.br\/#website"},"primaryImageOfPage":{"@id":"https:\/\/portalmf.com.br\/index.php\/2022\/10\/20\/globais-fazem-show-de-humor-em-salvador-e-participam-do-io-festival-de-cinema-de-maracangalha\/#primaryimage"},"image":{"@id":"https:\/\/portalmf.com.br\/index.php\/2022\/10\/20\/globais-fazem-show-de-humor-em-salvador-e-participam-do-io-festival-de-cinema-de-maracangalha\/#primaryimage"},"thumbnailUrl":"https:\/\/portalmf.com.br\/wp-content\/uploads\/2022\/10\/Globais-fazem-show-de-humor-em-Salvador-e-participam-do-Io-Festival-de-Cinema-de-Maracangalha.jpeg","datePublished":"2022-10-20T20:04:36+00:00","dateModified":"2022-10-20T20:04:38+00:00","author":{"@id":"https:\/\/portalmf.com.br\/#\/schema\/person\/11c82086fe8abc05a19147e964587285"},"breadcrumb":{"@id":"https:\/\/portalmf.com.br\/index.php\/2022\/10\/20\/globais-fazem-show-de-humor-em-salvador-e-participam-do-io-festival-de-cinema-de-maracangalha\/#breadcrumb"},"inLanguage":"pt-BR","potentialAction":[{"@type":"ReadAction","target":["https:\/\/portalmf.com.br\/index.php\/2022\/10\/20\/globais-fazem-show-de-humor-em-salvador-e-participam-do-io-festival-de-cinema-de-maracangalha\/"]}]},{"@type":"ImageObject","inLanguage":"pt-BR","@id":"https:\/\/portalmf.com.br\/index.php\/2022\/10\/20\/globais-fazem-show-de-humor-em-salvador-e-participam-do-io-festival-de-cinema-de-maracangalha\/#primaryimage","url":"https:\/\/portalmf.com.br\/wp-content\/uploads\/2022\/10\/Globais-fazem-show-de-humor-em-Salvador-e-participam-do-Io-Festival-de-Cinema-de-Maracangalha.jpeg","contentUrl":"https:\/\/portalmf.com.br\/wp-content\/uploads\/2022\/10\/Globais-fazem-show-de-humor-em-Salvador-e-participam-do-Io-Festival-de-Cinema-de-Maracangalha.jpeg","width":1279,"height":1280},{"@type":"BreadcrumbList","@id":"https:\/\/portalmf.com.br\/index.php\/2022\/10\/20\/globais-fazem-show-de-humor-em-salvador-e-participam-do-io-festival-de-cinema-de-maracangalha\/#breadcrumb","itemListElement":[{"@type":"ListItem","position":1,"name":"In\u00edcio","item":"https:\/\/portalmf.com.br\/"},{"@type":"ListItem","position":2,"name":"Globais fazem show de humor em Salvador e participam do &#8220;I\u00ba Festival de Cinema de Maracangalha&#8221;"}]},{"@type":"WebSite","@id":"https:\/\/portalmf.com.br\/#website","url":"https:\/\/portalmf.com.br\/","name":"Portal MF","description":"Voc\u00ea conectado com a informa\u00e7\u00e3o","potentialAction":[{"@type":"SearchAction","target":{"@type":"EntryPoint","urlTemplate":"https:\/\/portalmf.com.br\/?s={search_term_string}"},"query-input":"required name=search_term_string"}],"inLanguage":"pt-BR"},{"@type":"Person","@id":"https:\/\/portalmf.com.br\/#\/schema\/person\/11c82086fe8abc05a19147e964587285","name":"Reginaldo J\u00fanior","image":{"@type":"ImageObject","inLanguage":"pt-BR","@id":"https:\/\/portalmf.com.br\/#\/schema\/person\/image\/","url":"https:\/\/secure.gravatar.com\/avatar\/32a3c797cd0ac47cc53b8644c62776f9?s=96&d=mm&r=g","contentUrl":"https:\/\/secure.gravatar.com\/avatar\/32a3c797cd0ac47cc53b8644c62776f9?s=96&d=mm&r=g","caption":"Reginaldo J\u00fanior"},"description":"Jornalista e idealizador Portal MF","sameAs":["https:\/\/portalmf.com.br\/index.php\/author\/reginaldojr\/","reginaldojrfsa","reginaldojuniormf","https:\/\/x.com\/reginaldojrmf"],"url":"https:\/\/portalmf.com.br\/index.php\/author\/reginaldojr\/"}]}},"_links":{"self":[{"href":"https:\/\/portalmf.com.br\/index.php\/wp-json\/wp\/v2\/posts\/5264"}],"collection":[{"href":"https:\/\/portalmf.com.br\/index.php\/wp-json\/wp\/v2\/posts"}],"about":[{"href":"https:\/\/portalmf.com.br\/index.php\/wp-json\/wp\/v2\/types\/post"}],"author":[{"embeddable":true,"href":"https:\/\/portalmf.com.br\/index.php\/wp-json\/wp\/v2\/users\/2"}],"replies":[{"embeddable":true,"href":"https:\/\/portalmf.com.br\/index.php\/wp-json\/wp\/v2\/comments?post=5264"}],"version-history":[{"count":1,"href":"https:\/\/portalmf.com.br\/index.php\/wp-json\/wp\/v2\/posts\/5264\/revisions"}],"predecessor-version":[{"id":5266,"href":"https:\/\/portalmf.com.br\/index.php\/wp-json\/wp\/v2\/posts\/5264\/revisions\/5266"}],"wp:featuredmedia":[{"embeddable":true,"href":"https:\/\/portalmf.com.br\/index.php\/wp-json\/wp\/v2\/media\/5265"}],"wp:attachment":[{"href":"https:\/\/portalmf.com.br\/index.php\/wp-json\/wp\/v2\/media?parent=5264"}],"wp:term":[{"taxonomy":"category","embeddable":true,"href":"https:\/\/portalmf.com.br\/index.php\/wp-json\/wp\/v2\/categories?post=5264"},{"taxonomy":"post_tag","embeddable":true,"href":"https:\/\/portalmf.com.br\/index.php\/wp-json\/wp\/v2\/tags?post=5264"}],"curies":[{"name":"wp","href":"https:\/\/api.w.org\/{rel}","templated":true}]}}