{"id":5118,"date":"2022-10-13T21:44:45","date_gmt":"2022-10-14T00:44:45","guid":{"rendered":"http:\/\/portalmf.com.br\/?p=5118"},"modified":"2022-10-13T21:47:21","modified_gmt":"2022-10-14T00:47:21","slug":"show-de-gusttavo-lima-acontece-neste-domingo-em-feira-de-santana","status":"publish","type":"post","link":"https:\/\/portalmf.com.br\/index.php\/2022\/10\/13\/show-de-gusttavo-lima-acontece-neste-domingo-em-feira-de-santana\/","title":{"rendered":"Show de Gusttavo Lima acontece neste domingo em Feira de Santana"},"content":{"rendered":"\n<p>O domingo (16), pr\u00e9-feriado do Dia do Comerci\u00e1rio promete ser ainda mais especial para os feirenses. A festa Embaixador Sunset, desembarca em Feira de Santana e promete marcar a mem\u00f3ria dos f\u00e3s do fen\u00f4meno do sertanejo.<\/p>\n\n\n\n<p>O grande show ser\u00e1 no Est\u00e1dio J\u00f3ia da Princesa. Os port\u00f5es abrir\u00e3o \u00e0s 15h e a festa tem classifica\u00e7\u00e3o indicativa de 16 anos.<\/p>\n\n\n\n<p>Al\u00e9m do show do Embaixador, tamb\u00e9m se apresentar\u00e3o Xand Avi\u00e3o, Thiago Brava e Escandurras.<\/p>\n\n\n\n<p><strong>\u00c1reas divididas e pre\u00e7os variados<\/strong><\/p>\n\n\n\n<p>O Embaixador Sunset possui 4 \u00e1reas definidas (Lounge, Backstage Old Par, Embaixador e Termina Comigo Antes) e os ingressos podem ser encontrados por valores entre R$110,00 e R$800,00, com op\u00e7\u00e3o de parcelamento em at\u00e9 3x.<\/p>\n\n\n\n<p>Para garantir a presen\u00e7a na festa, a compra pode ser realizada no site BaladAPP ou nos pontos de venda f\u00edsicos: lojas DNA Estilizado, no Hotel Atmosfera, Lucidata, na Get\u00falio Vargas e Mersan Sport, no Shopping Boulevard.<\/p>\n\n\n\n<figure class=\"wp-block-embed is-type-video is-provider-youtube wp-block-embed-youtube wp-embed-aspect-16-9 wp-has-aspect-ratio\"><div class=\"wp-block-embed__wrapper\">\n<iframe title=\"Gusttavo Lima - Ex dos Meus Sonhos (Ao Vivo em Goi\u00e2nia)\" width=\"696\" height=\"392\" src=\"https:\/\/www.youtube.com\/embed\/d7NMHcIecCE?feature=oembed\" frameborder=\"0\" allow=\"accelerometer; autoplay; clipboard-write; encrypted-media; gyroscope; picture-in-picture; web-share\" allowfullscreen><\/iframe>\n<\/div><\/figure>\n","protected":false},"excerpt":{"rendered":"<p>O domingo (16), pr\u00e9-feriado do Dia do Comerci\u00e1rio promete ser ainda mais especial para os feirenses. A festa Embaixador Sunset, desembarca em Feira de Santana e promete marcar a mem\u00f3ria dos f\u00e3s do fen\u00f4meno do sertanejo. O grande show ser\u00e1 no Est\u00e1dio J\u00f3ia da Princesa. Os port\u00f5es abrir\u00e3o \u00e0s 15h e a festa tem classifica\u00e7\u00e3o [&hellip;]<\/p>\n","protected":false},"author":2,"featured_media":5119,"comment_status":"open","ping_status":"open","sticky":false,"template":"","format":"standard","meta":{"_monsterinsights_skip_tracking":false,"_monsterinsights_sitenote_active":false,"_monsterinsights_sitenote_note":"","_monsterinsights_sitenote_category":0,"footnotes":""},"categories":[47,45],"tags":[123,269,77,270],"yoast_head":"<!-- This site is optimized with the Yoast SEO plugin v22.9 - https:\/\/yoast.com\/wordpress\/plugins\/seo\/ -->\n<title>Show de Gusttavo Lima acontece neste domingo em Feira de Santana - Portal MF<\/title>\n<meta name=\"robots\" content=\"index, follow, max-snippet:-1, max-image-preview:large, max-video-preview:-1\" \/>\n<link rel=\"canonical\" href=\"https:\/\/portalmf.com.br\/index.php\/2022\/10\/13\/show-de-gusttavo-lima-acontece-neste-domingo-em-feira-de-santana\/\" \/>\n<meta property=\"og:locale\" content=\"pt_BR\" \/>\n<meta property=\"og:type\" content=\"article\" \/>\n<meta property=\"og:title\" content=\"Show de Gusttavo Lima acontece neste domingo em Feira de Santana - Portal MF\" \/>\n<meta property=\"og:description\" content=\"O domingo (16), pr\u00e9-feriado do Dia do Comerci\u00e1rio promete ser ainda mais especial para os feirenses. A festa Embaixador Sunset, desembarca em Feira de Santana e promete marcar a mem\u00f3ria dos f\u00e3s do fen\u00f4meno do sertanejo. O grande show ser\u00e1 no Est\u00e1dio J\u00f3ia da Princesa. Os port\u00f5es abrir\u00e3o \u00e0s 15h e a festa tem classifica\u00e7\u00e3o [&hellip;]\" \/>\n<meta property=\"og:url\" content=\"https:\/\/portalmf.com.br\/index.php\/2022\/10\/13\/show-de-gusttavo-lima-acontece-neste-domingo-em-feira-de-santana\/\" \/>\n<meta property=\"og:site_name\" content=\"Portal MF\" \/>\n<meta property=\"article:author\" content=\"reginaldojrfsa\" \/>\n<meta property=\"article:published_time\" content=\"2022-10-14T00:44:45+00:00\" \/>\n<meta property=\"article:modified_time\" content=\"2022-10-14T00:47:21+00:00\" \/>\n<meta property=\"og:image\" content=\"https:\/\/portalmf.com.br\/wp-content\/uploads\/2022\/10\/FB_IMG_1665708198028.jpg\" \/>\n\t<meta property=\"og:image:width\" content=\"825\" \/>\n\t<meta property=\"og:image:height\" content=\"548\" \/>\n\t<meta property=\"og:image:type\" content=\"image\/jpeg\" \/>\n<meta name=\"author\" content=\"Reginaldo J\u00fanior\" \/>\n<meta name=\"twitter:card\" content=\"summary_large_image\" \/>\n<meta name=\"twitter:creator\" content=\"@reginaldojrmf\" \/>\n<meta name=\"twitter:label1\" content=\"Escrito por\" \/>\n\t<meta name=\"twitter:data1\" content=\"Reginaldo J\u00fanior\" \/>\n\t<meta name=\"twitter:label2\" content=\"Est. tempo de leitura\" \/>\n\t<meta name=\"twitter:data2\" content=\"1 minuto\" \/>\n<script type=\"application\/ld+json\" class=\"yoast-schema-graph\">{\"@context\":\"https:\/\/schema.org\",\"@graph\":[{\"@type\":\"WebPage\",\"@id\":\"https:\/\/portalmf.com.br\/index.php\/2022\/10\/13\/show-de-gusttavo-lima-acontece-neste-domingo-em-feira-de-santana\/\",\"url\":\"https:\/\/portalmf.com.br\/index.php\/2022\/10\/13\/show-de-gusttavo-lima-acontece-neste-domingo-em-feira-de-santana\/\",\"name\":\"Show de Gusttavo Lima acontece neste domingo em Feira de Santana - Portal MF\",\"isPartOf\":{\"@id\":\"https:\/\/portalmf.com.br\/#website\"},\"primaryImageOfPage\":{\"@id\":\"https:\/\/portalmf.com.br\/index.php\/2022\/10\/13\/show-de-gusttavo-lima-acontece-neste-domingo-em-feira-de-santana\/#primaryimage\"},\"image\":{\"@id\":\"https:\/\/portalmf.com.br\/index.php\/2022\/10\/13\/show-de-gusttavo-lima-acontece-neste-domingo-em-feira-de-santana\/#primaryimage\"},\"thumbnailUrl\":\"https:\/\/portalmf.com.br\/wp-content\/uploads\/2022\/10\/FB_IMG_1665708198028.jpg\",\"datePublished\":\"2022-10-14T00:44:45+00:00\",\"dateModified\":\"2022-10-14T00:47:21+00:00\",\"author\":{\"@id\":\"https:\/\/portalmf.com.br\/#\/schema\/person\/11c82086fe8abc05a19147e964587285\"},\"breadcrumb\":{\"@id\":\"https:\/\/portalmf.com.br\/index.php\/2022\/10\/13\/show-de-gusttavo-lima-acontece-neste-domingo-em-feira-de-santana\/#breadcrumb\"},\"inLanguage\":\"pt-BR\",\"potentialAction\":[{\"@type\":\"ReadAction\",\"target\":[\"https:\/\/portalmf.com.br\/index.php\/2022\/10\/13\/show-de-gusttavo-lima-acontece-neste-domingo-em-feira-de-santana\/\"]}]},{\"@type\":\"ImageObject\",\"inLanguage\":\"pt-BR\",\"@id\":\"https:\/\/portalmf.com.br\/index.php\/2022\/10\/13\/show-de-gusttavo-lima-acontece-neste-domingo-em-feira-de-santana\/#primaryimage\",\"url\":\"https:\/\/portalmf.com.br\/wp-content\/uploads\/2022\/10\/FB_IMG_1665708198028.jpg\",\"contentUrl\":\"https:\/\/portalmf.com.br\/wp-content\/uploads\/2022\/10\/FB_IMG_1665708198028.jpg\",\"width\":825,\"height\":548},{\"@type\":\"BreadcrumbList\",\"@id\":\"https:\/\/portalmf.com.br\/index.php\/2022\/10\/13\/show-de-gusttavo-lima-acontece-neste-domingo-em-feira-de-santana\/#breadcrumb\",\"itemListElement\":[{\"@type\":\"ListItem\",\"position\":1,\"name\":\"In\u00edcio\",\"item\":\"https:\/\/portalmf.com.br\/\"},{\"@type\":\"ListItem\",\"position\":2,\"name\":\"Show de Gusttavo Lima acontece neste domingo em Feira de Santana\"}]},{\"@type\":\"WebSite\",\"@id\":\"https:\/\/portalmf.com.br\/#website\",\"url\":\"https:\/\/portalmf.com.br\/\",\"name\":\"Portal MF\",\"description\":\"Voc\u00ea conectado com a informa\u00e7\u00e3o\",\"potentialAction\":[{\"@type\":\"SearchAction\",\"target\":{\"@type\":\"EntryPoint\",\"urlTemplate\":\"https:\/\/portalmf.com.br\/?s={search_term_string}\"},\"query-input\":\"required name=search_term_string\"}],\"inLanguage\":\"pt-BR\"},{\"@type\":\"Person\",\"@id\":\"https:\/\/portalmf.com.br\/#\/schema\/person\/11c82086fe8abc05a19147e964587285\",\"name\":\"Reginaldo J\u00fanior\",\"image\":{\"@type\":\"ImageObject\",\"inLanguage\":\"pt-BR\",\"@id\":\"https:\/\/portalmf.com.br\/#\/schema\/person\/image\/\",\"url\":\"https:\/\/secure.gravatar.com\/avatar\/32a3c797cd0ac47cc53b8644c62776f9?s=96&d=mm&r=g\",\"contentUrl\":\"https:\/\/secure.gravatar.com\/avatar\/32a3c797cd0ac47cc53b8644c62776f9?s=96&d=mm&r=g\",\"caption\":\"Reginaldo J\u00fanior\"},\"description\":\"Jornalista e idealizador Portal MF\",\"sameAs\":[\"https:\/\/portalmf.com.br\/index.php\/author\/reginaldojr\/\",\"reginaldojrfsa\",\"reginaldojuniormf\",\"https:\/\/x.com\/reginaldojrmf\"],\"url\":\"https:\/\/portalmf.com.br\/index.php\/author\/reginaldojr\/\"}]}<\/script>\n<!-- \/ Yoast SEO plugin. -->","yoast_head_json":{"title":"Show de Gusttavo Lima acontece neste domingo em Feira de Santana - Portal MF","robots":{"index":"index","follow":"follow","max-snippet":"max-snippet:-1","max-image-preview":"max-image-preview:large","max-video-preview":"max-video-preview:-1"},"canonical":"https:\/\/portalmf.com.br\/index.php\/2022\/10\/13\/show-de-gusttavo-lima-acontece-neste-domingo-em-feira-de-santana\/","og_locale":"pt_BR","og_type":"article","og_title":"Show de Gusttavo Lima acontece neste domingo em Feira de Santana - Portal MF","og_description":"O domingo (16), pr\u00e9-feriado do Dia do Comerci\u00e1rio promete ser ainda mais especial para os feirenses. A festa Embaixador Sunset, desembarca em Feira de Santana e promete marcar a mem\u00f3ria dos f\u00e3s do fen\u00f4meno do sertanejo. O grande show ser\u00e1 no Est\u00e1dio J\u00f3ia da Princesa. Os port\u00f5es abrir\u00e3o \u00e0s 15h e a festa tem classifica\u00e7\u00e3o [&hellip;]","og_url":"https:\/\/portalmf.com.br\/index.php\/2022\/10\/13\/show-de-gusttavo-lima-acontece-neste-domingo-em-feira-de-santana\/","og_site_name":"Portal MF","article_author":"reginaldojrfsa","article_published_time":"2022-10-14T00:44:45+00:00","article_modified_time":"2022-10-14T00:47:21+00:00","og_image":[{"width":825,"height":548,"url":"https:\/\/portalmf.com.br\/wp-content\/uploads\/2022\/10\/FB_IMG_1665708198028.jpg","type":"image\/jpeg"}],"author":"Reginaldo J\u00fanior","twitter_card":"summary_large_image","twitter_creator":"@reginaldojrmf","twitter_misc":{"Escrito por":"Reginaldo J\u00fanior","Est. tempo de leitura":"1 minuto"},"schema":{"@context":"https:\/\/schema.org","@graph":[{"@type":"WebPage","@id":"https:\/\/portalmf.com.br\/index.php\/2022\/10\/13\/show-de-gusttavo-lima-acontece-neste-domingo-em-feira-de-santana\/","url":"https:\/\/portalmf.com.br\/index.php\/2022\/10\/13\/show-de-gusttavo-lima-acontece-neste-domingo-em-feira-de-santana\/","name":"Show de Gusttavo Lima acontece neste domingo em Feira de Santana - Portal MF","isPartOf":{"@id":"https:\/\/portalmf.com.br\/#website"},"primaryImageOfPage":{"@id":"https:\/\/portalmf.com.br\/index.php\/2022\/10\/13\/show-de-gusttavo-lima-acontece-neste-domingo-em-feira-de-santana\/#primaryimage"},"image":{"@id":"https:\/\/portalmf.com.br\/index.php\/2022\/10\/13\/show-de-gusttavo-lima-acontece-neste-domingo-em-feira-de-santana\/#primaryimage"},"thumbnailUrl":"https:\/\/portalmf.com.br\/wp-content\/uploads\/2022\/10\/FB_IMG_1665708198028.jpg","datePublished":"2022-10-14T00:44:45+00:00","dateModified":"2022-10-14T00:47:21+00:00","author":{"@id":"https:\/\/portalmf.com.br\/#\/schema\/person\/11c82086fe8abc05a19147e964587285"},"breadcrumb":{"@id":"https:\/\/portalmf.com.br\/index.php\/2022\/10\/13\/show-de-gusttavo-lima-acontece-neste-domingo-em-feira-de-santana\/#breadcrumb"},"inLanguage":"pt-BR","potentialAction":[{"@type":"ReadAction","target":["https:\/\/portalmf.com.br\/index.php\/2022\/10\/13\/show-de-gusttavo-lima-acontece-neste-domingo-em-feira-de-santana\/"]}]},{"@type":"ImageObject","inLanguage":"pt-BR","@id":"https:\/\/portalmf.com.br\/index.php\/2022\/10\/13\/show-de-gusttavo-lima-acontece-neste-domingo-em-feira-de-santana\/#primaryimage","url":"https:\/\/portalmf.com.br\/wp-content\/uploads\/2022\/10\/FB_IMG_1665708198028.jpg","contentUrl":"https:\/\/portalmf.com.br\/wp-content\/uploads\/2022\/10\/FB_IMG_1665708198028.jpg","width":825,"height":548},{"@type":"BreadcrumbList","@id":"https:\/\/portalmf.com.br\/index.php\/2022\/10\/13\/show-de-gusttavo-lima-acontece-neste-domingo-em-feira-de-santana\/#breadcrumb","itemListElement":[{"@type":"ListItem","position":1,"name":"In\u00edcio","item":"https:\/\/portalmf.com.br\/"},{"@type":"ListItem","position":2,"name":"Show de Gusttavo Lima acontece neste domingo em Feira de Santana"}]},{"@type":"WebSite","@id":"https:\/\/portalmf.com.br\/#website","url":"https:\/\/portalmf.com.br\/","name":"Portal MF","description":"Voc\u00ea conectado com a informa\u00e7\u00e3o","potentialAction":[{"@type":"SearchAction","target":{"@type":"EntryPoint","urlTemplate":"https:\/\/portalmf.com.br\/?s={search_term_string}"},"query-input":"required name=search_term_string"}],"inLanguage":"pt-BR"},{"@type":"Person","@id":"https:\/\/portalmf.com.br\/#\/schema\/person\/11c82086fe8abc05a19147e964587285","name":"Reginaldo J\u00fanior","image":{"@type":"ImageObject","inLanguage":"pt-BR","@id":"https:\/\/portalmf.com.br\/#\/schema\/person\/image\/","url":"https:\/\/secure.gravatar.com\/avatar\/32a3c797cd0ac47cc53b8644c62776f9?s=96&d=mm&r=g","contentUrl":"https:\/\/secure.gravatar.com\/avatar\/32a3c797cd0ac47cc53b8644c62776f9?s=96&d=mm&r=g","caption":"Reginaldo J\u00fanior"},"description":"Jornalista e idealizador Portal MF","sameAs":["https:\/\/portalmf.com.br\/index.php\/author\/reginaldojr\/","reginaldojrfsa","reginaldojuniormf","https:\/\/x.com\/reginaldojrmf"],"url":"https:\/\/portalmf.com.br\/index.php\/author\/reginaldojr\/"}]}},"_links":{"self":[{"href":"https:\/\/portalmf.com.br\/index.php\/wp-json\/wp\/v2\/posts\/5118"}],"collection":[{"href":"https:\/\/portalmf.com.br\/index.php\/wp-json\/wp\/v2\/posts"}],"about":[{"href":"https:\/\/portalmf.com.br\/index.php\/wp-json\/wp\/v2\/types\/post"}],"author":[{"embeddable":true,"href":"https:\/\/portalmf.com.br\/index.php\/wp-json\/wp\/v2\/users\/2"}],"replies":[{"embeddable":true,"href":"https:\/\/portalmf.com.br\/index.php\/wp-json\/wp\/v2\/comments?post=5118"}],"version-history":[{"count":3,"href":"https:\/\/portalmf.com.br\/index.php\/wp-json\/wp\/v2\/posts\/5118\/revisions"}],"predecessor-version":[{"id":5122,"href":"https:\/\/portalmf.com.br\/index.php\/wp-json\/wp\/v2\/posts\/5118\/revisions\/5122"}],"wp:featuredmedia":[{"embeddable":true,"href":"https:\/\/portalmf.com.br\/index.php\/wp-json\/wp\/v2\/media\/5119"}],"wp:attachment":[{"href":"https:\/\/portalmf.com.br\/index.php\/wp-json\/wp\/v2\/media?parent=5118"}],"wp:term":[{"taxonomy":"category","embeddable":true,"href":"https:\/\/portalmf.com.br\/index.php\/wp-json\/wp\/v2\/categories?post=5118"},{"taxonomy":"post_tag","embeddable":true,"href":"https:\/\/portalmf.com.br\/index.php\/wp-json\/wp\/v2\/tags?post=5118"}],"curies":[{"name":"wp","href":"https:\/\/api.w.org\/{rel}","templated":true}]}}