{"id":5048,"date":"2022-10-11T16:34:45","date_gmt":"2022-10-11T19:34:45","guid":{"rendered":"http:\/\/portalmf.com.br\/?p=5048"},"modified":"2022-10-11T16:34:46","modified_gmt":"2022-10-11T19:34:46","slug":"programacao-da-10a-edicao-da-flica-e-lancada-em-cachoeira","status":"publish","type":"post","link":"https:\/\/portalmf.com.br\/index.php\/2022\/10\/11\/programacao-da-10a-edicao-da-flica-e-lancada-em-cachoeira\/","title":{"rendered":"Programa\u00e7\u00e3o da 10\u00aa edi\u00e7\u00e3o da Flica \u00e9 lan\u00e7ada em Cachoeira"},"content":{"rendered":"\n<p>A programa\u00e7\u00e3o da 10\u00aa edi\u00e7\u00e3o da Festa Liter\u00e1ria Internacional de Cachoeira, a Flica, foi lan\u00e7ada nesta ter\u00e7a-feira (11), na cidade de Cachoeira, no rec\u00f4ncavo baiano. A agenda vai acontecer de 3 a 6 de novembro e foi apresentada em um evento realizado na Funda\u00e7\u00e3o Hansen Bahia (FHB), que reuniu autoridades, escritores, imprensa e demais convidados. Este ano, o tema trabalhado \u00e9 &#8216;Liberdade, Literatura e Brasis&#8217; e faz men\u00e7\u00e3o \u00e0 diversidade e ao protagonismo da participa\u00e7\u00e3o popular em diferentes momentos hist\u00f3ricos no Brasil.<\/p>\n\n\n\n<p>O evento \u00e9 uma realiza\u00e7\u00e3o da Funda\u00e7\u00e3o Hansen, em parceria com a empresa Cali, e tem patroc\u00ednio do Estado da Bahia, por meio da Secretaria da Cultura. A programa\u00e7\u00e3o vai oferecer, de forma gratuita, uma s\u00e9rie de espa\u00e7os e atividades para v\u00e1rias faixas et\u00e1rias. Dentre eles, uma livraria, a programa\u00e7\u00e3o infantil da Fliquinha, que ser\u00e1 abrigada na Universidade Federal do Rec\u00f4ncavo Baiano (UFRB), um ambiente dedicado \u00e0 literatura jovem, batizado de Gera\u00e7\u00e3o Flica, e a Tenda Paragua\u00e7u, onde, de acordo com o coordenador-geral da Flica, Jomar Lima, estar\u00e3o reunidos os grandes autores regionais, nacionais e internacionais.<\/p>\n\n\n\n<p>Ao longo dos quatro dias de festa, est\u00e3o confirmados nomes como o do rapper MV Bill, das escritoras Cidinha Silva, B\u00e1rbara Carine e Carla Akotirene, dos escritores Ricardo Ishmael e Edgard Abbehusen, entre muitos outros. Tamb\u00e9m haver\u00e1 apresenta\u00e7\u00f5es teatrais e musicais, com Nelson Rufino, Il\u00ea Aiy\u00e9, Filarm\u00f4nicas Lyra Ceciliana, Orquestra Feminina do Rec\u00f4ncavo, entre outros. O lan\u00e7amento contou, ainda, com a troca de conte\u00fado entre os convidados, com destaque para a confer\u00eancia com o professor Jo\u00e3o Carlos Salles, historiador e ex-reitor da Universidade Federal da Bahia (Ufba), que abordou o tema Linguagem e Liberdade.<\/p>\n\n\n\n<p>Foto: Gledson Santos \/ Jornal Folha do Estado<\/p>\n","protected":false},"excerpt":{"rendered":"<p>A programa\u00e7\u00e3o da 10\u00aa edi\u00e7\u00e3o da Festa Liter\u00e1ria Internacional de Cachoeira, a Flica, foi lan\u00e7ada nesta ter\u00e7a-feira (11), na cidade de Cachoeira, no rec\u00f4ncavo baiano. A agenda vai acontecer de 3 a 6 de novembro e foi apresentada em um evento realizado na Funda\u00e7\u00e3o Hansen Bahia (FHB), que reuniu autoridades, escritores, imprensa e demais convidados. [&hellip;]<\/p>\n","protected":false},"author":2,"featured_media":5049,"comment_status":"open","ping_status":"open","sticky":false,"template":"","format":"standard","meta":{"_monsterinsights_skip_tracking":false,"_monsterinsights_sitenote_active":false,"_monsterinsights_sitenote_note":"","_monsterinsights_sitenote_category":0,"footnotes":""},"categories":[40,48],"tags":[],"yoast_head":"<!-- This site is optimized with the Yoast SEO plugin v22.9 - https:\/\/yoast.com\/wordpress\/plugins\/seo\/ -->\n<title>Programa\u00e7\u00e3o da 10\u00aa edi\u00e7\u00e3o da Flica \u00e9 lan\u00e7ada em Cachoeira - Portal MF<\/title>\n<meta name=\"robots\" content=\"index, follow, max-snippet:-1, max-image-preview:large, max-video-preview:-1\" \/>\n<link rel=\"canonical\" href=\"https:\/\/portalmf.com.br\/index.php\/2022\/10\/11\/programacao-da-10a-edicao-da-flica-e-lancada-em-cachoeira\/\" \/>\n<meta property=\"og:locale\" content=\"pt_BR\" \/>\n<meta property=\"og:type\" content=\"article\" \/>\n<meta property=\"og:title\" content=\"Programa\u00e7\u00e3o da 10\u00aa edi\u00e7\u00e3o da Flica \u00e9 lan\u00e7ada em Cachoeira - Portal MF\" \/>\n<meta property=\"og:description\" content=\"A programa\u00e7\u00e3o da 10\u00aa edi\u00e7\u00e3o da Festa Liter\u00e1ria Internacional de Cachoeira, a Flica, foi lan\u00e7ada nesta ter\u00e7a-feira (11), na cidade de Cachoeira, no rec\u00f4ncavo baiano. A agenda vai acontecer de 3 a 6 de novembro e foi apresentada em um evento realizado na Funda\u00e7\u00e3o Hansen Bahia (FHB), que reuniu autoridades, escritores, imprensa e demais convidados. [&hellip;]\" \/>\n<meta property=\"og:url\" content=\"https:\/\/portalmf.com.br\/index.php\/2022\/10\/11\/programacao-da-10a-edicao-da-flica-e-lancada-em-cachoeira\/\" \/>\n<meta property=\"og:site_name\" content=\"Portal MF\" \/>\n<meta property=\"article:author\" content=\"reginaldojrfsa\" \/>\n<meta property=\"article:published_time\" content=\"2022-10-11T19:34:45+00:00\" \/>\n<meta property=\"article:modified_time\" content=\"2022-10-11T19:34:46+00:00\" \/>\n<meta property=\"og:image\" content=\"https:\/\/portalmf.com.br\/wp-content\/uploads\/2022\/10\/Programacao-da-10a-edicao-da-Flica-e-lancada-em-Cachoeira.jpeg\" \/>\n\t<meta property=\"og:image:width\" content=\"1280\" \/>\n\t<meta property=\"og:image:height\" content=\"720\" \/>\n\t<meta property=\"og:image:type\" content=\"image\/jpeg\" \/>\n<meta name=\"author\" content=\"Reginaldo J\u00fanior\" \/>\n<meta name=\"twitter:card\" content=\"summary_large_image\" \/>\n<meta name=\"twitter:creator\" content=\"@reginaldojrmf\" \/>\n<meta name=\"twitter:label1\" content=\"Escrito por\" \/>\n\t<meta name=\"twitter:data1\" content=\"Reginaldo J\u00fanior\" \/>\n\t<meta name=\"twitter:label2\" content=\"Est. tempo de leitura\" \/>\n\t<meta name=\"twitter:data2\" content=\"2 minutos\" \/>\n<script type=\"application\/ld+json\" class=\"yoast-schema-graph\">{\"@context\":\"https:\/\/schema.org\",\"@graph\":[{\"@type\":\"WebPage\",\"@id\":\"https:\/\/portalmf.com.br\/index.php\/2022\/10\/11\/programacao-da-10a-edicao-da-flica-e-lancada-em-cachoeira\/\",\"url\":\"https:\/\/portalmf.com.br\/index.php\/2022\/10\/11\/programacao-da-10a-edicao-da-flica-e-lancada-em-cachoeira\/\",\"name\":\"Programa\u00e7\u00e3o da 10\u00aa edi\u00e7\u00e3o da Flica \u00e9 lan\u00e7ada em Cachoeira - Portal MF\",\"isPartOf\":{\"@id\":\"https:\/\/portalmf.com.br\/#website\"},\"primaryImageOfPage\":{\"@id\":\"https:\/\/portalmf.com.br\/index.php\/2022\/10\/11\/programacao-da-10a-edicao-da-flica-e-lancada-em-cachoeira\/#primaryimage\"},\"image\":{\"@id\":\"https:\/\/portalmf.com.br\/index.php\/2022\/10\/11\/programacao-da-10a-edicao-da-flica-e-lancada-em-cachoeira\/#primaryimage\"},\"thumbnailUrl\":\"https:\/\/portalmf.com.br\/wp-content\/uploads\/2022\/10\/Programacao-da-10a-edicao-da-Flica-e-lancada-em-Cachoeira.jpeg\",\"datePublished\":\"2022-10-11T19:34:45+00:00\",\"dateModified\":\"2022-10-11T19:34:46+00:00\",\"author\":{\"@id\":\"https:\/\/portalmf.com.br\/#\/schema\/person\/11c82086fe8abc05a19147e964587285\"},\"breadcrumb\":{\"@id\":\"https:\/\/portalmf.com.br\/index.php\/2022\/10\/11\/programacao-da-10a-edicao-da-flica-e-lancada-em-cachoeira\/#breadcrumb\"},\"inLanguage\":\"pt-BR\",\"potentialAction\":[{\"@type\":\"ReadAction\",\"target\":[\"https:\/\/portalmf.com.br\/index.php\/2022\/10\/11\/programacao-da-10a-edicao-da-flica-e-lancada-em-cachoeira\/\"]}]},{\"@type\":\"ImageObject\",\"inLanguage\":\"pt-BR\",\"@id\":\"https:\/\/portalmf.com.br\/index.php\/2022\/10\/11\/programacao-da-10a-edicao-da-flica-e-lancada-em-cachoeira\/#primaryimage\",\"url\":\"https:\/\/portalmf.com.br\/wp-content\/uploads\/2022\/10\/Programacao-da-10a-edicao-da-Flica-e-lancada-em-Cachoeira.jpeg\",\"contentUrl\":\"https:\/\/portalmf.com.br\/wp-content\/uploads\/2022\/10\/Programacao-da-10a-edicao-da-Flica-e-lancada-em-Cachoeira.jpeg\",\"width\":1280,\"height\":720},{\"@type\":\"BreadcrumbList\",\"@id\":\"https:\/\/portalmf.com.br\/index.php\/2022\/10\/11\/programacao-da-10a-edicao-da-flica-e-lancada-em-cachoeira\/#breadcrumb\",\"itemListElement\":[{\"@type\":\"ListItem\",\"position\":1,\"name\":\"In\u00edcio\",\"item\":\"https:\/\/portalmf.com.br\/\"},{\"@type\":\"ListItem\",\"position\":2,\"name\":\"Programa\u00e7\u00e3o da 10\u00aa edi\u00e7\u00e3o da Flica \u00e9 lan\u00e7ada em Cachoeira\"}]},{\"@type\":\"WebSite\",\"@id\":\"https:\/\/portalmf.com.br\/#website\",\"url\":\"https:\/\/portalmf.com.br\/\",\"name\":\"Portal MF\",\"description\":\"Voc\u00ea conectado com a informa\u00e7\u00e3o\",\"potentialAction\":[{\"@type\":\"SearchAction\",\"target\":{\"@type\":\"EntryPoint\",\"urlTemplate\":\"https:\/\/portalmf.com.br\/?s={search_term_string}\"},\"query-input\":\"required name=search_term_string\"}],\"inLanguage\":\"pt-BR\"},{\"@type\":\"Person\",\"@id\":\"https:\/\/portalmf.com.br\/#\/schema\/person\/11c82086fe8abc05a19147e964587285\",\"name\":\"Reginaldo J\u00fanior\",\"image\":{\"@type\":\"ImageObject\",\"inLanguage\":\"pt-BR\",\"@id\":\"https:\/\/portalmf.com.br\/#\/schema\/person\/image\/\",\"url\":\"https:\/\/secure.gravatar.com\/avatar\/32a3c797cd0ac47cc53b8644c62776f9?s=96&d=mm&r=g\",\"contentUrl\":\"https:\/\/secure.gravatar.com\/avatar\/32a3c797cd0ac47cc53b8644c62776f9?s=96&d=mm&r=g\",\"caption\":\"Reginaldo J\u00fanior\"},\"description\":\"Jornalista e idealizador Portal MF\",\"sameAs\":[\"https:\/\/portalmf.com.br\/index.php\/author\/reginaldojr\/\",\"reginaldojrfsa\",\"reginaldojuniormf\",\"https:\/\/x.com\/reginaldojrmf\"],\"url\":\"https:\/\/portalmf.com.br\/index.php\/author\/reginaldojr\/\"}]}<\/script>\n<!-- \/ Yoast SEO plugin. -->","yoast_head_json":{"title":"Programa\u00e7\u00e3o da 10\u00aa edi\u00e7\u00e3o da Flica \u00e9 lan\u00e7ada em Cachoeira - Portal MF","robots":{"index":"index","follow":"follow","max-snippet":"max-snippet:-1","max-image-preview":"max-image-preview:large","max-video-preview":"max-video-preview:-1"},"canonical":"https:\/\/portalmf.com.br\/index.php\/2022\/10\/11\/programacao-da-10a-edicao-da-flica-e-lancada-em-cachoeira\/","og_locale":"pt_BR","og_type":"article","og_title":"Programa\u00e7\u00e3o da 10\u00aa edi\u00e7\u00e3o da Flica \u00e9 lan\u00e7ada em Cachoeira - Portal MF","og_description":"A programa\u00e7\u00e3o da 10\u00aa edi\u00e7\u00e3o da Festa Liter\u00e1ria Internacional de Cachoeira, a Flica, foi lan\u00e7ada nesta ter\u00e7a-feira (11), na cidade de Cachoeira, no rec\u00f4ncavo baiano. A agenda vai acontecer de 3 a 6 de novembro e foi apresentada em um evento realizado na Funda\u00e7\u00e3o Hansen Bahia (FHB), que reuniu autoridades, escritores, imprensa e demais convidados. [&hellip;]","og_url":"https:\/\/portalmf.com.br\/index.php\/2022\/10\/11\/programacao-da-10a-edicao-da-flica-e-lancada-em-cachoeira\/","og_site_name":"Portal MF","article_author":"reginaldojrfsa","article_published_time":"2022-10-11T19:34:45+00:00","article_modified_time":"2022-10-11T19:34:46+00:00","og_image":[{"width":1280,"height":720,"url":"https:\/\/portalmf.com.br\/wp-content\/uploads\/2022\/10\/Programacao-da-10a-edicao-da-Flica-e-lancada-em-Cachoeira.jpeg","type":"image\/jpeg"}],"author":"Reginaldo J\u00fanior","twitter_card":"summary_large_image","twitter_creator":"@reginaldojrmf","twitter_misc":{"Escrito por":"Reginaldo J\u00fanior","Est. tempo de leitura":"2 minutos"},"schema":{"@context":"https:\/\/schema.org","@graph":[{"@type":"WebPage","@id":"https:\/\/portalmf.com.br\/index.php\/2022\/10\/11\/programacao-da-10a-edicao-da-flica-e-lancada-em-cachoeira\/","url":"https:\/\/portalmf.com.br\/index.php\/2022\/10\/11\/programacao-da-10a-edicao-da-flica-e-lancada-em-cachoeira\/","name":"Programa\u00e7\u00e3o da 10\u00aa edi\u00e7\u00e3o da Flica \u00e9 lan\u00e7ada em Cachoeira - Portal MF","isPartOf":{"@id":"https:\/\/portalmf.com.br\/#website"},"primaryImageOfPage":{"@id":"https:\/\/portalmf.com.br\/index.php\/2022\/10\/11\/programacao-da-10a-edicao-da-flica-e-lancada-em-cachoeira\/#primaryimage"},"image":{"@id":"https:\/\/portalmf.com.br\/index.php\/2022\/10\/11\/programacao-da-10a-edicao-da-flica-e-lancada-em-cachoeira\/#primaryimage"},"thumbnailUrl":"https:\/\/portalmf.com.br\/wp-content\/uploads\/2022\/10\/Programacao-da-10a-edicao-da-Flica-e-lancada-em-Cachoeira.jpeg","datePublished":"2022-10-11T19:34:45+00:00","dateModified":"2022-10-11T19:34:46+00:00","author":{"@id":"https:\/\/portalmf.com.br\/#\/schema\/person\/11c82086fe8abc05a19147e964587285"},"breadcrumb":{"@id":"https:\/\/portalmf.com.br\/index.php\/2022\/10\/11\/programacao-da-10a-edicao-da-flica-e-lancada-em-cachoeira\/#breadcrumb"},"inLanguage":"pt-BR","potentialAction":[{"@type":"ReadAction","target":["https:\/\/portalmf.com.br\/index.php\/2022\/10\/11\/programacao-da-10a-edicao-da-flica-e-lancada-em-cachoeira\/"]}]},{"@type":"ImageObject","inLanguage":"pt-BR","@id":"https:\/\/portalmf.com.br\/index.php\/2022\/10\/11\/programacao-da-10a-edicao-da-flica-e-lancada-em-cachoeira\/#primaryimage","url":"https:\/\/portalmf.com.br\/wp-content\/uploads\/2022\/10\/Programacao-da-10a-edicao-da-Flica-e-lancada-em-Cachoeira.jpeg","contentUrl":"https:\/\/portalmf.com.br\/wp-content\/uploads\/2022\/10\/Programacao-da-10a-edicao-da-Flica-e-lancada-em-Cachoeira.jpeg","width":1280,"height":720},{"@type":"BreadcrumbList","@id":"https:\/\/portalmf.com.br\/index.php\/2022\/10\/11\/programacao-da-10a-edicao-da-flica-e-lancada-em-cachoeira\/#breadcrumb","itemListElement":[{"@type":"ListItem","position":1,"name":"In\u00edcio","item":"https:\/\/portalmf.com.br\/"},{"@type":"ListItem","position":2,"name":"Programa\u00e7\u00e3o da 10\u00aa edi\u00e7\u00e3o da Flica \u00e9 lan\u00e7ada em Cachoeira"}]},{"@type":"WebSite","@id":"https:\/\/portalmf.com.br\/#website","url":"https:\/\/portalmf.com.br\/","name":"Portal MF","description":"Voc\u00ea conectado com a informa\u00e7\u00e3o","potentialAction":[{"@type":"SearchAction","target":{"@type":"EntryPoint","urlTemplate":"https:\/\/portalmf.com.br\/?s={search_term_string}"},"query-input":"required name=search_term_string"}],"inLanguage":"pt-BR"},{"@type":"Person","@id":"https:\/\/portalmf.com.br\/#\/schema\/person\/11c82086fe8abc05a19147e964587285","name":"Reginaldo J\u00fanior","image":{"@type":"ImageObject","inLanguage":"pt-BR","@id":"https:\/\/portalmf.com.br\/#\/schema\/person\/image\/","url":"https:\/\/secure.gravatar.com\/avatar\/32a3c797cd0ac47cc53b8644c62776f9?s=96&d=mm&r=g","contentUrl":"https:\/\/secure.gravatar.com\/avatar\/32a3c797cd0ac47cc53b8644c62776f9?s=96&d=mm&r=g","caption":"Reginaldo J\u00fanior"},"description":"Jornalista e idealizador Portal MF","sameAs":["https:\/\/portalmf.com.br\/index.php\/author\/reginaldojr\/","reginaldojrfsa","reginaldojuniormf","https:\/\/x.com\/reginaldojrmf"],"url":"https:\/\/portalmf.com.br\/index.php\/author\/reginaldojr\/"}]}},"_links":{"self":[{"href":"https:\/\/portalmf.com.br\/index.php\/wp-json\/wp\/v2\/posts\/5048"}],"collection":[{"href":"https:\/\/portalmf.com.br\/index.php\/wp-json\/wp\/v2\/posts"}],"about":[{"href":"https:\/\/portalmf.com.br\/index.php\/wp-json\/wp\/v2\/types\/post"}],"author":[{"embeddable":true,"href":"https:\/\/portalmf.com.br\/index.php\/wp-json\/wp\/v2\/users\/2"}],"replies":[{"embeddable":true,"href":"https:\/\/portalmf.com.br\/index.php\/wp-json\/wp\/v2\/comments?post=5048"}],"version-history":[{"count":1,"href":"https:\/\/portalmf.com.br\/index.php\/wp-json\/wp\/v2\/posts\/5048\/revisions"}],"predecessor-version":[{"id":5050,"href":"https:\/\/portalmf.com.br\/index.php\/wp-json\/wp\/v2\/posts\/5048\/revisions\/5050"}],"wp:featuredmedia":[{"embeddable":true,"href":"https:\/\/portalmf.com.br\/index.php\/wp-json\/wp\/v2\/media\/5049"}],"wp:attachment":[{"href":"https:\/\/portalmf.com.br\/index.php\/wp-json\/wp\/v2\/media?parent=5048"}],"wp:term":[{"taxonomy":"category","embeddable":true,"href":"https:\/\/portalmf.com.br\/index.php\/wp-json\/wp\/v2\/categories?post=5048"},{"taxonomy":"post_tag","embeddable":true,"href":"https:\/\/portalmf.com.br\/index.php\/wp-json\/wp\/v2\/tags?post=5048"}],"curies":[{"name":"wp","href":"https:\/\/api.w.org\/{rel}","templated":true}]}}