{"id":4920,"date":"2022-06-21T14:58:00","date_gmt":"2022-06-21T17:58:00","guid":{"rendered":"http:\/\/portalmf.com.br\/?p=4920"},"modified":"2022-10-11T16:35:52","modified_gmt":"2022-10-11T19:35:52","slug":"forro-do-muido-confirma-super-show-para-esta-quarta-22-06-em-barra-do-rocha","status":"publish","type":"post","link":"https:\/\/portalmf.com.br\/index.php\/2022\/06\/21\/forro-do-muido-confirma-super-show-para-esta-quarta-22-06-em-barra-do-rocha\/","title":{"rendered":"Forr\u00f3 Do Mu\u00eddo confirma super show para esta quarta (22.06) em Barra do Cho\u00e7a"},"content":{"rendered":"\n<p>A semana j\u00e1 come\u00e7a com muito agito na cidade de Barra do Cho\u00e7a, no interior da Bahia. Em clima junino, a noite de quarta-feira, dia 22 de junho, j\u00e1 promete pegar fogo e n\u00e3o ter hora para acabar. <\/p>\n\n\n\n<p>Quem desembarca por l\u00e1 para fazer a festa \u00e9 a banda Forr\u00f3 do Mu\u00eddo. O show promete cl\u00e1ssicos do forr\u00f3 e muitos sucessos autorais. <\/p>\n\n\n\n<p>Vale lembrar que essa apresenta\u00e7\u00e3o da banda Forr\u00f3 do Mu\u00eddo, que ser\u00e1 nesta quarta, dia 22 de junho, na cidade de Barra do Rocha, contar\u00e1 com o apoio da Bahiatursa e do Governo do Estado.<\/p>\n","protected":false},"excerpt":{"rendered":"<p>A semana j\u00e1 come\u00e7a com muito agito na cidade de Barra do Cho\u00e7a, no interior da Bahia. Em clima junino, a noite de quarta-feira, dia 22 de junho, j\u00e1 promete pegar fogo e n\u00e3o ter hora para acabar. Quem desembarca por l\u00e1 para fazer a festa \u00e9 a banda Forr\u00f3 do Mu\u00eddo. O show promete [&hellip;]<\/p>\n","protected":false},"author":2,"featured_media":4921,"comment_status":"open","ping_status":"open","sticky":false,"template":"","format":"standard","meta":{"_monsterinsights_skip_tracking":false,"_monsterinsights_sitenote_active":false,"_monsterinsights_sitenote_note":"","_monsterinsights_sitenote_category":0,"footnotes":""},"categories":[36],"tags":[],"yoast_head":"<!-- This site is optimized with the Yoast SEO plugin v22.9 - https:\/\/yoast.com\/wordpress\/plugins\/seo\/ -->\n<title>Forr\u00f3 Do Mu\u00eddo confirma super show para esta quarta (22.06) em Barra do Cho\u00e7a - Portal MF<\/title>\n<meta name=\"robots\" content=\"index, follow, max-snippet:-1, max-image-preview:large, max-video-preview:-1\" \/>\n<link rel=\"canonical\" href=\"https:\/\/portalmf.com.br\/index.php\/2022\/06\/21\/forro-do-muido-confirma-super-show-para-esta-quarta-22-06-em-barra-do-rocha\/\" \/>\n<meta property=\"og:locale\" content=\"pt_BR\" \/>\n<meta property=\"og:type\" content=\"article\" \/>\n<meta property=\"og:title\" content=\"Forr\u00f3 Do Mu\u00eddo confirma super show para esta quarta (22.06) em Barra do Cho\u00e7a - Portal MF\" \/>\n<meta property=\"og:description\" content=\"A semana j\u00e1 come\u00e7a com muito agito na cidade de Barra do Cho\u00e7a, no interior da Bahia. Em clima junino, a noite de quarta-feira, dia 22 de junho, j\u00e1 promete pegar fogo e n\u00e3o ter hora para acabar. Quem desembarca por l\u00e1 para fazer a festa \u00e9 a banda Forr\u00f3 do Mu\u00eddo. O show promete [&hellip;]\" \/>\n<meta property=\"og:url\" content=\"https:\/\/portalmf.com.br\/index.php\/2022\/06\/21\/forro-do-muido-confirma-super-show-para-esta-quarta-22-06-em-barra-do-rocha\/\" \/>\n<meta property=\"og:site_name\" content=\"Portal MF\" \/>\n<meta property=\"article:author\" content=\"reginaldojrfsa\" \/>\n<meta property=\"article:published_time\" content=\"2022-06-21T17:58:00+00:00\" \/>\n<meta property=\"article:modified_time\" content=\"2022-10-11T19:35:52+00:00\" \/>\n<meta property=\"og:image\" content=\"https:\/\/portalmf.com.br\/wp-content\/uploads\/2022\/10\/Forro-Do-Muido-confirma-super-show-para-esta-quarta-22.06-em-Barra-do-Rocha.jpeg\" \/>\n\t<meta property=\"og:image:width\" content=\"670\" \/>\n\t<meta property=\"og:image:height\" content=\"640\" \/>\n\t<meta property=\"og:image:type\" content=\"image\/jpeg\" \/>\n<meta name=\"author\" content=\"Reginaldo J\u00fanior\" \/>\n<meta name=\"twitter:card\" content=\"summary_large_image\" \/>\n<meta name=\"twitter:creator\" content=\"@reginaldojrmf\" \/>\n<meta name=\"twitter:label1\" content=\"Escrito por\" \/>\n\t<meta name=\"twitter:data1\" content=\"Reginaldo J\u00fanior\" \/>\n\t<meta name=\"twitter:label2\" content=\"Est. tempo de leitura\" \/>\n\t<meta name=\"twitter:data2\" content=\"1 minuto\" \/>\n<script type=\"application\/ld+json\" class=\"yoast-schema-graph\">{\"@context\":\"https:\/\/schema.org\",\"@graph\":[{\"@type\":\"WebPage\",\"@id\":\"https:\/\/portalmf.com.br\/index.php\/2022\/06\/21\/forro-do-muido-confirma-super-show-para-esta-quarta-22-06-em-barra-do-rocha\/\",\"url\":\"https:\/\/portalmf.com.br\/index.php\/2022\/06\/21\/forro-do-muido-confirma-super-show-para-esta-quarta-22-06-em-barra-do-rocha\/\",\"name\":\"Forr\u00f3 Do Mu\u00eddo confirma super show para esta quarta (22.06) em Barra do Cho\u00e7a - Portal MF\",\"isPartOf\":{\"@id\":\"https:\/\/portalmf.com.br\/#website\"},\"primaryImageOfPage\":{\"@id\":\"https:\/\/portalmf.com.br\/index.php\/2022\/06\/21\/forro-do-muido-confirma-super-show-para-esta-quarta-22-06-em-barra-do-rocha\/#primaryimage\"},\"image\":{\"@id\":\"https:\/\/portalmf.com.br\/index.php\/2022\/06\/21\/forro-do-muido-confirma-super-show-para-esta-quarta-22-06-em-barra-do-rocha\/#primaryimage\"},\"thumbnailUrl\":\"https:\/\/portalmf.com.br\/wp-content\/uploads\/2022\/10\/Forro-Do-Muido-confirma-super-show-para-esta-quarta-22.06-em-Barra-do-Rocha.jpeg\",\"datePublished\":\"2022-06-21T17:58:00+00:00\",\"dateModified\":\"2022-10-11T19:35:52+00:00\",\"author\":{\"@id\":\"https:\/\/portalmf.com.br\/#\/schema\/person\/11c82086fe8abc05a19147e964587285\"},\"breadcrumb\":{\"@id\":\"https:\/\/portalmf.com.br\/index.php\/2022\/06\/21\/forro-do-muido-confirma-super-show-para-esta-quarta-22-06-em-barra-do-rocha\/#breadcrumb\"},\"inLanguage\":\"pt-BR\",\"potentialAction\":[{\"@type\":\"ReadAction\",\"target\":[\"https:\/\/portalmf.com.br\/index.php\/2022\/06\/21\/forro-do-muido-confirma-super-show-para-esta-quarta-22-06-em-barra-do-rocha\/\"]}]},{\"@type\":\"ImageObject\",\"inLanguage\":\"pt-BR\",\"@id\":\"https:\/\/portalmf.com.br\/index.php\/2022\/06\/21\/forro-do-muido-confirma-super-show-para-esta-quarta-22-06-em-barra-do-rocha\/#primaryimage\",\"url\":\"https:\/\/portalmf.com.br\/wp-content\/uploads\/2022\/10\/Forro-Do-Muido-confirma-super-show-para-esta-quarta-22.06-em-Barra-do-Rocha.jpeg\",\"contentUrl\":\"https:\/\/portalmf.com.br\/wp-content\/uploads\/2022\/10\/Forro-Do-Muido-confirma-super-show-para-esta-quarta-22.06-em-Barra-do-Rocha.jpeg\",\"width\":670,\"height\":640},{\"@type\":\"BreadcrumbList\",\"@id\":\"https:\/\/portalmf.com.br\/index.php\/2022\/06\/21\/forro-do-muido-confirma-super-show-para-esta-quarta-22-06-em-barra-do-rocha\/#breadcrumb\",\"itemListElement\":[{\"@type\":\"ListItem\",\"position\":1,\"name\":\"In\u00edcio\",\"item\":\"https:\/\/portalmf.com.br\/\"},{\"@type\":\"ListItem\",\"position\":2,\"name\":\"Forr\u00f3 Do Mu\u00eddo confirma super show para esta quarta (22.06) em Barra do Cho\u00e7a\"}]},{\"@type\":\"WebSite\",\"@id\":\"https:\/\/portalmf.com.br\/#website\",\"url\":\"https:\/\/portalmf.com.br\/\",\"name\":\"Portal MF\",\"description\":\"Voc\u00ea conectado com a informa\u00e7\u00e3o\",\"potentialAction\":[{\"@type\":\"SearchAction\",\"target\":{\"@type\":\"EntryPoint\",\"urlTemplate\":\"https:\/\/portalmf.com.br\/?s={search_term_string}\"},\"query-input\":\"required name=search_term_string\"}],\"inLanguage\":\"pt-BR\"},{\"@type\":\"Person\",\"@id\":\"https:\/\/portalmf.com.br\/#\/schema\/person\/11c82086fe8abc05a19147e964587285\",\"name\":\"Reginaldo J\u00fanior\",\"image\":{\"@type\":\"ImageObject\",\"inLanguage\":\"pt-BR\",\"@id\":\"https:\/\/portalmf.com.br\/#\/schema\/person\/image\/\",\"url\":\"https:\/\/secure.gravatar.com\/avatar\/32a3c797cd0ac47cc53b8644c62776f9?s=96&d=mm&r=g\",\"contentUrl\":\"https:\/\/secure.gravatar.com\/avatar\/32a3c797cd0ac47cc53b8644c62776f9?s=96&d=mm&r=g\",\"caption\":\"Reginaldo J\u00fanior\"},\"description\":\"Jornalista e idealizador Portal MF\",\"sameAs\":[\"https:\/\/portalmf.com.br\/index.php\/author\/reginaldojr\/\",\"reginaldojrfsa\",\"reginaldojuniormf\",\"https:\/\/x.com\/reginaldojrmf\"],\"url\":\"https:\/\/portalmf.com.br\/index.php\/author\/reginaldojr\/\"}]}<\/script>\n<!-- \/ Yoast SEO plugin. -->","yoast_head_json":{"title":"Forr\u00f3 Do Mu\u00eddo confirma super show para esta quarta (22.06) em Barra do Cho\u00e7a - Portal MF","robots":{"index":"index","follow":"follow","max-snippet":"max-snippet:-1","max-image-preview":"max-image-preview:large","max-video-preview":"max-video-preview:-1"},"canonical":"https:\/\/portalmf.com.br\/index.php\/2022\/06\/21\/forro-do-muido-confirma-super-show-para-esta-quarta-22-06-em-barra-do-rocha\/","og_locale":"pt_BR","og_type":"article","og_title":"Forr\u00f3 Do Mu\u00eddo confirma super show para esta quarta (22.06) em Barra do Cho\u00e7a - Portal MF","og_description":"A semana j\u00e1 come\u00e7a com muito agito na cidade de Barra do Cho\u00e7a, no interior da Bahia. Em clima junino, a noite de quarta-feira, dia 22 de junho, j\u00e1 promete pegar fogo e n\u00e3o ter hora para acabar. Quem desembarca por l\u00e1 para fazer a festa \u00e9 a banda Forr\u00f3 do Mu\u00eddo. O show promete [&hellip;]","og_url":"https:\/\/portalmf.com.br\/index.php\/2022\/06\/21\/forro-do-muido-confirma-super-show-para-esta-quarta-22-06-em-barra-do-rocha\/","og_site_name":"Portal MF","article_author":"reginaldojrfsa","article_published_time":"2022-06-21T17:58:00+00:00","article_modified_time":"2022-10-11T19:35:52+00:00","og_image":[{"width":670,"height":640,"url":"https:\/\/portalmf.com.br\/wp-content\/uploads\/2022\/10\/Forro-Do-Muido-confirma-super-show-para-esta-quarta-22.06-em-Barra-do-Rocha.jpeg","type":"image\/jpeg"}],"author":"Reginaldo J\u00fanior","twitter_card":"summary_large_image","twitter_creator":"@reginaldojrmf","twitter_misc":{"Escrito por":"Reginaldo J\u00fanior","Est. tempo de leitura":"1 minuto"},"schema":{"@context":"https:\/\/schema.org","@graph":[{"@type":"WebPage","@id":"https:\/\/portalmf.com.br\/index.php\/2022\/06\/21\/forro-do-muido-confirma-super-show-para-esta-quarta-22-06-em-barra-do-rocha\/","url":"https:\/\/portalmf.com.br\/index.php\/2022\/06\/21\/forro-do-muido-confirma-super-show-para-esta-quarta-22-06-em-barra-do-rocha\/","name":"Forr\u00f3 Do Mu\u00eddo confirma super show para esta quarta (22.06) em Barra do Cho\u00e7a - Portal MF","isPartOf":{"@id":"https:\/\/portalmf.com.br\/#website"},"primaryImageOfPage":{"@id":"https:\/\/portalmf.com.br\/index.php\/2022\/06\/21\/forro-do-muido-confirma-super-show-para-esta-quarta-22-06-em-barra-do-rocha\/#primaryimage"},"image":{"@id":"https:\/\/portalmf.com.br\/index.php\/2022\/06\/21\/forro-do-muido-confirma-super-show-para-esta-quarta-22-06-em-barra-do-rocha\/#primaryimage"},"thumbnailUrl":"https:\/\/portalmf.com.br\/wp-content\/uploads\/2022\/10\/Forro-Do-Muido-confirma-super-show-para-esta-quarta-22.06-em-Barra-do-Rocha.jpeg","datePublished":"2022-06-21T17:58:00+00:00","dateModified":"2022-10-11T19:35:52+00:00","author":{"@id":"https:\/\/portalmf.com.br\/#\/schema\/person\/11c82086fe8abc05a19147e964587285"},"breadcrumb":{"@id":"https:\/\/portalmf.com.br\/index.php\/2022\/06\/21\/forro-do-muido-confirma-super-show-para-esta-quarta-22-06-em-barra-do-rocha\/#breadcrumb"},"inLanguage":"pt-BR","potentialAction":[{"@type":"ReadAction","target":["https:\/\/portalmf.com.br\/index.php\/2022\/06\/21\/forro-do-muido-confirma-super-show-para-esta-quarta-22-06-em-barra-do-rocha\/"]}]},{"@type":"ImageObject","inLanguage":"pt-BR","@id":"https:\/\/portalmf.com.br\/index.php\/2022\/06\/21\/forro-do-muido-confirma-super-show-para-esta-quarta-22-06-em-barra-do-rocha\/#primaryimage","url":"https:\/\/portalmf.com.br\/wp-content\/uploads\/2022\/10\/Forro-Do-Muido-confirma-super-show-para-esta-quarta-22.06-em-Barra-do-Rocha.jpeg","contentUrl":"https:\/\/portalmf.com.br\/wp-content\/uploads\/2022\/10\/Forro-Do-Muido-confirma-super-show-para-esta-quarta-22.06-em-Barra-do-Rocha.jpeg","width":670,"height":640},{"@type":"BreadcrumbList","@id":"https:\/\/portalmf.com.br\/index.php\/2022\/06\/21\/forro-do-muido-confirma-super-show-para-esta-quarta-22-06-em-barra-do-rocha\/#breadcrumb","itemListElement":[{"@type":"ListItem","position":1,"name":"In\u00edcio","item":"https:\/\/portalmf.com.br\/"},{"@type":"ListItem","position":2,"name":"Forr\u00f3 Do Mu\u00eddo confirma super show para esta quarta (22.06) em Barra do Cho\u00e7a"}]},{"@type":"WebSite","@id":"https:\/\/portalmf.com.br\/#website","url":"https:\/\/portalmf.com.br\/","name":"Portal MF","description":"Voc\u00ea conectado com a informa\u00e7\u00e3o","potentialAction":[{"@type":"SearchAction","target":{"@type":"EntryPoint","urlTemplate":"https:\/\/portalmf.com.br\/?s={search_term_string}"},"query-input":"required name=search_term_string"}],"inLanguage":"pt-BR"},{"@type":"Person","@id":"https:\/\/portalmf.com.br\/#\/schema\/person\/11c82086fe8abc05a19147e964587285","name":"Reginaldo J\u00fanior","image":{"@type":"ImageObject","inLanguage":"pt-BR","@id":"https:\/\/portalmf.com.br\/#\/schema\/person\/image\/","url":"https:\/\/secure.gravatar.com\/avatar\/32a3c797cd0ac47cc53b8644c62776f9?s=96&d=mm&r=g","contentUrl":"https:\/\/secure.gravatar.com\/avatar\/32a3c797cd0ac47cc53b8644c62776f9?s=96&d=mm&r=g","caption":"Reginaldo J\u00fanior"},"description":"Jornalista e idealizador Portal MF","sameAs":["https:\/\/portalmf.com.br\/index.php\/author\/reginaldojr\/","reginaldojrfsa","reginaldojuniormf","https:\/\/x.com\/reginaldojrmf"],"url":"https:\/\/portalmf.com.br\/index.php\/author\/reginaldojr\/"}]}},"_links":{"self":[{"href":"https:\/\/portalmf.com.br\/index.php\/wp-json\/wp\/v2\/posts\/4920"}],"collection":[{"href":"https:\/\/portalmf.com.br\/index.php\/wp-json\/wp\/v2\/posts"}],"about":[{"href":"https:\/\/portalmf.com.br\/index.php\/wp-json\/wp\/v2\/types\/post"}],"author":[{"embeddable":true,"href":"https:\/\/portalmf.com.br\/index.php\/wp-json\/wp\/v2\/users\/2"}],"replies":[{"embeddable":true,"href":"https:\/\/portalmf.com.br\/index.php\/wp-json\/wp\/v2\/comments?post=4920"}],"version-history":[{"count":2,"href":"https:\/\/portalmf.com.br\/index.php\/wp-json\/wp\/v2\/posts\/4920\/revisions"}],"predecessor-version":[{"id":5051,"href":"https:\/\/portalmf.com.br\/index.php\/wp-json\/wp\/v2\/posts\/4920\/revisions\/5051"}],"wp:featuredmedia":[{"embeddable":true,"href":"https:\/\/portalmf.com.br\/index.php\/wp-json\/wp\/v2\/media\/4921"}],"wp:attachment":[{"href":"https:\/\/portalmf.com.br\/index.php\/wp-json\/wp\/v2\/media?parent=4920"}],"wp:term":[{"taxonomy":"category","embeddable":true,"href":"https:\/\/portalmf.com.br\/index.php\/wp-json\/wp\/v2\/categories?post=4920"},{"taxonomy":"post_tag","embeddable":true,"href":"https:\/\/portalmf.com.br\/index.php\/wp-json\/wp\/v2\/tags?post=4920"}],"curies":[{"name":"wp","href":"https:\/\/api.w.org\/{rel}","templated":true}]}}