{"id":4790,"date":"2022-10-04T17:08:31","date_gmt":"2022-10-04T20:08:31","guid":{"rendered":"http:\/\/portalmf.com.br\/?p=4790"},"modified":"2022-10-04T17:08:32","modified_gmt":"2022-10-04T20:08:32","slug":"projeto-me-siga-no-pelo-traz-apresentacoes-gratuitas-para-celebrar-musica-da-bahia","status":"publish","type":"post","link":"https:\/\/portalmf.com.br\/index.php\/2022\/10\/04\/projeto-me-siga-no-pelo-traz-apresentacoes-gratuitas-para-celebrar-musica-da-bahia\/","title":{"rendered":"Projeto Me Siga no Pel\u00f4 traz apresenta\u00e7\u00f5es gratuitas para celebrar m\u00fasica da Bahia"},"content":{"rendered":"\n<p>O Projeto Me Siga no Pel\u00f4, traz ao Centro Hist\u00f3rico de Salvador, a apresenta\u00e7\u00e3o da Banda Me Siga, no dia 6 de outubro no Largo Tereza Batista, a partir das 20h. O projeto gratuito, conta ainda com a participa\u00e7\u00e3o especial do cantor Adelmo Cas\u00e9.<\/p>\n\n\n\n<p>Com o cantor Cristiano Ribeiro no vocal e uma forma\u00e7\u00e3o que inclui tr\u00eas percussionistas, duas backing vocals, guitarrista, baixista, tecladista e a participa\u00e7\u00e3o do sanfoneiro Cicinho de Assis, a banda tem como marca a jun\u00e7\u00e3o da percuss\u00e3o, muito presente na Ax\u00e9 Music, com a sanfona, instrumento caracter\u00edstico do forr\u00f3, como destacou seu produtor C\u00edcero Menezes.<\/p>\n\n\n\n<p>&#8220;Tive a ideia de juntar percuss\u00e3o, que sempre foi a minha praia por conta das minhas passagens por bandas como Timbalada, Araketu, entre outras, e a sanfona que acho um instrumento bel\u00edssimo e que ficou marginalizado ap\u00f3s a morte de Luiz Gonzaga e Dominguinhos. Ent\u00e3o convidei Cicinho, que \u00e9 um grande sanfoneiro baiano e amigo de inf\u00e2ncia, e harmonizamos o instrumento com a percuss\u00e3o e vem dando um resultado maravilhoso&#8221;, contou C\u00edcero.<\/p>\n\n\n\n<p>O Projeto Me Siga no Pel\u00f4 vem com intuito de trazer m\u00fasica acess\u00edvel para todos os p\u00fablicos e que frequentam o Pelourinho. Para a apresenta\u00e7\u00e3o no dia 6\/10, a Banda Me Siga levar\u00e1 seu repert\u00f3rio ecl\u00e9tico, que contempla cl\u00e1ssicos do ax\u00e9 e do forr\u00f3, al\u00e9m de releituras de artistas da MPB, samba, pop, dentre outros ritmos.<\/p>\n\n\n\n<p>&#8220;Expectativa a mil para esse momento! Vamos receber Adelmo, que vai deixar o projeto ainda mais especial\u201d. Disse Cristiano, vocalista da Banda Me Siga.<\/p>\n\n\n\n<p>O Projeto Me Siga \u00e9 produzido pela Vestido de Palha Produ\u00e7\u00f5es com apoio do Governo do Estado. A entrada \u00e9 gratuita mediante apresenta\u00e7\u00e3o do comprovante de vacina\u00e7\u00e3o.<\/p>\n\n\n\n<p>SERVI\u00c7O<br>O qu\u00ea: Projeto Me Siga no Pel\u00f4 &#8211; Banda Me Siga part. Adelmo Cas\u00e9<br>Quando: 06\/10\/2022<br>Hora: 20h<br>Onde: Largo Tereza Batista, Pelourinho, Salvador\/BA<br>Entrada: Gratuita<\/p>\n","protected":false},"excerpt":{"rendered":"<p>O Projeto Me Siga no Pel\u00f4, traz ao Centro Hist\u00f3rico de Salvador, a apresenta\u00e7\u00e3o da Banda Me Siga, no dia 6 de outubro no Largo Tereza Batista, a partir das 20h. O projeto gratuito, conta ainda com a participa\u00e7\u00e3o especial do cantor Adelmo Cas\u00e9. Com o cantor Cristiano Ribeiro no vocal e uma forma\u00e7\u00e3o que [&hellip;]<\/p>\n","protected":false},"author":2,"featured_media":4791,"comment_status":"open","ping_status":"open","sticky":false,"template":"","format":"standard","meta":{"_monsterinsights_skip_tracking":false,"_monsterinsights_sitenote_active":false,"_monsterinsights_sitenote_note":"","_monsterinsights_sitenote_category":0,"footnotes":""},"categories":[40],"tags":[],"yoast_head":"<!-- This site is optimized with the Yoast SEO plugin v22.9 - https:\/\/yoast.com\/wordpress\/plugins\/seo\/ -->\n<title>Projeto Me Siga no Pel\u00f4 traz apresenta\u00e7\u00f5es gratuitas para celebrar m\u00fasica da Bahia - Portal MF<\/title>\n<meta name=\"robots\" content=\"index, follow, max-snippet:-1, max-image-preview:large, max-video-preview:-1\" \/>\n<link rel=\"canonical\" href=\"https:\/\/portalmf.com.br\/index.php\/2022\/10\/04\/projeto-me-siga-no-pelo-traz-apresentacoes-gratuitas-para-celebrar-musica-da-bahia\/\" \/>\n<meta property=\"og:locale\" content=\"pt_BR\" \/>\n<meta property=\"og:type\" content=\"article\" \/>\n<meta property=\"og:title\" content=\"Projeto Me Siga no Pel\u00f4 traz apresenta\u00e7\u00f5es gratuitas para celebrar m\u00fasica da Bahia - Portal MF\" \/>\n<meta property=\"og:description\" content=\"O Projeto Me Siga no Pel\u00f4, traz ao Centro Hist\u00f3rico de Salvador, a apresenta\u00e7\u00e3o da Banda Me Siga, no dia 6 de outubro no Largo Tereza Batista, a partir das 20h. O projeto gratuito, conta ainda com a participa\u00e7\u00e3o especial do cantor Adelmo Cas\u00e9. Com o cantor Cristiano Ribeiro no vocal e uma forma\u00e7\u00e3o que [&hellip;]\" \/>\n<meta property=\"og:url\" content=\"https:\/\/portalmf.com.br\/index.php\/2022\/10\/04\/projeto-me-siga-no-pelo-traz-apresentacoes-gratuitas-para-celebrar-musica-da-bahia\/\" \/>\n<meta property=\"og:site_name\" content=\"Portal MF\" \/>\n<meta property=\"article:author\" content=\"reginaldojrfsa\" \/>\n<meta property=\"article:published_time\" content=\"2022-10-04T20:08:31+00:00\" \/>\n<meta property=\"article:modified_time\" content=\"2022-10-04T20:08:32+00:00\" \/>\n<meta property=\"og:image\" content=\"https:\/\/portalmf.com.br\/wp-content\/uploads\/2022\/10\/Projeto-Me-Siga-no-Pelo.jpg\" \/>\n\t<meta property=\"og:image:width\" content=\"600\" \/>\n\t<meta property=\"og:image:height\" content=\"400\" \/>\n\t<meta property=\"og:image:type\" content=\"image\/jpeg\" \/>\n<meta name=\"author\" content=\"Reginaldo J\u00fanior\" \/>\n<meta name=\"twitter:card\" content=\"summary_large_image\" \/>\n<meta name=\"twitter:creator\" content=\"@reginaldojrmf\" \/>\n<meta name=\"twitter:label1\" content=\"Escrito por\" \/>\n\t<meta name=\"twitter:data1\" content=\"Reginaldo J\u00fanior\" \/>\n\t<meta name=\"twitter:label2\" content=\"Est. tempo de leitura\" \/>\n\t<meta name=\"twitter:data2\" content=\"2 minutos\" \/>\n<script type=\"application\/ld+json\" class=\"yoast-schema-graph\">{\"@context\":\"https:\/\/schema.org\",\"@graph\":[{\"@type\":\"WebPage\",\"@id\":\"https:\/\/portalmf.com.br\/index.php\/2022\/10\/04\/projeto-me-siga-no-pelo-traz-apresentacoes-gratuitas-para-celebrar-musica-da-bahia\/\",\"url\":\"https:\/\/portalmf.com.br\/index.php\/2022\/10\/04\/projeto-me-siga-no-pelo-traz-apresentacoes-gratuitas-para-celebrar-musica-da-bahia\/\",\"name\":\"Projeto Me Siga no Pel\u00f4 traz apresenta\u00e7\u00f5es gratuitas para celebrar m\u00fasica da Bahia - Portal MF\",\"isPartOf\":{\"@id\":\"https:\/\/portalmf.com.br\/#website\"},\"primaryImageOfPage\":{\"@id\":\"https:\/\/portalmf.com.br\/index.php\/2022\/10\/04\/projeto-me-siga-no-pelo-traz-apresentacoes-gratuitas-para-celebrar-musica-da-bahia\/#primaryimage\"},\"image\":{\"@id\":\"https:\/\/portalmf.com.br\/index.php\/2022\/10\/04\/projeto-me-siga-no-pelo-traz-apresentacoes-gratuitas-para-celebrar-musica-da-bahia\/#primaryimage\"},\"thumbnailUrl\":\"https:\/\/portalmf.com.br\/wp-content\/uploads\/2022\/10\/Projeto-Me-Siga-no-Pelo.jpg\",\"datePublished\":\"2022-10-04T20:08:31+00:00\",\"dateModified\":\"2022-10-04T20:08:32+00:00\",\"author\":{\"@id\":\"https:\/\/portalmf.com.br\/#\/schema\/person\/11c82086fe8abc05a19147e964587285\"},\"breadcrumb\":{\"@id\":\"https:\/\/portalmf.com.br\/index.php\/2022\/10\/04\/projeto-me-siga-no-pelo-traz-apresentacoes-gratuitas-para-celebrar-musica-da-bahia\/#breadcrumb\"},\"inLanguage\":\"pt-BR\",\"potentialAction\":[{\"@type\":\"ReadAction\",\"target\":[\"https:\/\/portalmf.com.br\/index.php\/2022\/10\/04\/projeto-me-siga-no-pelo-traz-apresentacoes-gratuitas-para-celebrar-musica-da-bahia\/\"]}]},{\"@type\":\"ImageObject\",\"inLanguage\":\"pt-BR\",\"@id\":\"https:\/\/portalmf.com.br\/index.php\/2022\/10\/04\/projeto-me-siga-no-pelo-traz-apresentacoes-gratuitas-para-celebrar-musica-da-bahia\/#primaryimage\",\"url\":\"https:\/\/portalmf.com.br\/wp-content\/uploads\/2022\/10\/Projeto-Me-Siga-no-Pelo.jpg\",\"contentUrl\":\"https:\/\/portalmf.com.br\/wp-content\/uploads\/2022\/10\/Projeto-Me-Siga-no-Pelo.jpg\",\"width\":600,\"height\":400},{\"@type\":\"BreadcrumbList\",\"@id\":\"https:\/\/portalmf.com.br\/index.php\/2022\/10\/04\/projeto-me-siga-no-pelo-traz-apresentacoes-gratuitas-para-celebrar-musica-da-bahia\/#breadcrumb\",\"itemListElement\":[{\"@type\":\"ListItem\",\"position\":1,\"name\":\"In\u00edcio\",\"item\":\"https:\/\/portalmf.com.br\/\"},{\"@type\":\"ListItem\",\"position\":2,\"name\":\"Projeto Me Siga no Pel\u00f4 traz apresenta\u00e7\u00f5es gratuitas para celebrar m\u00fasica da Bahia\"}]},{\"@type\":\"WebSite\",\"@id\":\"https:\/\/portalmf.com.br\/#website\",\"url\":\"https:\/\/portalmf.com.br\/\",\"name\":\"Portal MF\",\"description\":\"Voc\u00ea conectado com a informa\u00e7\u00e3o\",\"potentialAction\":[{\"@type\":\"SearchAction\",\"target\":{\"@type\":\"EntryPoint\",\"urlTemplate\":\"https:\/\/portalmf.com.br\/?s={search_term_string}\"},\"query-input\":\"required name=search_term_string\"}],\"inLanguage\":\"pt-BR\"},{\"@type\":\"Person\",\"@id\":\"https:\/\/portalmf.com.br\/#\/schema\/person\/11c82086fe8abc05a19147e964587285\",\"name\":\"Reginaldo J\u00fanior\",\"image\":{\"@type\":\"ImageObject\",\"inLanguage\":\"pt-BR\",\"@id\":\"https:\/\/portalmf.com.br\/#\/schema\/person\/image\/\",\"url\":\"https:\/\/secure.gravatar.com\/avatar\/32a3c797cd0ac47cc53b8644c62776f9?s=96&d=mm&r=g\",\"contentUrl\":\"https:\/\/secure.gravatar.com\/avatar\/32a3c797cd0ac47cc53b8644c62776f9?s=96&d=mm&r=g\",\"caption\":\"Reginaldo J\u00fanior\"},\"description\":\"Jornalista e idealizador Portal MF\",\"sameAs\":[\"https:\/\/portalmf.com.br\/index.php\/author\/reginaldojr\/\",\"reginaldojrfsa\",\"reginaldojuniormf\",\"https:\/\/x.com\/reginaldojrmf\"],\"url\":\"https:\/\/portalmf.com.br\/index.php\/author\/reginaldojr\/\"}]}<\/script>\n<!-- \/ Yoast SEO plugin. -->","yoast_head_json":{"title":"Projeto Me Siga no Pel\u00f4 traz apresenta\u00e7\u00f5es gratuitas para celebrar m\u00fasica da Bahia - Portal MF","robots":{"index":"index","follow":"follow","max-snippet":"max-snippet:-1","max-image-preview":"max-image-preview:large","max-video-preview":"max-video-preview:-1"},"canonical":"https:\/\/portalmf.com.br\/index.php\/2022\/10\/04\/projeto-me-siga-no-pelo-traz-apresentacoes-gratuitas-para-celebrar-musica-da-bahia\/","og_locale":"pt_BR","og_type":"article","og_title":"Projeto Me Siga no Pel\u00f4 traz apresenta\u00e7\u00f5es gratuitas para celebrar m\u00fasica da Bahia - Portal MF","og_description":"O Projeto Me Siga no Pel\u00f4, traz ao Centro Hist\u00f3rico de Salvador, a apresenta\u00e7\u00e3o da Banda Me Siga, no dia 6 de outubro no Largo Tereza Batista, a partir das 20h. O projeto gratuito, conta ainda com a participa\u00e7\u00e3o especial do cantor Adelmo Cas\u00e9. Com o cantor Cristiano Ribeiro no vocal e uma forma\u00e7\u00e3o que [&hellip;]","og_url":"https:\/\/portalmf.com.br\/index.php\/2022\/10\/04\/projeto-me-siga-no-pelo-traz-apresentacoes-gratuitas-para-celebrar-musica-da-bahia\/","og_site_name":"Portal MF","article_author":"reginaldojrfsa","article_published_time":"2022-10-04T20:08:31+00:00","article_modified_time":"2022-10-04T20:08:32+00:00","og_image":[{"width":600,"height":400,"url":"https:\/\/portalmf.com.br\/wp-content\/uploads\/2022\/10\/Projeto-Me-Siga-no-Pelo.jpg","type":"image\/jpeg"}],"author":"Reginaldo J\u00fanior","twitter_card":"summary_large_image","twitter_creator":"@reginaldojrmf","twitter_misc":{"Escrito por":"Reginaldo J\u00fanior","Est. tempo de leitura":"2 minutos"},"schema":{"@context":"https:\/\/schema.org","@graph":[{"@type":"WebPage","@id":"https:\/\/portalmf.com.br\/index.php\/2022\/10\/04\/projeto-me-siga-no-pelo-traz-apresentacoes-gratuitas-para-celebrar-musica-da-bahia\/","url":"https:\/\/portalmf.com.br\/index.php\/2022\/10\/04\/projeto-me-siga-no-pelo-traz-apresentacoes-gratuitas-para-celebrar-musica-da-bahia\/","name":"Projeto Me Siga no Pel\u00f4 traz apresenta\u00e7\u00f5es gratuitas para celebrar m\u00fasica da Bahia - Portal MF","isPartOf":{"@id":"https:\/\/portalmf.com.br\/#website"},"primaryImageOfPage":{"@id":"https:\/\/portalmf.com.br\/index.php\/2022\/10\/04\/projeto-me-siga-no-pelo-traz-apresentacoes-gratuitas-para-celebrar-musica-da-bahia\/#primaryimage"},"image":{"@id":"https:\/\/portalmf.com.br\/index.php\/2022\/10\/04\/projeto-me-siga-no-pelo-traz-apresentacoes-gratuitas-para-celebrar-musica-da-bahia\/#primaryimage"},"thumbnailUrl":"https:\/\/portalmf.com.br\/wp-content\/uploads\/2022\/10\/Projeto-Me-Siga-no-Pelo.jpg","datePublished":"2022-10-04T20:08:31+00:00","dateModified":"2022-10-04T20:08:32+00:00","author":{"@id":"https:\/\/portalmf.com.br\/#\/schema\/person\/11c82086fe8abc05a19147e964587285"},"breadcrumb":{"@id":"https:\/\/portalmf.com.br\/index.php\/2022\/10\/04\/projeto-me-siga-no-pelo-traz-apresentacoes-gratuitas-para-celebrar-musica-da-bahia\/#breadcrumb"},"inLanguage":"pt-BR","potentialAction":[{"@type":"ReadAction","target":["https:\/\/portalmf.com.br\/index.php\/2022\/10\/04\/projeto-me-siga-no-pelo-traz-apresentacoes-gratuitas-para-celebrar-musica-da-bahia\/"]}]},{"@type":"ImageObject","inLanguage":"pt-BR","@id":"https:\/\/portalmf.com.br\/index.php\/2022\/10\/04\/projeto-me-siga-no-pelo-traz-apresentacoes-gratuitas-para-celebrar-musica-da-bahia\/#primaryimage","url":"https:\/\/portalmf.com.br\/wp-content\/uploads\/2022\/10\/Projeto-Me-Siga-no-Pelo.jpg","contentUrl":"https:\/\/portalmf.com.br\/wp-content\/uploads\/2022\/10\/Projeto-Me-Siga-no-Pelo.jpg","width":600,"height":400},{"@type":"BreadcrumbList","@id":"https:\/\/portalmf.com.br\/index.php\/2022\/10\/04\/projeto-me-siga-no-pelo-traz-apresentacoes-gratuitas-para-celebrar-musica-da-bahia\/#breadcrumb","itemListElement":[{"@type":"ListItem","position":1,"name":"In\u00edcio","item":"https:\/\/portalmf.com.br\/"},{"@type":"ListItem","position":2,"name":"Projeto Me Siga no Pel\u00f4 traz apresenta\u00e7\u00f5es gratuitas para celebrar m\u00fasica da Bahia"}]},{"@type":"WebSite","@id":"https:\/\/portalmf.com.br\/#website","url":"https:\/\/portalmf.com.br\/","name":"Portal MF","description":"Voc\u00ea conectado com a informa\u00e7\u00e3o","potentialAction":[{"@type":"SearchAction","target":{"@type":"EntryPoint","urlTemplate":"https:\/\/portalmf.com.br\/?s={search_term_string}"},"query-input":"required name=search_term_string"}],"inLanguage":"pt-BR"},{"@type":"Person","@id":"https:\/\/portalmf.com.br\/#\/schema\/person\/11c82086fe8abc05a19147e964587285","name":"Reginaldo J\u00fanior","image":{"@type":"ImageObject","inLanguage":"pt-BR","@id":"https:\/\/portalmf.com.br\/#\/schema\/person\/image\/","url":"https:\/\/secure.gravatar.com\/avatar\/32a3c797cd0ac47cc53b8644c62776f9?s=96&d=mm&r=g","contentUrl":"https:\/\/secure.gravatar.com\/avatar\/32a3c797cd0ac47cc53b8644c62776f9?s=96&d=mm&r=g","caption":"Reginaldo J\u00fanior"},"description":"Jornalista e idealizador Portal MF","sameAs":["https:\/\/portalmf.com.br\/index.php\/author\/reginaldojr\/","reginaldojrfsa","reginaldojuniormf","https:\/\/x.com\/reginaldojrmf"],"url":"https:\/\/portalmf.com.br\/index.php\/author\/reginaldojr\/"}]}},"_links":{"self":[{"href":"https:\/\/portalmf.com.br\/index.php\/wp-json\/wp\/v2\/posts\/4790"}],"collection":[{"href":"https:\/\/portalmf.com.br\/index.php\/wp-json\/wp\/v2\/posts"}],"about":[{"href":"https:\/\/portalmf.com.br\/index.php\/wp-json\/wp\/v2\/types\/post"}],"author":[{"embeddable":true,"href":"https:\/\/portalmf.com.br\/index.php\/wp-json\/wp\/v2\/users\/2"}],"replies":[{"embeddable":true,"href":"https:\/\/portalmf.com.br\/index.php\/wp-json\/wp\/v2\/comments?post=4790"}],"version-history":[{"count":1,"href":"https:\/\/portalmf.com.br\/index.php\/wp-json\/wp\/v2\/posts\/4790\/revisions"}],"predecessor-version":[{"id":4792,"href":"https:\/\/portalmf.com.br\/index.php\/wp-json\/wp\/v2\/posts\/4790\/revisions\/4792"}],"wp:featuredmedia":[{"embeddable":true,"href":"https:\/\/portalmf.com.br\/index.php\/wp-json\/wp\/v2\/media\/4791"}],"wp:attachment":[{"href":"https:\/\/portalmf.com.br\/index.php\/wp-json\/wp\/v2\/media?parent=4790"}],"wp:term":[{"taxonomy":"category","embeddable":true,"href":"https:\/\/portalmf.com.br\/index.php\/wp-json\/wp\/v2\/categories?post=4790"},{"taxonomy":"post_tag","embeddable":true,"href":"https:\/\/portalmf.com.br\/index.php\/wp-json\/wp\/v2\/tags?post=4790"}],"curies":[{"name":"wp","href":"https:\/\/api.w.org\/{rel}","templated":true}]}}