{"id":4586,"date":"2022-07-27T20:27:00","date_gmt":"2022-07-27T23:27:00","guid":{"rendered":"http:\/\/portalmf.com.br\/?p=4586"},"modified":"2023-08-10T13:17:46","modified_gmt":"2023-08-10T16:17:46","slug":"bc-estabelece-limite-de-cobranca-de-taxas-nas-maquinas-de-cartao","status":"publish","type":"post","link":"https:\/\/portalmf.com.br\/index.php\/2022\/07\/27\/bc-estabelece-limite-de-cobranca-de-taxas-nas-maquinas-de-cartao\/","title":{"rendered":"BC estabelece limite de cobran\u00e7a de taxas nas m\u00e1quinas de cart\u00e3o"},"content":{"rendered":"\n<p>O Banco Central estabeleceu limites para a cobran\u00e7a da tarifa de interc\u00e2mbio (TIC) e para o prazo de liquida\u00e7\u00e3o de opera\u00e7\u00f5es de cart\u00f5es pr\u00e9-pagos e de cart\u00f5es de d\u00e9bito. A TIC \u00e9 a remunera\u00e7\u00e3o paga ao emissor do cart\u00e3o, a cada transa\u00e7\u00e3o, pelo credenciador do estabelecimento comercial, que \u00e9 quem aluga as maquininhas de cart\u00e3o para os comerciantes.<\/p>\n\n\n\n<p>A nova regula\u00e7\u00e3o estabelece o limite m\u00e1ximo de 0,5% a ser aplicado em qualquer transa\u00e7\u00e3o de cart\u00f5es de d\u00e9bito e 0,7% aplicado em qualquer transa\u00e7\u00e3o de cart\u00f5es pr\u00e9-pagos. Tamb\u00e9m dever\u00e1 ser obedecido o mesmo prazo para disponibiliza\u00e7\u00e3o dos recursos aos estabelecimentos comerciais, independentemente de o cart\u00e3o ser de d\u00e9bito ou pr\u00e9-pago.<\/p>\n\n\n\n<p>A resolu\u00e7\u00e3o foi adotada pelo BC ap\u00f3s consulta p\u00fablica e passa a vigorar a partir de 1\u00ba de abril de 2023. Segundo o \u00f3rg\u00e3o, esta tarifa representa um custo que o credenciador repassa ao estabelecimento comercial que, por sua vez, repassa ao consumidor.<\/p>\n\n\n\n<p>\u201cAs medidas visam a aumentar a efici\u00eancia do ecossistema de pagamentos, estimular o uso de instrumentos de pagamentos mais baratos, possibilitando a redu\u00e7\u00e3o dos custos de aceita\u00e7\u00e3o desses cart\u00f5es aos estabelecimentos comerciais, al\u00e9m de possibilitar redu\u00e7\u00f5es de custo de produtos aos consumidores finais, de forma a proporcionar benef\u00edcios para toda a sociedade\u201d, explicou em nota.<\/p>\n\n\n\n<p>Segundo a autarquia a medida tamb\u00e9m aumenta a transpar\u00eancia para os participantes do mercado quanto aos custos envolvidos na transa\u00e7\u00e3o e facilita a supervis\u00e3o da aplica\u00e7\u00e3o da regra.<\/p>\n\n\n\n<p>O BC esclareceu que, em rela\u00e7\u00e3o \u00e0 regulamenta\u00e7\u00e3o anterior, a nova norma simplificou a forma de aplica\u00e7\u00e3o do limite para a TIC dos cart\u00f5es de d\u00e9bito. Antes, havia uma defini\u00e7\u00e3o cumulativa de m\u00e9dia ponderada de 0,5% e valor m\u00e1ximo por transa\u00e7\u00e3o de 0,8%, agora passar\u00e1 a ser apenas de um percentual m\u00e1ximo por opera\u00e7\u00e3o. A medida ainda eliminou as exce\u00e7\u00f5es previstas para transa\u00e7\u00f5es n\u00e3o presenciais e com uso de cart\u00f5es corporativos.<\/p>\n\n\n\n<p>No caso dos cart\u00f5es pr\u00e9-pagos, ao estabelecer o limite m\u00e1ximo de TIC, o Banco Central&nbsp; reconhece a \u201csua import\u00e2ncia para a inclus\u00e3o financeira da popula\u00e7\u00e3o de menor renda e para a digitaliza\u00e7\u00e3o da atividade de pagamentos, com a consequente redu\u00e7\u00e3o da utiliza\u00e7\u00e3o dinheiro para realizar pagamentos\u201d. Para o BC, a uniformiza\u00e7\u00e3o do prazo de liquida\u00e7\u00e3o das transa\u00e7\u00f5es, seja com cart\u00f5es de d\u00e9bito ou pr\u00e9-pagos, tamb\u00e9m possibilita melhores condi\u00e7\u00f5es para a gest\u00e3o de fluxo de caixa dos estabelecimentos comercias, al\u00e9m de reduzir eventuais custos de antecipa\u00e7\u00e3o de receb\u00edveis.<\/p>\n\n\n\n<p>Com informa\u00e7\u00f5es da Ag\u00eancia Brasil Foto: Marcelo Camargo\/Ag\u00eancia Brasil<\/p>\n","protected":false},"excerpt":{"rendered":"<p>O Banco Central estabeleceu limites para a cobran\u00e7a da tarifa de interc\u00e2mbio (TIC) e para o prazo de liquida\u00e7\u00e3o de opera\u00e7\u00f5es de cart\u00f5es pr\u00e9-pagos e de cart\u00f5es de d\u00e9bito. A TIC \u00e9 a remunera\u00e7\u00e3o paga ao emissor do cart\u00e3o, a cada transa\u00e7\u00e3o, pelo credenciador do estabelecimento comercial, que \u00e9 quem aluga as maquininhas de cart\u00e3o [&hellip;]<\/p>\n","protected":false},"author":2,"featured_media":4587,"comment_status":"open","ping_status":"open","sticky":false,"template":"","format":"standard","meta":{"_monsterinsights_skip_tracking":false,"_monsterinsights_sitenote_active":false,"_monsterinsights_sitenote_note":"","_monsterinsights_sitenote_category":0,"footnotes":""},"categories":[34],"tags":[],"yoast_head":"<!-- This site is optimized with the Yoast SEO plugin v22.9 - https:\/\/yoast.com\/wordpress\/plugins\/seo\/ -->\n<title>BC estabelece limite de cobran\u00e7a de taxas nas m\u00e1quinas de cart\u00e3o - Portal MF<\/title>\n<meta name=\"robots\" content=\"index, follow, max-snippet:-1, max-image-preview:large, max-video-preview:-1\" \/>\n<link rel=\"canonical\" href=\"https:\/\/portalmf.com.br\/index.php\/2022\/07\/27\/bc-estabelece-limite-de-cobranca-de-taxas-nas-maquinas-de-cartao\/\" \/>\n<meta property=\"og:locale\" content=\"pt_BR\" \/>\n<meta property=\"og:type\" content=\"article\" \/>\n<meta property=\"og:title\" content=\"BC estabelece limite de cobran\u00e7a de taxas nas m\u00e1quinas de cart\u00e3o - Portal MF\" \/>\n<meta property=\"og:description\" content=\"O Banco Central estabeleceu limites para a cobran\u00e7a da tarifa de interc\u00e2mbio (TIC) e para o prazo de liquida\u00e7\u00e3o de opera\u00e7\u00f5es de cart\u00f5es pr\u00e9-pagos e de cart\u00f5es de d\u00e9bito. A TIC \u00e9 a remunera\u00e7\u00e3o paga ao emissor do cart\u00e3o, a cada transa\u00e7\u00e3o, pelo credenciador do estabelecimento comercial, que \u00e9 quem aluga as maquininhas de cart\u00e3o [&hellip;]\" \/>\n<meta property=\"og:url\" content=\"https:\/\/portalmf.com.br\/index.php\/2022\/07\/27\/bc-estabelece-limite-de-cobranca-de-taxas-nas-maquinas-de-cartao\/\" \/>\n<meta property=\"og:site_name\" content=\"Portal MF\" \/>\n<meta property=\"article:author\" content=\"reginaldojrfsa\" \/>\n<meta property=\"article:published_time\" content=\"2022-07-27T23:27:00+00:00\" \/>\n<meta property=\"article:modified_time\" content=\"2023-08-10T16:17:46+00:00\" \/>\n<meta property=\"og:image\" content=\"https:\/\/portalmf.com.br\/wp-content\/uploads\/2022\/09\/maquininha_de_cartao_mcajr_170920201944.jpg\" \/>\n\t<meta property=\"og:image:width\" content=\"1170\" \/>\n\t<meta property=\"og:image:height\" content=\"700\" \/>\n\t<meta property=\"og:image:type\" content=\"image\/jpeg\" \/>\n<meta name=\"author\" content=\"Reginaldo J\u00fanior\" \/>\n<meta name=\"twitter:card\" content=\"summary_large_image\" \/>\n<meta name=\"twitter:creator\" content=\"@reginaldojrmf\" \/>\n<meta name=\"twitter:label1\" content=\"Escrito por\" \/>\n\t<meta name=\"twitter:data1\" content=\"Reginaldo J\u00fanior\" \/>\n\t<meta name=\"twitter:label2\" content=\"Est. tempo de leitura\" \/>\n\t<meta name=\"twitter:data2\" content=\"3 minutos\" \/>\n<script type=\"application\/ld+json\" class=\"yoast-schema-graph\">{\"@context\":\"https:\/\/schema.org\",\"@graph\":[{\"@type\":\"WebPage\",\"@id\":\"https:\/\/portalmf.com.br\/index.php\/2022\/07\/27\/bc-estabelece-limite-de-cobranca-de-taxas-nas-maquinas-de-cartao\/\",\"url\":\"https:\/\/portalmf.com.br\/index.php\/2022\/07\/27\/bc-estabelece-limite-de-cobranca-de-taxas-nas-maquinas-de-cartao\/\",\"name\":\"BC estabelece limite de cobran\u00e7a de taxas nas m\u00e1quinas de cart\u00e3o - Portal MF\",\"isPartOf\":{\"@id\":\"https:\/\/portalmf.com.br\/#website\"},\"primaryImageOfPage\":{\"@id\":\"https:\/\/portalmf.com.br\/index.php\/2022\/07\/27\/bc-estabelece-limite-de-cobranca-de-taxas-nas-maquinas-de-cartao\/#primaryimage\"},\"image\":{\"@id\":\"https:\/\/portalmf.com.br\/index.php\/2022\/07\/27\/bc-estabelece-limite-de-cobranca-de-taxas-nas-maquinas-de-cartao\/#primaryimage\"},\"thumbnailUrl\":\"https:\/\/portalmf.com.br\/wp-content\/uploads\/2022\/09\/maquininha_de_cartao_mcajr_170920201944.jpg\",\"datePublished\":\"2022-07-27T23:27:00+00:00\",\"dateModified\":\"2023-08-10T16:17:46+00:00\",\"author\":{\"@id\":\"https:\/\/portalmf.com.br\/#\/schema\/person\/11c82086fe8abc05a19147e964587285\"},\"breadcrumb\":{\"@id\":\"https:\/\/portalmf.com.br\/index.php\/2022\/07\/27\/bc-estabelece-limite-de-cobranca-de-taxas-nas-maquinas-de-cartao\/#breadcrumb\"},\"inLanguage\":\"pt-BR\",\"potentialAction\":[{\"@type\":\"ReadAction\",\"target\":[\"https:\/\/portalmf.com.br\/index.php\/2022\/07\/27\/bc-estabelece-limite-de-cobranca-de-taxas-nas-maquinas-de-cartao\/\"]}]},{\"@type\":\"ImageObject\",\"inLanguage\":\"pt-BR\",\"@id\":\"https:\/\/portalmf.com.br\/index.php\/2022\/07\/27\/bc-estabelece-limite-de-cobranca-de-taxas-nas-maquinas-de-cartao\/#primaryimage\",\"url\":\"https:\/\/portalmf.com.br\/wp-content\/uploads\/2022\/09\/maquininha_de_cartao_mcajr_170920201944.jpg\",\"contentUrl\":\"https:\/\/portalmf.com.br\/wp-content\/uploads\/2022\/09\/maquininha_de_cartao_mcajr_170920201944.jpg\",\"width\":1170,\"height\":700,\"caption\":\"Foto: Marcelo Camargo\/Ag\u00eancia Brasil\"},{\"@type\":\"BreadcrumbList\",\"@id\":\"https:\/\/portalmf.com.br\/index.php\/2022\/07\/27\/bc-estabelece-limite-de-cobranca-de-taxas-nas-maquinas-de-cartao\/#breadcrumb\",\"itemListElement\":[{\"@type\":\"ListItem\",\"position\":1,\"name\":\"In\u00edcio\",\"item\":\"https:\/\/portalmf.com.br\/\"},{\"@type\":\"ListItem\",\"position\":2,\"name\":\"BC estabelece limite de cobran\u00e7a de taxas nas m\u00e1quinas de cart\u00e3o\"}]},{\"@type\":\"WebSite\",\"@id\":\"https:\/\/portalmf.com.br\/#website\",\"url\":\"https:\/\/portalmf.com.br\/\",\"name\":\"Portal MF\",\"description\":\"Voc\u00ea conectado com a informa\u00e7\u00e3o\",\"potentialAction\":[{\"@type\":\"SearchAction\",\"target\":{\"@type\":\"EntryPoint\",\"urlTemplate\":\"https:\/\/portalmf.com.br\/?s={search_term_string}\"},\"query-input\":\"required name=search_term_string\"}],\"inLanguage\":\"pt-BR\"},{\"@type\":\"Person\",\"@id\":\"https:\/\/portalmf.com.br\/#\/schema\/person\/11c82086fe8abc05a19147e964587285\",\"name\":\"Reginaldo J\u00fanior\",\"image\":{\"@type\":\"ImageObject\",\"inLanguage\":\"pt-BR\",\"@id\":\"https:\/\/portalmf.com.br\/#\/schema\/person\/image\/\",\"url\":\"https:\/\/secure.gravatar.com\/avatar\/32a3c797cd0ac47cc53b8644c62776f9?s=96&d=mm&r=g\",\"contentUrl\":\"https:\/\/secure.gravatar.com\/avatar\/32a3c797cd0ac47cc53b8644c62776f9?s=96&d=mm&r=g\",\"caption\":\"Reginaldo J\u00fanior\"},\"description\":\"Jornalista e idealizador Portal MF\",\"sameAs\":[\"https:\/\/portalmf.com.br\/index.php\/author\/reginaldojr\/\",\"reginaldojrfsa\",\"reginaldojuniormf\",\"https:\/\/x.com\/reginaldojrmf\"],\"url\":\"https:\/\/portalmf.com.br\/index.php\/author\/reginaldojr\/\"}]}<\/script>\n<!-- \/ Yoast SEO plugin. -->","yoast_head_json":{"title":"BC estabelece limite de cobran\u00e7a de taxas nas m\u00e1quinas de cart\u00e3o - Portal MF","robots":{"index":"index","follow":"follow","max-snippet":"max-snippet:-1","max-image-preview":"max-image-preview:large","max-video-preview":"max-video-preview:-1"},"canonical":"https:\/\/portalmf.com.br\/index.php\/2022\/07\/27\/bc-estabelece-limite-de-cobranca-de-taxas-nas-maquinas-de-cartao\/","og_locale":"pt_BR","og_type":"article","og_title":"BC estabelece limite de cobran\u00e7a de taxas nas m\u00e1quinas de cart\u00e3o - Portal MF","og_description":"O Banco Central estabeleceu limites para a cobran\u00e7a da tarifa de interc\u00e2mbio (TIC) e para o prazo de liquida\u00e7\u00e3o de opera\u00e7\u00f5es de cart\u00f5es pr\u00e9-pagos e de cart\u00f5es de d\u00e9bito. A TIC \u00e9 a remunera\u00e7\u00e3o paga ao emissor do cart\u00e3o, a cada transa\u00e7\u00e3o, pelo credenciador do estabelecimento comercial, que \u00e9 quem aluga as maquininhas de cart\u00e3o [&hellip;]","og_url":"https:\/\/portalmf.com.br\/index.php\/2022\/07\/27\/bc-estabelece-limite-de-cobranca-de-taxas-nas-maquinas-de-cartao\/","og_site_name":"Portal MF","article_author":"reginaldojrfsa","article_published_time":"2022-07-27T23:27:00+00:00","article_modified_time":"2023-08-10T16:17:46+00:00","og_image":[{"width":1170,"height":700,"url":"https:\/\/portalmf.com.br\/wp-content\/uploads\/2022\/09\/maquininha_de_cartao_mcajr_170920201944.jpg","type":"image\/jpeg"}],"author":"Reginaldo J\u00fanior","twitter_card":"summary_large_image","twitter_creator":"@reginaldojrmf","twitter_misc":{"Escrito por":"Reginaldo J\u00fanior","Est. tempo de leitura":"3 minutos"},"schema":{"@context":"https:\/\/schema.org","@graph":[{"@type":"WebPage","@id":"https:\/\/portalmf.com.br\/index.php\/2022\/07\/27\/bc-estabelece-limite-de-cobranca-de-taxas-nas-maquinas-de-cartao\/","url":"https:\/\/portalmf.com.br\/index.php\/2022\/07\/27\/bc-estabelece-limite-de-cobranca-de-taxas-nas-maquinas-de-cartao\/","name":"BC estabelece limite de cobran\u00e7a de taxas nas m\u00e1quinas de cart\u00e3o - Portal MF","isPartOf":{"@id":"https:\/\/portalmf.com.br\/#website"},"primaryImageOfPage":{"@id":"https:\/\/portalmf.com.br\/index.php\/2022\/07\/27\/bc-estabelece-limite-de-cobranca-de-taxas-nas-maquinas-de-cartao\/#primaryimage"},"image":{"@id":"https:\/\/portalmf.com.br\/index.php\/2022\/07\/27\/bc-estabelece-limite-de-cobranca-de-taxas-nas-maquinas-de-cartao\/#primaryimage"},"thumbnailUrl":"https:\/\/portalmf.com.br\/wp-content\/uploads\/2022\/09\/maquininha_de_cartao_mcajr_170920201944.jpg","datePublished":"2022-07-27T23:27:00+00:00","dateModified":"2023-08-10T16:17:46+00:00","author":{"@id":"https:\/\/portalmf.com.br\/#\/schema\/person\/11c82086fe8abc05a19147e964587285"},"breadcrumb":{"@id":"https:\/\/portalmf.com.br\/index.php\/2022\/07\/27\/bc-estabelece-limite-de-cobranca-de-taxas-nas-maquinas-de-cartao\/#breadcrumb"},"inLanguage":"pt-BR","potentialAction":[{"@type":"ReadAction","target":["https:\/\/portalmf.com.br\/index.php\/2022\/07\/27\/bc-estabelece-limite-de-cobranca-de-taxas-nas-maquinas-de-cartao\/"]}]},{"@type":"ImageObject","inLanguage":"pt-BR","@id":"https:\/\/portalmf.com.br\/index.php\/2022\/07\/27\/bc-estabelece-limite-de-cobranca-de-taxas-nas-maquinas-de-cartao\/#primaryimage","url":"https:\/\/portalmf.com.br\/wp-content\/uploads\/2022\/09\/maquininha_de_cartao_mcajr_170920201944.jpg","contentUrl":"https:\/\/portalmf.com.br\/wp-content\/uploads\/2022\/09\/maquininha_de_cartao_mcajr_170920201944.jpg","width":1170,"height":700,"caption":"Foto: Marcelo Camargo\/Ag\u00eancia Brasil"},{"@type":"BreadcrumbList","@id":"https:\/\/portalmf.com.br\/index.php\/2022\/07\/27\/bc-estabelece-limite-de-cobranca-de-taxas-nas-maquinas-de-cartao\/#breadcrumb","itemListElement":[{"@type":"ListItem","position":1,"name":"In\u00edcio","item":"https:\/\/portalmf.com.br\/"},{"@type":"ListItem","position":2,"name":"BC estabelece limite de cobran\u00e7a de taxas nas m\u00e1quinas de cart\u00e3o"}]},{"@type":"WebSite","@id":"https:\/\/portalmf.com.br\/#website","url":"https:\/\/portalmf.com.br\/","name":"Portal MF","description":"Voc\u00ea conectado com a informa\u00e7\u00e3o","potentialAction":[{"@type":"SearchAction","target":{"@type":"EntryPoint","urlTemplate":"https:\/\/portalmf.com.br\/?s={search_term_string}"},"query-input":"required name=search_term_string"}],"inLanguage":"pt-BR"},{"@type":"Person","@id":"https:\/\/portalmf.com.br\/#\/schema\/person\/11c82086fe8abc05a19147e964587285","name":"Reginaldo J\u00fanior","image":{"@type":"ImageObject","inLanguage":"pt-BR","@id":"https:\/\/portalmf.com.br\/#\/schema\/person\/image\/","url":"https:\/\/secure.gravatar.com\/avatar\/32a3c797cd0ac47cc53b8644c62776f9?s=96&d=mm&r=g","contentUrl":"https:\/\/secure.gravatar.com\/avatar\/32a3c797cd0ac47cc53b8644c62776f9?s=96&d=mm&r=g","caption":"Reginaldo J\u00fanior"},"description":"Jornalista e idealizador Portal MF","sameAs":["https:\/\/portalmf.com.br\/index.php\/author\/reginaldojr\/","reginaldojrfsa","reginaldojuniormf","https:\/\/x.com\/reginaldojrmf"],"url":"https:\/\/portalmf.com.br\/index.php\/author\/reginaldojr\/"}]}},"_links":{"self":[{"href":"https:\/\/portalmf.com.br\/index.php\/wp-json\/wp\/v2\/posts\/4586"}],"collection":[{"href":"https:\/\/portalmf.com.br\/index.php\/wp-json\/wp\/v2\/posts"}],"about":[{"href":"https:\/\/portalmf.com.br\/index.php\/wp-json\/wp\/v2\/types\/post"}],"author":[{"embeddable":true,"href":"https:\/\/portalmf.com.br\/index.php\/wp-json\/wp\/v2\/users\/2"}],"replies":[{"embeddable":true,"href":"https:\/\/portalmf.com.br\/index.php\/wp-json\/wp\/v2\/comments?post=4586"}],"version-history":[{"count":1,"href":"https:\/\/portalmf.com.br\/index.php\/wp-json\/wp\/v2\/posts\/4586\/revisions"}],"predecessor-version":[{"id":4588,"href":"https:\/\/portalmf.com.br\/index.php\/wp-json\/wp\/v2\/posts\/4586\/revisions\/4588"}],"wp:featuredmedia":[{"embeddable":true,"href":"https:\/\/portalmf.com.br\/index.php\/wp-json\/wp\/v2\/media\/4587"}],"wp:attachment":[{"href":"https:\/\/portalmf.com.br\/index.php\/wp-json\/wp\/v2\/media?parent=4586"}],"wp:term":[{"taxonomy":"category","embeddable":true,"href":"https:\/\/portalmf.com.br\/index.php\/wp-json\/wp\/v2\/categories?post=4586"},{"taxonomy":"post_tag","embeddable":true,"href":"https:\/\/portalmf.com.br\/index.php\/wp-json\/wp\/v2\/tags?post=4586"}],"curies":[{"name":"wp","href":"https:\/\/api.w.org\/{rel}","templated":true}]}}