{"id":4543,"date":"2022-09-23T10:47:00","date_gmt":"2022-09-23T13:47:00","guid":{"rendered":"http:\/\/portalmf.com.br\/?p=4543"},"modified":"2022-09-23T15:49:33","modified_gmt":"2022-09-23T18:49:33","slug":"passageiros-aprovam-o-novo-terminal-da-pampalona-nos-primeiros-dias-de-funcionamento","status":"publish","type":"post","link":"https:\/\/portalmf.com.br\/index.php\/2022\/09\/23\/passageiros-aprovam-o-novo-terminal-da-pampalona-nos-primeiros-dias-de-funcionamento\/","title":{"rendered":"Passageiros aprovam o novo terminal da Pampalona nos primeiros dias de funcionamento"},"content":{"rendered":"\n<p>Os passageiros t\u00eam aprovado, h\u00e1 apenas quatro dias de inaugurado, as melhorias no transporte p\u00fablico urbano ao utilizar o terminal de transbordo da Pampalona. A auxiliar de limpeza Maria Alves de Oliveira tem na ponta da l\u00edngua a resposta pela implanta\u00e7\u00e3o do equipamento p\u00fablico de mobilidade da Prefeitura de Feira.&nbsp;<\/p>\n\n\n\n<p><em>\u201cFicou excelente, tudo \u2018blue\u2019. Facilitou demais o nosso deslocamento\u201d,<\/em>&nbsp;considera.&nbsp;A cada 15 minutos, dez linhas e 19 ve\u00edculos circulam no terminal proporcionando agilidade e praticidade no atendimento ao usu\u00e1rio. Todas as linhas fazem integra\u00e7\u00e3o com Terminal Central.&nbsp;&nbsp;<\/p>\n\n\n\n<p><em>\u201cMelhorou muito e os \u00f4nibus chegam e saem mais r\u00e1pido aqui\u201d,<\/em>&nbsp;observa o auxiliar de entrega, Ant\u00f4nio Luciano, morador da Asa Branca. Entretanto,&nbsp; a seguran\u00e7a \u00e9 o item mais elogiado entre os usu\u00e1rios que encontram-se no terminal.&nbsp;<\/p>\n\n\n\n<p>Para merendeira Vera Leal, que usa o transporte para se deslocar at\u00e9 a Mangabeira, a espera pelo \u00f4nibus no equipamento \u00e9 mais seguro do que nos pontos, al\u00e9m de n\u00e3o ter que enfrentar sol nem chuva.&nbsp;<em>\u201cE aqui tem mais op\u00e7\u00f5es de hor\u00e1rios\u201d<\/em>, complementa.&nbsp;&nbsp;<\/p>\n\n\n\n<p>Outra vantagem \u00e9 que o usu\u00e1rio pode fazer a recarga de cr\u00e9ditos no cart\u00e3o Via Feira atrav\u00e9s do aplicativo KIM + de forma 100% digital.<\/p>\n\n\n\n<p>Al\u00e9m da Pampalona, mais seis bairros e um distrito s\u00e3o contemplados com o servi\u00e7o diretamente atrav\u00e9s do terminal, sendo eles: Asa Branca, Pedra Ferrada, Campo do Gado, S\u00edtio Novo, George Am\u00e9rico, Morada das \u00c1rvores e&nbsp; Maria Quit\u00e9ria (S\u00e3o Jos\u00e9).<\/p>\n\n\n\n<p>Outros quatro bairros s\u00e3o beneficiados indiretamente com o atendimento de transporte, a exemplo da Gabriela, Jardim Cruzeiro e Sobradinho.&nbsp;&nbsp;<\/p>\n\n\n\n<p>A cabelereira Edlane Regina \u00e9 uma das passageiras atendidas diariamente pelo transporte p\u00fablico.\u00a0<em>\u201cTrabalho e moro na Pampalona e sempre vou ao Sobradinho. T\u00e1 bom demais\u201d.<\/em><\/p>\n\n\n\n<p>Com informa\u00e7\u00f5es da Secom<\/p>\n","protected":false},"excerpt":{"rendered":"<p>Os passageiros t\u00eam aprovado, h\u00e1 apenas quatro dias de inaugurado, as melhorias no transporte p\u00fablico urbano ao utilizar o terminal de transbordo da Pampalona. A auxiliar de limpeza Maria Alves de Oliveira tem na ponta da l\u00edngua a resposta pela implanta\u00e7\u00e3o do equipamento p\u00fablico de mobilidade da Prefeitura de Feira.&nbsp; \u201cFicou excelente, tudo \u2018blue\u2019. Facilitou [&hellip;]<\/p>\n","protected":false},"author":2,"featured_media":4544,"comment_status":"open","ping_status":"open","sticky":false,"template":"","format":"standard","meta":{"_monsterinsights_skip_tracking":false,"_monsterinsights_sitenote_active":false,"_monsterinsights_sitenote_note":"","_monsterinsights_sitenote_category":0,"footnotes":""},"categories":[34],"tags":[],"yoast_head":"<!-- This site is optimized with the Yoast SEO plugin v22.9 - https:\/\/yoast.com\/wordpress\/plugins\/seo\/ -->\n<title>Passageiros aprovam o novo terminal da Pampalona nos primeiros dias de funcionamento - Portal MF<\/title>\n<meta name=\"robots\" content=\"index, follow, max-snippet:-1, max-image-preview:large, max-video-preview:-1\" \/>\n<link rel=\"canonical\" href=\"https:\/\/portalmf.com.br\/index.php\/2022\/09\/23\/passageiros-aprovam-o-novo-terminal-da-pampalona-nos-primeiros-dias-de-funcionamento\/\" \/>\n<meta property=\"og:locale\" content=\"pt_BR\" \/>\n<meta property=\"og:type\" content=\"article\" \/>\n<meta property=\"og:title\" content=\"Passageiros aprovam o novo terminal da Pampalona nos primeiros dias de funcionamento - Portal MF\" \/>\n<meta property=\"og:description\" content=\"Os passageiros t\u00eam aprovado, h\u00e1 apenas quatro dias de inaugurado, as melhorias no transporte p\u00fablico urbano ao utilizar o terminal de transbordo da Pampalona. A auxiliar de limpeza Maria Alves de Oliveira tem na ponta da l\u00edngua a resposta pela implanta\u00e7\u00e3o do equipamento p\u00fablico de mobilidade da Prefeitura de Feira.&nbsp; \u201cFicou excelente, tudo \u2018blue\u2019. Facilitou [&hellip;]\" \/>\n<meta property=\"og:url\" content=\"https:\/\/portalmf.com.br\/index.php\/2022\/09\/23\/passageiros-aprovam-o-novo-terminal-da-pampalona-nos-primeiros-dias-de-funcionamento\/\" \/>\n<meta property=\"og:site_name\" content=\"Portal MF\" \/>\n<meta property=\"article:author\" content=\"reginaldojrfsa\" \/>\n<meta property=\"article:published_time\" content=\"2022-09-23T13:47:00+00:00\" \/>\n<meta property=\"article:modified_time\" content=\"2022-09-23T18:49:33+00:00\" \/>\n<meta property=\"og:image\" content=\"https:\/\/portalmf.com.br\/wp-content\/uploads\/2022\/09\/Terminal-rodoviario-do-bairro-Pampalona-22-09-2022-Foto-Andrews-Pedra-Brnca-3.jpg\" \/>\n\t<meta property=\"og:image:width\" content=\"1299\" \/>\n\t<meta property=\"og:image:height\" content=\"866\" \/>\n\t<meta property=\"og:image:type\" content=\"image\/jpeg\" \/>\n<meta name=\"author\" content=\"Reginaldo J\u00fanior\" \/>\n<meta name=\"twitter:card\" content=\"summary_large_image\" \/>\n<meta name=\"twitter:creator\" content=\"@reginaldojrmf\" \/>\n<meta name=\"twitter:label1\" content=\"Escrito por\" \/>\n\t<meta name=\"twitter:data1\" content=\"Reginaldo J\u00fanior\" \/>\n\t<meta name=\"twitter:label2\" content=\"Est. tempo de leitura\" \/>\n\t<meta name=\"twitter:data2\" content=\"2 minutos\" \/>\n<script type=\"application\/ld+json\" class=\"yoast-schema-graph\">{\"@context\":\"https:\/\/schema.org\",\"@graph\":[{\"@type\":\"WebPage\",\"@id\":\"https:\/\/portalmf.com.br\/index.php\/2022\/09\/23\/passageiros-aprovam-o-novo-terminal-da-pampalona-nos-primeiros-dias-de-funcionamento\/\",\"url\":\"https:\/\/portalmf.com.br\/index.php\/2022\/09\/23\/passageiros-aprovam-o-novo-terminal-da-pampalona-nos-primeiros-dias-de-funcionamento\/\",\"name\":\"Passageiros aprovam o novo terminal da Pampalona nos primeiros dias de funcionamento - Portal MF\",\"isPartOf\":{\"@id\":\"https:\/\/portalmf.com.br\/#website\"},\"primaryImageOfPage\":{\"@id\":\"https:\/\/portalmf.com.br\/index.php\/2022\/09\/23\/passageiros-aprovam-o-novo-terminal-da-pampalona-nos-primeiros-dias-de-funcionamento\/#primaryimage\"},\"image\":{\"@id\":\"https:\/\/portalmf.com.br\/index.php\/2022\/09\/23\/passageiros-aprovam-o-novo-terminal-da-pampalona-nos-primeiros-dias-de-funcionamento\/#primaryimage\"},\"thumbnailUrl\":\"https:\/\/portalmf.com.br\/wp-content\/uploads\/2022\/09\/Terminal-rodoviario-do-bairro-Pampalona-22-09-2022-Foto-Andrews-Pedra-Brnca-3.jpg\",\"datePublished\":\"2022-09-23T13:47:00+00:00\",\"dateModified\":\"2022-09-23T18:49:33+00:00\",\"author\":{\"@id\":\"https:\/\/portalmf.com.br\/#\/schema\/person\/11c82086fe8abc05a19147e964587285\"},\"breadcrumb\":{\"@id\":\"https:\/\/portalmf.com.br\/index.php\/2022\/09\/23\/passageiros-aprovam-o-novo-terminal-da-pampalona-nos-primeiros-dias-de-funcionamento\/#breadcrumb\"},\"inLanguage\":\"pt-BR\",\"potentialAction\":[{\"@type\":\"ReadAction\",\"target\":[\"https:\/\/portalmf.com.br\/index.php\/2022\/09\/23\/passageiros-aprovam-o-novo-terminal-da-pampalona-nos-primeiros-dias-de-funcionamento\/\"]}]},{\"@type\":\"ImageObject\",\"inLanguage\":\"pt-BR\",\"@id\":\"https:\/\/portalmf.com.br\/index.php\/2022\/09\/23\/passageiros-aprovam-o-novo-terminal-da-pampalona-nos-primeiros-dias-de-funcionamento\/#primaryimage\",\"url\":\"https:\/\/portalmf.com.br\/wp-content\/uploads\/2022\/09\/Terminal-rodoviario-do-bairro-Pampalona-22-09-2022-Foto-Andrews-Pedra-Brnca-3.jpg\",\"contentUrl\":\"https:\/\/portalmf.com.br\/wp-content\/uploads\/2022\/09\/Terminal-rodoviario-do-bairro-Pampalona-22-09-2022-Foto-Andrews-Pedra-Brnca-3.jpg\",\"width\":1299,\"height\":866},{\"@type\":\"BreadcrumbList\",\"@id\":\"https:\/\/portalmf.com.br\/index.php\/2022\/09\/23\/passageiros-aprovam-o-novo-terminal-da-pampalona-nos-primeiros-dias-de-funcionamento\/#breadcrumb\",\"itemListElement\":[{\"@type\":\"ListItem\",\"position\":1,\"name\":\"In\u00edcio\",\"item\":\"https:\/\/portalmf.com.br\/\"},{\"@type\":\"ListItem\",\"position\":2,\"name\":\"Passageiros aprovam o novo terminal da Pampalona nos primeiros dias de funcionamento\"}]},{\"@type\":\"WebSite\",\"@id\":\"https:\/\/portalmf.com.br\/#website\",\"url\":\"https:\/\/portalmf.com.br\/\",\"name\":\"Portal MF\",\"description\":\"Voc\u00ea conectado com a informa\u00e7\u00e3o\",\"potentialAction\":[{\"@type\":\"SearchAction\",\"target\":{\"@type\":\"EntryPoint\",\"urlTemplate\":\"https:\/\/portalmf.com.br\/?s={search_term_string}\"},\"query-input\":\"required name=search_term_string\"}],\"inLanguage\":\"pt-BR\"},{\"@type\":\"Person\",\"@id\":\"https:\/\/portalmf.com.br\/#\/schema\/person\/11c82086fe8abc05a19147e964587285\",\"name\":\"Reginaldo J\u00fanior\",\"image\":{\"@type\":\"ImageObject\",\"inLanguage\":\"pt-BR\",\"@id\":\"https:\/\/portalmf.com.br\/#\/schema\/person\/image\/\",\"url\":\"https:\/\/secure.gravatar.com\/avatar\/32a3c797cd0ac47cc53b8644c62776f9?s=96&d=mm&r=g\",\"contentUrl\":\"https:\/\/secure.gravatar.com\/avatar\/32a3c797cd0ac47cc53b8644c62776f9?s=96&d=mm&r=g\",\"caption\":\"Reginaldo J\u00fanior\"},\"description\":\"Jornalista e idealizador Portal MF\",\"sameAs\":[\"https:\/\/portalmf.com.br\/index.php\/author\/reginaldojr\/\",\"reginaldojrfsa\",\"reginaldojuniormf\",\"https:\/\/x.com\/reginaldojrmf\"],\"url\":\"https:\/\/portalmf.com.br\/index.php\/author\/reginaldojr\/\"}]}<\/script>\n<!-- \/ Yoast SEO plugin. -->","yoast_head_json":{"title":"Passageiros aprovam o novo terminal da Pampalona nos primeiros dias de funcionamento - Portal MF","robots":{"index":"index","follow":"follow","max-snippet":"max-snippet:-1","max-image-preview":"max-image-preview:large","max-video-preview":"max-video-preview:-1"},"canonical":"https:\/\/portalmf.com.br\/index.php\/2022\/09\/23\/passageiros-aprovam-o-novo-terminal-da-pampalona-nos-primeiros-dias-de-funcionamento\/","og_locale":"pt_BR","og_type":"article","og_title":"Passageiros aprovam o novo terminal da Pampalona nos primeiros dias de funcionamento - Portal MF","og_description":"Os passageiros t\u00eam aprovado, h\u00e1 apenas quatro dias de inaugurado, as melhorias no transporte p\u00fablico urbano ao utilizar o terminal de transbordo da Pampalona. A auxiliar de limpeza Maria Alves de Oliveira tem na ponta da l\u00edngua a resposta pela implanta\u00e7\u00e3o do equipamento p\u00fablico de mobilidade da Prefeitura de Feira.&nbsp; \u201cFicou excelente, tudo \u2018blue\u2019. Facilitou [&hellip;]","og_url":"https:\/\/portalmf.com.br\/index.php\/2022\/09\/23\/passageiros-aprovam-o-novo-terminal-da-pampalona-nos-primeiros-dias-de-funcionamento\/","og_site_name":"Portal MF","article_author":"reginaldojrfsa","article_published_time":"2022-09-23T13:47:00+00:00","article_modified_time":"2022-09-23T18:49:33+00:00","og_image":[{"width":1299,"height":866,"url":"https:\/\/portalmf.com.br\/wp-content\/uploads\/2022\/09\/Terminal-rodoviario-do-bairro-Pampalona-22-09-2022-Foto-Andrews-Pedra-Brnca-3.jpg","type":"image\/jpeg"}],"author":"Reginaldo J\u00fanior","twitter_card":"summary_large_image","twitter_creator":"@reginaldojrmf","twitter_misc":{"Escrito por":"Reginaldo J\u00fanior","Est. tempo de leitura":"2 minutos"},"schema":{"@context":"https:\/\/schema.org","@graph":[{"@type":"WebPage","@id":"https:\/\/portalmf.com.br\/index.php\/2022\/09\/23\/passageiros-aprovam-o-novo-terminal-da-pampalona-nos-primeiros-dias-de-funcionamento\/","url":"https:\/\/portalmf.com.br\/index.php\/2022\/09\/23\/passageiros-aprovam-o-novo-terminal-da-pampalona-nos-primeiros-dias-de-funcionamento\/","name":"Passageiros aprovam o novo terminal da Pampalona nos primeiros dias de funcionamento - Portal MF","isPartOf":{"@id":"https:\/\/portalmf.com.br\/#website"},"primaryImageOfPage":{"@id":"https:\/\/portalmf.com.br\/index.php\/2022\/09\/23\/passageiros-aprovam-o-novo-terminal-da-pampalona-nos-primeiros-dias-de-funcionamento\/#primaryimage"},"image":{"@id":"https:\/\/portalmf.com.br\/index.php\/2022\/09\/23\/passageiros-aprovam-o-novo-terminal-da-pampalona-nos-primeiros-dias-de-funcionamento\/#primaryimage"},"thumbnailUrl":"https:\/\/portalmf.com.br\/wp-content\/uploads\/2022\/09\/Terminal-rodoviario-do-bairro-Pampalona-22-09-2022-Foto-Andrews-Pedra-Brnca-3.jpg","datePublished":"2022-09-23T13:47:00+00:00","dateModified":"2022-09-23T18:49:33+00:00","author":{"@id":"https:\/\/portalmf.com.br\/#\/schema\/person\/11c82086fe8abc05a19147e964587285"},"breadcrumb":{"@id":"https:\/\/portalmf.com.br\/index.php\/2022\/09\/23\/passageiros-aprovam-o-novo-terminal-da-pampalona-nos-primeiros-dias-de-funcionamento\/#breadcrumb"},"inLanguage":"pt-BR","potentialAction":[{"@type":"ReadAction","target":["https:\/\/portalmf.com.br\/index.php\/2022\/09\/23\/passageiros-aprovam-o-novo-terminal-da-pampalona-nos-primeiros-dias-de-funcionamento\/"]}]},{"@type":"ImageObject","inLanguage":"pt-BR","@id":"https:\/\/portalmf.com.br\/index.php\/2022\/09\/23\/passageiros-aprovam-o-novo-terminal-da-pampalona-nos-primeiros-dias-de-funcionamento\/#primaryimage","url":"https:\/\/portalmf.com.br\/wp-content\/uploads\/2022\/09\/Terminal-rodoviario-do-bairro-Pampalona-22-09-2022-Foto-Andrews-Pedra-Brnca-3.jpg","contentUrl":"https:\/\/portalmf.com.br\/wp-content\/uploads\/2022\/09\/Terminal-rodoviario-do-bairro-Pampalona-22-09-2022-Foto-Andrews-Pedra-Brnca-3.jpg","width":1299,"height":866},{"@type":"BreadcrumbList","@id":"https:\/\/portalmf.com.br\/index.php\/2022\/09\/23\/passageiros-aprovam-o-novo-terminal-da-pampalona-nos-primeiros-dias-de-funcionamento\/#breadcrumb","itemListElement":[{"@type":"ListItem","position":1,"name":"In\u00edcio","item":"https:\/\/portalmf.com.br\/"},{"@type":"ListItem","position":2,"name":"Passageiros aprovam o novo terminal da Pampalona nos primeiros dias de funcionamento"}]},{"@type":"WebSite","@id":"https:\/\/portalmf.com.br\/#website","url":"https:\/\/portalmf.com.br\/","name":"Portal MF","description":"Voc\u00ea conectado com a informa\u00e7\u00e3o","potentialAction":[{"@type":"SearchAction","target":{"@type":"EntryPoint","urlTemplate":"https:\/\/portalmf.com.br\/?s={search_term_string}"},"query-input":"required name=search_term_string"}],"inLanguage":"pt-BR"},{"@type":"Person","@id":"https:\/\/portalmf.com.br\/#\/schema\/person\/11c82086fe8abc05a19147e964587285","name":"Reginaldo J\u00fanior","image":{"@type":"ImageObject","inLanguage":"pt-BR","@id":"https:\/\/portalmf.com.br\/#\/schema\/person\/image\/","url":"https:\/\/secure.gravatar.com\/avatar\/32a3c797cd0ac47cc53b8644c62776f9?s=96&d=mm&r=g","contentUrl":"https:\/\/secure.gravatar.com\/avatar\/32a3c797cd0ac47cc53b8644c62776f9?s=96&d=mm&r=g","caption":"Reginaldo J\u00fanior"},"description":"Jornalista e idealizador Portal MF","sameAs":["https:\/\/portalmf.com.br\/index.php\/author\/reginaldojr\/","reginaldojrfsa","reginaldojuniormf","https:\/\/x.com\/reginaldojrmf"],"url":"https:\/\/portalmf.com.br\/index.php\/author\/reginaldojr\/"}]}},"_links":{"self":[{"href":"https:\/\/portalmf.com.br\/index.php\/wp-json\/wp\/v2\/posts\/4543"}],"collection":[{"href":"https:\/\/portalmf.com.br\/index.php\/wp-json\/wp\/v2\/posts"}],"about":[{"href":"https:\/\/portalmf.com.br\/index.php\/wp-json\/wp\/v2\/types\/post"}],"author":[{"embeddable":true,"href":"https:\/\/portalmf.com.br\/index.php\/wp-json\/wp\/v2\/users\/2"}],"replies":[{"embeddable":true,"href":"https:\/\/portalmf.com.br\/index.php\/wp-json\/wp\/v2\/comments?post=4543"}],"version-history":[{"count":1,"href":"https:\/\/portalmf.com.br\/index.php\/wp-json\/wp\/v2\/posts\/4543\/revisions"}],"predecessor-version":[{"id":4545,"href":"https:\/\/portalmf.com.br\/index.php\/wp-json\/wp\/v2\/posts\/4543\/revisions\/4545"}],"wp:featuredmedia":[{"embeddable":true,"href":"https:\/\/portalmf.com.br\/index.php\/wp-json\/wp\/v2\/media\/4544"}],"wp:attachment":[{"href":"https:\/\/portalmf.com.br\/index.php\/wp-json\/wp\/v2\/media?parent=4543"}],"wp:term":[{"taxonomy":"category","embeddable":true,"href":"https:\/\/portalmf.com.br\/index.php\/wp-json\/wp\/v2\/categories?post=4543"},{"taxonomy":"post_tag","embeddable":true,"href":"https:\/\/portalmf.com.br\/index.php\/wp-json\/wp\/v2\/tags?post=4543"}],"curies":[{"name":"wp","href":"https:\/\/api.w.org\/{rel}","templated":true}]}}