{"id":4485,"date":"2022-09-22T16:16:34","date_gmt":"2022-09-22T19:16:34","guid":{"rendered":"http:\/\/portalmf.com.br\/?p=4485"},"modified":"2022-09-22T16:44:48","modified_gmt":"2022-09-22T19:44:48","slug":"a-cidade-precisa-retomar-o-turismo-de-negocios-diz-jeronimo-rodrigues-em-feira-de-santana","status":"publish","type":"post","link":"https:\/\/portalmf.com.br\/index.php\/2022\/09\/22\/a-cidade-precisa-retomar-o-turismo-de-negocios-diz-jeronimo-rodrigues-em-feira-de-santana\/","title":{"rendered":"\u201cA cidade precisa retomar o turismo de neg\u00f3cios\u201d, diz Jer\u00f4nimo Rodrigues em Feira de Santana"},"content":{"rendered":"\n<p>O candidato a governador pela Federa\u00e7\u00e3o Brasil da Esperan\u00e7a formada pelo PT, PC do B e PV, Jer\u00f4nimo Rodrigues, esteve em Feira de Santana na tarde desta quarta-feira (21), onde realizou uma caminhada pelo centro de Feira de Santana, ao lado governador Rui Costa, prefeito e vereadores da regi\u00e3o, do candidato ao Senador Otto Alencar e candidatos a deputados Estaduais e Federais da coliga\u00e7\u00e3o.<\/p>\n\n\n\n<p>Durante entrevista ao Portal MF o candidato garantiu, que em uma futura gest\u00e3o ir\u00e1 atuar para fortalecer e dinamizar a economia baiana em parceria com os empres\u00e1rios e com o presidente Lula (PT).&nbsp; O petista destacou que ir\u00e1 manter o investimento em infraestrutura, destacou os principais pilares do seu plano econ\u00f4mico e indicou seus planos para Feira de Santana e regi\u00e3o.<\/p>\n\n\n\n<p><em>&#8220;N\u00f3s vamos atuar ao lado do empresariado, seremos parceiro dos empres\u00e1rios baianos. Ao lado dos prefeitos, empres\u00e1rios, eu vou buscar junto ao presidente Lula a chegada de mais investimentos para Bahia, melhores condi\u00e7\u00f5es, atrair empresas. O meu governo ser\u00e1 marcado pelo fortalecimento da economia, parceria com os empres\u00e1rios aliado ao avan\u00e7o com inclus\u00e3o social&#8221;,<\/em> afirmou Jer\u00f4nimo.<\/p>\n\n\n\n<p>Jer\u00f4nimo ainda garantiu modernizar e estruturar o centro industrial de Feira de Santana, oferecer melhores condi\u00e7\u00f5es ao empresariado e garantir um investimento em infraestrutura na cidade. <em>&#8220;N\u00f3s estaremos ao lado de Lula para garantir o anel de contorno aqui para Feira. O meu governo ir\u00e1 atuar fortemente na gera\u00e7\u00e3o de emprego e renda, n\u00f3s vamos garantir que a Bahia continuar\u00e1 avan\u00e7ando ao lado de Lula e dos empres\u00e1rios&#8221;, <\/em>complementou.<\/p>\n\n\n\n<p><strong>Cultura<\/strong><\/p>\n\n\n\n<p>Jer\u00f4nimo Rodrigues disse que ir\u00e1 atuar em parceria com os prefeitos de toda Bahia e com o presidente para fortalecer a economia baiana e o cen\u00e1rio cultural. <em>&#8220;N\u00f3s atuaremos em parceria com os empres\u00e1rios do setor, iremos ouvir as demandas e fornecer todas as condi\u00e7\u00f5es para que o empresariado e o setor possam se desenvolver ainda mais&#8221;,<\/em> explicou o candidato.<\/p>\n\n\n\n<p>Sobre o setor de turismo no munic\u00edpio, o candidato pretende em um futuro governo, terminar obras de equipamentos que est\u00e3o parados na cidade para gera\u00e7\u00e3o do turismo na cidade.<\/p>\n\n\n\n<p><em>\u201cPrecisamos agora forma m\u00e3o de obras, junto com o sistema S e universidades, para hot\u00e9is e restaurantes. Vou construir o centro de conven\u00e7\u00f5es municipal, vamos retoma aquela ab\u00f3bora, que tem um significado importante para quem \u00e9 de Feira, vamos concluir o audit\u00f3rio da UEFS para que possa acontecer eventos, a cidade precisa retomar com o turismo de neg\u00f3cios e o aeroporto, que com certeza vai atrair turista e recursos para a cidade\u201d,<\/em> disse o candidato que refor\u00e7ou ainda a import\u00e2ncia de uma pol\u00edtica nacional e de valoriza\u00e7\u00e3o da cultura, coordenada pelo Governo Federal, conforme prometido pelo presidente Lula (PT), com a recria\u00e7\u00e3o do minist\u00e9rio da Cultura e a valoriza\u00e7\u00e3o do segmento.<\/p>\n\n\n\n<p><em>\u201cN\u00f3s iremos estabelecer uma pol\u00edtica integrada com o governo federal e com os munic\u00edpios, vamos garantir uma descentraliza\u00e7\u00e3o do acesso e utiliza\u00e7\u00e3o dos recursos do Fundo de Cultura e do programa Fazcultura para todos os baianos [&#8230;] Manteremos nossa pol\u00edtica de territorializa\u00e7\u00e3o da cultura, que demonstra toda nossa diversidade cultural. N\u00f3s j\u00e1 financiamos mais de 3.271 projetos com o Fundo de Cultura da Bahia, com um investimento de mais de R$ 280 milh\u00f5es e n\u00f3s vamos ampliar este financiamento<\/em>\u201d, garantiu Jer\u00f4nimo.<\/p>\n","protected":false},"excerpt":{"rendered":"<p>O candidato a governador pela Federa\u00e7\u00e3o Brasil da Esperan\u00e7a formada pelo PT, PC do B e PV, Jer\u00f4nimo Rodrigues, esteve em Feira de Santana na tarde desta quarta-feira (21), onde realizou uma caminhada pelo centro de Feira de Santana, ao lado governador Rui Costa, prefeito e vereadores da regi\u00e3o, do candidato ao Senador Otto Alencar [&hellip;]<\/p>\n","protected":false},"author":2,"featured_media":4486,"comment_status":"open","ping_status":"open","sticky":false,"template":"","format":"standard","meta":{"_monsterinsights_skip_tracking":false,"_monsterinsights_sitenote_active":false,"_monsterinsights_sitenote_note":"","_monsterinsights_sitenote_category":0,"footnotes":""},"categories":[34],"tags":[],"yoast_head":"<!-- This site is optimized with the Yoast SEO plugin v22.9 - https:\/\/yoast.com\/wordpress\/plugins\/seo\/ -->\n<title>\u201cA cidade precisa retomar o turismo de neg\u00f3cios\u201d, diz Jer\u00f4nimo Rodrigues em Feira de Santana - Portal MF<\/title>\n<meta name=\"robots\" content=\"index, follow, max-snippet:-1, max-image-preview:large, max-video-preview:-1\" \/>\n<link rel=\"canonical\" href=\"https:\/\/portalmf.com.br\/index.php\/2022\/09\/22\/a-cidade-precisa-retomar-o-turismo-de-negocios-diz-jeronimo-rodrigues-em-feira-de-santana\/\" \/>\n<meta property=\"og:locale\" content=\"pt_BR\" \/>\n<meta property=\"og:type\" content=\"article\" \/>\n<meta property=\"og:title\" content=\"\u201cA cidade precisa retomar o turismo de neg\u00f3cios\u201d, diz Jer\u00f4nimo Rodrigues em Feira de Santana - Portal MF\" \/>\n<meta property=\"og:description\" content=\"O candidato a governador pela Federa\u00e7\u00e3o Brasil da Esperan\u00e7a formada pelo PT, PC do B e PV, Jer\u00f4nimo Rodrigues, esteve em Feira de Santana na tarde desta quarta-feira (21), onde realizou uma caminhada pelo centro de Feira de Santana, ao lado governador Rui Costa, prefeito e vereadores da regi\u00e3o, do candidato ao Senador Otto Alencar [&hellip;]\" \/>\n<meta property=\"og:url\" content=\"https:\/\/portalmf.com.br\/index.php\/2022\/09\/22\/a-cidade-precisa-retomar-o-turismo-de-negocios-diz-jeronimo-rodrigues-em-feira-de-santana\/\" \/>\n<meta property=\"og:site_name\" content=\"Portal MF\" \/>\n<meta property=\"article:author\" content=\"reginaldojrfsa\" \/>\n<meta property=\"article:published_time\" content=\"2022-09-22T19:16:34+00:00\" \/>\n<meta property=\"article:modified_time\" content=\"2022-09-22T19:44:48+00:00\" \/>\n<meta property=\"og:image\" content=\"https:\/\/portalmf.com.br\/wp-content\/uploads\/2022\/09\/1663868727369-scaled.jpg\" \/>\n\t<meta property=\"og:image:width\" content=\"2560\" \/>\n\t<meta property=\"og:image:height\" content=\"1152\" \/>\n\t<meta property=\"og:image:type\" content=\"image\/jpeg\" \/>\n<meta name=\"author\" content=\"Reginaldo J\u00fanior\" \/>\n<meta name=\"twitter:card\" content=\"summary_large_image\" \/>\n<meta name=\"twitter:creator\" content=\"@reginaldojrmf\" \/>\n<meta name=\"twitter:label1\" content=\"Escrito por\" \/>\n\t<meta name=\"twitter:data1\" content=\"Reginaldo J\u00fanior\" \/>\n\t<meta name=\"twitter:label2\" content=\"Est. tempo de leitura\" \/>\n\t<meta name=\"twitter:data2\" content=\"3 minutos\" \/>\n<script type=\"application\/ld+json\" class=\"yoast-schema-graph\">{\"@context\":\"https:\/\/schema.org\",\"@graph\":[{\"@type\":\"WebPage\",\"@id\":\"https:\/\/portalmf.com.br\/index.php\/2022\/09\/22\/a-cidade-precisa-retomar-o-turismo-de-negocios-diz-jeronimo-rodrigues-em-feira-de-santana\/\",\"url\":\"https:\/\/portalmf.com.br\/index.php\/2022\/09\/22\/a-cidade-precisa-retomar-o-turismo-de-negocios-diz-jeronimo-rodrigues-em-feira-de-santana\/\",\"name\":\"\u201cA cidade precisa retomar o turismo de neg\u00f3cios\u201d, diz Jer\u00f4nimo Rodrigues em Feira de Santana - Portal MF\",\"isPartOf\":{\"@id\":\"https:\/\/portalmf.com.br\/#website\"},\"primaryImageOfPage\":{\"@id\":\"https:\/\/portalmf.com.br\/index.php\/2022\/09\/22\/a-cidade-precisa-retomar-o-turismo-de-negocios-diz-jeronimo-rodrigues-em-feira-de-santana\/#primaryimage\"},\"image\":{\"@id\":\"https:\/\/portalmf.com.br\/index.php\/2022\/09\/22\/a-cidade-precisa-retomar-o-turismo-de-negocios-diz-jeronimo-rodrigues-em-feira-de-santana\/#primaryimage\"},\"thumbnailUrl\":\"https:\/\/portalmf.com.br\/wp-content\/uploads\/2022\/09\/1663868727369-scaled.jpg\",\"datePublished\":\"2022-09-22T19:16:34+00:00\",\"dateModified\":\"2022-09-22T19:44:48+00:00\",\"author\":{\"@id\":\"https:\/\/portalmf.com.br\/#\/schema\/person\/11c82086fe8abc05a19147e964587285\"},\"breadcrumb\":{\"@id\":\"https:\/\/portalmf.com.br\/index.php\/2022\/09\/22\/a-cidade-precisa-retomar-o-turismo-de-negocios-diz-jeronimo-rodrigues-em-feira-de-santana\/#breadcrumb\"},\"inLanguage\":\"pt-BR\",\"potentialAction\":[{\"@type\":\"ReadAction\",\"target\":[\"https:\/\/portalmf.com.br\/index.php\/2022\/09\/22\/a-cidade-precisa-retomar-o-turismo-de-negocios-diz-jeronimo-rodrigues-em-feira-de-santana\/\"]}]},{\"@type\":\"ImageObject\",\"inLanguage\":\"pt-BR\",\"@id\":\"https:\/\/portalmf.com.br\/index.php\/2022\/09\/22\/a-cidade-precisa-retomar-o-turismo-de-negocios-diz-jeronimo-rodrigues-em-feira-de-santana\/#primaryimage\",\"url\":\"https:\/\/portalmf.com.br\/wp-content\/uploads\/2022\/09\/1663868727369-scaled.jpg\",\"contentUrl\":\"https:\/\/portalmf.com.br\/wp-content\/uploads\/2022\/09\/1663868727369-scaled.jpg\",\"width\":2560,\"height\":1152},{\"@type\":\"BreadcrumbList\",\"@id\":\"https:\/\/portalmf.com.br\/index.php\/2022\/09\/22\/a-cidade-precisa-retomar-o-turismo-de-negocios-diz-jeronimo-rodrigues-em-feira-de-santana\/#breadcrumb\",\"itemListElement\":[{\"@type\":\"ListItem\",\"position\":1,\"name\":\"In\u00edcio\",\"item\":\"https:\/\/portalmf.com.br\/\"},{\"@type\":\"ListItem\",\"position\":2,\"name\":\"\u201cA cidade precisa retomar o turismo de neg\u00f3cios\u201d, diz Jer\u00f4nimo Rodrigues em Feira de Santana\"}]},{\"@type\":\"WebSite\",\"@id\":\"https:\/\/portalmf.com.br\/#website\",\"url\":\"https:\/\/portalmf.com.br\/\",\"name\":\"Portal MF\",\"description\":\"Voc\u00ea conectado com a informa\u00e7\u00e3o\",\"potentialAction\":[{\"@type\":\"SearchAction\",\"target\":{\"@type\":\"EntryPoint\",\"urlTemplate\":\"https:\/\/portalmf.com.br\/?s={search_term_string}\"},\"query-input\":\"required name=search_term_string\"}],\"inLanguage\":\"pt-BR\"},{\"@type\":\"Person\",\"@id\":\"https:\/\/portalmf.com.br\/#\/schema\/person\/11c82086fe8abc05a19147e964587285\",\"name\":\"Reginaldo J\u00fanior\",\"image\":{\"@type\":\"ImageObject\",\"inLanguage\":\"pt-BR\",\"@id\":\"https:\/\/portalmf.com.br\/#\/schema\/person\/image\/\",\"url\":\"https:\/\/secure.gravatar.com\/avatar\/32a3c797cd0ac47cc53b8644c62776f9?s=96&d=mm&r=g\",\"contentUrl\":\"https:\/\/secure.gravatar.com\/avatar\/32a3c797cd0ac47cc53b8644c62776f9?s=96&d=mm&r=g\",\"caption\":\"Reginaldo J\u00fanior\"},\"description\":\"Jornalista e idealizador Portal MF\",\"sameAs\":[\"https:\/\/portalmf.com.br\/index.php\/author\/reginaldojr\/\",\"reginaldojrfsa\",\"reginaldojuniormf\",\"https:\/\/x.com\/reginaldojrmf\"],\"url\":\"https:\/\/portalmf.com.br\/index.php\/author\/reginaldojr\/\"}]}<\/script>\n<!-- \/ Yoast SEO plugin. -->","yoast_head_json":{"title":"\u201cA cidade precisa retomar o turismo de neg\u00f3cios\u201d, diz Jer\u00f4nimo Rodrigues em Feira de Santana - Portal MF","robots":{"index":"index","follow":"follow","max-snippet":"max-snippet:-1","max-image-preview":"max-image-preview:large","max-video-preview":"max-video-preview:-1"},"canonical":"https:\/\/portalmf.com.br\/index.php\/2022\/09\/22\/a-cidade-precisa-retomar-o-turismo-de-negocios-diz-jeronimo-rodrigues-em-feira-de-santana\/","og_locale":"pt_BR","og_type":"article","og_title":"\u201cA cidade precisa retomar o turismo de neg\u00f3cios\u201d, diz Jer\u00f4nimo Rodrigues em Feira de Santana - Portal MF","og_description":"O candidato a governador pela Federa\u00e7\u00e3o Brasil da Esperan\u00e7a formada pelo PT, PC do B e PV, Jer\u00f4nimo Rodrigues, esteve em Feira de Santana na tarde desta quarta-feira (21), onde realizou uma caminhada pelo centro de Feira de Santana, ao lado governador Rui Costa, prefeito e vereadores da regi\u00e3o, do candidato ao Senador Otto Alencar [&hellip;]","og_url":"https:\/\/portalmf.com.br\/index.php\/2022\/09\/22\/a-cidade-precisa-retomar-o-turismo-de-negocios-diz-jeronimo-rodrigues-em-feira-de-santana\/","og_site_name":"Portal MF","article_author":"reginaldojrfsa","article_published_time":"2022-09-22T19:16:34+00:00","article_modified_time":"2022-09-22T19:44:48+00:00","og_image":[{"width":2560,"height":1152,"url":"https:\/\/portalmf.com.br\/wp-content\/uploads\/2022\/09\/1663868727369-scaled.jpg","type":"image\/jpeg"}],"author":"Reginaldo J\u00fanior","twitter_card":"summary_large_image","twitter_creator":"@reginaldojrmf","twitter_misc":{"Escrito por":"Reginaldo J\u00fanior","Est. tempo de leitura":"3 minutos"},"schema":{"@context":"https:\/\/schema.org","@graph":[{"@type":"WebPage","@id":"https:\/\/portalmf.com.br\/index.php\/2022\/09\/22\/a-cidade-precisa-retomar-o-turismo-de-negocios-diz-jeronimo-rodrigues-em-feira-de-santana\/","url":"https:\/\/portalmf.com.br\/index.php\/2022\/09\/22\/a-cidade-precisa-retomar-o-turismo-de-negocios-diz-jeronimo-rodrigues-em-feira-de-santana\/","name":"\u201cA cidade precisa retomar o turismo de neg\u00f3cios\u201d, diz Jer\u00f4nimo Rodrigues em Feira de Santana - Portal MF","isPartOf":{"@id":"https:\/\/portalmf.com.br\/#website"},"primaryImageOfPage":{"@id":"https:\/\/portalmf.com.br\/index.php\/2022\/09\/22\/a-cidade-precisa-retomar-o-turismo-de-negocios-diz-jeronimo-rodrigues-em-feira-de-santana\/#primaryimage"},"image":{"@id":"https:\/\/portalmf.com.br\/index.php\/2022\/09\/22\/a-cidade-precisa-retomar-o-turismo-de-negocios-diz-jeronimo-rodrigues-em-feira-de-santana\/#primaryimage"},"thumbnailUrl":"https:\/\/portalmf.com.br\/wp-content\/uploads\/2022\/09\/1663868727369-scaled.jpg","datePublished":"2022-09-22T19:16:34+00:00","dateModified":"2022-09-22T19:44:48+00:00","author":{"@id":"https:\/\/portalmf.com.br\/#\/schema\/person\/11c82086fe8abc05a19147e964587285"},"breadcrumb":{"@id":"https:\/\/portalmf.com.br\/index.php\/2022\/09\/22\/a-cidade-precisa-retomar-o-turismo-de-negocios-diz-jeronimo-rodrigues-em-feira-de-santana\/#breadcrumb"},"inLanguage":"pt-BR","potentialAction":[{"@type":"ReadAction","target":["https:\/\/portalmf.com.br\/index.php\/2022\/09\/22\/a-cidade-precisa-retomar-o-turismo-de-negocios-diz-jeronimo-rodrigues-em-feira-de-santana\/"]}]},{"@type":"ImageObject","inLanguage":"pt-BR","@id":"https:\/\/portalmf.com.br\/index.php\/2022\/09\/22\/a-cidade-precisa-retomar-o-turismo-de-negocios-diz-jeronimo-rodrigues-em-feira-de-santana\/#primaryimage","url":"https:\/\/portalmf.com.br\/wp-content\/uploads\/2022\/09\/1663868727369-scaled.jpg","contentUrl":"https:\/\/portalmf.com.br\/wp-content\/uploads\/2022\/09\/1663868727369-scaled.jpg","width":2560,"height":1152},{"@type":"BreadcrumbList","@id":"https:\/\/portalmf.com.br\/index.php\/2022\/09\/22\/a-cidade-precisa-retomar-o-turismo-de-negocios-diz-jeronimo-rodrigues-em-feira-de-santana\/#breadcrumb","itemListElement":[{"@type":"ListItem","position":1,"name":"In\u00edcio","item":"https:\/\/portalmf.com.br\/"},{"@type":"ListItem","position":2,"name":"\u201cA cidade precisa retomar o turismo de neg\u00f3cios\u201d, diz Jer\u00f4nimo Rodrigues em Feira de Santana"}]},{"@type":"WebSite","@id":"https:\/\/portalmf.com.br\/#website","url":"https:\/\/portalmf.com.br\/","name":"Portal MF","description":"Voc\u00ea conectado com a informa\u00e7\u00e3o","potentialAction":[{"@type":"SearchAction","target":{"@type":"EntryPoint","urlTemplate":"https:\/\/portalmf.com.br\/?s={search_term_string}"},"query-input":"required name=search_term_string"}],"inLanguage":"pt-BR"},{"@type":"Person","@id":"https:\/\/portalmf.com.br\/#\/schema\/person\/11c82086fe8abc05a19147e964587285","name":"Reginaldo J\u00fanior","image":{"@type":"ImageObject","inLanguage":"pt-BR","@id":"https:\/\/portalmf.com.br\/#\/schema\/person\/image\/","url":"https:\/\/secure.gravatar.com\/avatar\/32a3c797cd0ac47cc53b8644c62776f9?s=96&d=mm&r=g","contentUrl":"https:\/\/secure.gravatar.com\/avatar\/32a3c797cd0ac47cc53b8644c62776f9?s=96&d=mm&r=g","caption":"Reginaldo J\u00fanior"},"description":"Jornalista e idealizador Portal MF","sameAs":["https:\/\/portalmf.com.br\/index.php\/author\/reginaldojr\/","reginaldojrfsa","reginaldojuniormf","https:\/\/x.com\/reginaldojrmf"],"url":"https:\/\/portalmf.com.br\/index.php\/author\/reginaldojr\/"}]}},"_links":{"self":[{"href":"https:\/\/portalmf.com.br\/index.php\/wp-json\/wp\/v2\/posts\/4485"}],"collection":[{"href":"https:\/\/portalmf.com.br\/index.php\/wp-json\/wp\/v2\/posts"}],"about":[{"href":"https:\/\/portalmf.com.br\/index.php\/wp-json\/wp\/v2\/types\/post"}],"author":[{"embeddable":true,"href":"https:\/\/portalmf.com.br\/index.php\/wp-json\/wp\/v2\/users\/2"}],"replies":[{"embeddable":true,"href":"https:\/\/portalmf.com.br\/index.php\/wp-json\/wp\/v2\/comments?post=4485"}],"version-history":[{"count":3,"href":"https:\/\/portalmf.com.br\/index.php\/wp-json\/wp\/v2\/posts\/4485\/revisions"}],"predecessor-version":[{"id":4493,"href":"https:\/\/portalmf.com.br\/index.php\/wp-json\/wp\/v2\/posts\/4485\/revisions\/4493"}],"wp:featuredmedia":[{"embeddable":true,"href":"https:\/\/portalmf.com.br\/index.php\/wp-json\/wp\/v2\/media\/4486"}],"wp:attachment":[{"href":"https:\/\/portalmf.com.br\/index.php\/wp-json\/wp\/v2\/media?parent=4485"}],"wp:term":[{"taxonomy":"category","embeddable":true,"href":"https:\/\/portalmf.com.br\/index.php\/wp-json\/wp\/v2\/categories?post=4485"},{"taxonomy":"post_tag","embeddable":true,"href":"https:\/\/portalmf.com.br\/index.php\/wp-json\/wp\/v2\/tags?post=4485"}],"curies":[{"name":"wp","href":"https:\/\/api.w.org\/{rel}","templated":true}]}}