{"id":4482,"date":"2022-09-22T16:13:49","date_gmt":"2022-09-22T19:13:49","guid":{"rendered":"http:\/\/portalmf.com.br\/?p=4482"},"modified":"2022-09-22T16:38:53","modified_gmt":"2022-09-22T19:38:53","slug":"kleber-rosa-do-psol-realiza-atividades-de-campanha-em-feira-de-santana","status":"publish","type":"post","link":"https:\/\/portalmf.com.br\/index.php\/2022\/09\/22\/kleber-rosa-do-psol-realiza-atividades-de-campanha-em-feira-de-santana\/","title":{"rendered":"Kleber Rosa do PSOL realiza atividades de campanha em Feira de Santana"},"content":{"rendered":"\n<p>Kleber Rosa, candidato ao governo da Bahia pela Federa\u00e7\u00e3o PSOL e Rede Sustentabilidade, esteve em Feira de Santana na quarta-feira, 21 realizando atividades de campanha na cidade.<\/p>\n\n\n\n<p>Agenda do candidato come\u00e7ou na C\u00e2mera de Vereadores participando de uma sess\u00e3o solene, em seguida fez panfletagem no centro da cidade, almo\u00e7ou no Mercado de Arte Popular e finalizou a programa\u00e7\u00e3o visitando o shopping Popular onde conversou com lojista e clientes.<\/p>\n\n\n\n<p>Kleber estava acompanhando do vereador e candidato a deputado estadual do PSOL Jhonatas Monteiro e de apoiadores de sua campanha.<\/p>\n\n\n\n<p><em>\u201cEstamos aqui conversando com as pessoas, fazendo panfletagem, vendo o seu dia a dia, para conquistamos a confian\u00e7a, cora\u00e7\u00f5es e mente, apresentando um projeto de inclus\u00e3o social que estamos defendendo para a Bahia e Feira de Santana \u00e9 uma cidade que cumpre esse importante papel social no estado inteiro e n\u00e3o poderia deixar de estar em Feira de Santana\u201d,<\/em> disse o candidato em entrevista ao Portal MF<\/p>\n\n\n\n<p>Pela primeira vez o professor Kleber Rosa \u00e9 candidato a governador do estado da Bahia, durante a entrevista ao site, ele fez uma avalia\u00e7\u00e3o do processo at\u00e9 o momento.<\/p>\n\n\n\n<p><em>\u201cEstou muito satisfeito com a caminha que estamos fazendo, estamos conseguindo defender nosso programa com prioridade, as pessoas t\u00eam entendido o que o PSOL tem trazido para o processo eleitoral, estamos conseguindo ser o diferencial, mostrando o por que somos candidato, apresentando o nosso programa. A medida que a campanha vai avan\u00e7ando vamos ganhando apoio das pessoas e estamos fazendo uma campanha satisfat\u00f3ria\u201d,<\/em> avaliou Kleber.<\/p>\n\n\n\n<p><strong>Conhe\u00e7a Kleber Rosa:<\/strong> Casado e pai de dois filhos, Kleber Rosa tem 48 anos. \u00c9 professor de Sociologia e mestre em Educa\u00e7\u00e3o de Jovens e Adultos; investigador da Pol\u00edcia Civil e fundador do Movimento dos Policiais Antifascismo \u00e9, tamb\u00e9m, diretor da Federa\u00e7\u00e3o dos Trabalhadores P\u00fablicos do Estado da Bahia \u2013 FETRAB e ativista do movimento negro. Sua experi\u00eancia pol\u00edtica foi constru\u00edda nas lutas do povo.<\/p>\n","protected":false},"excerpt":{"rendered":"<p>Kleber Rosa, candidato ao governo da Bahia pela Federa\u00e7\u00e3o PSOL e Rede Sustentabilidade, esteve em Feira de Santana na quarta-feira, 21 realizando atividades de campanha na cidade. Agenda do candidato come\u00e7ou na C\u00e2mera de Vereadores participando de uma sess\u00e3o solene, em seguida fez panfletagem no centro da cidade, almo\u00e7ou no Mercado de Arte Popular e [&hellip;]<\/p>\n","protected":false},"author":2,"featured_media":4483,"comment_status":"open","ping_status":"open","sticky":false,"template":"","format":"standard","meta":{"_monsterinsights_skip_tracking":false,"_monsterinsights_sitenote_active":false,"_monsterinsights_sitenote_note":"","_monsterinsights_sitenote_category":0,"footnotes":""},"categories":[34],"tags":[],"yoast_head":"<!-- This site is optimized with the Yoast SEO plugin v22.9 - https:\/\/yoast.com\/wordpress\/plugins\/seo\/ -->\n<title>Kleber Rosa do PSOL realiza atividades de campanha em Feira de Santana - Portal MF<\/title>\n<meta name=\"robots\" content=\"index, follow, max-snippet:-1, max-image-preview:large, max-video-preview:-1\" \/>\n<link rel=\"canonical\" href=\"https:\/\/portalmf.com.br\/index.php\/2022\/09\/22\/kleber-rosa-do-psol-realiza-atividades-de-campanha-em-feira-de-santana\/\" \/>\n<meta property=\"og:locale\" content=\"pt_BR\" \/>\n<meta property=\"og:type\" content=\"article\" \/>\n<meta property=\"og:title\" content=\"Kleber Rosa do PSOL realiza atividades de campanha em Feira de Santana - Portal MF\" \/>\n<meta property=\"og:description\" content=\"Kleber Rosa, candidato ao governo da Bahia pela Federa\u00e7\u00e3o PSOL e Rede Sustentabilidade, esteve em Feira de Santana na quarta-feira, 21 realizando atividades de campanha na cidade. Agenda do candidato come\u00e7ou na C\u00e2mera de Vereadores participando de uma sess\u00e3o solene, em seguida fez panfletagem no centro da cidade, almo\u00e7ou no Mercado de Arte Popular e [&hellip;]\" \/>\n<meta property=\"og:url\" content=\"https:\/\/portalmf.com.br\/index.php\/2022\/09\/22\/kleber-rosa-do-psol-realiza-atividades-de-campanha-em-feira-de-santana\/\" \/>\n<meta property=\"og:site_name\" content=\"Portal MF\" \/>\n<meta property=\"article:author\" content=\"reginaldojrfsa\" \/>\n<meta property=\"article:published_time\" content=\"2022-09-22T19:13:49+00:00\" \/>\n<meta property=\"article:modified_time\" content=\"2022-09-22T19:38:53+00:00\" \/>\n<meta property=\"og:image\" content=\"https:\/\/portalmf.com.br\/wp-content\/uploads\/2022\/09\/kleber_leitte_foto_reginaldojunior_portalmf.jpg\" \/>\n\t<meta property=\"og:image:width\" content=\"2343\" \/>\n\t<meta property=\"og:image:height\" content=\"1800\" \/>\n\t<meta property=\"og:image:type\" content=\"image\/jpeg\" \/>\n<meta name=\"author\" content=\"Reginaldo J\u00fanior\" \/>\n<meta name=\"twitter:card\" content=\"summary_large_image\" \/>\n<meta name=\"twitter:creator\" content=\"@reginaldojrmf\" \/>\n<meta name=\"twitter:label1\" content=\"Escrito por\" \/>\n\t<meta name=\"twitter:data1\" content=\"Reginaldo J\u00fanior\" \/>\n\t<meta name=\"twitter:label2\" content=\"Est. tempo de leitura\" \/>\n\t<meta name=\"twitter:data2\" content=\"2 minutos\" \/>\n<script type=\"application\/ld+json\" class=\"yoast-schema-graph\">{\"@context\":\"https:\/\/schema.org\",\"@graph\":[{\"@type\":\"WebPage\",\"@id\":\"https:\/\/portalmf.com.br\/index.php\/2022\/09\/22\/kleber-rosa-do-psol-realiza-atividades-de-campanha-em-feira-de-santana\/\",\"url\":\"https:\/\/portalmf.com.br\/index.php\/2022\/09\/22\/kleber-rosa-do-psol-realiza-atividades-de-campanha-em-feira-de-santana\/\",\"name\":\"Kleber Rosa do PSOL realiza atividades de campanha em Feira de Santana - Portal MF\",\"isPartOf\":{\"@id\":\"https:\/\/portalmf.com.br\/#website\"},\"primaryImageOfPage\":{\"@id\":\"https:\/\/portalmf.com.br\/index.php\/2022\/09\/22\/kleber-rosa-do-psol-realiza-atividades-de-campanha-em-feira-de-santana\/#primaryimage\"},\"image\":{\"@id\":\"https:\/\/portalmf.com.br\/index.php\/2022\/09\/22\/kleber-rosa-do-psol-realiza-atividades-de-campanha-em-feira-de-santana\/#primaryimage\"},\"thumbnailUrl\":\"https:\/\/portalmf.com.br\/wp-content\/uploads\/2022\/09\/kleber_leitte_foto_reginaldojunior_portalmf.jpg\",\"datePublished\":\"2022-09-22T19:13:49+00:00\",\"dateModified\":\"2022-09-22T19:38:53+00:00\",\"author\":{\"@id\":\"https:\/\/portalmf.com.br\/#\/schema\/person\/11c82086fe8abc05a19147e964587285\"},\"breadcrumb\":{\"@id\":\"https:\/\/portalmf.com.br\/index.php\/2022\/09\/22\/kleber-rosa-do-psol-realiza-atividades-de-campanha-em-feira-de-santana\/#breadcrumb\"},\"inLanguage\":\"pt-BR\",\"potentialAction\":[{\"@type\":\"ReadAction\",\"target\":[\"https:\/\/portalmf.com.br\/index.php\/2022\/09\/22\/kleber-rosa-do-psol-realiza-atividades-de-campanha-em-feira-de-santana\/\"]}]},{\"@type\":\"ImageObject\",\"inLanguage\":\"pt-BR\",\"@id\":\"https:\/\/portalmf.com.br\/index.php\/2022\/09\/22\/kleber-rosa-do-psol-realiza-atividades-de-campanha-em-feira-de-santana\/#primaryimage\",\"url\":\"https:\/\/portalmf.com.br\/wp-content\/uploads\/2022\/09\/kleber_leitte_foto_reginaldojunior_portalmf.jpg\",\"contentUrl\":\"https:\/\/portalmf.com.br\/wp-content\/uploads\/2022\/09\/kleber_leitte_foto_reginaldojunior_portalmf.jpg\",\"width\":2343,\"height\":1800,\"caption\":\"kleber_leitte_foto_reginaldojunior_portalmf\"},{\"@type\":\"BreadcrumbList\",\"@id\":\"https:\/\/portalmf.com.br\/index.php\/2022\/09\/22\/kleber-rosa-do-psol-realiza-atividades-de-campanha-em-feira-de-santana\/#breadcrumb\",\"itemListElement\":[{\"@type\":\"ListItem\",\"position\":1,\"name\":\"In\u00edcio\",\"item\":\"https:\/\/portalmf.com.br\/\"},{\"@type\":\"ListItem\",\"position\":2,\"name\":\"Kleber Rosa do PSOL realiza atividades de campanha em Feira de Santana\"}]},{\"@type\":\"WebSite\",\"@id\":\"https:\/\/portalmf.com.br\/#website\",\"url\":\"https:\/\/portalmf.com.br\/\",\"name\":\"Portal MF\",\"description\":\"Voc\u00ea conectado com a informa\u00e7\u00e3o\",\"potentialAction\":[{\"@type\":\"SearchAction\",\"target\":{\"@type\":\"EntryPoint\",\"urlTemplate\":\"https:\/\/portalmf.com.br\/?s={search_term_string}\"},\"query-input\":\"required name=search_term_string\"}],\"inLanguage\":\"pt-BR\"},{\"@type\":\"Person\",\"@id\":\"https:\/\/portalmf.com.br\/#\/schema\/person\/11c82086fe8abc05a19147e964587285\",\"name\":\"Reginaldo J\u00fanior\",\"image\":{\"@type\":\"ImageObject\",\"inLanguage\":\"pt-BR\",\"@id\":\"https:\/\/portalmf.com.br\/#\/schema\/person\/image\/\",\"url\":\"https:\/\/secure.gravatar.com\/avatar\/32a3c797cd0ac47cc53b8644c62776f9?s=96&d=mm&r=g\",\"contentUrl\":\"https:\/\/secure.gravatar.com\/avatar\/32a3c797cd0ac47cc53b8644c62776f9?s=96&d=mm&r=g\",\"caption\":\"Reginaldo J\u00fanior\"},\"description\":\"Jornalista e idealizador Portal MF\",\"sameAs\":[\"https:\/\/portalmf.com.br\/index.php\/author\/reginaldojr\/\",\"reginaldojrfsa\",\"reginaldojuniormf\",\"https:\/\/x.com\/reginaldojrmf\"],\"url\":\"https:\/\/portalmf.com.br\/index.php\/author\/reginaldojr\/\"}]}<\/script>\n<!-- \/ Yoast SEO plugin. -->","yoast_head_json":{"title":"Kleber Rosa do PSOL realiza atividades de campanha em Feira de Santana - Portal MF","robots":{"index":"index","follow":"follow","max-snippet":"max-snippet:-1","max-image-preview":"max-image-preview:large","max-video-preview":"max-video-preview:-1"},"canonical":"https:\/\/portalmf.com.br\/index.php\/2022\/09\/22\/kleber-rosa-do-psol-realiza-atividades-de-campanha-em-feira-de-santana\/","og_locale":"pt_BR","og_type":"article","og_title":"Kleber Rosa do PSOL realiza atividades de campanha em Feira de Santana - Portal MF","og_description":"Kleber Rosa, candidato ao governo da Bahia pela Federa\u00e7\u00e3o PSOL e Rede Sustentabilidade, esteve em Feira de Santana na quarta-feira, 21 realizando atividades de campanha na cidade. Agenda do candidato come\u00e7ou na C\u00e2mera de Vereadores participando de uma sess\u00e3o solene, em seguida fez panfletagem no centro da cidade, almo\u00e7ou no Mercado de Arte Popular e [&hellip;]","og_url":"https:\/\/portalmf.com.br\/index.php\/2022\/09\/22\/kleber-rosa-do-psol-realiza-atividades-de-campanha-em-feira-de-santana\/","og_site_name":"Portal MF","article_author":"reginaldojrfsa","article_published_time":"2022-09-22T19:13:49+00:00","article_modified_time":"2022-09-22T19:38:53+00:00","og_image":[{"width":2343,"height":1800,"url":"https:\/\/portalmf.com.br\/wp-content\/uploads\/2022\/09\/kleber_leitte_foto_reginaldojunior_portalmf.jpg","type":"image\/jpeg"}],"author":"Reginaldo J\u00fanior","twitter_card":"summary_large_image","twitter_creator":"@reginaldojrmf","twitter_misc":{"Escrito por":"Reginaldo J\u00fanior","Est. tempo de leitura":"2 minutos"},"schema":{"@context":"https:\/\/schema.org","@graph":[{"@type":"WebPage","@id":"https:\/\/portalmf.com.br\/index.php\/2022\/09\/22\/kleber-rosa-do-psol-realiza-atividades-de-campanha-em-feira-de-santana\/","url":"https:\/\/portalmf.com.br\/index.php\/2022\/09\/22\/kleber-rosa-do-psol-realiza-atividades-de-campanha-em-feira-de-santana\/","name":"Kleber Rosa do PSOL realiza atividades de campanha em Feira de Santana - Portal MF","isPartOf":{"@id":"https:\/\/portalmf.com.br\/#website"},"primaryImageOfPage":{"@id":"https:\/\/portalmf.com.br\/index.php\/2022\/09\/22\/kleber-rosa-do-psol-realiza-atividades-de-campanha-em-feira-de-santana\/#primaryimage"},"image":{"@id":"https:\/\/portalmf.com.br\/index.php\/2022\/09\/22\/kleber-rosa-do-psol-realiza-atividades-de-campanha-em-feira-de-santana\/#primaryimage"},"thumbnailUrl":"https:\/\/portalmf.com.br\/wp-content\/uploads\/2022\/09\/kleber_leitte_foto_reginaldojunior_portalmf.jpg","datePublished":"2022-09-22T19:13:49+00:00","dateModified":"2022-09-22T19:38:53+00:00","author":{"@id":"https:\/\/portalmf.com.br\/#\/schema\/person\/11c82086fe8abc05a19147e964587285"},"breadcrumb":{"@id":"https:\/\/portalmf.com.br\/index.php\/2022\/09\/22\/kleber-rosa-do-psol-realiza-atividades-de-campanha-em-feira-de-santana\/#breadcrumb"},"inLanguage":"pt-BR","potentialAction":[{"@type":"ReadAction","target":["https:\/\/portalmf.com.br\/index.php\/2022\/09\/22\/kleber-rosa-do-psol-realiza-atividades-de-campanha-em-feira-de-santana\/"]}]},{"@type":"ImageObject","inLanguage":"pt-BR","@id":"https:\/\/portalmf.com.br\/index.php\/2022\/09\/22\/kleber-rosa-do-psol-realiza-atividades-de-campanha-em-feira-de-santana\/#primaryimage","url":"https:\/\/portalmf.com.br\/wp-content\/uploads\/2022\/09\/kleber_leitte_foto_reginaldojunior_portalmf.jpg","contentUrl":"https:\/\/portalmf.com.br\/wp-content\/uploads\/2022\/09\/kleber_leitte_foto_reginaldojunior_portalmf.jpg","width":2343,"height":1800,"caption":"kleber_leitte_foto_reginaldojunior_portalmf"},{"@type":"BreadcrumbList","@id":"https:\/\/portalmf.com.br\/index.php\/2022\/09\/22\/kleber-rosa-do-psol-realiza-atividades-de-campanha-em-feira-de-santana\/#breadcrumb","itemListElement":[{"@type":"ListItem","position":1,"name":"In\u00edcio","item":"https:\/\/portalmf.com.br\/"},{"@type":"ListItem","position":2,"name":"Kleber Rosa do PSOL realiza atividades de campanha em Feira de Santana"}]},{"@type":"WebSite","@id":"https:\/\/portalmf.com.br\/#website","url":"https:\/\/portalmf.com.br\/","name":"Portal MF","description":"Voc\u00ea conectado com a informa\u00e7\u00e3o","potentialAction":[{"@type":"SearchAction","target":{"@type":"EntryPoint","urlTemplate":"https:\/\/portalmf.com.br\/?s={search_term_string}"},"query-input":"required name=search_term_string"}],"inLanguage":"pt-BR"},{"@type":"Person","@id":"https:\/\/portalmf.com.br\/#\/schema\/person\/11c82086fe8abc05a19147e964587285","name":"Reginaldo J\u00fanior","image":{"@type":"ImageObject","inLanguage":"pt-BR","@id":"https:\/\/portalmf.com.br\/#\/schema\/person\/image\/","url":"https:\/\/secure.gravatar.com\/avatar\/32a3c797cd0ac47cc53b8644c62776f9?s=96&d=mm&r=g","contentUrl":"https:\/\/secure.gravatar.com\/avatar\/32a3c797cd0ac47cc53b8644c62776f9?s=96&d=mm&r=g","caption":"Reginaldo J\u00fanior"},"description":"Jornalista e idealizador Portal MF","sameAs":["https:\/\/portalmf.com.br\/index.php\/author\/reginaldojr\/","reginaldojrfsa","reginaldojuniormf","https:\/\/x.com\/reginaldojrmf"],"url":"https:\/\/portalmf.com.br\/index.php\/author\/reginaldojr\/"}]}},"_links":{"self":[{"href":"https:\/\/portalmf.com.br\/index.php\/wp-json\/wp\/v2\/posts\/4482"}],"collection":[{"href":"https:\/\/portalmf.com.br\/index.php\/wp-json\/wp\/v2\/posts"}],"about":[{"href":"https:\/\/portalmf.com.br\/index.php\/wp-json\/wp\/v2\/types\/post"}],"author":[{"embeddable":true,"href":"https:\/\/portalmf.com.br\/index.php\/wp-json\/wp\/v2\/users\/2"}],"replies":[{"embeddable":true,"href":"https:\/\/portalmf.com.br\/index.php\/wp-json\/wp\/v2\/comments?post=4482"}],"version-history":[{"count":2,"href":"https:\/\/portalmf.com.br\/index.php\/wp-json\/wp\/v2\/posts\/4482\/revisions"}],"predecessor-version":[{"id":4491,"href":"https:\/\/portalmf.com.br\/index.php\/wp-json\/wp\/v2\/posts\/4482\/revisions\/4491"}],"wp:featuredmedia":[{"embeddable":true,"href":"https:\/\/portalmf.com.br\/index.php\/wp-json\/wp\/v2\/media\/4483"}],"wp:attachment":[{"href":"https:\/\/portalmf.com.br\/index.php\/wp-json\/wp\/v2\/media?parent=4482"}],"wp:term":[{"taxonomy":"category","embeddable":true,"href":"https:\/\/portalmf.com.br\/index.php\/wp-json\/wp\/v2\/categories?post=4482"},{"taxonomy":"post_tag","embeddable":true,"href":"https:\/\/portalmf.com.br\/index.php\/wp-json\/wp\/v2\/tags?post=4482"}],"curies":[{"name":"wp","href":"https:\/\/api.w.org\/{rel}","templated":true}]}}