{"id":4428,"date":"2022-09-20T17:22:09","date_gmt":"2022-09-20T20:22:09","guid":{"rendered":"http:\/\/portalmf.com.br\/?p=4428"},"modified":"2022-09-20T17:22:10","modified_gmt":"2022-09-20T20:22:10","slug":"jeronimo-destaca-planos-para-aliar-educacao-e-empregos-vamos-garantir-que-os-jovens-tenham-oportunidades","status":"publish","type":"post","link":"https:\/\/portalmf.com.br\/index.php\/2022\/09\/20\/jeronimo-destaca-planos-para-aliar-educacao-e-empregos-vamos-garantir-que-os-jovens-tenham-oportunidades\/","title":{"rendered":"Jer\u00f4nimo destaca planos para aliar Educa\u00e7\u00e3o e empregos: &#8220;Vamos garantir que os jovens tenham oportunidades&#8221;"},"content":{"rendered":"\n<p>O candidato a governador Jer\u00f4nimo Rodrigues (PT) garantiu que ir\u00e1 atuar para que a Bahia avance na Educa\u00e7\u00e3o em parceria com a cria\u00e7\u00e3o de empregos para os jovens, para que possam se desenvolver e garantir a inser\u00e7\u00e3o no mercado de trabalho. Nesta ter\u00e7a-feira (20), o petista ressaltou seus planos para a \u00e1rea: a universaliza\u00e7\u00e3o da oferta do ensino em tempo integral; oferta do ensino profissionalizante; e uma pol\u00edtica de valoriza\u00e7\u00e3o dos professores.<\/p>\n\n\n\n<p>&#8220;Eu acredito, como professor, que o avan\u00e7o da Bahia e do Brasil est\u00e1 ligado a um avan\u00e7o na Educa\u00e7\u00e3o. Aqui na Bahia, n\u00f3s iremos cercar o estudante de oportunidades e programas que facilitem o seu desenvolvimento. N\u00f3s daremos oportunidades com o ensino profissionalizante, vamos ampliar os programas Partiu Est\u00e1gio e o Mais Futuro. Iremos associar o avan\u00e7o na educa\u00e7\u00e3o com a cria\u00e7\u00e3o de oportunidades e empregos. Nossa pol\u00edtica de assist\u00eancia estudantil tamb\u00e9m ser\u00e1 ampliada, com o bolsa-presen\u00e7a, sistema de monitoria e o programa de dignidade menstrual&#8221;, afirmou Jer\u00f4nimo.<\/p>\n\n\n\n<p>O candidato do Time de Lula destacou que ir\u00e1 seguir com investimentos em infraestrutura para a educa\u00e7\u00e3o baiana, com reforma e constru\u00e7\u00e3o de novas escolas. O petista destacou ainda a necessidade de uma atua\u00e7\u00e3o coordenada e integrada para garantir o avan\u00e7o da Educa\u00e7\u00e3o na Bahia.<\/p>\n\n\n\n<p>&#8220;N\u00f3s vamos atuar fortalecendo a Bahia. Trataremos quest\u00f5es de emprego, gera\u00e7\u00e3o de renda, dinamiza\u00e7\u00e3o da economia em parceria com o nosso avan\u00e7o na \u00e1rea social, com justi\u00e7a e inclus\u00e3o&#8221;, declarou. &#8220;Aqui no Rec\u00f4ncavo n\u00f3s temos a ponte Salvador-Itaparica, que n\u00f3s vamos entregar, e ir\u00e1 gerar v\u00e1rios benef\u00edcios para a regi\u00e3o: gera\u00e7\u00e3o de 7 a 8 mil empregos diretos, benef\u00edcios para o turismo, transporte e para todos os munic\u00edpios da regi\u00e3o. As grandes obras de infraestrutura ser\u00e3o o primeiro pilar do nosso fortalecimento da economia. O segundo pilar \u00e9 a parceria com o presidente Lula. A ponte Salvador-Itaparica, a retomada do Minha Casa, Minha Vida, da ind\u00fastria naval, das ferrovias Oeste-Leste (FIOL) e Centro-Atl\u00e2ntica (FCA), al\u00e9m do Porto Sul. Por fim, vou lan\u00e7ar um plano de reindustrializa\u00e7\u00e3o da Bahia para atrair novas ind\u00fastrias a partir de bases tecnol\u00f3gicas e ambientais. Em di\u00e1logo permanente com os empres\u00e1rios, vamos estimular \u00e0 constru\u00e7\u00e3o civil, a economia criativa, economia verde, a energia e\u00f3lica e solar, al\u00e9m do hidrog\u00eanio verde\u201d, complementou o petista.<\/p>\n","protected":false},"excerpt":{"rendered":"<p>O candidato a governador Jer\u00f4nimo Rodrigues (PT) garantiu que ir\u00e1 atuar para que a Bahia avance na Educa\u00e7\u00e3o em parceria com a cria\u00e7\u00e3o de empregos para os jovens, para que possam se desenvolver e garantir a inser\u00e7\u00e3o no mercado de trabalho. Nesta ter\u00e7a-feira (20), o petista ressaltou seus planos para a \u00e1rea: a universaliza\u00e7\u00e3o da [&hellip;]<\/p>\n","protected":false},"author":2,"featured_media":4429,"comment_status":"open","ping_status":"open","sticky":false,"template":"","format":"standard","meta":{"_monsterinsights_skip_tracking":false,"_monsterinsights_sitenote_active":false,"_monsterinsights_sitenote_note":"","_monsterinsights_sitenote_category":0,"footnotes":""},"categories":[34],"tags":[],"yoast_head":"<!-- This site is optimized with the Yoast SEO plugin v22.9 - https:\/\/yoast.com\/wordpress\/plugins\/seo\/ -->\n<title>Jer\u00f4nimo destaca planos para aliar Educa\u00e7\u00e3o e empregos: &quot;Vamos garantir que os jovens tenham oportunidades&quot; - Portal MF<\/title>\n<meta name=\"robots\" content=\"index, follow, max-snippet:-1, max-image-preview:large, max-video-preview:-1\" \/>\n<link rel=\"canonical\" href=\"https:\/\/portalmf.com.br\/index.php\/2022\/09\/20\/jeronimo-destaca-planos-para-aliar-educacao-e-empregos-vamos-garantir-que-os-jovens-tenham-oportunidades\/\" \/>\n<meta property=\"og:locale\" content=\"pt_BR\" \/>\n<meta property=\"og:type\" content=\"article\" \/>\n<meta property=\"og:title\" content=\"Jer\u00f4nimo destaca planos para aliar Educa\u00e7\u00e3o e empregos: &quot;Vamos garantir que os jovens tenham oportunidades&quot; - Portal MF\" \/>\n<meta property=\"og:description\" content=\"O candidato a governador Jer\u00f4nimo Rodrigues (PT) garantiu que ir\u00e1 atuar para que a Bahia avance na Educa\u00e7\u00e3o em parceria com a cria\u00e7\u00e3o de empregos para os jovens, para que possam se desenvolver e garantir a inser\u00e7\u00e3o no mercado de trabalho. Nesta ter\u00e7a-feira (20), o petista ressaltou seus planos para a \u00e1rea: a universaliza\u00e7\u00e3o da [&hellip;]\" \/>\n<meta property=\"og:url\" content=\"https:\/\/portalmf.com.br\/index.php\/2022\/09\/20\/jeronimo-destaca-planos-para-aliar-educacao-e-empregos-vamos-garantir-que-os-jovens-tenham-oportunidades\/\" \/>\n<meta property=\"og:site_name\" content=\"Portal MF\" \/>\n<meta property=\"article:author\" content=\"reginaldojrfsa\" \/>\n<meta property=\"article:published_time\" content=\"2022-09-20T20:22:09+00:00\" \/>\n<meta property=\"article:modified_time\" content=\"2022-09-20T20:22:10+00:00\" \/>\n<meta property=\"og:image\" content=\"https:\/\/portalmf.com.br\/wp-content\/uploads\/2022\/09\/WhatsApp-Image-2022-09-20-at-11.52.17.jpeg\" \/>\n\t<meta property=\"og:image:width\" content=\"1280\" \/>\n\t<meta property=\"og:image:height\" content=\"853\" \/>\n\t<meta property=\"og:image:type\" content=\"image\/jpeg\" \/>\n<meta name=\"author\" content=\"Reginaldo J\u00fanior\" \/>\n<meta name=\"twitter:card\" content=\"summary_large_image\" \/>\n<meta name=\"twitter:creator\" content=\"@reginaldojrmf\" \/>\n<meta name=\"twitter:label1\" content=\"Escrito por\" \/>\n\t<meta name=\"twitter:data1\" content=\"Reginaldo J\u00fanior\" \/>\n\t<meta name=\"twitter:label2\" content=\"Est. tempo de leitura\" \/>\n\t<meta name=\"twitter:data2\" content=\"3 minutos\" \/>\n<script type=\"application\/ld+json\" class=\"yoast-schema-graph\">{\"@context\":\"https:\/\/schema.org\",\"@graph\":[{\"@type\":\"WebPage\",\"@id\":\"https:\/\/portalmf.com.br\/index.php\/2022\/09\/20\/jeronimo-destaca-planos-para-aliar-educacao-e-empregos-vamos-garantir-que-os-jovens-tenham-oportunidades\/\",\"url\":\"https:\/\/portalmf.com.br\/index.php\/2022\/09\/20\/jeronimo-destaca-planos-para-aliar-educacao-e-empregos-vamos-garantir-que-os-jovens-tenham-oportunidades\/\",\"name\":\"Jer\u00f4nimo destaca planos para aliar Educa\u00e7\u00e3o e empregos: \\\"Vamos garantir que os jovens tenham oportunidades\\\" - Portal MF\",\"isPartOf\":{\"@id\":\"https:\/\/portalmf.com.br\/#website\"},\"primaryImageOfPage\":{\"@id\":\"https:\/\/portalmf.com.br\/index.php\/2022\/09\/20\/jeronimo-destaca-planos-para-aliar-educacao-e-empregos-vamos-garantir-que-os-jovens-tenham-oportunidades\/#primaryimage\"},\"image\":{\"@id\":\"https:\/\/portalmf.com.br\/index.php\/2022\/09\/20\/jeronimo-destaca-planos-para-aliar-educacao-e-empregos-vamos-garantir-que-os-jovens-tenham-oportunidades\/#primaryimage\"},\"thumbnailUrl\":\"https:\/\/portalmf.com.br\/wp-content\/uploads\/2022\/09\/WhatsApp-Image-2022-09-20-at-11.52.17.jpeg\",\"datePublished\":\"2022-09-20T20:22:09+00:00\",\"dateModified\":\"2022-09-20T20:22:10+00:00\",\"author\":{\"@id\":\"https:\/\/portalmf.com.br\/#\/schema\/person\/11c82086fe8abc05a19147e964587285\"},\"breadcrumb\":{\"@id\":\"https:\/\/portalmf.com.br\/index.php\/2022\/09\/20\/jeronimo-destaca-planos-para-aliar-educacao-e-empregos-vamos-garantir-que-os-jovens-tenham-oportunidades\/#breadcrumb\"},\"inLanguage\":\"pt-BR\",\"potentialAction\":[{\"@type\":\"ReadAction\",\"target\":[\"https:\/\/portalmf.com.br\/index.php\/2022\/09\/20\/jeronimo-destaca-planos-para-aliar-educacao-e-empregos-vamos-garantir-que-os-jovens-tenham-oportunidades\/\"]}]},{\"@type\":\"ImageObject\",\"inLanguage\":\"pt-BR\",\"@id\":\"https:\/\/portalmf.com.br\/index.php\/2022\/09\/20\/jeronimo-destaca-planos-para-aliar-educacao-e-empregos-vamos-garantir-que-os-jovens-tenham-oportunidades\/#primaryimage\",\"url\":\"https:\/\/portalmf.com.br\/wp-content\/uploads\/2022\/09\/WhatsApp-Image-2022-09-20-at-11.52.17.jpeg\",\"contentUrl\":\"https:\/\/portalmf.com.br\/wp-content\/uploads\/2022\/09\/WhatsApp-Image-2022-09-20-at-11.52.17.jpeg\",\"width\":1280,\"height\":853},{\"@type\":\"BreadcrumbList\",\"@id\":\"https:\/\/portalmf.com.br\/index.php\/2022\/09\/20\/jeronimo-destaca-planos-para-aliar-educacao-e-empregos-vamos-garantir-que-os-jovens-tenham-oportunidades\/#breadcrumb\",\"itemListElement\":[{\"@type\":\"ListItem\",\"position\":1,\"name\":\"In\u00edcio\",\"item\":\"https:\/\/portalmf.com.br\/\"},{\"@type\":\"ListItem\",\"position\":2,\"name\":\"Jer\u00f4nimo destaca planos para aliar Educa\u00e7\u00e3o e empregos: &#8220;Vamos garantir que os jovens tenham oportunidades&#8221;\"}]},{\"@type\":\"WebSite\",\"@id\":\"https:\/\/portalmf.com.br\/#website\",\"url\":\"https:\/\/portalmf.com.br\/\",\"name\":\"Portal MF\",\"description\":\"Voc\u00ea conectado com a informa\u00e7\u00e3o\",\"potentialAction\":[{\"@type\":\"SearchAction\",\"target\":{\"@type\":\"EntryPoint\",\"urlTemplate\":\"https:\/\/portalmf.com.br\/?s={search_term_string}\"},\"query-input\":\"required name=search_term_string\"}],\"inLanguage\":\"pt-BR\"},{\"@type\":\"Person\",\"@id\":\"https:\/\/portalmf.com.br\/#\/schema\/person\/11c82086fe8abc05a19147e964587285\",\"name\":\"Reginaldo J\u00fanior\",\"image\":{\"@type\":\"ImageObject\",\"inLanguage\":\"pt-BR\",\"@id\":\"https:\/\/portalmf.com.br\/#\/schema\/person\/image\/\",\"url\":\"https:\/\/secure.gravatar.com\/avatar\/32a3c797cd0ac47cc53b8644c62776f9?s=96&d=mm&r=g\",\"contentUrl\":\"https:\/\/secure.gravatar.com\/avatar\/32a3c797cd0ac47cc53b8644c62776f9?s=96&d=mm&r=g\",\"caption\":\"Reginaldo J\u00fanior\"},\"description\":\"Jornalista e idealizador Portal MF\",\"sameAs\":[\"https:\/\/portalmf.com.br\/index.php\/author\/reginaldojr\/\",\"reginaldojrfsa\",\"reginaldojuniormf\",\"https:\/\/x.com\/reginaldojrmf\"],\"url\":\"https:\/\/portalmf.com.br\/index.php\/author\/reginaldojr\/\"}]}<\/script>\n<!-- \/ Yoast SEO plugin. -->","yoast_head_json":{"title":"Jer\u00f4nimo destaca planos para aliar Educa\u00e7\u00e3o e empregos: \"Vamos garantir que os jovens tenham oportunidades\" - Portal MF","robots":{"index":"index","follow":"follow","max-snippet":"max-snippet:-1","max-image-preview":"max-image-preview:large","max-video-preview":"max-video-preview:-1"},"canonical":"https:\/\/portalmf.com.br\/index.php\/2022\/09\/20\/jeronimo-destaca-planos-para-aliar-educacao-e-empregos-vamos-garantir-que-os-jovens-tenham-oportunidades\/","og_locale":"pt_BR","og_type":"article","og_title":"Jer\u00f4nimo destaca planos para aliar Educa\u00e7\u00e3o e empregos: \"Vamos garantir que os jovens tenham oportunidades\" - Portal MF","og_description":"O candidato a governador Jer\u00f4nimo Rodrigues (PT) garantiu que ir\u00e1 atuar para que a Bahia avance na Educa\u00e7\u00e3o em parceria com a cria\u00e7\u00e3o de empregos para os jovens, para que possam se desenvolver e garantir a inser\u00e7\u00e3o no mercado de trabalho. Nesta ter\u00e7a-feira (20), o petista ressaltou seus planos para a \u00e1rea: a universaliza\u00e7\u00e3o da [&hellip;]","og_url":"https:\/\/portalmf.com.br\/index.php\/2022\/09\/20\/jeronimo-destaca-planos-para-aliar-educacao-e-empregos-vamos-garantir-que-os-jovens-tenham-oportunidades\/","og_site_name":"Portal MF","article_author":"reginaldojrfsa","article_published_time":"2022-09-20T20:22:09+00:00","article_modified_time":"2022-09-20T20:22:10+00:00","og_image":[{"width":1280,"height":853,"url":"https:\/\/portalmf.com.br\/wp-content\/uploads\/2022\/09\/WhatsApp-Image-2022-09-20-at-11.52.17.jpeg","type":"image\/jpeg"}],"author":"Reginaldo J\u00fanior","twitter_card":"summary_large_image","twitter_creator":"@reginaldojrmf","twitter_misc":{"Escrito por":"Reginaldo J\u00fanior","Est. tempo de leitura":"3 minutos"},"schema":{"@context":"https:\/\/schema.org","@graph":[{"@type":"WebPage","@id":"https:\/\/portalmf.com.br\/index.php\/2022\/09\/20\/jeronimo-destaca-planos-para-aliar-educacao-e-empregos-vamos-garantir-que-os-jovens-tenham-oportunidades\/","url":"https:\/\/portalmf.com.br\/index.php\/2022\/09\/20\/jeronimo-destaca-planos-para-aliar-educacao-e-empregos-vamos-garantir-que-os-jovens-tenham-oportunidades\/","name":"Jer\u00f4nimo destaca planos para aliar Educa\u00e7\u00e3o e empregos: \"Vamos garantir que os jovens tenham oportunidades\" - Portal MF","isPartOf":{"@id":"https:\/\/portalmf.com.br\/#website"},"primaryImageOfPage":{"@id":"https:\/\/portalmf.com.br\/index.php\/2022\/09\/20\/jeronimo-destaca-planos-para-aliar-educacao-e-empregos-vamos-garantir-que-os-jovens-tenham-oportunidades\/#primaryimage"},"image":{"@id":"https:\/\/portalmf.com.br\/index.php\/2022\/09\/20\/jeronimo-destaca-planos-para-aliar-educacao-e-empregos-vamos-garantir-que-os-jovens-tenham-oportunidades\/#primaryimage"},"thumbnailUrl":"https:\/\/portalmf.com.br\/wp-content\/uploads\/2022\/09\/WhatsApp-Image-2022-09-20-at-11.52.17.jpeg","datePublished":"2022-09-20T20:22:09+00:00","dateModified":"2022-09-20T20:22:10+00:00","author":{"@id":"https:\/\/portalmf.com.br\/#\/schema\/person\/11c82086fe8abc05a19147e964587285"},"breadcrumb":{"@id":"https:\/\/portalmf.com.br\/index.php\/2022\/09\/20\/jeronimo-destaca-planos-para-aliar-educacao-e-empregos-vamos-garantir-que-os-jovens-tenham-oportunidades\/#breadcrumb"},"inLanguage":"pt-BR","potentialAction":[{"@type":"ReadAction","target":["https:\/\/portalmf.com.br\/index.php\/2022\/09\/20\/jeronimo-destaca-planos-para-aliar-educacao-e-empregos-vamos-garantir-que-os-jovens-tenham-oportunidades\/"]}]},{"@type":"ImageObject","inLanguage":"pt-BR","@id":"https:\/\/portalmf.com.br\/index.php\/2022\/09\/20\/jeronimo-destaca-planos-para-aliar-educacao-e-empregos-vamos-garantir-que-os-jovens-tenham-oportunidades\/#primaryimage","url":"https:\/\/portalmf.com.br\/wp-content\/uploads\/2022\/09\/WhatsApp-Image-2022-09-20-at-11.52.17.jpeg","contentUrl":"https:\/\/portalmf.com.br\/wp-content\/uploads\/2022\/09\/WhatsApp-Image-2022-09-20-at-11.52.17.jpeg","width":1280,"height":853},{"@type":"BreadcrumbList","@id":"https:\/\/portalmf.com.br\/index.php\/2022\/09\/20\/jeronimo-destaca-planos-para-aliar-educacao-e-empregos-vamos-garantir-que-os-jovens-tenham-oportunidades\/#breadcrumb","itemListElement":[{"@type":"ListItem","position":1,"name":"In\u00edcio","item":"https:\/\/portalmf.com.br\/"},{"@type":"ListItem","position":2,"name":"Jer\u00f4nimo destaca planos para aliar Educa\u00e7\u00e3o e empregos: &#8220;Vamos garantir que os jovens tenham oportunidades&#8221;"}]},{"@type":"WebSite","@id":"https:\/\/portalmf.com.br\/#website","url":"https:\/\/portalmf.com.br\/","name":"Portal MF","description":"Voc\u00ea conectado com a informa\u00e7\u00e3o","potentialAction":[{"@type":"SearchAction","target":{"@type":"EntryPoint","urlTemplate":"https:\/\/portalmf.com.br\/?s={search_term_string}"},"query-input":"required name=search_term_string"}],"inLanguage":"pt-BR"},{"@type":"Person","@id":"https:\/\/portalmf.com.br\/#\/schema\/person\/11c82086fe8abc05a19147e964587285","name":"Reginaldo J\u00fanior","image":{"@type":"ImageObject","inLanguage":"pt-BR","@id":"https:\/\/portalmf.com.br\/#\/schema\/person\/image\/","url":"https:\/\/secure.gravatar.com\/avatar\/32a3c797cd0ac47cc53b8644c62776f9?s=96&d=mm&r=g","contentUrl":"https:\/\/secure.gravatar.com\/avatar\/32a3c797cd0ac47cc53b8644c62776f9?s=96&d=mm&r=g","caption":"Reginaldo J\u00fanior"},"description":"Jornalista e idealizador Portal MF","sameAs":["https:\/\/portalmf.com.br\/index.php\/author\/reginaldojr\/","reginaldojrfsa","reginaldojuniormf","https:\/\/x.com\/reginaldojrmf"],"url":"https:\/\/portalmf.com.br\/index.php\/author\/reginaldojr\/"}]}},"_links":{"self":[{"href":"https:\/\/portalmf.com.br\/index.php\/wp-json\/wp\/v2\/posts\/4428"}],"collection":[{"href":"https:\/\/portalmf.com.br\/index.php\/wp-json\/wp\/v2\/posts"}],"about":[{"href":"https:\/\/portalmf.com.br\/index.php\/wp-json\/wp\/v2\/types\/post"}],"author":[{"embeddable":true,"href":"https:\/\/portalmf.com.br\/index.php\/wp-json\/wp\/v2\/users\/2"}],"replies":[{"embeddable":true,"href":"https:\/\/portalmf.com.br\/index.php\/wp-json\/wp\/v2\/comments?post=4428"}],"version-history":[{"count":1,"href":"https:\/\/portalmf.com.br\/index.php\/wp-json\/wp\/v2\/posts\/4428\/revisions"}],"predecessor-version":[{"id":4430,"href":"https:\/\/portalmf.com.br\/index.php\/wp-json\/wp\/v2\/posts\/4428\/revisions\/4430"}],"wp:featuredmedia":[{"embeddable":true,"href":"https:\/\/portalmf.com.br\/index.php\/wp-json\/wp\/v2\/media\/4429"}],"wp:attachment":[{"href":"https:\/\/portalmf.com.br\/index.php\/wp-json\/wp\/v2\/media?parent=4428"}],"wp:term":[{"taxonomy":"category","embeddable":true,"href":"https:\/\/portalmf.com.br\/index.php\/wp-json\/wp\/v2\/categories?post=4428"},{"taxonomy":"post_tag","embeddable":true,"href":"https:\/\/portalmf.com.br\/index.php\/wp-json\/wp\/v2\/tags?post=4428"}],"curies":[{"name":"wp","href":"https:\/\/api.w.org\/{rel}","templated":true}]}}