{"id":4425,"date":"2022-09-20T17:20:25","date_gmt":"2022-09-20T20:20:25","guid":{"rendered":"http:\/\/portalmf.com.br\/?p=4425"},"modified":"2022-09-20T17:20:26","modified_gmt":"2022-09-20T20:20:26","slug":"em-camacari-acm-neto-critica-postura-passiva-do-governador-na-perda-da-ford","status":"publish","type":"post","link":"https:\/\/portalmf.com.br\/index.php\/2022\/09\/20\/em-camacari-acm-neto-critica-postura-passiva-do-governador-na-perda-da-ford\/","title":{"rendered":"Em Cama\u00e7ari, ACM Neto critica postura passiva do governador na perda da Ford"},"content":{"rendered":"\n<p>O candidato ACM Neto (Uni\u00e3o Brasil) afirmou na segunda-feira (19) que, se for eleito, livrar\u00e1 a Bahia da postura do \u2018n\u00e3o \u00e9 comigo n\u00e3o\u2019, adotada pelo atual governador ao se deparar com os problemas mais b\u00e1sicos do estado. Em vez dela, adotar\u00e1 a pol\u00edtica do \u2018\u00e9 comigo sim\u2019, assumindo todas as responsabilidades inerentes ao cargo. Neto participou de evento em Cama\u00e7ari, que no ano passado perdeu a f\u00e1brica da Ford sob um olhar complacente e passivo do governo petista.<\/p>\n\n\n\n<p><em>\u201cComigo, a Bahia ter\u00e1 uma mudan\u00e7a total de postura do governador. No passado, ACM lutou por muitos anos at\u00e9 que trouxe a Ford para gerar milhares de empregos em Cama\u00e7ari. No presente, aqueles que nos governam h\u00e1 16 anos deixaram a Ford fechar as portas e ir embora do nosso estado deixando o povo desempregado. Ningu\u00e9m lutou, ningu\u00e9m resistiu, ningu\u00e9m brigou para manter a Ford nesta cidade\u201d,<\/em> discursou.<\/p>\n\n\n\n<p>A prefeitura de Cama\u00e7ari estima que R$ 20 milh\u00f5es deixaram de circular mensalmente na economia da cidade, apenas em sal\u00e1rios de funcion\u00e1rios diretos da Ford. Tamb\u00e9m houve um baque na arrecada\u00e7\u00e3o do munic\u00edpio, de R$ 50 milh\u00f5es ao ano. O n\u00famero de postos de trabalho perdidos direta ou indiretamente ultrapassa 20 mil.<\/p>\n\n\n\n<p>ACM Neto destacou que, por conta dessa postura passiva, a Bahia tem hoje a maior taxa de desemprego do Brasil segundo o IBGE, de 15,5%, bem acima da m\u00e9dia nacional, que \u00e9 de 9,3%. A passividade prejudica tamb\u00e9m em outras frentes, como a educa\u00e7\u00e3o, na qual o estado tem uma das piores notas do pa\u00eds, e a seguran\u00e7a p\u00fablica, na qual a Bahia lidera o ranking nacional de homic\u00eddios desde 2011.<\/p>\n\n\n\n<p>\u201cEu n\u00e3o vou ser esse tipo de governador. Se Deus me der a oportunidade de chegar ao governo do estado, comigo n\u00e3o vai ter essa hist\u00f3ria de me esquivar das responsabilidades inerentes ao cargo. Hoje em dia, quando o governador e o seu grupo s\u00e3o questionados sobre os problemas da Bahia, eles dizem \u2018n\u00e3o \u00e9 comigo n\u00e3o\u2019. Pois quero dizer a voc\u00eas: a partir de 1\u00ba de janeiro, a postura do governador ser\u00e1 \u2018\u00e9 comigo, sim\u2019\u201d, afirmou Neto.<\/p>\n\n\n\n<p><strong>Educa\u00e7\u00e3o<\/strong><\/p>\n\n\n\n<p>O candidato do Uni\u00e3o Brasil destacou que a postura passiva e conformista em rela\u00e7\u00e3o \u00e0 m\u00e1 qualidade da educa\u00e7\u00e3o, na qual a Bahia tem uma das piores notas de todo o Brasil, ajuda a explicar as mazelas da seguran\u00e7a p\u00fablica e do desemprego, j\u00e1 que est\u00e3o interligadas.<\/p>\n\n\n\n<p><em>\u201cEstamos nos \u00faltimos lugares na qualidade de educa\u00e7\u00e3o, que \u00e9 a senha para o futuro, \u00e9 o caminho para a transforma\u00e7\u00e3o da nossa sociedade. E est\u00e1 nesta situa\u00e7\u00e3o gra\u00e7as ao trabalho daquele que hoje \u00e9 candidato a governador representando o grupo pol\u00edtico que governa a Bahia h\u00e1 16 anos e que afundou a educa\u00e7\u00e3o do nosso estado. Muitos n\u00e3o sabem, mas a Bahia precisa saber: aquele que foi respons\u00e1vel por colocar a educa\u00e7\u00e3o da Bahia em \u00faltimo lugar do Brasil, que tirou nota 3,5 de 10, hoje quer ser governador do nosso estado<\/em>\u201d, discursou.<\/p>\n\n\n\n<p>ACM Neto ainda lembrou do seu hist\u00f3rico \u00e0 frente da prefeitura, quando governou Salvador com tr\u00eas presidentes de partidos diferentes, nenhum deles da sua legenda, e mesmo assim a cidade conseguiu se recuperar.<\/p>\n\n\n\n<p><em>\u201cDo lado de l\u00e1, eles dizem \u2018ah, tem que votar num governador que seja do mesmo partido do candidato a presidente\u2019. Pois eu quero dizer a voc\u00eas: n\u00e3o tem n\u00e3o. Voc\u00eas podem votar no candidato a governador que voc\u00eas quiserem. E uma coisa garanto a voc\u00eas que votarem no 44: me comprometo a trabalhar com o pr\u00f3ximo Presidente da Rep\u00fablica. Vou construir as pontes com o Governo Federal a partir de 1\u00ba de janeiro\u201d,<\/em> afirmou.<\/p>\n","protected":false},"excerpt":{"rendered":"<p>O candidato ACM Neto (Uni\u00e3o Brasil) afirmou na segunda-feira (19) que, se for eleito, livrar\u00e1 a Bahia da postura do \u2018n\u00e3o \u00e9 comigo n\u00e3o\u2019, adotada pelo atual governador ao se deparar com os problemas mais b\u00e1sicos do estado. Em vez dela, adotar\u00e1 a pol\u00edtica do \u2018\u00e9 comigo sim\u2019, assumindo todas as responsabilidades inerentes ao cargo. [&hellip;]<\/p>\n","protected":false},"author":2,"featured_media":4426,"comment_status":"open","ping_status":"open","sticky":false,"template":"","format":"standard","meta":{"_monsterinsights_skip_tracking":false,"_monsterinsights_sitenote_active":false,"_monsterinsights_sitenote_note":"","_monsterinsights_sitenote_category":0,"footnotes":""},"categories":[34],"tags":[],"yoast_head":"<!-- This site is optimized with the Yoast SEO plugin v22.9 - https:\/\/yoast.com\/wordpress\/plugins\/seo\/ -->\n<title>Em Cama\u00e7ari, ACM Neto critica postura passiva do governador na perda da Ford - Portal MF<\/title>\n<meta name=\"robots\" content=\"index, follow, max-snippet:-1, max-image-preview:large, max-video-preview:-1\" \/>\n<link rel=\"canonical\" href=\"https:\/\/portalmf.com.br\/index.php\/2022\/09\/20\/em-camacari-acm-neto-critica-postura-passiva-do-governador-na-perda-da-ford\/\" \/>\n<meta property=\"og:locale\" content=\"pt_BR\" \/>\n<meta property=\"og:type\" content=\"article\" \/>\n<meta property=\"og:title\" content=\"Em Cama\u00e7ari, ACM Neto critica postura passiva do governador na perda da Ford - Portal MF\" \/>\n<meta property=\"og:description\" content=\"O candidato ACM Neto (Uni\u00e3o Brasil) afirmou na segunda-feira (19) que, se for eleito, livrar\u00e1 a Bahia da postura do \u2018n\u00e3o \u00e9 comigo n\u00e3o\u2019, adotada pelo atual governador ao se deparar com os problemas mais b\u00e1sicos do estado. Em vez dela, adotar\u00e1 a pol\u00edtica do \u2018\u00e9 comigo sim\u2019, assumindo todas as responsabilidades inerentes ao cargo. [&hellip;]\" \/>\n<meta property=\"og:url\" content=\"https:\/\/portalmf.com.br\/index.php\/2022\/09\/20\/em-camacari-acm-neto-critica-postura-passiva-do-governador-na-perda-da-ford\/\" \/>\n<meta property=\"og:site_name\" content=\"Portal MF\" \/>\n<meta property=\"article:author\" content=\"reginaldojrfsa\" \/>\n<meta property=\"article:published_time\" content=\"2022-09-20T20:20:25+00:00\" \/>\n<meta property=\"article:modified_time\" content=\"2022-09-20T20:20:26+00:00\" \/>\n<meta property=\"og:image\" content=\"https:\/\/portalmf.com.br\/wp-content\/uploads\/2022\/09\/WhatsApp-Image-2022-09-20-at-17.17.50.jpeg\" \/>\n\t<meta property=\"og:image:width\" content=\"1380\" \/>\n\t<meta property=\"og:image:height\" content=\"920\" \/>\n\t<meta property=\"og:image:type\" content=\"image\/jpeg\" \/>\n<meta name=\"author\" content=\"Reginaldo J\u00fanior\" \/>\n<meta name=\"twitter:card\" content=\"summary_large_image\" \/>\n<meta name=\"twitter:creator\" content=\"@reginaldojrmf\" \/>\n<meta name=\"twitter:label1\" content=\"Escrito por\" \/>\n\t<meta name=\"twitter:data1\" content=\"Reginaldo J\u00fanior\" \/>\n\t<meta name=\"twitter:label2\" content=\"Est. tempo de leitura\" \/>\n\t<meta name=\"twitter:data2\" content=\"4 minutos\" \/>\n<script type=\"application\/ld+json\" class=\"yoast-schema-graph\">{\"@context\":\"https:\/\/schema.org\",\"@graph\":[{\"@type\":\"WebPage\",\"@id\":\"https:\/\/portalmf.com.br\/index.php\/2022\/09\/20\/em-camacari-acm-neto-critica-postura-passiva-do-governador-na-perda-da-ford\/\",\"url\":\"https:\/\/portalmf.com.br\/index.php\/2022\/09\/20\/em-camacari-acm-neto-critica-postura-passiva-do-governador-na-perda-da-ford\/\",\"name\":\"Em Cama\u00e7ari, ACM Neto critica postura passiva do governador na perda da Ford - Portal MF\",\"isPartOf\":{\"@id\":\"https:\/\/portalmf.com.br\/#website\"},\"primaryImageOfPage\":{\"@id\":\"https:\/\/portalmf.com.br\/index.php\/2022\/09\/20\/em-camacari-acm-neto-critica-postura-passiva-do-governador-na-perda-da-ford\/#primaryimage\"},\"image\":{\"@id\":\"https:\/\/portalmf.com.br\/index.php\/2022\/09\/20\/em-camacari-acm-neto-critica-postura-passiva-do-governador-na-perda-da-ford\/#primaryimage\"},\"thumbnailUrl\":\"https:\/\/portalmf.com.br\/wp-content\/uploads\/2022\/09\/WhatsApp-Image-2022-09-20-at-17.17.50.jpeg\",\"datePublished\":\"2022-09-20T20:20:25+00:00\",\"dateModified\":\"2022-09-20T20:20:26+00:00\",\"author\":{\"@id\":\"https:\/\/portalmf.com.br\/#\/schema\/person\/11c82086fe8abc05a19147e964587285\"},\"breadcrumb\":{\"@id\":\"https:\/\/portalmf.com.br\/index.php\/2022\/09\/20\/em-camacari-acm-neto-critica-postura-passiva-do-governador-na-perda-da-ford\/#breadcrumb\"},\"inLanguage\":\"pt-BR\",\"potentialAction\":[{\"@type\":\"ReadAction\",\"target\":[\"https:\/\/portalmf.com.br\/index.php\/2022\/09\/20\/em-camacari-acm-neto-critica-postura-passiva-do-governador-na-perda-da-ford\/\"]}]},{\"@type\":\"ImageObject\",\"inLanguage\":\"pt-BR\",\"@id\":\"https:\/\/portalmf.com.br\/index.php\/2022\/09\/20\/em-camacari-acm-neto-critica-postura-passiva-do-governador-na-perda-da-ford\/#primaryimage\",\"url\":\"https:\/\/portalmf.com.br\/wp-content\/uploads\/2022\/09\/WhatsApp-Image-2022-09-20-at-17.17.50.jpeg\",\"contentUrl\":\"https:\/\/portalmf.com.br\/wp-content\/uploads\/2022\/09\/WhatsApp-Image-2022-09-20-at-17.17.50.jpeg\",\"width\":1380,\"height\":920},{\"@type\":\"BreadcrumbList\",\"@id\":\"https:\/\/portalmf.com.br\/index.php\/2022\/09\/20\/em-camacari-acm-neto-critica-postura-passiva-do-governador-na-perda-da-ford\/#breadcrumb\",\"itemListElement\":[{\"@type\":\"ListItem\",\"position\":1,\"name\":\"In\u00edcio\",\"item\":\"https:\/\/portalmf.com.br\/\"},{\"@type\":\"ListItem\",\"position\":2,\"name\":\"Em Cama\u00e7ari, ACM Neto critica postura passiva do governador na perda da Ford\"}]},{\"@type\":\"WebSite\",\"@id\":\"https:\/\/portalmf.com.br\/#website\",\"url\":\"https:\/\/portalmf.com.br\/\",\"name\":\"Portal MF\",\"description\":\"Voc\u00ea conectado com a informa\u00e7\u00e3o\",\"potentialAction\":[{\"@type\":\"SearchAction\",\"target\":{\"@type\":\"EntryPoint\",\"urlTemplate\":\"https:\/\/portalmf.com.br\/?s={search_term_string}\"},\"query-input\":\"required name=search_term_string\"}],\"inLanguage\":\"pt-BR\"},{\"@type\":\"Person\",\"@id\":\"https:\/\/portalmf.com.br\/#\/schema\/person\/11c82086fe8abc05a19147e964587285\",\"name\":\"Reginaldo J\u00fanior\",\"image\":{\"@type\":\"ImageObject\",\"inLanguage\":\"pt-BR\",\"@id\":\"https:\/\/portalmf.com.br\/#\/schema\/person\/image\/\",\"url\":\"https:\/\/secure.gravatar.com\/avatar\/32a3c797cd0ac47cc53b8644c62776f9?s=96&d=mm&r=g\",\"contentUrl\":\"https:\/\/secure.gravatar.com\/avatar\/32a3c797cd0ac47cc53b8644c62776f9?s=96&d=mm&r=g\",\"caption\":\"Reginaldo J\u00fanior\"},\"description\":\"Jornalista e idealizador Portal MF\",\"sameAs\":[\"https:\/\/portalmf.com.br\/index.php\/author\/reginaldojr\/\",\"reginaldojrfsa\",\"reginaldojuniormf\",\"https:\/\/x.com\/reginaldojrmf\"],\"url\":\"https:\/\/portalmf.com.br\/index.php\/author\/reginaldojr\/\"}]}<\/script>\n<!-- \/ Yoast SEO plugin. -->","yoast_head_json":{"title":"Em Cama\u00e7ari, ACM Neto critica postura passiva do governador na perda da Ford - Portal MF","robots":{"index":"index","follow":"follow","max-snippet":"max-snippet:-1","max-image-preview":"max-image-preview:large","max-video-preview":"max-video-preview:-1"},"canonical":"https:\/\/portalmf.com.br\/index.php\/2022\/09\/20\/em-camacari-acm-neto-critica-postura-passiva-do-governador-na-perda-da-ford\/","og_locale":"pt_BR","og_type":"article","og_title":"Em Cama\u00e7ari, ACM Neto critica postura passiva do governador na perda da Ford - Portal MF","og_description":"O candidato ACM Neto (Uni\u00e3o Brasil) afirmou na segunda-feira (19) que, se for eleito, livrar\u00e1 a Bahia da postura do \u2018n\u00e3o \u00e9 comigo n\u00e3o\u2019, adotada pelo atual governador ao se deparar com os problemas mais b\u00e1sicos do estado. Em vez dela, adotar\u00e1 a pol\u00edtica do \u2018\u00e9 comigo sim\u2019, assumindo todas as responsabilidades inerentes ao cargo. [&hellip;]","og_url":"https:\/\/portalmf.com.br\/index.php\/2022\/09\/20\/em-camacari-acm-neto-critica-postura-passiva-do-governador-na-perda-da-ford\/","og_site_name":"Portal MF","article_author":"reginaldojrfsa","article_published_time":"2022-09-20T20:20:25+00:00","article_modified_time":"2022-09-20T20:20:26+00:00","og_image":[{"width":1380,"height":920,"url":"https:\/\/portalmf.com.br\/wp-content\/uploads\/2022\/09\/WhatsApp-Image-2022-09-20-at-17.17.50.jpeg","type":"image\/jpeg"}],"author":"Reginaldo J\u00fanior","twitter_card":"summary_large_image","twitter_creator":"@reginaldojrmf","twitter_misc":{"Escrito por":"Reginaldo J\u00fanior","Est. tempo de leitura":"4 minutos"},"schema":{"@context":"https:\/\/schema.org","@graph":[{"@type":"WebPage","@id":"https:\/\/portalmf.com.br\/index.php\/2022\/09\/20\/em-camacari-acm-neto-critica-postura-passiva-do-governador-na-perda-da-ford\/","url":"https:\/\/portalmf.com.br\/index.php\/2022\/09\/20\/em-camacari-acm-neto-critica-postura-passiva-do-governador-na-perda-da-ford\/","name":"Em Cama\u00e7ari, ACM Neto critica postura passiva do governador na perda da Ford - Portal MF","isPartOf":{"@id":"https:\/\/portalmf.com.br\/#website"},"primaryImageOfPage":{"@id":"https:\/\/portalmf.com.br\/index.php\/2022\/09\/20\/em-camacari-acm-neto-critica-postura-passiva-do-governador-na-perda-da-ford\/#primaryimage"},"image":{"@id":"https:\/\/portalmf.com.br\/index.php\/2022\/09\/20\/em-camacari-acm-neto-critica-postura-passiva-do-governador-na-perda-da-ford\/#primaryimage"},"thumbnailUrl":"https:\/\/portalmf.com.br\/wp-content\/uploads\/2022\/09\/WhatsApp-Image-2022-09-20-at-17.17.50.jpeg","datePublished":"2022-09-20T20:20:25+00:00","dateModified":"2022-09-20T20:20:26+00:00","author":{"@id":"https:\/\/portalmf.com.br\/#\/schema\/person\/11c82086fe8abc05a19147e964587285"},"breadcrumb":{"@id":"https:\/\/portalmf.com.br\/index.php\/2022\/09\/20\/em-camacari-acm-neto-critica-postura-passiva-do-governador-na-perda-da-ford\/#breadcrumb"},"inLanguage":"pt-BR","potentialAction":[{"@type":"ReadAction","target":["https:\/\/portalmf.com.br\/index.php\/2022\/09\/20\/em-camacari-acm-neto-critica-postura-passiva-do-governador-na-perda-da-ford\/"]}]},{"@type":"ImageObject","inLanguage":"pt-BR","@id":"https:\/\/portalmf.com.br\/index.php\/2022\/09\/20\/em-camacari-acm-neto-critica-postura-passiva-do-governador-na-perda-da-ford\/#primaryimage","url":"https:\/\/portalmf.com.br\/wp-content\/uploads\/2022\/09\/WhatsApp-Image-2022-09-20-at-17.17.50.jpeg","contentUrl":"https:\/\/portalmf.com.br\/wp-content\/uploads\/2022\/09\/WhatsApp-Image-2022-09-20-at-17.17.50.jpeg","width":1380,"height":920},{"@type":"BreadcrumbList","@id":"https:\/\/portalmf.com.br\/index.php\/2022\/09\/20\/em-camacari-acm-neto-critica-postura-passiva-do-governador-na-perda-da-ford\/#breadcrumb","itemListElement":[{"@type":"ListItem","position":1,"name":"In\u00edcio","item":"https:\/\/portalmf.com.br\/"},{"@type":"ListItem","position":2,"name":"Em Cama\u00e7ari, ACM Neto critica postura passiva do governador na perda da Ford"}]},{"@type":"WebSite","@id":"https:\/\/portalmf.com.br\/#website","url":"https:\/\/portalmf.com.br\/","name":"Portal MF","description":"Voc\u00ea conectado com a informa\u00e7\u00e3o","potentialAction":[{"@type":"SearchAction","target":{"@type":"EntryPoint","urlTemplate":"https:\/\/portalmf.com.br\/?s={search_term_string}"},"query-input":"required name=search_term_string"}],"inLanguage":"pt-BR"},{"@type":"Person","@id":"https:\/\/portalmf.com.br\/#\/schema\/person\/11c82086fe8abc05a19147e964587285","name":"Reginaldo J\u00fanior","image":{"@type":"ImageObject","inLanguage":"pt-BR","@id":"https:\/\/portalmf.com.br\/#\/schema\/person\/image\/","url":"https:\/\/secure.gravatar.com\/avatar\/32a3c797cd0ac47cc53b8644c62776f9?s=96&d=mm&r=g","contentUrl":"https:\/\/secure.gravatar.com\/avatar\/32a3c797cd0ac47cc53b8644c62776f9?s=96&d=mm&r=g","caption":"Reginaldo J\u00fanior"},"description":"Jornalista e idealizador Portal MF","sameAs":["https:\/\/portalmf.com.br\/index.php\/author\/reginaldojr\/","reginaldojrfsa","reginaldojuniormf","https:\/\/x.com\/reginaldojrmf"],"url":"https:\/\/portalmf.com.br\/index.php\/author\/reginaldojr\/"}]}},"_links":{"self":[{"href":"https:\/\/portalmf.com.br\/index.php\/wp-json\/wp\/v2\/posts\/4425"}],"collection":[{"href":"https:\/\/portalmf.com.br\/index.php\/wp-json\/wp\/v2\/posts"}],"about":[{"href":"https:\/\/portalmf.com.br\/index.php\/wp-json\/wp\/v2\/types\/post"}],"author":[{"embeddable":true,"href":"https:\/\/portalmf.com.br\/index.php\/wp-json\/wp\/v2\/users\/2"}],"replies":[{"embeddable":true,"href":"https:\/\/portalmf.com.br\/index.php\/wp-json\/wp\/v2\/comments?post=4425"}],"version-history":[{"count":1,"href":"https:\/\/portalmf.com.br\/index.php\/wp-json\/wp\/v2\/posts\/4425\/revisions"}],"predecessor-version":[{"id":4427,"href":"https:\/\/portalmf.com.br\/index.php\/wp-json\/wp\/v2\/posts\/4425\/revisions\/4427"}],"wp:featuredmedia":[{"embeddable":true,"href":"https:\/\/portalmf.com.br\/index.php\/wp-json\/wp\/v2\/media\/4426"}],"wp:attachment":[{"href":"https:\/\/portalmf.com.br\/index.php\/wp-json\/wp\/v2\/media?parent=4425"}],"wp:term":[{"taxonomy":"category","embeddable":true,"href":"https:\/\/portalmf.com.br\/index.php\/wp-json\/wp\/v2\/categories?post=4425"},{"taxonomy":"post_tag","embeddable":true,"href":"https:\/\/portalmf.com.br\/index.php\/wp-json\/wp\/v2\/tags?post=4425"}],"curies":[{"name":"wp","href":"https:\/\/api.w.org\/{rel}","templated":true}]}}