{"id":4403,"date":"2022-09-18T18:04:00","date_gmt":"2022-09-18T21:04:00","guid":{"rendered":"http:\/\/portalmf.com.br\/?p=4403"},"modified":"2022-09-19T19:07:37","modified_gmt":"2022-09-19T22:07:37","slug":"terminais-de-transbordo-da-noide-cerqueira-e-do-bairro-pampalona-sao-entregues-pelo-prefeito","status":"publish","type":"post","link":"https:\/\/portalmf.com.br\/index.php\/2022\/09\/18\/terminais-de-transbordo-da-noide-cerqueira-e-do-bairro-pampalona-sao-entregues-pelo-prefeito\/","title":{"rendered":"Terminais de transbordo da Noide Cerqueira e do bairro Pampalona s\u00e3o entregues pelo prefeito"},"content":{"rendered":"\n<p>Na manh\u00e3 deste domingo, 18, nas comemora\u00e7\u00f5es do anivers\u00e1rio da cidade, o prefeito Colbert Filho entregou \u00e0 popula\u00e7\u00e3o os terminais de transbordo da avenida Noide Cerqueira e do bairro Pampalona. A partir desta segunda-feira, 19, j\u00e1 entram em opera\u00e7\u00e3o.<\/p>\n\n\n\n<p>Ambos servem de entreposto para que o passageiro possa fazer a integra\u00e7\u00e3o f\u00edsica entre um \u00f4nibus e outro de forma r\u00e1pida e segura.<\/p>\n\n\n\n<p>Colbert Filho enfatizou o esfor\u00e7o da administra\u00e7\u00e3o municipal em assegurar para comunidade feirense um servi\u00e7o de transporte eficiente e com qualidade.&nbsp;Desta forma, ressaltou a amplia\u00e7\u00e3o da frota de \u00f4nibus no munic\u00edpio para 75% com a implanta\u00e7\u00e3o do projeto FeiraMob.&nbsp;<\/p>\n\n\n\n<p>&#8220;Mesmo diante de todos os desafios da retomada econ\u00f4mica, a Prefeitura tem trabalhado para manter o sistema de transporte p\u00fablico em pleno funcionamento e, agora, com a frota ampliada&#8221;, refor\u00e7ou.&nbsp;<\/p>\n\n\n\n<p><strong>NOVA PADRONIZA\u00c7\u00c3O<\/strong><\/p>\n\n\n\n<p>Outra novidade \u00e9 a nova padroniza\u00e7\u00e3o dos ve\u00edculos, mais moderna e com refer\u00eancias a pontos caracter\u00edsticos do munic\u00edpio, como a caixa d&#8217;\u00e1gua do Tomba, a Igreja Senhor dos Passos e o Monumento Todos os Caminhos. Os ve\u00edculos s\u00e3o nas cores amarelo (empresa Rosa) e laranja (S\u00e3o Jo\u00e3o).&nbsp;<\/p>\n\n\n\n<p>A visita aos terminais foi acompanhada pelo secret\u00e1rio municipal de Transportes e Tr\u00e2nsito, Saulo Figueiredo, diretores do \u00f3rg\u00e3o municipal, representantes das concession\u00e1rias de \u00f4nibus e da equipe de governo.<\/p>\n\n\n\n<figure class=\"wp-block-gallery has-nested-images columns-default is-cropped wp-block-gallery-1 is-layout-flex wp-block-gallery-is-layout-flex\">\n<figure class=\"wp-block-image size-large\"><img fetchpriority=\"high\" decoding=\"async\" width=\"1024\" height=\"771\" data-id=\"4404\" src=\"http:\/\/portalmf.com.br\/wp-content\/uploads\/2022\/09\/IMG-20220919-WA0003-1024x771.jpg\" alt=\"\" class=\"wp-image-4404\" srcset=\"https:\/\/portalmf.com.br\/wp-content\/uploads\/2022\/09\/IMG-20220919-WA0003-1024x771.jpg 1024w, https:\/\/portalmf.com.br\/wp-content\/uploads\/2022\/09\/IMG-20220919-WA0003-300x226.jpg 300w, https:\/\/portalmf.com.br\/wp-content\/uploads\/2022\/09\/IMG-20220919-WA0003-768x578.jpg 768w, https:\/\/portalmf.com.br\/wp-content\/uploads\/2022\/09\/IMG-20220919-WA0003-1170x881.jpg 1170w, https:\/\/portalmf.com.br\/wp-content\/uploads\/2022\/09\/IMG-20220919-WA0003-585x441.jpg 585w, https:\/\/portalmf.com.br\/wp-content\/uploads\/2022\/09\/IMG-20220919-WA0003.jpg 1280w\" sizes=\"(max-width: 1024px) 100vw, 1024px\" \/><\/figure>\n\n\n\n<figure class=\"wp-block-image size-large\"><img decoding=\"async\" width=\"1024\" height=\"683\" data-id=\"4405\" src=\"http:\/\/portalmf.com.br\/wp-content\/uploads\/2022\/09\/transbordo-noide-cerqueira-e-panpalona-18-09-2022-Foto-Izinaldo-Barreto-19-1024x683.jpg\" alt=\"\" class=\"wp-image-4405\" srcset=\"https:\/\/portalmf.com.br\/wp-content\/uploads\/2022\/09\/transbordo-noide-cerqueira-e-panpalona-18-09-2022-Foto-Izinaldo-Barreto-19-1024x683.jpg 1024w, https:\/\/portalmf.com.br\/wp-content\/uploads\/2022\/09\/transbordo-noide-cerqueira-e-panpalona-18-09-2022-Foto-Izinaldo-Barreto-19-300x200.jpg 300w, https:\/\/portalmf.com.br\/wp-content\/uploads\/2022\/09\/transbordo-noide-cerqueira-e-panpalona-18-09-2022-Foto-Izinaldo-Barreto-19-768x512.jpg 768w, https:\/\/portalmf.com.br\/wp-content\/uploads\/2022\/09\/transbordo-noide-cerqueira-e-panpalona-18-09-2022-Foto-Izinaldo-Barreto-19-1170x780.jpg 1170w, https:\/\/portalmf.com.br\/wp-content\/uploads\/2022\/09\/transbordo-noide-cerqueira-e-panpalona-18-09-2022-Foto-Izinaldo-Barreto-19-585x390.jpg 585w, https:\/\/portalmf.com.br\/wp-content\/uploads\/2022\/09\/transbordo-noide-cerqueira-e-panpalona-18-09-2022-Foto-Izinaldo-Barreto-19-263x175.jpg 263w, https:\/\/portalmf.com.br\/wp-content\/uploads\/2022\/09\/transbordo-noide-cerqueira-e-panpalona-18-09-2022-Foto-Izinaldo-Barreto-19.jpg 1299w\" sizes=\"(max-width: 1024px) 100vw, 1024px\" \/><\/figure>\n<\/figure>\n\n\n\n<p>Com informa\u00e7\u00f5es da Secom<\/p>\n","protected":false},"excerpt":{"rendered":"<p>Na manh\u00e3 deste domingo, 18, nas comemora\u00e7\u00f5es do anivers\u00e1rio da cidade, o prefeito Colbert Filho entregou \u00e0 popula\u00e7\u00e3o os terminais de transbordo da avenida Noide Cerqueira e do bairro Pampalona. A partir desta segunda-feira, 19, j\u00e1 entram em opera\u00e7\u00e3o. Ambos servem de entreposto para que o passageiro possa fazer a integra\u00e7\u00e3o f\u00edsica entre um \u00f4nibus [&hellip;]<\/p>\n","protected":false},"author":2,"featured_media":4406,"comment_status":"open","ping_status":"open","sticky":false,"template":"","format":"standard","meta":{"_monsterinsights_skip_tracking":false,"_monsterinsights_sitenote_active":false,"_monsterinsights_sitenote_note":"","_monsterinsights_sitenote_category":0,"footnotes":""},"categories":[34],"tags":[],"yoast_head":"<!-- This site is optimized with the Yoast SEO plugin v22.9 - https:\/\/yoast.com\/wordpress\/plugins\/seo\/ -->\n<title>Terminais de transbordo da Noide Cerqueira e do bairro Pampalona s\u00e3o entregues pelo prefeito - Portal MF<\/title>\n<meta name=\"robots\" content=\"index, follow, max-snippet:-1, max-image-preview:large, max-video-preview:-1\" \/>\n<link rel=\"canonical\" href=\"https:\/\/portalmf.com.br\/index.php\/2022\/09\/18\/terminais-de-transbordo-da-noide-cerqueira-e-do-bairro-pampalona-sao-entregues-pelo-prefeito\/\" \/>\n<meta property=\"og:locale\" content=\"pt_BR\" \/>\n<meta property=\"og:type\" content=\"article\" \/>\n<meta property=\"og:title\" content=\"Terminais de transbordo da Noide Cerqueira e do bairro Pampalona s\u00e3o entregues pelo prefeito - Portal MF\" \/>\n<meta property=\"og:description\" content=\"Na manh\u00e3 deste domingo, 18, nas comemora\u00e7\u00f5es do anivers\u00e1rio da cidade, o prefeito Colbert Filho entregou \u00e0 popula\u00e7\u00e3o os terminais de transbordo da avenida Noide Cerqueira e do bairro Pampalona. A partir desta segunda-feira, 19, j\u00e1 entram em opera\u00e7\u00e3o. Ambos servem de entreposto para que o passageiro possa fazer a integra\u00e7\u00e3o f\u00edsica entre um \u00f4nibus [&hellip;]\" \/>\n<meta property=\"og:url\" content=\"https:\/\/portalmf.com.br\/index.php\/2022\/09\/18\/terminais-de-transbordo-da-noide-cerqueira-e-do-bairro-pampalona-sao-entregues-pelo-prefeito\/\" \/>\n<meta property=\"og:site_name\" content=\"Portal MF\" \/>\n<meta property=\"article:author\" content=\"reginaldojrfsa\" \/>\n<meta property=\"article:published_time\" content=\"2022-09-18T21:04:00+00:00\" \/>\n<meta property=\"article:modified_time\" content=\"2022-09-19T22:07:37+00:00\" \/>\n<meta property=\"og:image\" content=\"https:\/\/portalmf.com.br\/wp-content\/uploads\/2022\/09\/IMG-20220919-WA0007.jpg\" \/>\n\t<meta property=\"og:image:width\" content=\"1280\" \/>\n\t<meta property=\"og:image:height\" content=\"964\" \/>\n\t<meta property=\"og:image:type\" content=\"image\/jpeg\" \/>\n<meta name=\"author\" content=\"Reginaldo J\u00fanior\" \/>\n<meta name=\"twitter:card\" content=\"summary_large_image\" \/>\n<meta name=\"twitter:creator\" content=\"@reginaldojrmf\" \/>\n<meta name=\"twitter:label1\" content=\"Escrito por\" \/>\n\t<meta name=\"twitter:data1\" content=\"Reginaldo J\u00fanior\" \/>\n\t<meta name=\"twitter:label2\" content=\"Est. tempo de leitura\" \/>\n\t<meta name=\"twitter:data2\" content=\"2 minutos\" \/>\n<script type=\"application\/ld+json\" class=\"yoast-schema-graph\">{\"@context\":\"https:\/\/schema.org\",\"@graph\":[{\"@type\":\"WebPage\",\"@id\":\"https:\/\/portalmf.com.br\/index.php\/2022\/09\/18\/terminais-de-transbordo-da-noide-cerqueira-e-do-bairro-pampalona-sao-entregues-pelo-prefeito\/\",\"url\":\"https:\/\/portalmf.com.br\/index.php\/2022\/09\/18\/terminais-de-transbordo-da-noide-cerqueira-e-do-bairro-pampalona-sao-entregues-pelo-prefeito\/\",\"name\":\"Terminais de transbordo da Noide Cerqueira e do bairro Pampalona s\u00e3o entregues pelo prefeito - Portal MF\",\"isPartOf\":{\"@id\":\"https:\/\/portalmf.com.br\/#website\"},\"primaryImageOfPage\":{\"@id\":\"https:\/\/portalmf.com.br\/index.php\/2022\/09\/18\/terminais-de-transbordo-da-noide-cerqueira-e-do-bairro-pampalona-sao-entregues-pelo-prefeito\/#primaryimage\"},\"image\":{\"@id\":\"https:\/\/portalmf.com.br\/index.php\/2022\/09\/18\/terminais-de-transbordo-da-noide-cerqueira-e-do-bairro-pampalona-sao-entregues-pelo-prefeito\/#primaryimage\"},\"thumbnailUrl\":\"https:\/\/portalmf.com.br\/wp-content\/uploads\/2022\/09\/IMG-20220919-WA0007.jpg\",\"datePublished\":\"2022-09-18T21:04:00+00:00\",\"dateModified\":\"2022-09-19T22:07:37+00:00\",\"author\":{\"@id\":\"https:\/\/portalmf.com.br\/#\/schema\/person\/11c82086fe8abc05a19147e964587285\"},\"breadcrumb\":{\"@id\":\"https:\/\/portalmf.com.br\/index.php\/2022\/09\/18\/terminais-de-transbordo-da-noide-cerqueira-e-do-bairro-pampalona-sao-entregues-pelo-prefeito\/#breadcrumb\"},\"inLanguage\":\"pt-BR\",\"potentialAction\":[{\"@type\":\"ReadAction\",\"target\":[\"https:\/\/portalmf.com.br\/index.php\/2022\/09\/18\/terminais-de-transbordo-da-noide-cerqueira-e-do-bairro-pampalona-sao-entregues-pelo-prefeito\/\"]}]},{\"@type\":\"ImageObject\",\"inLanguage\":\"pt-BR\",\"@id\":\"https:\/\/portalmf.com.br\/index.php\/2022\/09\/18\/terminais-de-transbordo-da-noide-cerqueira-e-do-bairro-pampalona-sao-entregues-pelo-prefeito\/#primaryimage\",\"url\":\"https:\/\/portalmf.com.br\/wp-content\/uploads\/2022\/09\/IMG-20220919-WA0007.jpg\",\"contentUrl\":\"https:\/\/portalmf.com.br\/wp-content\/uploads\/2022\/09\/IMG-20220919-WA0007.jpg\",\"width\":1280,\"height\":964},{\"@type\":\"BreadcrumbList\",\"@id\":\"https:\/\/portalmf.com.br\/index.php\/2022\/09\/18\/terminais-de-transbordo-da-noide-cerqueira-e-do-bairro-pampalona-sao-entregues-pelo-prefeito\/#breadcrumb\",\"itemListElement\":[{\"@type\":\"ListItem\",\"position\":1,\"name\":\"In\u00edcio\",\"item\":\"https:\/\/portalmf.com.br\/\"},{\"@type\":\"ListItem\",\"position\":2,\"name\":\"Terminais de transbordo da Noide Cerqueira e do bairro Pampalona s\u00e3o entregues pelo prefeito\"}]},{\"@type\":\"WebSite\",\"@id\":\"https:\/\/portalmf.com.br\/#website\",\"url\":\"https:\/\/portalmf.com.br\/\",\"name\":\"Portal MF\",\"description\":\"Voc\u00ea conectado com a informa\u00e7\u00e3o\",\"potentialAction\":[{\"@type\":\"SearchAction\",\"target\":{\"@type\":\"EntryPoint\",\"urlTemplate\":\"https:\/\/portalmf.com.br\/?s={search_term_string}\"},\"query-input\":\"required name=search_term_string\"}],\"inLanguage\":\"pt-BR\"},{\"@type\":\"Person\",\"@id\":\"https:\/\/portalmf.com.br\/#\/schema\/person\/11c82086fe8abc05a19147e964587285\",\"name\":\"Reginaldo J\u00fanior\",\"image\":{\"@type\":\"ImageObject\",\"inLanguage\":\"pt-BR\",\"@id\":\"https:\/\/portalmf.com.br\/#\/schema\/person\/image\/\",\"url\":\"https:\/\/secure.gravatar.com\/avatar\/32a3c797cd0ac47cc53b8644c62776f9?s=96&d=mm&r=g\",\"contentUrl\":\"https:\/\/secure.gravatar.com\/avatar\/32a3c797cd0ac47cc53b8644c62776f9?s=96&d=mm&r=g\",\"caption\":\"Reginaldo J\u00fanior\"},\"description\":\"Jornalista e idealizador Portal MF\",\"sameAs\":[\"https:\/\/portalmf.com.br\/index.php\/author\/reginaldojr\/\",\"reginaldojrfsa\",\"reginaldojuniormf\",\"https:\/\/x.com\/reginaldojrmf\"],\"url\":\"https:\/\/portalmf.com.br\/index.php\/author\/reginaldojr\/\"}]}<\/script>\n<!-- \/ Yoast SEO plugin. -->","yoast_head_json":{"title":"Terminais de transbordo da Noide Cerqueira e do bairro Pampalona s\u00e3o entregues pelo prefeito - Portal MF","robots":{"index":"index","follow":"follow","max-snippet":"max-snippet:-1","max-image-preview":"max-image-preview:large","max-video-preview":"max-video-preview:-1"},"canonical":"https:\/\/portalmf.com.br\/index.php\/2022\/09\/18\/terminais-de-transbordo-da-noide-cerqueira-e-do-bairro-pampalona-sao-entregues-pelo-prefeito\/","og_locale":"pt_BR","og_type":"article","og_title":"Terminais de transbordo da Noide Cerqueira e do bairro Pampalona s\u00e3o entregues pelo prefeito - Portal MF","og_description":"Na manh\u00e3 deste domingo, 18, nas comemora\u00e7\u00f5es do anivers\u00e1rio da cidade, o prefeito Colbert Filho entregou \u00e0 popula\u00e7\u00e3o os terminais de transbordo da avenida Noide Cerqueira e do bairro Pampalona. A partir desta segunda-feira, 19, j\u00e1 entram em opera\u00e7\u00e3o. Ambos servem de entreposto para que o passageiro possa fazer a integra\u00e7\u00e3o f\u00edsica entre um \u00f4nibus [&hellip;]","og_url":"https:\/\/portalmf.com.br\/index.php\/2022\/09\/18\/terminais-de-transbordo-da-noide-cerqueira-e-do-bairro-pampalona-sao-entregues-pelo-prefeito\/","og_site_name":"Portal MF","article_author":"reginaldojrfsa","article_published_time":"2022-09-18T21:04:00+00:00","article_modified_time":"2022-09-19T22:07:37+00:00","og_image":[{"width":1280,"height":964,"url":"https:\/\/portalmf.com.br\/wp-content\/uploads\/2022\/09\/IMG-20220919-WA0007.jpg","type":"image\/jpeg"}],"author":"Reginaldo J\u00fanior","twitter_card":"summary_large_image","twitter_creator":"@reginaldojrmf","twitter_misc":{"Escrito por":"Reginaldo J\u00fanior","Est. tempo de leitura":"2 minutos"},"schema":{"@context":"https:\/\/schema.org","@graph":[{"@type":"WebPage","@id":"https:\/\/portalmf.com.br\/index.php\/2022\/09\/18\/terminais-de-transbordo-da-noide-cerqueira-e-do-bairro-pampalona-sao-entregues-pelo-prefeito\/","url":"https:\/\/portalmf.com.br\/index.php\/2022\/09\/18\/terminais-de-transbordo-da-noide-cerqueira-e-do-bairro-pampalona-sao-entregues-pelo-prefeito\/","name":"Terminais de transbordo da Noide Cerqueira e do bairro Pampalona s\u00e3o entregues pelo prefeito - Portal MF","isPartOf":{"@id":"https:\/\/portalmf.com.br\/#website"},"primaryImageOfPage":{"@id":"https:\/\/portalmf.com.br\/index.php\/2022\/09\/18\/terminais-de-transbordo-da-noide-cerqueira-e-do-bairro-pampalona-sao-entregues-pelo-prefeito\/#primaryimage"},"image":{"@id":"https:\/\/portalmf.com.br\/index.php\/2022\/09\/18\/terminais-de-transbordo-da-noide-cerqueira-e-do-bairro-pampalona-sao-entregues-pelo-prefeito\/#primaryimage"},"thumbnailUrl":"https:\/\/portalmf.com.br\/wp-content\/uploads\/2022\/09\/IMG-20220919-WA0007.jpg","datePublished":"2022-09-18T21:04:00+00:00","dateModified":"2022-09-19T22:07:37+00:00","author":{"@id":"https:\/\/portalmf.com.br\/#\/schema\/person\/11c82086fe8abc05a19147e964587285"},"breadcrumb":{"@id":"https:\/\/portalmf.com.br\/index.php\/2022\/09\/18\/terminais-de-transbordo-da-noide-cerqueira-e-do-bairro-pampalona-sao-entregues-pelo-prefeito\/#breadcrumb"},"inLanguage":"pt-BR","potentialAction":[{"@type":"ReadAction","target":["https:\/\/portalmf.com.br\/index.php\/2022\/09\/18\/terminais-de-transbordo-da-noide-cerqueira-e-do-bairro-pampalona-sao-entregues-pelo-prefeito\/"]}]},{"@type":"ImageObject","inLanguage":"pt-BR","@id":"https:\/\/portalmf.com.br\/index.php\/2022\/09\/18\/terminais-de-transbordo-da-noide-cerqueira-e-do-bairro-pampalona-sao-entregues-pelo-prefeito\/#primaryimage","url":"https:\/\/portalmf.com.br\/wp-content\/uploads\/2022\/09\/IMG-20220919-WA0007.jpg","contentUrl":"https:\/\/portalmf.com.br\/wp-content\/uploads\/2022\/09\/IMG-20220919-WA0007.jpg","width":1280,"height":964},{"@type":"BreadcrumbList","@id":"https:\/\/portalmf.com.br\/index.php\/2022\/09\/18\/terminais-de-transbordo-da-noide-cerqueira-e-do-bairro-pampalona-sao-entregues-pelo-prefeito\/#breadcrumb","itemListElement":[{"@type":"ListItem","position":1,"name":"In\u00edcio","item":"https:\/\/portalmf.com.br\/"},{"@type":"ListItem","position":2,"name":"Terminais de transbordo da Noide Cerqueira e do bairro Pampalona s\u00e3o entregues pelo prefeito"}]},{"@type":"WebSite","@id":"https:\/\/portalmf.com.br\/#website","url":"https:\/\/portalmf.com.br\/","name":"Portal MF","description":"Voc\u00ea conectado com a informa\u00e7\u00e3o","potentialAction":[{"@type":"SearchAction","target":{"@type":"EntryPoint","urlTemplate":"https:\/\/portalmf.com.br\/?s={search_term_string}"},"query-input":"required name=search_term_string"}],"inLanguage":"pt-BR"},{"@type":"Person","@id":"https:\/\/portalmf.com.br\/#\/schema\/person\/11c82086fe8abc05a19147e964587285","name":"Reginaldo J\u00fanior","image":{"@type":"ImageObject","inLanguage":"pt-BR","@id":"https:\/\/portalmf.com.br\/#\/schema\/person\/image\/","url":"https:\/\/secure.gravatar.com\/avatar\/32a3c797cd0ac47cc53b8644c62776f9?s=96&d=mm&r=g","contentUrl":"https:\/\/secure.gravatar.com\/avatar\/32a3c797cd0ac47cc53b8644c62776f9?s=96&d=mm&r=g","caption":"Reginaldo J\u00fanior"},"description":"Jornalista e idealizador Portal MF","sameAs":["https:\/\/portalmf.com.br\/index.php\/author\/reginaldojr\/","reginaldojrfsa","reginaldojuniormf","https:\/\/x.com\/reginaldojrmf"],"url":"https:\/\/portalmf.com.br\/index.php\/author\/reginaldojr\/"}]}},"_links":{"self":[{"href":"https:\/\/portalmf.com.br\/index.php\/wp-json\/wp\/v2\/posts\/4403"}],"collection":[{"href":"https:\/\/portalmf.com.br\/index.php\/wp-json\/wp\/v2\/posts"}],"about":[{"href":"https:\/\/portalmf.com.br\/index.php\/wp-json\/wp\/v2\/types\/post"}],"author":[{"embeddable":true,"href":"https:\/\/portalmf.com.br\/index.php\/wp-json\/wp\/v2\/users\/2"}],"replies":[{"embeddable":true,"href":"https:\/\/portalmf.com.br\/index.php\/wp-json\/wp\/v2\/comments?post=4403"}],"version-history":[{"count":1,"href":"https:\/\/portalmf.com.br\/index.php\/wp-json\/wp\/v2\/posts\/4403\/revisions"}],"predecessor-version":[{"id":4407,"href":"https:\/\/portalmf.com.br\/index.php\/wp-json\/wp\/v2\/posts\/4403\/revisions\/4407"}],"wp:featuredmedia":[{"embeddable":true,"href":"https:\/\/portalmf.com.br\/index.php\/wp-json\/wp\/v2\/media\/4406"}],"wp:attachment":[{"href":"https:\/\/portalmf.com.br\/index.php\/wp-json\/wp\/v2\/media?parent=4403"}],"wp:term":[{"taxonomy":"category","embeddable":true,"href":"https:\/\/portalmf.com.br\/index.php\/wp-json\/wp\/v2\/categories?post=4403"},{"taxonomy":"post_tag","embeddable":true,"href":"https:\/\/portalmf.com.br\/index.php\/wp-json\/wp\/v2\/tags?post=4403"}],"curies":[{"name":"wp","href":"https:\/\/api.w.org\/{rel}","templated":true}]}}