{"id":4400,"date":"2022-09-19T11:01:00","date_gmt":"2022-09-19T14:01:00","guid":{"rendered":"http:\/\/portalmf.com.br\/?p=4400"},"modified":"2022-09-19T19:03:26","modified_gmt":"2022-09-19T22:03:26","slug":"passageiro-do-transporte-urbano-em-feira-pode-pagar-passagem-pelo-pix","status":"publish","type":"post","link":"https:\/\/portalmf.com.br\/index.php\/2022\/09\/19\/passageiro-do-transporte-urbano-em-feira-pode-pagar-passagem-pelo-pix\/","title":{"rendered":"Passageiro do transporte urbano em Feira pode pagar passagem pelo PIX"},"content":{"rendered":"\n<p>Usu\u00e1rios do transporte p\u00fablico de Feira de Santana agora podem recarregar o cart\u00e3o Via Feira e pagar a tarifa no \u00f4nibus de forma 100% digital com o aplicativo KIM+. A inova\u00e7\u00e3o apresentada pelo prefeito Colbert Filho, em coletiva \u00e0 imprensa, nesta manh\u00e3 (19), ocorre um dia ap\u00f3s a cidade comemorar 189 anos com an\u00fancio de amplia\u00e7\u00e3o da frota de \u00f4nibus e abertura dos terminais de transbordo da Noide e da Pampalona.&nbsp;<\/p>\n\n\n\n<p>No KIM+ o passageiro poder\u00e1 cadastrar o seu cart\u00e3o eletr\u00f4nico sem precisar se deslocar at\u00e9 um terminal de recarga, al\u00e9m de escolher a forma de pagamento entre PIX, cart\u00e3o de cr\u00e9dito ou d\u00e9bito, boleto ou transfer\u00eancia banc\u00e1ria. Cerca de 80 mil pessoas devem ser beneficiadas.<\/p>\n\n\n\n<p>Conforme o diretor municipal de Transportes, Andr\u00e9 Akio, a fun\u00e7\u00e3o de mapa tamb\u00e9m ser\u00e1 disponibilizada pelo app a fim de&nbsp;<em>&#8220;auxiliar o passageiro visualizar todas as paradas, hor\u00e1rios dos \u00f4nibus, posi\u00e7\u00e3o mais pr\u00f3xima de seu local de embarque&#8221;<\/em>&nbsp;e \u201cfavoritar\u201d as linhas mais utilizadas para uma consulta r\u00e1pida.<\/p>\n\n\n\n<p>Dispon\u00edvel em 48 cidades no pa\u00eds, o prefeito Colbert Filho ainda frisou a import\u00e2ncia da integra\u00e7\u00e3o da tecnologia de mobilidade urbana \u00e0s capitais Belo Horizonte, Salvador, Porto Alegre, Florian\u00f3polis e Vit\u00f3ria.&nbsp;<em>\u201c\u00c9 fundamental oferecer uma plataforma que o usu\u00e1rio possa us\u00e1-la em diversos lugares\u201d.&nbsp;<\/em>O KIM+ \u00e9 gratuito e est\u00e1 dispon\u00edvel para download nas lojas virtuais Apple Store e Google Play Store.<\/p>\n\n\n\n<p><strong>NOVA OPERA\u00c7\u00c3O<\/strong><\/p>\n\n\n\n<p>O secret\u00e1rio de Transporte e Tr\u00e2nsito, Saulo Figueiredo, ressaltou o sucesso do in\u00edcio da opera\u00e7\u00e3o nos terminais da Noide e da Pampalona. Segundo o gestor da pasta 19 linhas e mais 35 novos \u00f4nibus atender\u00e3o a popula\u00e7\u00e3o.&nbsp;&nbsp;<\/p>\n\n\n\n<p>No Terminal da Noide 16 \u00f4nibus operam 9 linhas, sendo: 033-Pq Lagoa\/Pra\u00e7a; 039-Tanquinho; 040-Fazenda Noide; 059-Tapera; 086-SIM via Corredor; 101-Lagoa das Pedras; 107-Pq. Get\u00falio Vargas; 300-BRT e E01 Expresso Novo Centro.&nbsp;<\/p>\n\n\n\n<p>Na Pampalona 19 \u00f4nibus operam as linhas 063-Campo do Gado; 071-George Am\u00e9rico; 081-Morada das \u00c1rvores; 109-George via Jos\u00e9 Falc\u00e3o; 112-Cond. Jos\u00e9 Ronaldo e 115-Cond. Asa Branca. A previs\u00e3o \u00e9 ampliar mais seis linhas alimentadoras em cada terminal.<\/p>\n\n\n\n<p>Com informa\u00e7\u00f5es da Secom Foto: ACM<\/p>\n","protected":false},"excerpt":{"rendered":"<p>Usu\u00e1rios do transporte p\u00fablico de Feira de Santana agora podem recarregar o cart\u00e3o Via Feira e pagar a tarifa no \u00f4nibus de forma 100% digital com o aplicativo KIM+. A inova\u00e7\u00e3o apresentada pelo prefeito Colbert Filho, em coletiva \u00e0 imprensa, nesta manh\u00e3 (19), ocorre um dia ap\u00f3s a cidade comemorar 189 anos com an\u00fancio de [&hellip;]<\/p>\n","protected":false},"author":2,"featured_media":4401,"comment_status":"open","ping_status":"open","sticky":false,"template":"","format":"standard","meta":{"_monsterinsights_skip_tracking":false,"_monsterinsights_sitenote_active":false,"_monsterinsights_sitenote_note":"","_monsterinsights_sitenote_category":0,"footnotes":""},"categories":[34],"tags":[],"yoast_head":"<!-- This site is optimized with the Yoast SEO plugin v22.9 - https:\/\/yoast.com\/wordpress\/plugins\/seo\/ -->\n<title>Passageiro do transporte urbano em Feira pode pagar passagem pelo PIX - Portal MF<\/title>\n<meta name=\"robots\" content=\"index, follow, max-snippet:-1, max-image-preview:large, max-video-preview:-1\" \/>\n<link rel=\"canonical\" href=\"https:\/\/portalmf.com.br\/index.php\/2022\/09\/19\/passageiro-do-transporte-urbano-em-feira-pode-pagar-passagem-pelo-pix\/\" \/>\n<meta property=\"og:locale\" content=\"pt_BR\" \/>\n<meta property=\"og:type\" content=\"article\" \/>\n<meta property=\"og:title\" content=\"Passageiro do transporte urbano em Feira pode pagar passagem pelo PIX - Portal MF\" \/>\n<meta property=\"og:description\" content=\"Usu\u00e1rios do transporte p\u00fablico de Feira de Santana agora podem recarregar o cart\u00e3o Via Feira e pagar a tarifa no \u00f4nibus de forma 100% digital com o aplicativo KIM+. A inova\u00e7\u00e3o apresentada pelo prefeito Colbert Filho, em coletiva \u00e0 imprensa, nesta manh\u00e3 (19), ocorre um dia ap\u00f3s a cidade comemorar 189 anos com an\u00fancio de [&hellip;]\" \/>\n<meta property=\"og:url\" content=\"https:\/\/portalmf.com.br\/index.php\/2022\/09\/19\/passageiro-do-transporte-urbano-em-feira-pode-pagar-passagem-pelo-pix\/\" \/>\n<meta property=\"og:site_name\" content=\"Portal MF\" \/>\n<meta property=\"article:author\" content=\"reginaldojrfsa\" \/>\n<meta property=\"article:published_time\" content=\"2022-09-19T14:01:00+00:00\" \/>\n<meta property=\"article:modified_time\" content=\"2022-09-19T22:03:26+00:00\" \/>\n<meta property=\"og:image\" content=\"https:\/\/portalmf.com.br\/wp-content\/uploads\/2022\/09\/Coletiva-Transporte-coletivo-Urbano-Foto-ACM-13.jpg\" \/>\n\t<meta property=\"og:image:width\" content=\"1299\" \/>\n\t<meta property=\"og:image:height\" content=\"866\" \/>\n\t<meta property=\"og:image:type\" content=\"image\/jpeg\" \/>\n<meta name=\"author\" content=\"Reginaldo J\u00fanior\" \/>\n<meta name=\"twitter:card\" content=\"summary_large_image\" \/>\n<meta name=\"twitter:creator\" content=\"@reginaldojrmf\" \/>\n<meta name=\"twitter:label1\" content=\"Escrito por\" \/>\n\t<meta name=\"twitter:data1\" content=\"Reginaldo J\u00fanior\" \/>\n\t<meta name=\"twitter:label2\" content=\"Est. tempo de leitura\" \/>\n\t<meta name=\"twitter:data2\" content=\"2 minutos\" \/>\n<script type=\"application\/ld+json\" class=\"yoast-schema-graph\">{\"@context\":\"https:\/\/schema.org\",\"@graph\":[{\"@type\":\"WebPage\",\"@id\":\"https:\/\/portalmf.com.br\/index.php\/2022\/09\/19\/passageiro-do-transporte-urbano-em-feira-pode-pagar-passagem-pelo-pix\/\",\"url\":\"https:\/\/portalmf.com.br\/index.php\/2022\/09\/19\/passageiro-do-transporte-urbano-em-feira-pode-pagar-passagem-pelo-pix\/\",\"name\":\"Passageiro do transporte urbano em Feira pode pagar passagem pelo PIX - Portal MF\",\"isPartOf\":{\"@id\":\"https:\/\/portalmf.com.br\/#website\"},\"primaryImageOfPage\":{\"@id\":\"https:\/\/portalmf.com.br\/index.php\/2022\/09\/19\/passageiro-do-transporte-urbano-em-feira-pode-pagar-passagem-pelo-pix\/#primaryimage\"},\"image\":{\"@id\":\"https:\/\/portalmf.com.br\/index.php\/2022\/09\/19\/passageiro-do-transporte-urbano-em-feira-pode-pagar-passagem-pelo-pix\/#primaryimage\"},\"thumbnailUrl\":\"https:\/\/portalmf.com.br\/wp-content\/uploads\/2022\/09\/Coletiva-Transporte-coletivo-Urbano-Foto-ACM-13.jpg\",\"datePublished\":\"2022-09-19T14:01:00+00:00\",\"dateModified\":\"2022-09-19T22:03:26+00:00\",\"author\":{\"@id\":\"https:\/\/portalmf.com.br\/#\/schema\/person\/11c82086fe8abc05a19147e964587285\"},\"breadcrumb\":{\"@id\":\"https:\/\/portalmf.com.br\/index.php\/2022\/09\/19\/passageiro-do-transporte-urbano-em-feira-pode-pagar-passagem-pelo-pix\/#breadcrumb\"},\"inLanguage\":\"pt-BR\",\"potentialAction\":[{\"@type\":\"ReadAction\",\"target\":[\"https:\/\/portalmf.com.br\/index.php\/2022\/09\/19\/passageiro-do-transporte-urbano-em-feira-pode-pagar-passagem-pelo-pix\/\"]}]},{\"@type\":\"ImageObject\",\"inLanguage\":\"pt-BR\",\"@id\":\"https:\/\/portalmf.com.br\/index.php\/2022\/09\/19\/passageiro-do-transporte-urbano-em-feira-pode-pagar-passagem-pelo-pix\/#primaryimage\",\"url\":\"https:\/\/portalmf.com.br\/wp-content\/uploads\/2022\/09\/Coletiva-Transporte-coletivo-Urbano-Foto-ACM-13.jpg\",\"contentUrl\":\"https:\/\/portalmf.com.br\/wp-content\/uploads\/2022\/09\/Coletiva-Transporte-coletivo-Urbano-Foto-ACM-13.jpg\",\"width\":1299,\"height\":866},{\"@type\":\"BreadcrumbList\",\"@id\":\"https:\/\/portalmf.com.br\/index.php\/2022\/09\/19\/passageiro-do-transporte-urbano-em-feira-pode-pagar-passagem-pelo-pix\/#breadcrumb\",\"itemListElement\":[{\"@type\":\"ListItem\",\"position\":1,\"name\":\"In\u00edcio\",\"item\":\"https:\/\/portalmf.com.br\/\"},{\"@type\":\"ListItem\",\"position\":2,\"name\":\"Passageiro do transporte urbano em Feira pode pagar passagem pelo PIX\"}]},{\"@type\":\"WebSite\",\"@id\":\"https:\/\/portalmf.com.br\/#website\",\"url\":\"https:\/\/portalmf.com.br\/\",\"name\":\"Portal MF\",\"description\":\"Voc\u00ea conectado com a informa\u00e7\u00e3o\",\"potentialAction\":[{\"@type\":\"SearchAction\",\"target\":{\"@type\":\"EntryPoint\",\"urlTemplate\":\"https:\/\/portalmf.com.br\/?s={search_term_string}\"},\"query-input\":\"required name=search_term_string\"}],\"inLanguage\":\"pt-BR\"},{\"@type\":\"Person\",\"@id\":\"https:\/\/portalmf.com.br\/#\/schema\/person\/11c82086fe8abc05a19147e964587285\",\"name\":\"Reginaldo J\u00fanior\",\"image\":{\"@type\":\"ImageObject\",\"inLanguage\":\"pt-BR\",\"@id\":\"https:\/\/portalmf.com.br\/#\/schema\/person\/image\/\",\"url\":\"https:\/\/secure.gravatar.com\/avatar\/32a3c797cd0ac47cc53b8644c62776f9?s=96&d=mm&r=g\",\"contentUrl\":\"https:\/\/secure.gravatar.com\/avatar\/32a3c797cd0ac47cc53b8644c62776f9?s=96&d=mm&r=g\",\"caption\":\"Reginaldo J\u00fanior\"},\"description\":\"Jornalista e idealizador Portal MF\",\"sameAs\":[\"https:\/\/portalmf.com.br\/index.php\/author\/reginaldojr\/\",\"reginaldojrfsa\",\"reginaldojuniormf\",\"https:\/\/x.com\/reginaldojrmf\"],\"url\":\"https:\/\/portalmf.com.br\/index.php\/author\/reginaldojr\/\"}]}<\/script>\n<!-- \/ Yoast SEO plugin. -->","yoast_head_json":{"title":"Passageiro do transporte urbano em Feira pode pagar passagem pelo PIX - Portal MF","robots":{"index":"index","follow":"follow","max-snippet":"max-snippet:-1","max-image-preview":"max-image-preview:large","max-video-preview":"max-video-preview:-1"},"canonical":"https:\/\/portalmf.com.br\/index.php\/2022\/09\/19\/passageiro-do-transporte-urbano-em-feira-pode-pagar-passagem-pelo-pix\/","og_locale":"pt_BR","og_type":"article","og_title":"Passageiro do transporte urbano em Feira pode pagar passagem pelo PIX - Portal MF","og_description":"Usu\u00e1rios do transporte p\u00fablico de Feira de Santana agora podem recarregar o cart\u00e3o Via Feira e pagar a tarifa no \u00f4nibus de forma 100% digital com o aplicativo KIM+. A inova\u00e7\u00e3o apresentada pelo prefeito Colbert Filho, em coletiva \u00e0 imprensa, nesta manh\u00e3 (19), ocorre um dia ap\u00f3s a cidade comemorar 189 anos com an\u00fancio de [&hellip;]","og_url":"https:\/\/portalmf.com.br\/index.php\/2022\/09\/19\/passageiro-do-transporte-urbano-em-feira-pode-pagar-passagem-pelo-pix\/","og_site_name":"Portal MF","article_author":"reginaldojrfsa","article_published_time":"2022-09-19T14:01:00+00:00","article_modified_time":"2022-09-19T22:03:26+00:00","og_image":[{"width":1299,"height":866,"url":"https:\/\/portalmf.com.br\/wp-content\/uploads\/2022\/09\/Coletiva-Transporte-coletivo-Urbano-Foto-ACM-13.jpg","type":"image\/jpeg"}],"author":"Reginaldo J\u00fanior","twitter_card":"summary_large_image","twitter_creator":"@reginaldojrmf","twitter_misc":{"Escrito por":"Reginaldo J\u00fanior","Est. tempo de leitura":"2 minutos"},"schema":{"@context":"https:\/\/schema.org","@graph":[{"@type":"WebPage","@id":"https:\/\/portalmf.com.br\/index.php\/2022\/09\/19\/passageiro-do-transporte-urbano-em-feira-pode-pagar-passagem-pelo-pix\/","url":"https:\/\/portalmf.com.br\/index.php\/2022\/09\/19\/passageiro-do-transporte-urbano-em-feira-pode-pagar-passagem-pelo-pix\/","name":"Passageiro do transporte urbano em Feira pode pagar passagem pelo PIX - Portal MF","isPartOf":{"@id":"https:\/\/portalmf.com.br\/#website"},"primaryImageOfPage":{"@id":"https:\/\/portalmf.com.br\/index.php\/2022\/09\/19\/passageiro-do-transporte-urbano-em-feira-pode-pagar-passagem-pelo-pix\/#primaryimage"},"image":{"@id":"https:\/\/portalmf.com.br\/index.php\/2022\/09\/19\/passageiro-do-transporte-urbano-em-feira-pode-pagar-passagem-pelo-pix\/#primaryimage"},"thumbnailUrl":"https:\/\/portalmf.com.br\/wp-content\/uploads\/2022\/09\/Coletiva-Transporte-coletivo-Urbano-Foto-ACM-13.jpg","datePublished":"2022-09-19T14:01:00+00:00","dateModified":"2022-09-19T22:03:26+00:00","author":{"@id":"https:\/\/portalmf.com.br\/#\/schema\/person\/11c82086fe8abc05a19147e964587285"},"breadcrumb":{"@id":"https:\/\/portalmf.com.br\/index.php\/2022\/09\/19\/passageiro-do-transporte-urbano-em-feira-pode-pagar-passagem-pelo-pix\/#breadcrumb"},"inLanguage":"pt-BR","potentialAction":[{"@type":"ReadAction","target":["https:\/\/portalmf.com.br\/index.php\/2022\/09\/19\/passageiro-do-transporte-urbano-em-feira-pode-pagar-passagem-pelo-pix\/"]}]},{"@type":"ImageObject","inLanguage":"pt-BR","@id":"https:\/\/portalmf.com.br\/index.php\/2022\/09\/19\/passageiro-do-transporte-urbano-em-feira-pode-pagar-passagem-pelo-pix\/#primaryimage","url":"https:\/\/portalmf.com.br\/wp-content\/uploads\/2022\/09\/Coletiva-Transporte-coletivo-Urbano-Foto-ACM-13.jpg","contentUrl":"https:\/\/portalmf.com.br\/wp-content\/uploads\/2022\/09\/Coletiva-Transporte-coletivo-Urbano-Foto-ACM-13.jpg","width":1299,"height":866},{"@type":"BreadcrumbList","@id":"https:\/\/portalmf.com.br\/index.php\/2022\/09\/19\/passageiro-do-transporte-urbano-em-feira-pode-pagar-passagem-pelo-pix\/#breadcrumb","itemListElement":[{"@type":"ListItem","position":1,"name":"In\u00edcio","item":"https:\/\/portalmf.com.br\/"},{"@type":"ListItem","position":2,"name":"Passageiro do transporte urbano em Feira pode pagar passagem pelo PIX"}]},{"@type":"WebSite","@id":"https:\/\/portalmf.com.br\/#website","url":"https:\/\/portalmf.com.br\/","name":"Portal MF","description":"Voc\u00ea conectado com a informa\u00e7\u00e3o","potentialAction":[{"@type":"SearchAction","target":{"@type":"EntryPoint","urlTemplate":"https:\/\/portalmf.com.br\/?s={search_term_string}"},"query-input":"required name=search_term_string"}],"inLanguage":"pt-BR"},{"@type":"Person","@id":"https:\/\/portalmf.com.br\/#\/schema\/person\/11c82086fe8abc05a19147e964587285","name":"Reginaldo J\u00fanior","image":{"@type":"ImageObject","inLanguage":"pt-BR","@id":"https:\/\/portalmf.com.br\/#\/schema\/person\/image\/","url":"https:\/\/secure.gravatar.com\/avatar\/32a3c797cd0ac47cc53b8644c62776f9?s=96&d=mm&r=g","contentUrl":"https:\/\/secure.gravatar.com\/avatar\/32a3c797cd0ac47cc53b8644c62776f9?s=96&d=mm&r=g","caption":"Reginaldo J\u00fanior"},"description":"Jornalista e idealizador Portal MF","sameAs":["https:\/\/portalmf.com.br\/index.php\/author\/reginaldojr\/","reginaldojrfsa","reginaldojuniormf","https:\/\/x.com\/reginaldojrmf"],"url":"https:\/\/portalmf.com.br\/index.php\/author\/reginaldojr\/"}]}},"_links":{"self":[{"href":"https:\/\/portalmf.com.br\/index.php\/wp-json\/wp\/v2\/posts\/4400"}],"collection":[{"href":"https:\/\/portalmf.com.br\/index.php\/wp-json\/wp\/v2\/posts"}],"about":[{"href":"https:\/\/portalmf.com.br\/index.php\/wp-json\/wp\/v2\/types\/post"}],"author":[{"embeddable":true,"href":"https:\/\/portalmf.com.br\/index.php\/wp-json\/wp\/v2\/users\/2"}],"replies":[{"embeddable":true,"href":"https:\/\/portalmf.com.br\/index.php\/wp-json\/wp\/v2\/comments?post=4400"}],"version-history":[{"count":1,"href":"https:\/\/portalmf.com.br\/index.php\/wp-json\/wp\/v2\/posts\/4400\/revisions"}],"predecessor-version":[{"id":4402,"href":"https:\/\/portalmf.com.br\/index.php\/wp-json\/wp\/v2\/posts\/4400\/revisions\/4402"}],"wp:featuredmedia":[{"embeddable":true,"href":"https:\/\/portalmf.com.br\/index.php\/wp-json\/wp\/v2\/media\/4401"}],"wp:attachment":[{"href":"https:\/\/portalmf.com.br\/index.php\/wp-json\/wp\/v2\/media?parent=4400"}],"wp:term":[{"taxonomy":"category","embeddable":true,"href":"https:\/\/portalmf.com.br\/index.php\/wp-json\/wp\/v2\/categories?post=4400"},{"taxonomy":"post_tag","embeddable":true,"href":"https:\/\/portalmf.com.br\/index.php\/wp-json\/wp\/v2\/tags?post=4400"}],"curies":[{"name":"wp","href":"https:\/\/api.w.org\/{rel}","templated":true}]}}