{"id":43784,"date":"2026-05-03T10:56:46","date_gmt":"2026-05-03T13:56:46","guid":{"rendered":"https:\/\/portalmf.com.br\/?p=43784"},"modified":"2026-05-03T10:58:21","modified_gmt":"2026-05-03T13:58:21","slug":"na-estreia-feira-fc-supera-o-vitoria-da-conquista-com-a-arena-lotada","status":"publish","type":"post","link":"https:\/\/portalmf.com.br\/index.php\/2026\/05\/03\/na-estreia-feira-fc-supera-o-vitoria-da-conquista-com-a-arena-lotada\/","title":{"rendered":"Na estreia, Feira FC supera o Vit\u00f3ria da Conquista com a Arena lotada"},"content":{"rendered":"\n<p>O Feira Futebol Clube come\u00e7ou sua trajet\u00f3ria na S\u00e9rie B do Campeonato Baiano com o p\u00e9 direito e com personalidade. Atuando diante de uma Arena completamente tomada por torcedores, a equipe feirense venceu por 3 a 0 o Vit\u00f3ria da Conquista, em uma estreia que combinou intensidade, organiza\u00e7\u00e3o t\u00e1tica e forte conex\u00e3o com a arquibancada.<\/p>\n\n\n\n<p>Com dois gols de Thiago Galhardo e um de William, o Feira n\u00e3o apenas construiu um placar el\u00e1stico, mas tamb\u00e9m comprovou que \u00e9 um projeto competitivo e bem estruturado desde o primeiro jogo oficial de sua hist\u00f3ria recente.<\/p>\n\n\n\n<p><strong>CASA CHEIA E FUTEBOL DOMINANTE<\/strong><\/p>\n\n\n\n<p>Empurrado por um p\u00fablico engajado que mais uma vez aderiu \u00e0 campanha solid\u00e1ria de doa\u00e7\u00e3o de alimentos, o Feira FC entrou em campo com postura agressiva e controle das a\u00e7\u00f5es. A equipe titular foi formada por Sid\u00e3o, William, Eduardo, Marcelinho, Ferreira, Jardel, Cazumb\u00e1, Rogerinho, Ronan, Gilberto e Thiago Galhardo, que tamb\u00e9m assumiu a bra\u00e7adeira de capit\u00e3o.<\/p>\n\n\n\n<p>Desde os minutos iniciais, o time mostrou organiza\u00e7\u00e3o no meio-campo e efici\u00eancia na transi\u00e7\u00e3o ofensiva. Thiago Galhardo abriu o placar ainda no primeiro tempo e voltou a marcar antes do intervalo, traduzindo em gols a superioridade constru\u00edda pela equipe. Na etapa final, o Feira manteve o controle da partida e administrou o ritmo com maturidade. William fechou o marcador no segundo tempo, coroando uma estreia segura e convincente diante do Vit\u00f3ria da Conquista.<\/p>\n\n\n\n<figure class=\"wp-block-image size-large\"><img fetchpriority=\"high\" decoding=\"async\" width=\"1024\" height=\"682\" src=\"https:\/\/portalmf.com.br\/wp-content\/uploads\/2026\/05\/Na-estreia-Feira-FC-supera-o-Vitoria-da-Conquista-com-a-Arena-lotada-3-1024x682.jpeg\" alt=\"\" class=\"wp-image-43786\" srcset=\"https:\/\/portalmf.com.br\/wp-content\/uploads\/2026\/05\/Na-estreia-Feira-FC-supera-o-Vitoria-da-Conquista-com-a-Arena-lotada-3-1024x682.jpeg 1024w, https:\/\/portalmf.com.br\/wp-content\/uploads\/2026\/05\/Na-estreia-Feira-FC-supera-o-Vitoria-da-Conquista-com-a-Arena-lotada-3-300x200.jpeg 300w, https:\/\/portalmf.com.br\/wp-content\/uploads\/2026\/05\/Na-estreia-Feira-FC-supera-o-Vitoria-da-Conquista-com-a-Arena-lotada-3-768x512.jpeg 768w, https:\/\/portalmf.com.br\/wp-content\/uploads\/2026\/05\/Na-estreia-Feira-FC-supera-o-Vitoria-da-Conquista-com-a-Arena-lotada-3-1536x1023.jpeg 1536w, https:\/\/portalmf.com.br\/wp-content\/uploads\/2026\/05\/Na-estreia-Feira-FC-supera-o-Vitoria-da-Conquista-com-a-Arena-lotada-3-696x464.jpeg 696w, https:\/\/portalmf.com.br\/wp-content\/uploads\/2026\/05\/Na-estreia-Feira-FC-supera-o-Vitoria-da-Conquista-com-a-Arena-lotada-3-1068x712.jpeg 1068w, https:\/\/portalmf.com.br\/wp-content\/uploads\/2026\/05\/Na-estreia-Feira-FC-supera-o-Vitoria-da-Conquista-com-a-Arena-lotada-3.jpeg 1600w\" sizes=\"(max-width: 1024px) 100vw, 1024px\" \/><figcaption class=\"wp-element-caption\"><strong>Foto: Enzo Britto<\/strong><\/figcaption><\/figure>\n\n\n\n<p>O t\u00e9cnico Edson Fabiano tamb\u00e9m utilizou o banco para manter o ritmo da equipe, promovendo as entradas de Lucaneta, Fabr\u00edcio, Brito, Fl\u00e1vio e Dod\u00f4 ao longo da partida.<\/p>\n\n\n\n<p><strong>FUTEBOL E IMPACTO SOCIAL<\/strong><\/p>\n\n\n\n<p>Para al\u00e9m do resultado esportivo, a estreia do Feira FC refor\u00e7ou o car\u00e1ter social que o clube vem incorporando desde sua forma\u00e7\u00e3o. A arrecada\u00e7\u00e3o de alimentos na entrada do est\u00e1dio voltou a mobilizar a torcida e consolidou o v\u00ednculo entre clube e comunidade.<\/p>\n\n\n\n<p>Com a Arena completamente lotada, foi cen\u00e1rio de uma atmosfera que mesclou festa, engajamento e expectativa por um novo momento no futebol da cidade. O apoio vindo das arquibancadas foi determinante para sustentar a intensidade da equipe durante os 90 minutos.<\/p>\n\n\n\n<figure class=\"wp-block-image size-large\"><img decoding=\"async\" width=\"1024\" height=\"682\" src=\"https:\/\/portalmf.com.br\/wp-content\/uploads\/2026\/05\/Na-estreia-Feira-FC-supera-o-Vitoria-da-Conquista-com-a-Arena-lotada-2-1024x682.jpeg\" alt=\"\" class=\"wp-image-43785\" srcset=\"https:\/\/portalmf.com.br\/wp-content\/uploads\/2026\/05\/Na-estreia-Feira-FC-supera-o-Vitoria-da-Conquista-com-a-Arena-lotada-2-1024x682.jpeg 1024w, https:\/\/portalmf.com.br\/wp-content\/uploads\/2026\/05\/Na-estreia-Feira-FC-supera-o-Vitoria-da-Conquista-com-a-Arena-lotada-2-300x200.jpeg 300w, https:\/\/portalmf.com.br\/wp-content\/uploads\/2026\/05\/Na-estreia-Feira-FC-supera-o-Vitoria-da-Conquista-com-a-Arena-lotada-2-768x512.jpeg 768w, https:\/\/portalmf.com.br\/wp-content\/uploads\/2026\/05\/Na-estreia-Feira-FC-supera-o-Vitoria-da-Conquista-com-a-Arena-lotada-2-1536x1023.jpeg 1536w, https:\/\/portalmf.com.br\/wp-content\/uploads\/2026\/05\/Na-estreia-Feira-FC-supera-o-Vitoria-da-Conquista-com-a-Arena-lotada-2-696x464.jpeg 696w, https:\/\/portalmf.com.br\/wp-content\/uploads\/2026\/05\/Na-estreia-Feira-FC-supera-o-Vitoria-da-Conquista-com-a-Arena-lotada-2-1068x712.jpeg 1068w, https:\/\/portalmf.com.br\/wp-content\/uploads\/2026\/05\/Na-estreia-Feira-FC-supera-o-Vitoria-da-Conquista-com-a-Arena-lotada-2.jpeg 1600w\" sizes=\"(max-width: 1024px) 100vw, 1024px\" \/><figcaption class=\"wp-element-caption\">Foto: Enzo Britto<\/figcaption><\/figure>\n\n\n\n<p><strong>ALCANCE EXPRESSIVO DENTRO E FORA DE CAMPO<\/strong><\/p>\n\n\n\n<p>A estreia do Feira FC tamb\u00e9m foi um sucesso fora das quatro linhas, com um alcance expressivo no canal oficial do clube no YouTube. Em uma noite de forte engajamento, a transmiss\u00e3o somou mais de 400 mil visualiza\u00e7\u00f5es, ampliando o impacto do jogo para al\u00e9m do est\u00e1dio. O projeto de m\u00eddia do clube j\u00e1 mostra for\u00e7a logo no primeiro jogo, conectando torcida, cidade e audi\u00eancia digital em uma mesma sintonia.<\/p>\n\n\n\n<figure class=\"wp-block-image size-large\"><img decoding=\"async\" width=\"1024\" height=\"778\" src=\"https:\/\/portalmf.com.br\/wp-content\/uploads\/2026\/05\/Na-estreia-Feira-FC-supera-o-Vitoria-da-Conquista-com-a-Arena-lotada-4-e1777816586895-1024x778.jpeg\" alt=\"\" class=\"wp-image-43787\" srcset=\"https:\/\/portalmf.com.br\/wp-content\/uploads\/2026\/05\/Na-estreia-Feira-FC-supera-o-Vitoria-da-Conquista-com-a-Arena-lotada-4-e1777816586895-1024x778.jpeg 1024w, https:\/\/portalmf.com.br\/wp-content\/uploads\/2026\/05\/Na-estreia-Feira-FC-supera-o-Vitoria-da-Conquista-com-a-Arena-lotada-4-e1777816586895-300x228.jpeg 300w, https:\/\/portalmf.com.br\/wp-content\/uploads\/2026\/05\/Na-estreia-Feira-FC-supera-o-Vitoria-da-Conquista-com-a-Arena-lotada-4-e1777816586895-768x584.jpeg 768w, https:\/\/portalmf.com.br\/wp-content\/uploads\/2026\/05\/Na-estreia-Feira-FC-supera-o-Vitoria-da-Conquista-com-a-Arena-lotada-4-e1777816586895-696x529.jpeg 696w, https:\/\/portalmf.com.br\/wp-content\/uploads\/2026\/05\/Na-estreia-Feira-FC-supera-o-Vitoria-da-Conquista-com-a-Arena-lotada-4-e1777816586895.jpeg 1066w\" sizes=\"(max-width: 1024px) 100vw, 1024px\" \/><figcaption class=\"wp-element-caption\"><strong>Foto: Enzo Britto<\/strong><\/figcaption><\/figure>\n\n\n\n<p><strong>CONFIAN\u00c7A NO PROCESSO E LIDERAN\u00c7A EM CAMPO<\/strong><\/p>\n\n\n\n<p>Ap\u00f3s a partida, o t\u00e9cnico Edson Fabiano destacou a maturidade da equipe mesmo em um momento inicial de constru\u00e7\u00e3o:<\/p>\n\n\n\n<p><em>\u201cA gente sabia da responsabilidade que era essa estreia. Em 40 dias de trabalho, os atletas entenderam a proposta e executaram com muita disciplina. T\u00ednhamos um objetivo muito claro para hoje, que era vencer, e fico muito satisfeito com a forma como a equipe se comportou em campo\u201d<\/em><\/p>\n\n\n\n<p>Capit\u00e3o e protagonista da partida, Thiago Galhardo tamb\u00e9m ressaltou o significado da vit\u00f3ria e da conex\u00e3o com a torcida:<\/p>\n\n\n\n<p>\u201cVestir essa camisa e j\u00e1 viver uma noite como essa \u00e9 especial. A gente sente a energia da arquibancada e isso faz diferen\u00e7a dentro de campo. \u00c9 s\u00f3 o come\u00e7o, mas come\u00e7amos da forma que precisa ser.\u201d<\/p>\n\n\n\n<p><strong>FOCO NO PR\u00d3XIMO DESAFIO<\/strong><\/p>\n\n\n\n<p>A vit\u00f3ria por 3 a 0 coloca o Feira FC em destaque logo na rodada de abertura e sinaliza que o clube chega \u00e0 S\u00e9rie B com ambi\u00e7\u00e3o de competir em alto n\u00edvel e consolidar, desde j\u00e1, sua identidade dentro e fora de campo. O clube volta a entrar em campo no pr\u00f3ximo domingo (10), diante do Cama\u00e7ari, no Joia da Princesa, em Feira de Santana, \u00e0s 15h.<\/p>\n","protected":false},"excerpt":{"rendered":"<p>O Feira Futebol Clube come\u00e7ou sua trajet\u00f3ria na S\u00e9rie B do Campeonato Baiano com o p\u00e9 direito e com personalidade. Atuando diante de uma Arena completamente tomada por torcedores, a equipe feirense venceu por 3 a 0 o Vit\u00f3ria da Conquista, em uma estreia que combinou intensidade, organiza\u00e7\u00e3o t\u00e1tica e forte conex\u00e3o com a arquibancada. [&hellip;]<\/p>\n","protected":false},"author":3,"featured_media":43790,"comment_status":"open","ping_status":"open","sticky":false,"template":"","format":"standard","meta":{"_monsterinsights_skip_tracking":false,"_monsterinsights_sitenote_active":false,"_monsterinsights_sitenote_note":"","_monsterinsights_sitenote_category":0,"footnotes":""},"categories":[47,42],"tags":[],"yoast_head":"<!-- This site is optimized with the Yoast SEO plugin v22.9 - https:\/\/yoast.com\/wordpress\/plugins\/seo\/ -->\n<title>Na estreia, Feira FC supera o Vit\u00f3ria da Conquista com a Arena lotada - Portal MF<\/title>\n<meta name=\"robots\" content=\"index, follow, max-snippet:-1, max-image-preview:large, max-video-preview:-1\" \/>\n<link rel=\"canonical\" href=\"https:\/\/portalmf.com.br\/index.php\/2026\/05\/03\/na-estreia-feira-fc-supera-o-vitoria-da-conquista-com-a-arena-lotada\/\" \/>\n<meta property=\"og:locale\" content=\"pt_BR\" \/>\n<meta property=\"og:type\" content=\"article\" \/>\n<meta property=\"og:title\" content=\"Na estreia, Feira FC supera o Vit\u00f3ria da Conquista com a Arena lotada - Portal MF\" \/>\n<meta property=\"og:description\" content=\"O Feira Futebol Clube come\u00e7ou sua trajet\u00f3ria na S\u00e9rie B do Campeonato Baiano com o p\u00e9 direito e com personalidade. Atuando diante de uma Arena completamente tomada por torcedores, a equipe feirense venceu por 3 a 0 o Vit\u00f3ria da Conquista, em uma estreia que combinou intensidade, organiza\u00e7\u00e3o t\u00e1tica e forte conex\u00e3o com a arquibancada. [&hellip;]\" \/>\n<meta property=\"og:url\" content=\"https:\/\/portalmf.com.br\/index.php\/2026\/05\/03\/na-estreia-feira-fc-supera-o-vitoria-da-conquista-com-a-arena-lotada\/\" \/>\n<meta property=\"og:site_name\" content=\"Portal MF\" \/>\n<meta property=\"article:author\" content=\"https:\/\/www.facebook.com\/portalmfoficial\" \/>\n<meta property=\"article:published_time\" content=\"2026-05-03T13:56:46+00:00\" \/>\n<meta property=\"article:modified_time\" content=\"2026-05-03T13:58:21+00:00\" \/>\n<meta property=\"og:image\" content=\"https:\/\/portalmf.com.br\/wp-content\/uploads\/2026\/05\/Feira-FC-supera-o-Vitoria-da-Conquista-com-a-Arena-lotada-3-scaled-e1777816492642.jpeg\" \/>\n\t<meta property=\"og:image:width\" content=\"1706\" \/>\n\t<meta property=\"og:image:height\" content=\"1041\" \/>\n\t<meta property=\"og:image:type\" content=\"image\/jpeg\" \/>\n<meta name=\"author\" content=\"Reda\u00e7\u00e3o Portal MF\" \/>\n<meta name=\"twitter:card\" content=\"summary_large_image\" \/>\n<meta name=\"twitter:creator\" content=\"@https:\/\/x.com\/portalmfoficial\" \/>\n<meta name=\"twitter:label1\" content=\"Escrito por\" \/>\n\t<meta name=\"twitter:data1\" content=\"Reda\u00e7\u00e3o Portal MF\" \/>\n\t<meta name=\"twitter:label2\" content=\"Est. tempo de leitura\" \/>\n\t<meta name=\"twitter:data2\" content=\"5 minutos\" \/>\n<script type=\"application\/ld+json\" class=\"yoast-schema-graph\">{\"@context\":\"https:\/\/schema.org\",\"@graph\":[{\"@type\":\"WebPage\",\"@id\":\"https:\/\/portalmf.com.br\/index.php\/2026\/05\/03\/na-estreia-feira-fc-supera-o-vitoria-da-conquista-com-a-arena-lotada\/\",\"url\":\"https:\/\/portalmf.com.br\/index.php\/2026\/05\/03\/na-estreia-feira-fc-supera-o-vitoria-da-conquista-com-a-arena-lotada\/\",\"name\":\"Na estreia, Feira FC supera o Vit\u00f3ria da Conquista com a Arena lotada - Portal MF\",\"isPartOf\":{\"@id\":\"https:\/\/portalmf.com.br\/#website\"},\"primaryImageOfPage\":{\"@id\":\"https:\/\/portalmf.com.br\/index.php\/2026\/05\/03\/na-estreia-feira-fc-supera-o-vitoria-da-conquista-com-a-arena-lotada\/#primaryimage\"},\"image\":{\"@id\":\"https:\/\/portalmf.com.br\/index.php\/2026\/05\/03\/na-estreia-feira-fc-supera-o-vitoria-da-conquista-com-a-arena-lotada\/#primaryimage\"},\"thumbnailUrl\":\"https:\/\/portalmf.com.br\/wp-content\/uploads\/2026\/05\/Feira-FC-supera-o-Vitoria-da-Conquista-com-a-Arena-lotada-3-scaled-e1777816492642.jpeg\",\"datePublished\":\"2026-05-03T13:56:46+00:00\",\"dateModified\":\"2026-05-03T13:58:21+00:00\",\"author\":{\"@id\":\"https:\/\/portalmf.com.br\/#\/schema\/person\/9ec101baf56233e53520c26de5d6f6f0\"},\"breadcrumb\":{\"@id\":\"https:\/\/portalmf.com.br\/index.php\/2026\/05\/03\/na-estreia-feira-fc-supera-o-vitoria-da-conquista-com-a-arena-lotada\/#breadcrumb\"},\"inLanguage\":\"pt-BR\",\"potentialAction\":[{\"@type\":\"ReadAction\",\"target\":[\"https:\/\/portalmf.com.br\/index.php\/2026\/05\/03\/na-estreia-feira-fc-supera-o-vitoria-da-conquista-com-a-arena-lotada\/\"]}]},{\"@type\":\"ImageObject\",\"inLanguage\":\"pt-BR\",\"@id\":\"https:\/\/portalmf.com.br\/index.php\/2026\/05\/03\/na-estreia-feira-fc-supera-o-vitoria-da-conquista-com-a-arena-lotada\/#primaryimage\",\"url\":\"https:\/\/portalmf.com.br\/wp-content\/uploads\/2026\/05\/Feira-FC-supera-o-Vitoria-da-Conquista-com-a-Arena-lotada-3-scaled-e1777816492642.jpeg\",\"contentUrl\":\"https:\/\/portalmf.com.br\/wp-content\/uploads\/2026\/05\/Feira-FC-supera-o-Vitoria-da-Conquista-com-a-Arena-lotada-3-scaled-e1777816492642.jpeg\",\"width\":1706,\"height\":1041,\"caption\":\"Foto: Enzo Britto\"},{\"@type\":\"BreadcrumbList\",\"@id\":\"https:\/\/portalmf.com.br\/index.php\/2026\/05\/03\/na-estreia-feira-fc-supera-o-vitoria-da-conquista-com-a-arena-lotada\/#breadcrumb\",\"itemListElement\":[{\"@type\":\"ListItem\",\"position\":1,\"name\":\"In\u00edcio\",\"item\":\"https:\/\/portalmf.com.br\/\"},{\"@type\":\"ListItem\",\"position\":2,\"name\":\"Na estreia, Feira FC supera o Vit\u00f3ria da Conquista com a Arena lotada\"}]},{\"@type\":\"WebSite\",\"@id\":\"https:\/\/portalmf.com.br\/#website\",\"url\":\"https:\/\/portalmf.com.br\/\",\"name\":\"Portal MF\",\"description\":\"Voc\u00ea conectado com a informa\u00e7\u00e3o\",\"potentialAction\":[{\"@type\":\"SearchAction\",\"target\":{\"@type\":\"EntryPoint\",\"urlTemplate\":\"https:\/\/portalmf.com.br\/?s={search_term_string}\"},\"query-input\":\"required name=search_term_string\"}],\"inLanguage\":\"pt-BR\"},{\"@type\":\"Person\",\"@id\":\"https:\/\/portalmf.com.br\/#\/schema\/person\/9ec101baf56233e53520c26de5d6f6f0\",\"name\":\"Reda\u00e7\u00e3o Portal MF\",\"image\":{\"@type\":\"ImageObject\",\"inLanguage\":\"pt-BR\",\"@id\":\"https:\/\/portalmf.com.br\/#\/schema\/person\/image\/\",\"url\":\"https:\/\/secure.gravatar.com\/avatar\/41b9aaeb2100835f7c64362330f74c7f?s=96&d=mm&r=g\",\"contentUrl\":\"https:\/\/secure.gravatar.com\/avatar\/41b9aaeb2100835f7c64362330f74c7f?s=96&d=mm&r=g\",\"caption\":\"Reda\u00e7\u00e3o Portal MF\"},\"description\":\"Sejam bem-vindos o portal de informa\u00e7\u00f5es de entretenimento de Feira de Santana, desde 2006 realiza coberturas dos principais eventos com entrevistas exclusivas com as principais personalidades mundiais. Fique conectado tamb\u00e9m nas redes sociais.\",\"sameAs\":[\"http:\/\/www.portalmf.com.br\/\",\"https:\/\/www.facebook.com\/portalmfoficial\",\"https:\/\/www.instagram.com\/portalmf\/\",\"https:\/\/x.com\/https:\/\/x.com\/portalmfoficial\",\"https:\/\/www.youtube.com\/@portalmfoficial\"],\"url\":\"https:\/\/portalmf.com.br\/index.php\/author\/junior\/\"}]}<\/script>\n<!-- \/ Yoast SEO plugin. -->","yoast_head_json":{"title":"Na estreia, Feira FC supera o Vit\u00f3ria da Conquista com a Arena lotada - Portal MF","robots":{"index":"index","follow":"follow","max-snippet":"max-snippet:-1","max-image-preview":"max-image-preview:large","max-video-preview":"max-video-preview:-1"},"canonical":"https:\/\/portalmf.com.br\/index.php\/2026\/05\/03\/na-estreia-feira-fc-supera-o-vitoria-da-conquista-com-a-arena-lotada\/","og_locale":"pt_BR","og_type":"article","og_title":"Na estreia, Feira FC supera o Vit\u00f3ria da Conquista com a Arena lotada - Portal MF","og_description":"O Feira Futebol Clube come\u00e7ou sua trajet\u00f3ria na S\u00e9rie B do Campeonato Baiano com o p\u00e9 direito e com personalidade. Atuando diante de uma Arena completamente tomada por torcedores, a equipe feirense venceu por 3 a 0 o Vit\u00f3ria da Conquista, em uma estreia que combinou intensidade, organiza\u00e7\u00e3o t\u00e1tica e forte conex\u00e3o com a arquibancada. [&hellip;]","og_url":"https:\/\/portalmf.com.br\/index.php\/2026\/05\/03\/na-estreia-feira-fc-supera-o-vitoria-da-conquista-com-a-arena-lotada\/","og_site_name":"Portal MF","article_author":"https:\/\/www.facebook.com\/portalmfoficial","article_published_time":"2026-05-03T13:56:46+00:00","article_modified_time":"2026-05-03T13:58:21+00:00","og_image":[{"width":1706,"height":1041,"url":"https:\/\/portalmf.com.br\/wp-content\/uploads\/2026\/05\/Feira-FC-supera-o-Vitoria-da-Conquista-com-a-Arena-lotada-3-scaled-e1777816492642.jpeg","type":"image\/jpeg"}],"author":"Reda\u00e7\u00e3o Portal MF","twitter_card":"summary_large_image","twitter_creator":"@https:\/\/x.com\/portalmfoficial","twitter_misc":{"Escrito por":"Reda\u00e7\u00e3o Portal MF","Est. tempo de leitura":"5 minutos"},"schema":{"@context":"https:\/\/schema.org","@graph":[{"@type":"WebPage","@id":"https:\/\/portalmf.com.br\/index.php\/2026\/05\/03\/na-estreia-feira-fc-supera-o-vitoria-da-conquista-com-a-arena-lotada\/","url":"https:\/\/portalmf.com.br\/index.php\/2026\/05\/03\/na-estreia-feira-fc-supera-o-vitoria-da-conquista-com-a-arena-lotada\/","name":"Na estreia, Feira FC supera o Vit\u00f3ria da Conquista com a Arena lotada - Portal MF","isPartOf":{"@id":"https:\/\/portalmf.com.br\/#website"},"primaryImageOfPage":{"@id":"https:\/\/portalmf.com.br\/index.php\/2026\/05\/03\/na-estreia-feira-fc-supera-o-vitoria-da-conquista-com-a-arena-lotada\/#primaryimage"},"image":{"@id":"https:\/\/portalmf.com.br\/index.php\/2026\/05\/03\/na-estreia-feira-fc-supera-o-vitoria-da-conquista-com-a-arena-lotada\/#primaryimage"},"thumbnailUrl":"https:\/\/portalmf.com.br\/wp-content\/uploads\/2026\/05\/Feira-FC-supera-o-Vitoria-da-Conquista-com-a-Arena-lotada-3-scaled-e1777816492642.jpeg","datePublished":"2026-05-03T13:56:46+00:00","dateModified":"2026-05-03T13:58:21+00:00","author":{"@id":"https:\/\/portalmf.com.br\/#\/schema\/person\/9ec101baf56233e53520c26de5d6f6f0"},"breadcrumb":{"@id":"https:\/\/portalmf.com.br\/index.php\/2026\/05\/03\/na-estreia-feira-fc-supera-o-vitoria-da-conquista-com-a-arena-lotada\/#breadcrumb"},"inLanguage":"pt-BR","potentialAction":[{"@type":"ReadAction","target":["https:\/\/portalmf.com.br\/index.php\/2026\/05\/03\/na-estreia-feira-fc-supera-o-vitoria-da-conquista-com-a-arena-lotada\/"]}]},{"@type":"ImageObject","inLanguage":"pt-BR","@id":"https:\/\/portalmf.com.br\/index.php\/2026\/05\/03\/na-estreia-feira-fc-supera-o-vitoria-da-conquista-com-a-arena-lotada\/#primaryimage","url":"https:\/\/portalmf.com.br\/wp-content\/uploads\/2026\/05\/Feira-FC-supera-o-Vitoria-da-Conquista-com-a-Arena-lotada-3-scaled-e1777816492642.jpeg","contentUrl":"https:\/\/portalmf.com.br\/wp-content\/uploads\/2026\/05\/Feira-FC-supera-o-Vitoria-da-Conquista-com-a-Arena-lotada-3-scaled-e1777816492642.jpeg","width":1706,"height":1041,"caption":"Foto: Enzo Britto"},{"@type":"BreadcrumbList","@id":"https:\/\/portalmf.com.br\/index.php\/2026\/05\/03\/na-estreia-feira-fc-supera-o-vitoria-da-conquista-com-a-arena-lotada\/#breadcrumb","itemListElement":[{"@type":"ListItem","position":1,"name":"In\u00edcio","item":"https:\/\/portalmf.com.br\/"},{"@type":"ListItem","position":2,"name":"Na estreia, Feira FC supera o Vit\u00f3ria da Conquista com a Arena lotada"}]},{"@type":"WebSite","@id":"https:\/\/portalmf.com.br\/#website","url":"https:\/\/portalmf.com.br\/","name":"Portal MF","description":"Voc\u00ea conectado com a informa\u00e7\u00e3o","potentialAction":[{"@type":"SearchAction","target":{"@type":"EntryPoint","urlTemplate":"https:\/\/portalmf.com.br\/?s={search_term_string}"},"query-input":"required name=search_term_string"}],"inLanguage":"pt-BR"},{"@type":"Person","@id":"https:\/\/portalmf.com.br\/#\/schema\/person\/9ec101baf56233e53520c26de5d6f6f0","name":"Reda\u00e7\u00e3o Portal MF","image":{"@type":"ImageObject","inLanguage":"pt-BR","@id":"https:\/\/portalmf.com.br\/#\/schema\/person\/image\/","url":"https:\/\/secure.gravatar.com\/avatar\/41b9aaeb2100835f7c64362330f74c7f?s=96&d=mm&r=g","contentUrl":"https:\/\/secure.gravatar.com\/avatar\/41b9aaeb2100835f7c64362330f74c7f?s=96&d=mm&r=g","caption":"Reda\u00e7\u00e3o Portal MF"},"description":"Sejam bem-vindos o portal de informa\u00e7\u00f5es de entretenimento de Feira de Santana, desde 2006 realiza coberturas dos principais eventos com entrevistas exclusivas com as principais personalidades mundiais. Fique conectado tamb\u00e9m nas redes sociais.","sameAs":["http:\/\/www.portalmf.com.br\/","https:\/\/www.facebook.com\/portalmfoficial","https:\/\/www.instagram.com\/portalmf\/","https:\/\/x.com\/https:\/\/x.com\/portalmfoficial","https:\/\/www.youtube.com\/@portalmfoficial"],"url":"https:\/\/portalmf.com.br\/index.php\/author\/junior\/"}]}},"_links":{"self":[{"href":"https:\/\/portalmf.com.br\/index.php\/wp-json\/wp\/v2\/posts\/43784"}],"collection":[{"href":"https:\/\/portalmf.com.br\/index.php\/wp-json\/wp\/v2\/posts"}],"about":[{"href":"https:\/\/portalmf.com.br\/index.php\/wp-json\/wp\/v2\/types\/post"}],"author":[{"embeddable":true,"href":"https:\/\/portalmf.com.br\/index.php\/wp-json\/wp\/v2\/users\/3"}],"replies":[{"embeddable":true,"href":"https:\/\/portalmf.com.br\/index.php\/wp-json\/wp\/v2\/comments?post=43784"}],"version-history":[{"count":1,"href":"https:\/\/portalmf.com.br\/index.php\/wp-json\/wp\/v2\/posts\/43784\/revisions"}],"predecessor-version":[{"id":43792,"href":"https:\/\/portalmf.com.br\/index.php\/wp-json\/wp\/v2\/posts\/43784\/revisions\/43792"}],"wp:featuredmedia":[{"embeddable":true,"href":"https:\/\/portalmf.com.br\/index.php\/wp-json\/wp\/v2\/media\/43790"}],"wp:attachment":[{"href":"https:\/\/portalmf.com.br\/index.php\/wp-json\/wp\/v2\/media?parent=43784"}],"wp:term":[{"taxonomy":"category","embeddable":true,"href":"https:\/\/portalmf.com.br\/index.php\/wp-json\/wp\/v2\/categories?post=43784"},{"taxonomy":"post_tag","embeddable":true,"href":"https:\/\/portalmf.com.br\/index.php\/wp-json\/wp\/v2\/tags?post=43784"}],"curies":[{"name":"wp","href":"https:\/\/api.w.org\/{rel}","templated":true}]}}