{"id":4378,"date":"2022-09-19T18:31:16","date_gmt":"2022-09-19T21:31:16","guid":{"rendered":"http:\/\/portalmf.com.br\/?p=4378"},"modified":"2022-09-19T18:31:40","modified_gmt":"2022-09-19T21:31:40","slug":"tony-salles-anuncia-data-do-primeiro-ensaio-de-verao","status":"publish","type":"post","link":"https:\/\/portalmf.com.br\/index.php\/2022\/09\/19\/tony-salles-anuncia-data-do-primeiro-ensaio-de-verao\/","title":{"rendered":"Tony Salles anuncia data do primeiro ensaio de ver\u00e3o"},"content":{"rendered":"\n<p>A banda Parangol\u00e9 j\u00e1 tem data definida pra dar o start no ver\u00e3o em Salvador. Em entrevista coletiva neste domingo (17), momentos ap\u00f3s se apresentar no Palco Principal do Salvador Fest, o cantor Tony Salles anunciou a data do primeiro ensaio de ver\u00e3o do grupo, festa que j\u00e1 se tornou tradi\u00e7\u00e3o no calend\u00e1rio baiano e aconteceu apenas uma vez durante a pandemia.<\/p>\n\n\n\n<p><em>\u201cNosso ensaio de ver\u00e3o esse ano a gente n\u00e3o come\u00e7a em dezembro. O normal seria come\u00e7ar em dezembro, mas a gente come\u00e7a em janeiro esse ano, a gente s\u00f3 est\u00e1 dependendo saber se a gente volta a fazer na Fonte Nova, ou em um novo lugar\u201d.<\/em><\/p>\n\n\n\n<p>Enquanto o Parangol\u00e9 n\u00e3o sobe ao palco, o p\u00fablico pode aproveitar para ver o trio L\u00e9o Santana, Xanddy Harmonia e Tony Salles juntos no evento <em>\u201cO Encontro\u201d em dezembro. \u201cTr\u00eas de dezembro est\u00e1 confirmado mais um encontro de fen\u00f4menos aqui em Salvador\u201d,<\/em> contou.<\/p>\n\n\n\n<p>Comemorando oito anos de hist\u00f3ria a frente do Parango, como o grupo \u00e9 conhecido entre os f\u00e3s, Tony prepara grandes momentos para 2022 e 2023.<\/p>\n\n\n\n<p><em>\u201cA gente agora come\u00e7a a gravar uma sequ\u00eancia de clipes, nessa sequ\u00eancia vai ter clipe gravado aqui em Salvador, que \u00e9 a m\u00fasica da gente aposta no Carnaval, em S\u00e3o Paulo e nos Estados Unidos\u201d.<\/em><\/p>\n\n\n\n<p>Com informa\u00e7\u00f5es do Ibahia Foto: MateusORoss<\/p>\n","protected":false},"excerpt":{"rendered":"<p>A banda Parangol\u00e9 j\u00e1 tem data definida pra dar o start no ver\u00e3o em Salvador. Em entrevista coletiva neste domingo (17), momentos ap\u00f3s se apresentar no Palco Principal do Salvador Fest, o cantor Tony Salles anunciou a data do primeiro ensaio de ver\u00e3o do grupo, festa que j\u00e1 se tornou tradi\u00e7\u00e3o no calend\u00e1rio baiano e [&hellip;]<\/p>\n","protected":false},"author":2,"featured_media":4379,"comment_status":"open","ping_status":"open","sticky":false,"template":"","format":"standard","meta":{"_monsterinsights_skip_tracking":false,"_monsterinsights_sitenote_active":false,"_monsterinsights_sitenote_note":"","_monsterinsights_sitenote_category":0,"footnotes":""},"categories":[47,45,36],"tags":[263,264,104],"yoast_head":"<!-- This site is optimized with the Yoast SEO plugin v22.9 - https:\/\/yoast.com\/wordpress\/plugins\/seo\/ -->\n<title>Tony Salles anuncia data do primeiro ensaio de ver\u00e3o - Portal MF<\/title>\n<meta name=\"robots\" content=\"index, follow, max-snippet:-1, max-image-preview:large, max-video-preview:-1\" \/>\n<link rel=\"canonical\" href=\"https:\/\/portalmf.com.br\/index.php\/2022\/09\/19\/tony-salles-anuncia-data-do-primeiro-ensaio-de-verao\/\" \/>\n<meta property=\"og:locale\" content=\"pt_BR\" \/>\n<meta property=\"og:type\" content=\"article\" \/>\n<meta property=\"og:title\" content=\"Tony Salles anuncia data do primeiro ensaio de ver\u00e3o - Portal MF\" \/>\n<meta property=\"og:description\" content=\"A banda Parangol\u00e9 j\u00e1 tem data definida pra dar o start no ver\u00e3o em Salvador. Em entrevista coletiva neste domingo (17), momentos ap\u00f3s se apresentar no Palco Principal do Salvador Fest, o cantor Tony Salles anunciou a data do primeiro ensaio de ver\u00e3o do grupo, festa que j\u00e1 se tornou tradi\u00e7\u00e3o no calend\u00e1rio baiano e [&hellip;]\" \/>\n<meta property=\"og:url\" content=\"https:\/\/portalmf.com.br\/index.php\/2022\/09\/19\/tony-salles-anuncia-data-do-primeiro-ensaio-de-verao\/\" \/>\n<meta property=\"og:site_name\" content=\"Portal MF\" \/>\n<meta property=\"article:author\" content=\"reginaldojrfsa\" \/>\n<meta property=\"article:published_time\" content=\"2022-09-19T21:31:16+00:00\" \/>\n<meta property=\"article:modified_time\" content=\"2022-09-19T21:31:40+00:00\" \/>\n<meta property=\"og:image\" content=\"https:\/\/portalmf.com.br\/wp-content\/uploads\/2022\/09\/Tony-Salles-anuncia-data-do-primeiro-ensaio-de-verao.jpg\" \/>\n\t<meta property=\"og:image:width\" content=\"1280\" \/>\n\t<meta property=\"og:image:height\" content=\"853\" \/>\n\t<meta property=\"og:image:type\" content=\"image\/jpeg\" \/>\n<meta name=\"author\" content=\"Reginaldo J\u00fanior\" \/>\n<meta name=\"twitter:card\" content=\"summary_large_image\" \/>\n<meta name=\"twitter:creator\" content=\"@reginaldojrmf\" \/>\n<meta name=\"twitter:label1\" content=\"Escrito por\" \/>\n\t<meta name=\"twitter:data1\" content=\"Reginaldo J\u00fanior\" \/>\n\t<meta name=\"twitter:label2\" content=\"Est. tempo de leitura\" \/>\n\t<meta name=\"twitter:data2\" content=\"2 minutos\" \/>\n<script type=\"application\/ld+json\" class=\"yoast-schema-graph\">{\"@context\":\"https:\/\/schema.org\",\"@graph\":[{\"@type\":\"WebPage\",\"@id\":\"https:\/\/portalmf.com.br\/index.php\/2022\/09\/19\/tony-salles-anuncia-data-do-primeiro-ensaio-de-verao\/\",\"url\":\"https:\/\/portalmf.com.br\/index.php\/2022\/09\/19\/tony-salles-anuncia-data-do-primeiro-ensaio-de-verao\/\",\"name\":\"Tony Salles anuncia data do primeiro ensaio de ver\u00e3o - Portal MF\",\"isPartOf\":{\"@id\":\"https:\/\/portalmf.com.br\/#website\"},\"primaryImageOfPage\":{\"@id\":\"https:\/\/portalmf.com.br\/index.php\/2022\/09\/19\/tony-salles-anuncia-data-do-primeiro-ensaio-de-verao\/#primaryimage\"},\"image\":{\"@id\":\"https:\/\/portalmf.com.br\/index.php\/2022\/09\/19\/tony-salles-anuncia-data-do-primeiro-ensaio-de-verao\/#primaryimage\"},\"thumbnailUrl\":\"https:\/\/portalmf.com.br\/wp-content\/uploads\/2022\/09\/Tony-Salles-anuncia-data-do-primeiro-ensaio-de-verao.jpg\",\"datePublished\":\"2022-09-19T21:31:16+00:00\",\"dateModified\":\"2022-09-19T21:31:40+00:00\",\"author\":{\"@id\":\"https:\/\/portalmf.com.br\/#\/schema\/person\/11c82086fe8abc05a19147e964587285\"},\"breadcrumb\":{\"@id\":\"https:\/\/portalmf.com.br\/index.php\/2022\/09\/19\/tony-salles-anuncia-data-do-primeiro-ensaio-de-verao\/#breadcrumb\"},\"inLanguage\":\"pt-BR\",\"potentialAction\":[{\"@type\":\"ReadAction\",\"target\":[\"https:\/\/portalmf.com.br\/index.php\/2022\/09\/19\/tony-salles-anuncia-data-do-primeiro-ensaio-de-verao\/\"]}]},{\"@type\":\"ImageObject\",\"inLanguage\":\"pt-BR\",\"@id\":\"https:\/\/portalmf.com.br\/index.php\/2022\/09\/19\/tony-salles-anuncia-data-do-primeiro-ensaio-de-verao\/#primaryimage\",\"url\":\"https:\/\/portalmf.com.br\/wp-content\/uploads\/2022\/09\/Tony-Salles-anuncia-data-do-primeiro-ensaio-de-verao.jpg\",\"contentUrl\":\"https:\/\/portalmf.com.br\/wp-content\/uploads\/2022\/09\/Tony-Salles-anuncia-data-do-primeiro-ensaio-de-verao.jpg\",\"width\":1280,\"height\":853},{\"@type\":\"BreadcrumbList\",\"@id\":\"https:\/\/portalmf.com.br\/index.php\/2022\/09\/19\/tony-salles-anuncia-data-do-primeiro-ensaio-de-verao\/#breadcrumb\",\"itemListElement\":[{\"@type\":\"ListItem\",\"position\":1,\"name\":\"In\u00edcio\",\"item\":\"https:\/\/portalmf.com.br\/\"},{\"@type\":\"ListItem\",\"position\":2,\"name\":\"Tony Salles anuncia data do primeiro ensaio de ver\u00e3o\"}]},{\"@type\":\"WebSite\",\"@id\":\"https:\/\/portalmf.com.br\/#website\",\"url\":\"https:\/\/portalmf.com.br\/\",\"name\":\"Portal MF\",\"description\":\"Voc\u00ea conectado com a informa\u00e7\u00e3o\",\"potentialAction\":[{\"@type\":\"SearchAction\",\"target\":{\"@type\":\"EntryPoint\",\"urlTemplate\":\"https:\/\/portalmf.com.br\/?s={search_term_string}\"},\"query-input\":\"required name=search_term_string\"}],\"inLanguage\":\"pt-BR\"},{\"@type\":\"Person\",\"@id\":\"https:\/\/portalmf.com.br\/#\/schema\/person\/11c82086fe8abc05a19147e964587285\",\"name\":\"Reginaldo J\u00fanior\",\"image\":{\"@type\":\"ImageObject\",\"inLanguage\":\"pt-BR\",\"@id\":\"https:\/\/portalmf.com.br\/#\/schema\/person\/image\/\",\"url\":\"https:\/\/secure.gravatar.com\/avatar\/32a3c797cd0ac47cc53b8644c62776f9?s=96&d=mm&r=g\",\"contentUrl\":\"https:\/\/secure.gravatar.com\/avatar\/32a3c797cd0ac47cc53b8644c62776f9?s=96&d=mm&r=g\",\"caption\":\"Reginaldo J\u00fanior\"},\"description\":\"Jornalista e idealizador Portal MF\",\"sameAs\":[\"https:\/\/portalmf.com.br\/index.php\/author\/reginaldojr\/\",\"reginaldojrfsa\",\"reginaldojuniormf\",\"https:\/\/x.com\/reginaldojrmf\"],\"url\":\"https:\/\/portalmf.com.br\/index.php\/author\/reginaldojr\/\"}]}<\/script>\n<!-- \/ Yoast SEO plugin. -->","yoast_head_json":{"title":"Tony Salles anuncia data do primeiro ensaio de ver\u00e3o - Portal MF","robots":{"index":"index","follow":"follow","max-snippet":"max-snippet:-1","max-image-preview":"max-image-preview:large","max-video-preview":"max-video-preview:-1"},"canonical":"https:\/\/portalmf.com.br\/index.php\/2022\/09\/19\/tony-salles-anuncia-data-do-primeiro-ensaio-de-verao\/","og_locale":"pt_BR","og_type":"article","og_title":"Tony Salles anuncia data do primeiro ensaio de ver\u00e3o - Portal MF","og_description":"A banda Parangol\u00e9 j\u00e1 tem data definida pra dar o start no ver\u00e3o em Salvador. Em entrevista coletiva neste domingo (17), momentos ap\u00f3s se apresentar no Palco Principal do Salvador Fest, o cantor Tony Salles anunciou a data do primeiro ensaio de ver\u00e3o do grupo, festa que j\u00e1 se tornou tradi\u00e7\u00e3o no calend\u00e1rio baiano e [&hellip;]","og_url":"https:\/\/portalmf.com.br\/index.php\/2022\/09\/19\/tony-salles-anuncia-data-do-primeiro-ensaio-de-verao\/","og_site_name":"Portal MF","article_author":"reginaldojrfsa","article_published_time":"2022-09-19T21:31:16+00:00","article_modified_time":"2022-09-19T21:31:40+00:00","og_image":[{"width":1280,"height":853,"url":"https:\/\/portalmf.com.br\/wp-content\/uploads\/2022\/09\/Tony-Salles-anuncia-data-do-primeiro-ensaio-de-verao.jpg","type":"image\/jpeg"}],"author":"Reginaldo J\u00fanior","twitter_card":"summary_large_image","twitter_creator":"@reginaldojrmf","twitter_misc":{"Escrito por":"Reginaldo J\u00fanior","Est. tempo de leitura":"2 minutos"},"schema":{"@context":"https:\/\/schema.org","@graph":[{"@type":"WebPage","@id":"https:\/\/portalmf.com.br\/index.php\/2022\/09\/19\/tony-salles-anuncia-data-do-primeiro-ensaio-de-verao\/","url":"https:\/\/portalmf.com.br\/index.php\/2022\/09\/19\/tony-salles-anuncia-data-do-primeiro-ensaio-de-verao\/","name":"Tony Salles anuncia data do primeiro ensaio de ver\u00e3o - Portal MF","isPartOf":{"@id":"https:\/\/portalmf.com.br\/#website"},"primaryImageOfPage":{"@id":"https:\/\/portalmf.com.br\/index.php\/2022\/09\/19\/tony-salles-anuncia-data-do-primeiro-ensaio-de-verao\/#primaryimage"},"image":{"@id":"https:\/\/portalmf.com.br\/index.php\/2022\/09\/19\/tony-salles-anuncia-data-do-primeiro-ensaio-de-verao\/#primaryimage"},"thumbnailUrl":"https:\/\/portalmf.com.br\/wp-content\/uploads\/2022\/09\/Tony-Salles-anuncia-data-do-primeiro-ensaio-de-verao.jpg","datePublished":"2022-09-19T21:31:16+00:00","dateModified":"2022-09-19T21:31:40+00:00","author":{"@id":"https:\/\/portalmf.com.br\/#\/schema\/person\/11c82086fe8abc05a19147e964587285"},"breadcrumb":{"@id":"https:\/\/portalmf.com.br\/index.php\/2022\/09\/19\/tony-salles-anuncia-data-do-primeiro-ensaio-de-verao\/#breadcrumb"},"inLanguage":"pt-BR","potentialAction":[{"@type":"ReadAction","target":["https:\/\/portalmf.com.br\/index.php\/2022\/09\/19\/tony-salles-anuncia-data-do-primeiro-ensaio-de-verao\/"]}]},{"@type":"ImageObject","inLanguage":"pt-BR","@id":"https:\/\/portalmf.com.br\/index.php\/2022\/09\/19\/tony-salles-anuncia-data-do-primeiro-ensaio-de-verao\/#primaryimage","url":"https:\/\/portalmf.com.br\/wp-content\/uploads\/2022\/09\/Tony-Salles-anuncia-data-do-primeiro-ensaio-de-verao.jpg","contentUrl":"https:\/\/portalmf.com.br\/wp-content\/uploads\/2022\/09\/Tony-Salles-anuncia-data-do-primeiro-ensaio-de-verao.jpg","width":1280,"height":853},{"@type":"BreadcrumbList","@id":"https:\/\/portalmf.com.br\/index.php\/2022\/09\/19\/tony-salles-anuncia-data-do-primeiro-ensaio-de-verao\/#breadcrumb","itemListElement":[{"@type":"ListItem","position":1,"name":"In\u00edcio","item":"https:\/\/portalmf.com.br\/"},{"@type":"ListItem","position":2,"name":"Tony Salles anuncia data do primeiro ensaio de ver\u00e3o"}]},{"@type":"WebSite","@id":"https:\/\/portalmf.com.br\/#website","url":"https:\/\/portalmf.com.br\/","name":"Portal MF","description":"Voc\u00ea conectado com a informa\u00e7\u00e3o","potentialAction":[{"@type":"SearchAction","target":{"@type":"EntryPoint","urlTemplate":"https:\/\/portalmf.com.br\/?s={search_term_string}"},"query-input":"required name=search_term_string"}],"inLanguage":"pt-BR"},{"@type":"Person","@id":"https:\/\/portalmf.com.br\/#\/schema\/person\/11c82086fe8abc05a19147e964587285","name":"Reginaldo J\u00fanior","image":{"@type":"ImageObject","inLanguage":"pt-BR","@id":"https:\/\/portalmf.com.br\/#\/schema\/person\/image\/","url":"https:\/\/secure.gravatar.com\/avatar\/32a3c797cd0ac47cc53b8644c62776f9?s=96&d=mm&r=g","contentUrl":"https:\/\/secure.gravatar.com\/avatar\/32a3c797cd0ac47cc53b8644c62776f9?s=96&d=mm&r=g","caption":"Reginaldo J\u00fanior"},"description":"Jornalista e idealizador Portal MF","sameAs":["https:\/\/portalmf.com.br\/index.php\/author\/reginaldojr\/","reginaldojrfsa","reginaldojuniormf","https:\/\/x.com\/reginaldojrmf"],"url":"https:\/\/portalmf.com.br\/index.php\/author\/reginaldojr\/"}]}},"_links":{"self":[{"href":"https:\/\/portalmf.com.br\/index.php\/wp-json\/wp\/v2\/posts\/4378"}],"collection":[{"href":"https:\/\/portalmf.com.br\/index.php\/wp-json\/wp\/v2\/posts"}],"about":[{"href":"https:\/\/portalmf.com.br\/index.php\/wp-json\/wp\/v2\/types\/post"}],"author":[{"embeddable":true,"href":"https:\/\/portalmf.com.br\/index.php\/wp-json\/wp\/v2\/users\/2"}],"replies":[{"embeddable":true,"href":"https:\/\/portalmf.com.br\/index.php\/wp-json\/wp\/v2\/comments?post=4378"}],"version-history":[{"count":2,"href":"https:\/\/portalmf.com.br\/index.php\/wp-json\/wp\/v2\/posts\/4378\/revisions"}],"predecessor-version":[{"id":4382,"href":"https:\/\/portalmf.com.br\/index.php\/wp-json\/wp\/v2\/posts\/4378\/revisions\/4382"}],"wp:featuredmedia":[{"embeddable":true,"href":"https:\/\/portalmf.com.br\/index.php\/wp-json\/wp\/v2\/media\/4379"}],"wp:attachment":[{"href":"https:\/\/portalmf.com.br\/index.php\/wp-json\/wp\/v2\/media?parent=4378"}],"wp:term":[{"taxonomy":"category","embeddable":true,"href":"https:\/\/portalmf.com.br\/index.php\/wp-json\/wp\/v2\/categories?post=4378"},{"taxonomy":"post_tag","embeddable":true,"href":"https:\/\/portalmf.com.br\/index.php\/wp-json\/wp\/v2\/tags?post=4378"}],"curies":[{"name":"wp","href":"https:\/\/api.w.org\/{rel}","templated":true}]}}