{"id":43752,"date":"2026-05-01T19:45:00","date_gmt":"2026-05-01T22:45:00","guid":{"rendered":"https:\/\/portalmf.com.br\/?p=43752"},"modified":"2026-05-01T21:48:33","modified_gmt":"2026-05-02T00:48:33","slug":"bruno-magnata-e-la-furia-lancam-primeiro-clipe-do-audiovisual-forro-e-pagodao-em-ritmo-de-copa","status":"publish","type":"post","link":"https:\/\/portalmf.com.br\/index.php\/2026\/05\/01\/bruno-magnata-e-la-furia-lancam-primeiro-clipe-do-audiovisual-forro-e-pagodao-em-ritmo-de-copa\/","title":{"rendered":"Bruno Magnata e La F\u00faria lan\u00e7am primeiro clipe do audiovisual \u201cForr\u00f3 e Pagod\u00e3o em Ritmo de Copa\u201d"},"content":{"rendered":"\n<p>A contagem regressiva acabou: o primeiro clipe do audiovisual \u201cForr\u00f3 e Pagod\u00e3o em Ritmo de Copa\u201d, de Bruno Magnata e La F\u00faria, chegou ao p\u00fablico. A faixa escolhida para abrir a sequ\u00eancia de lan\u00e7amentos \u00e9 \u201cS\u00f3 Pensa em Sentar\u201d, aposta do artista para embalar o per\u00edodo junino com a mistura envolvente de ritmos que \u00e9 a marca registrada do projeto.<\/p>\n\n\n\n<p>A grava\u00e7\u00e3o do audiovisual foi realizada em Feira de Santana, na Bahia, e carrega toda a energia de um evento que entrou para a hist\u00f3ria da cidade. Aberta ao p\u00fablico e com entrada gratuita, a festa reuniu uma multid\u00e3o na Avenida Santo Ant\u00f4nio, que atingiu sua capacidade m\u00e1xima antes mesmo do in\u00edcio do show.<\/p>\n\n\n\n<figure class=\"wp-block-embed is-type-video is-provider-youtube wp-block-embed-youtube wp-embed-aspect-16-9 wp-has-aspect-ratio\"><div class=\"wp-block-embed__wrapper\">\n<iframe title=\"La F\u00faria - S\u00d3 PENSA EM SENTAR [Forr\u00f3 e Pagod\u00e3o no Ritmo da Copa]\" width=\"696\" height=\"392\" src=\"https:\/\/www.youtube.com\/embed\/kWkkqc7Yvg0?feature=oembed\" frameborder=\"0\" allow=\"accelerometer; autoplay; clipboard-write; encrypted-media; gyroscope; picture-in-picture; web-share\" referrerpolicy=\"strict-origin-when-cross-origin\" allowfullscreen><\/iframe>\n<\/div><\/figure>\n\n\n\n<p>Com uma proposta que une o forr\u00f3 e o pagod\u00e3o em clima de Copa, o projeto refor\u00e7a a versatilidade de Bruno Magnata e a conex\u00e3o direta com o p\u00fablico. O lan\u00e7amento de \u201cS\u00f3 Pensa em Sentar\u201d marca o pontap\u00e9 inicial de uma s\u00e9rie de conte\u00fados que prometem aquecer o<\/p>\n","protected":false},"excerpt":{"rendered":"<p>A contagem regressiva acabou: o primeiro clipe do audiovisual \u201cForr\u00f3 e Pagod\u00e3o em Ritmo de Copa\u201d, de Bruno Magnata e La F\u00faria, chegou ao p\u00fablico. A faixa escolhida para abrir a sequ\u00eancia de lan\u00e7amentos \u00e9 \u201cS\u00f3 Pensa em Sentar\u201d, aposta do artista para embalar o per\u00edodo junino com a mistura envolvente de ritmos que \u00e9 [&hellip;]<\/p>\n","protected":false},"author":3,"featured_media":43753,"comment_status":"open","ping_status":"open","sticky":false,"template":"","format":"standard","meta":{"_monsterinsights_skip_tracking":false,"_monsterinsights_sitenote_active":false,"_monsterinsights_sitenote_note":"","_monsterinsights_sitenote_category":0,"footnotes":""},"categories":[48,36],"tags":[],"yoast_head":"<!-- This site is optimized with the Yoast SEO plugin v22.9 - https:\/\/yoast.com\/wordpress\/plugins\/seo\/ -->\n<title>Bruno Magnata e La F\u00faria lan\u00e7am primeiro clipe do audiovisual \u201cForr\u00f3 e Pagod\u00e3o em Ritmo de Copa\u201d - Portal MF<\/title>\n<meta name=\"robots\" content=\"index, follow, max-snippet:-1, max-image-preview:large, max-video-preview:-1\" \/>\n<link rel=\"canonical\" href=\"https:\/\/portalmf.com.br\/index.php\/2026\/05\/01\/bruno-magnata-e-la-furia-lancam-primeiro-clipe-do-audiovisual-forro-e-pagodao-em-ritmo-de-copa\/\" \/>\n<meta property=\"og:locale\" content=\"pt_BR\" \/>\n<meta property=\"og:type\" content=\"article\" \/>\n<meta property=\"og:title\" content=\"Bruno Magnata e La F\u00faria lan\u00e7am primeiro clipe do audiovisual \u201cForr\u00f3 e Pagod\u00e3o em Ritmo de Copa\u201d - Portal MF\" \/>\n<meta property=\"og:description\" content=\"A contagem regressiva acabou: o primeiro clipe do audiovisual \u201cForr\u00f3 e Pagod\u00e3o em Ritmo de Copa\u201d, de Bruno Magnata e La F\u00faria, chegou ao p\u00fablico. A faixa escolhida para abrir a sequ\u00eancia de lan\u00e7amentos \u00e9 \u201cS\u00f3 Pensa em Sentar\u201d, aposta do artista para embalar o per\u00edodo junino com a mistura envolvente de ritmos que \u00e9 [&hellip;]\" \/>\n<meta property=\"og:url\" content=\"https:\/\/portalmf.com.br\/index.php\/2026\/05\/01\/bruno-magnata-e-la-furia-lancam-primeiro-clipe-do-audiovisual-forro-e-pagodao-em-ritmo-de-copa\/\" \/>\n<meta property=\"og:site_name\" content=\"Portal MF\" \/>\n<meta property=\"article:author\" content=\"https:\/\/www.facebook.com\/portalmfoficial\" \/>\n<meta property=\"article:published_time\" content=\"2026-05-01T22:45:00+00:00\" \/>\n<meta property=\"article:modified_time\" content=\"2026-05-02T00:48:33+00:00\" \/>\n<meta property=\"og:image\" content=\"https:\/\/portalmf.com.br\/wp-content\/uploads\/2026\/05\/WhatsApp-Image-2026-04-30-at-17.30.54.jpeg\" \/>\n\t<meta property=\"og:image:width\" content=\"1600\" \/>\n\t<meta property=\"og:image:height\" content=\"900\" \/>\n\t<meta property=\"og:image:type\" content=\"image\/jpeg\" \/>\n<meta name=\"author\" content=\"Reda\u00e7\u00e3o Portal MF\" \/>\n<meta name=\"twitter:card\" content=\"summary_large_image\" \/>\n<meta name=\"twitter:creator\" content=\"@https:\/\/x.com\/portalmfoficial\" \/>\n<meta name=\"twitter:label1\" content=\"Escrito por\" \/>\n\t<meta name=\"twitter:data1\" content=\"Reda\u00e7\u00e3o Portal MF\" \/>\n\t<meta name=\"twitter:label2\" content=\"Est. tempo de leitura\" \/>\n\t<meta name=\"twitter:data2\" content=\"2 minutos\" \/>\n<script type=\"application\/ld+json\" class=\"yoast-schema-graph\">{\"@context\":\"https:\/\/schema.org\",\"@graph\":[{\"@type\":\"WebPage\",\"@id\":\"https:\/\/portalmf.com.br\/index.php\/2026\/05\/01\/bruno-magnata-e-la-furia-lancam-primeiro-clipe-do-audiovisual-forro-e-pagodao-em-ritmo-de-copa\/\",\"url\":\"https:\/\/portalmf.com.br\/index.php\/2026\/05\/01\/bruno-magnata-e-la-furia-lancam-primeiro-clipe-do-audiovisual-forro-e-pagodao-em-ritmo-de-copa\/\",\"name\":\"Bruno Magnata e La F\u00faria lan\u00e7am primeiro clipe do audiovisual \u201cForr\u00f3 e Pagod\u00e3o em Ritmo de Copa\u201d - Portal MF\",\"isPartOf\":{\"@id\":\"https:\/\/portalmf.com.br\/#website\"},\"primaryImageOfPage\":{\"@id\":\"https:\/\/portalmf.com.br\/index.php\/2026\/05\/01\/bruno-magnata-e-la-furia-lancam-primeiro-clipe-do-audiovisual-forro-e-pagodao-em-ritmo-de-copa\/#primaryimage\"},\"image\":{\"@id\":\"https:\/\/portalmf.com.br\/index.php\/2026\/05\/01\/bruno-magnata-e-la-furia-lancam-primeiro-clipe-do-audiovisual-forro-e-pagodao-em-ritmo-de-copa\/#primaryimage\"},\"thumbnailUrl\":\"https:\/\/portalmf.com.br\/wp-content\/uploads\/2026\/05\/WhatsApp-Image-2026-04-30-at-17.30.54.jpeg\",\"datePublished\":\"2026-05-01T22:45:00+00:00\",\"dateModified\":\"2026-05-02T00:48:33+00:00\",\"author\":{\"@id\":\"https:\/\/portalmf.com.br\/#\/schema\/person\/9ec101baf56233e53520c26de5d6f6f0\"},\"breadcrumb\":{\"@id\":\"https:\/\/portalmf.com.br\/index.php\/2026\/05\/01\/bruno-magnata-e-la-furia-lancam-primeiro-clipe-do-audiovisual-forro-e-pagodao-em-ritmo-de-copa\/#breadcrumb\"},\"inLanguage\":\"pt-BR\",\"potentialAction\":[{\"@type\":\"ReadAction\",\"target\":[\"https:\/\/portalmf.com.br\/index.php\/2026\/05\/01\/bruno-magnata-e-la-furia-lancam-primeiro-clipe-do-audiovisual-forro-e-pagodao-em-ritmo-de-copa\/\"]}]},{\"@type\":\"ImageObject\",\"inLanguage\":\"pt-BR\",\"@id\":\"https:\/\/portalmf.com.br\/index.php\/2026\/05\/01\/bruno-magnata-e-la-furia-lancam-primeiro-clipe-do-audiovisual-forro-e-pagodao-em-ritmo-de-copa\/#primaryimage\",\"url\":\"https:\/\/portalmf.com.br\/wp-content\/uploads\/2026\/05\/WhatsApp-Image-2026-04-30-at-17.30.54.jpeg\",\"contentUrl\":\"https:\/\/portalmf.com.br\/wp-content\/uploads\/2026\/05\/WhatsApp-Image-2026-04-30-at-17.30.54.jpeg\",\"width\":1600,\"height\":900},{\"@type\":\"BreadcrumbList\",\"@id\":\"https:\/\/portalmf.com.br\/index.php\/2026\/05\/01\/bruno-magnata-e-la-furia-lancam-primeiro-clipe-do-audiovisual-forro-e-pagodao-em-ritmo-de-copa\/#breadcrumb\",\"itemListElement\":[{\"@type\":\"ListItem\",\"position\":1,\"name\":\"In\u00edcio\",\"item\":\"https:\/\/portalmf.com.br\/\"},{\"@type\":\"ListItem\",\"position\":2,\"name\":\"Bruno Magnata e La F\u00faria lan\u00e7am primeiro clipe do audiovisual \u201cForr\u00f3 e Pagod\u00e3o em Ritmo de Copa\u201d\"}]},{\"@type\":\"WebSite\",\"@id\":\"https:\/\/portalmf.com.br\/#website\",\"url\":\"https:\/\/portalmf.com.br\/\",\"name\":\"Portal MF\",\"description\":\"Voc\u00ea conectado com a informa\u00e7\u00e3o\",\"potentialAction\":[{\"@type\":\"SearchAction\",\"target\":{\"@type\":\"EntryPoint\",\"urlTemplate\":\"https:\/\/portalmf.com.br\/?s={search_term_string}\"},\"query-input\":\"required name=search_term_string\"}],\"inLanguage\":\"pt-BR\"},{\"@type\":\"Person\",\"@id\":\"https:\/\/portalmf.com.br\/#\/schema\/person\/9ec101baf56233e53520c26de5d6f6f0\",\"name\":\"Reda\u00e7\u00e3o Portal MF\",\"image\":{\"@type\":\"ImageObject\",\"inLanguage\":\"pt-BR\",\"@id\":\"https:\/\/portalmf.com.br\/#\/schema\/person\/image\/\",\"url\":\"https:\/\/secure.gravatar.com\/avatar\/41b9aaeb2100835f7c64362330f74c7f?s=96&d=mm&r=g\",\"contentUrl\":\"https:\/\/secure.gravatar.com\/avatar\/41b9aaeb2100835f7c64362330f74c7f?s=96&d=mm&r=g\",\"caption\":\"Reda\u00e7\u00e3o Portal MF\"},\"description\":\"Sejam bem-vindos o portal de informa\u00e7\u00f5es de entretenimento de Feira de Santana, desde 2006 realiza coberturas dos principais eventos com entrevistas exclusivas com as principais personalidades mundiais. Fique conectado tamb\u00e9m nas redes sociais.\",\"sameAs\":[\"http:\/\/www.portalmf.com.br\/\",\"https:\/\/www.facebook.com\/portalmfoficial\",\"https:\/\/www.instagram.com\/portalmf\/\",\"https:\/\/x.com\/https:\/\/x.com\/portalmfoficial\",\"https:\/\/www.youtube.com\/@portalmfoficial\"],\"url\":\"https:\/\/portalmf.com.br\/index.php\/author\/junior\/\"}]}<\/script>\n<!-- \/ Yoast SEO plugin. -->","yoast_head_json":{"title":"Bruno Magnata e La F\u00faria lan\u00e7am primeiro clipe do audiovisual \u201cForr\u00f3 e Pagod\u00e3o em Ritmo de Copa\u201d - Portal MF","robots":{"index":"index","follow":"follow","max-snippet":"max-snippet:-1","max-image-preview":"max-image-preview:large","max-video-preview":"max-video-preview:-1"},"canonical":"https:\/\/portalmf.com.br\/index.php\/2026\/05\/01\/bruno-magnata-e-la-furia-lancam-primeiro-clipe-do-audiovisual-forro-e-pagodao-em-ritmo-de-copa\/","og_locale":"pt_BR","og_type":"article","og_title":"Bruno Magnata e La F\u00faria lan\u00e7am primeiro clipe do audiovisual \u201cForr\u00f3 e Pagod\u00e3o em Ritmo de Copa\u201d - Portal MF","og_description":"A contagem regressiva acabou: o primeiro clipe do audiovisual \u201cForr\u00f3 e Pagod\u00e3o em Ritmo de Copa\u201d, de Bruno Magnata e La F\u00faria, chegou ao p\u00fablico. A faixa escolhida para abrir a sequ\u00eancia de lan\u00e7amentos \u00e9 \u201cS\u00f3 Pensa em Sentar\u201d, aposta do artista para embalar o per\u00edodo junino com a mistura envolvente de ritmos que \u00e9 [&hellip;]","og_url":"https:\/\/portalmf.com.br\/index.php\/2026\/05\/01\/bruno-magnata-e-la-furia-lancam-primeiro-clipe-do-audiovisual-forro-e-pagodao-em-ritmo-de-copa\/","og_site_name":"Portal MF","article_author":"https:\/\/www.facebook.com\/portalmfoficial","article_published_time":"2026-05-01T22:45:00+00:00","article_modified_time":"2026-05-02T00:48:33+00:00","og_image":[{"width":1600,"height":900,"url":"https:\/\/portalmf.com.br\/wp-content\/uploads\/2026\/05\/WhatsApp-Image-2026-04-30-at-17.30.54.jpeg","type":"image\/jpeg"}],"author":"Reda\u00e7\u00e3o Portal MF","twitter_card":"summary_large_image","twitter_creator":"@https:\/\/x.com\/portalmfoficial","twitter_misc":{"Escrito por":"Reda\u00e7\u00e3o Portal MF","Est. tempo de leitura":"2 minutos"},"schema":{"@context":"https:\/\/schema.org","@graph":[{"@type":"WebPage","@id":"https:\/\/portalmf.com.br\/index.php\/2026\/05\/01\/bruno-magnata-e-la-furia-lancam-primeiro-clipe-do-audiovisual-forro-e-pagodao-em-ritmo-de-copa\/","url":"https:\/\/portalmf.com.br\/index.php\/2026\/05\/01\/bruno-magnata-e-la-furia-lancam-primeiro-clipe-do-audiovisual-forro-e-pagodao-em-ritmo-de-copa\/","name":"Bruno Magnata e La F\u00faria lan\u00e7am primeiro clipe do audiovisual \u201cForr\u00f3 e Pagod\u00e3o em Ritmo de Copa\u201d - Portal MF","isPartOf":{"@id":"https:\/\/portalmf.com.br\/#website"},"primaryImageOfPage":{"@id":"https:\/\/portalmf.com.br\/index.php\/2026\/05\/01\/bruno-magnata-e-la-furia-lancam-primeiro-clipe-do-audiovisual-forro-e-pagodao-em-ritmo-de-copa\/#primaryimage"},"image":{"@id":"https:\/\/portalmf.com.br\/index.php\/2026\/05\/01\/bruno-magnata-e-la-furia-lancam-primeiro-clipe-do-audiovisual-forro-e-pagodao-em-ritmo-de-copa\/#primaryimage"},"thumbnailUrl":"https:\/\/portalmf.com.br\/wp-content\/uploads\/2026\/05\/WhatsApp-Image-2026-04-30-at-17.30.54.jpeg","datePublished":"2026-05-01T22:45:00+00:00","dateModified":"2026-05-02T00:48:33+00:00","author":{"@id":"https:\/\/portalmf.com.br\/#\/schema\/person\/9ec101baf56233e53520c26de5d6f6f0"},"breadcrumb":{"@id":"https:\/\/portalmf.com.br\/index.php\/2026\/05\/01\/bruno-magnata-e-la-furia-lancam-primeiro-clipe-do-audiovisual-forro-e-pagodao-em-ritmo-de-copa\/#breadcrumb"},"inLanguage":"pt-BR","potentialAction":[{"@type":"ReadAction","target":["https:\/\/portalmf.com.br\/index.php\/2026\/05\/01\/bruno-magnata-e-la-furia-lancam-primeiro-clipe-do-audiovisual-forro-e-pagodao-em-ritmo-de-copa\/"]}]},{"@type":"ImageObject","inLanguage":"pt-BR","@id":"https:\/\/portalmf.com.br\/index.php\/2026\/05\/01\/bruno-magnata-e-la-furia-lancam-primeiro-clipe-do-audiovisual-forro-e-pagodao-em-ritmo-de-copa\/#primaryimage","url":"https:\/\/portalmf.com.br\/wp-content\/uploads\/2026\/05\/WhatsApp-Image-2026-04-30-at-17.30.54.jpeg","contentUrl":"https:\/\/portalmf.com.br\/wp-content\/uploads\/2026\/05\/WhatsApp-Image-2026-04-30-at-17.30.54.jpeg","width":1600,"height":900},{"@type":"BreadcrumbList","@id":"https:\/\/portalmf.com.br\/index.php\/2026\/05\/01\/bruno-magnata-e-la-furia-lancam-primeiro-clipe-do-audiovisual-forro-e-pagodao-em-ritmo-de-copa\/#breadcrumb","itemListElement":[{"@type":"ListItem","position":1,"name":"In\u00edcio","item":"https:\/\/portalmf.com.br\/"},{"@type":"ListItem","position":2,"name":"Bruno Magnata e La F\u00faria lan\u00e7am primeiro clipe do audiovisual \u201cForr\u00f3 e Pagod\u00e3o em Ritmo de Copa\u201d"}]},{"@type":"WebSite","@id":"https:\/\/portalmf.com.br\/#website","url":"https:\/\/portalmf.com.br\/","name":"Portal MF","description":"Voc\u00ea conectado com a informa\u00e7\u00e3o","potentialAction":[{"@type":"SearchAction","target":{"@type":"EntryPoint","urlTemplate":"https:\/\/portalmf.com.br\/?s={search_term_string}"},"query-input":"required name=search_term_string"}],"inLanguage":"pt-BR"},{"@type":"Person","@id":"https:\/\/portalmf.com.br\/#\/schema\/person\/9ec101baf56233e53520c26de5d6f6f0","name":"Reda\u00e7\u00e3o Portal MF","image":{"@type":"ImageObject","inLanguage":"pt-BR","@id":"https:\/\/portalmf.com.br\/#\/schema\/person\/image\/","url":"https:\/\/secure.gravatar.com\/avatar\/41b9aaeb2100835f7c64362330f74c7f?s=96&d=mm&r=g","contentUrl":"https:\/\/secure.gravatar.com\/avatar\/41b9aaeb2100835f7c64362330f74c7f?s=96&d=mm&r=g","caption":"Reda\u00e7\u00e3o Portal MF"},"description":"Sejam bem-vindos o portal de informa\u00e7\u00f5es de entretenimento de Feira de Santana, desde 2006 realiza coberturas dos principais eventos com entrevistas exclusivas com as principais personalidades mundiais. Fique conectado tamb\u00e9m nas redes sociais.","sameAs":["http:\/\/www.portalmf.com.br\/","https:\/\/www.facebook.com\/portalmfoficial","https:\/\/www.instagram.com\/portalmf\/","https:\/\/x.com\/https:\/\/x.com\/portalmfoficial","https:\/\/www.youtube.com\/@portalmfoficial"],"url":"https:\/\/portalmf.com.br\/index.php\/author\/junior\/"}]}},"_links":{"self":[{"href":"https:\/\/portalmf.com.br\/index.php\/wp-json\/wp\/v2\/posts\/43752"}],"collection":[{"href":"https:\/\/portalmf.com.br\/index.php\/wp-json\/wp\/v2\/posts"}],"about":[{"href":"https:\/\/portalmf.com.br\/index.php\/wp-json\/wp\/v2\/types\/post"}],"author":[{"embeddable":true,"href":"https:\/\/portalmf.com.br\/index.php\/wp-json\/wp\/v2\/users\/3"}],"replies":[{"embeddable":true,"href":"https:\/\/portalmf.com.br\/index.php\/wp-json\/wp\/v2\/comments?post=43752"}],"version-history":[{"count":1,"href":"https:\/\/portalmf.com.br\/index.php\/wp-json\/wp\/v2\/posts\/43752\/revisions"}],"predecessor-version":[{"id":43754,"href":"https:\/\/portalmf.com.br\/index.php\/wp-json\/wp\/v2\/posts\/43752\/revisions\/43754"}],"wp:featuredmedia":[{"embeddable":true,"href":"https:\/\/portalmf.com.br\/index.php\/wp-json\/wp\/v2\/media\/43753"}],"wp:attachment":[{"href":"https:\/\/portalmf.com.br\/index.php\/wp-json\/wp\/v2\/media?parent=43752"}],"wp:term":[{"taxonomy":"category","embeddable":true,"href":"https:\/\/portalmf.com.br\/index.php\/wp-json\/wp\/v2\/categories?post=43752"},{"taxonomy":"post_tag","embeddable":true,"href":"https:\/\/portalmf.com.br\/index.php\/wp-json\/wp\/v2\/tags?post=43752"}],"curies":[{"name":"wp","href":"https:\/\/api.w.org\/{rel}","templated":true}]}}