{"id":43750,"date":"2026-05-01T21:43:47","date_gmt":"2026-05-02T00:43:47","guid":{"rendered":"https:\/\/portalmf.com.br\/?p=43750"},"modified":"2026-05-01T21:43:49","modified_gmt":"2026-05-02T00:43:49","slug":"vanessa-da-mata-russo-passapusso-e-paralamas-do-sucesso-sao-atracoes-da-flicg-2026","status":"publish","type":"post","link":"https:\/\/portalmf.com.br\/index.php\/2026\/05\/01\/vanessa-da-mata-russo-passapusso-e-paralamas-do-sucesso-sao-atracoes-da-flicg-2026\/","title":{"rendered":"Vanessa da Mata, Russo Passapusso e Paralamas do Sucesso s\u00e3o atra\u00e7\u00f5es da FLICG 2026"},"content":{"rendered":"\n<p>Entre os dias 7 e 10 de maio, a cidade de Capim Grosso recebe mais uma edi\u00e7\u00e3o da Feira Liter\u00e1ria de Capim Grosso (FLICG), que neste ano traz como tema \u201cEntre Rotat\u00f3rias e Saberes \u2013 Vozes da Literatura Ecoando Cultura\u201d. O evento destaca a forma\u00e7\u00e3o de leitores e a valoriza\u00e7\u00e3o da cultura, envolvendo prioritariamente o p\u00fablico escolar, al\u00e9m da comunidade local.<\/p>\n\n\n\n<p>Com uma proposta que integra educa\u00e7\u00e3o, arte e cidadania, a FLICG promove uma imers\u00e3o no universo liter\u00e1rio por meio de atividades realizadas diretamente no espa\u00e7o da feira. A programa\u00e7\u00e3o inclui distribui\u00e7\u00e3o de livros, conta\u00e7\u00f5es de hist\u00f3rias, mesas de debate, exposi\u00e7\u00f5es, cortejo liter\u00e1rio e apresenta\u00e7\u00f5es culturais, ampliando o acesso \u00e0 leitura e estimulando o pensamento cr\u00edtico.<\/p>\n\n\n\n<p>Ao longo de quatro dias, diferentes espa\u00e7os tem\u00e1ticos recebem atividades simult\u00e2neas, como o \u201cVozes da Literatura \u2013 Entre Palavras e Saberes\u201d, o \u201cCordel e Repente \u2013 Carreta Liter\u00e1ria\u201d e o \u201cBusarte\u201d, reunindo estudantes, professores, artistas e convidados em uma programa\u00e7\u00e3o diversa e inclusiva.<\/p>\n\n\n\n<p>A abertura, na quinta-feira (7), ser\u00e1 marcada pelo tradicional desfile liter\u00e1rio, que re\u00fane escolas e comunidade em um momento de celebra\u00e7\u00e3o da leitura e da criatividade. A programa\u00e7\u00e3o do dia segue com apresenta\u00e7\u00f5es culturais, incluindo shows de Sandrinho do Acordeon, al\u00e9m da participa\u00e7\u00e3o do humorista Z\u00e9 Lezin. Um dos pontos altos da noite ser\u00e1 a presen\u00e7a da cantora Vanessa da Mata, que apresenta o projeto \u201cConversa &amp; Can\u00e7\u00e3o\u201d, unindo m\u00fasica e bate-papo em uma proposta intimista. A noite ainda conta com apresenta\u00e7\u00f5es musicais e performances que celebram a diversidade art\u00edstica.<\/p>\n\n\n\n<p>Na sexta-feira (8), a feira ganha for\u00e7a com uma intensa programa\u00e7\u00e3o voltada \u00e0 forma\u00e7\u00e3o e ao debate. Mesas liter\u00e1rias e tem\u00e1ticas abordam desde o afrofuturismo at\u00e9 a rela\u00e7\u00e3o entre literatura e territ\u00f3rio, com destaque para discuss\u00f5es inspiradas na obra de Itamar Vieira Junior. O p\u00fablico tamb\u00e9m poder\u00e1 acompanhar atividades culturais das escolas, espet\u00e1culos teatrais, conta\u00e7\u00f5es de hist\u00f3rias e apresenta\u00e7\u00f5es de cordelistas. \u00c0 noite, a programa\u00e7\u00e3o musical re\u00fane atra\u00e7\u00f5es como Los Catedr\u00e1ticos e a banda Paralamas do Sucesso, um dos grandes nomes do rock nacional, atraindo p\u00fablico de diferentes gera\u00e7\u00f5es.<\/p>\n\n\n\n<p>O s\u00e1bado (9) mant\u00e9m o ritmo com uma programa\u00e7\u00e3o que mistura reflex\u00e3o e entretenimento. O dia come\u00e7a com missa campal em comemora\u00e7\u00e3o ao anivers\u00e1rio da cidade, seguida por recitais, debates e apresenta\u00e7\u00f5es culturais. Temas como o papel das academias de letras, a viol\u00eancia contra a mulher e quest\u00f5es ambientais entram em pauta nas mesas de discuss\u00e3o. As atividades seguem com dan\u00e7a, teatro, lan\u00e7amentos de livros e saraus, fortalecendo o protagonismo local e regional. A noite ser\u00e1 dedicada ao p\u00fablico gospel, com apresenta\u00e7\u00f5es de louvor no palco principal.<\/p>\n\n\n\n<p>Encerrando a programa\u00e7\u00e3o, no domingo (10), a FLICG refor\u00e7a seu compromisso com a diversidade de vozes e narrativas. O dia conta com mesas sobre literatura de povos origin\u00e1rios, afetos, quest\u00f5es sociais e express\u00f5es culturais brasileiras, al\u00e9m da participa\u00e7\u00e3o de autores consagrados como Ant\u00f4nio Torres. As atividades incluem ainda conta\u00e7\u00f5es de hist\u00f3rias, cordel, apresenta\u00e7\u00f5es culturais e lan\u00e7amentos de livros. \u00c0 noite, o p\u00fablico acompanha a premia\u00e7\u00e3o do concurso liter\u00e1rio e do desfile liter\u00e1rio, seguida de shows com atra\u00e7\u00f5es como Flaira Ferro, Mateus Zig e outros artistas, celebrando o encerramento da feira em clima festivo.<\/p>\n\n\n\n<p>Al\u00e9m disso, a feira conta com espa\u00e7os permanentes como exposi\u00e7\u00f5es, planet\u00e1rio, a\u00e7\u00f5es do SESI, projetos de incentivo \u00e0 leitura e atividades voltadas \u00e0 juventude, fortalecendo o car\u00e1ter educativo e interativo do evento.<\/p>\n\n\n\n<p>Mais do que uma feira, a FLICG se consolida como um importante instrumento de transforma\u00e7\u00e3o social, promovendo o encontro entre saberes, territ\u00f3rios e vozes que ecoam a riqueza da literatura e da cultura brasileira.<\/p>\n\n\n\n<p>A FLICG \u00e9 uma realiza\u00e7\u00e3o da Prefeitura Municipal de Capim Grosso, atrav\u00e9s da Secretaria de Educa\u00e7\u00e3o e Diretoria de Cultura, com apoio do Governo do Estado e Curadoria do Poeta e Cantador Maviael Melo.<\/p>\n","protected":false},"excerpt":{"rendered":"<p>Entre os dias 7 e 10 de maio, a cidade de Capim Grosso recebe mais uma edi\u00e7\u00e3o da Feira Liter\u00e1ria de Capim Grosso (FLICG), que neste ano traz como tema \u201cEntre Rotat\u00f3rias e Saberes \u2013 Vozes da Literatura Ecoando Cultura\u201d. O evento destaca a forma\u00e7\u00e3o de leitores e a valoriza\u00e7\u00e3o da cultura, envolvendo prioritariamente o [&hellip;]<\/p>\n","protected":false},"author":3,"featured_media":41259,"comment_status":"open","ping_status":"open","sticky":false,"template":"","format":"standard","meta":{"_monsterinsights_skip_tracking":false,"_monsterinsights_sitenote_active":false,"_monsterinsights_sitenote_note":"","_monsterinsights_sitenote_category":0,"footnotes":""},"categories":[40],"tags":[],"yoast_head":"<!-- This site is optimized with the Yoast SEO plugin v22.9 - https:\/\/yoast.com\/wordpress\/plugins\/seo\/ -->\n<title>Vanessa da Mata, Russo Passapusso e Paralamas do Sucesso s\u00e3o atra\u00e7\u00f5es da FLICG 2026 - Portal MF<\/title>\n<meta name=\"robots\" content=\"index, follow, max-snippet:-1, max-image-preview:large, max-video-preview:-1\" \/>\n<link rel=\"canonical\" href=\"https:\/\/portalmf.com.br\/index.php\/2026\/05\/01\/vanessa-da-mata-russo-passapusso-e-paralamas-do-sucesso-sao-atracoes-da-flicg-2026\/\" \/>\n<meta property=\"og:locale\" content=\"pt_BR\" \/>\n<meta property=\"og:type\" content=\"article\" \/>\n<meta property=\"og:title\" content=\"Vanessa da Mata, Russo Passapusso e Paralamas do Sucesso s\u00e3o atra\u00e7\u00f5es da FLICG 2026 - Portal MF\" \/>\n<meta property=\"og:description\" content=\"Entre os dias 7 e 10 de maio, a cidade de Capim Grosso recebe mais uma edi\u00e7\u00e3o da Feira Liter\u00e1ria de Capim Grosso (FLICG), que neste ano traz como tema \u201cEntre Rotat\u00f3rias e Saberes \u2013 Vozes da Literatura Ecoando Cultura\u201d. O evento destaca a forma\u00e7\u00e3o de leitores e a valoriza\u00e7\u00e3o da cultura, envolvendo prioritariamente o [&hellip;]\" \/>\n<meta property=\"og:url\" content=\"https:\/\/portalmf.com.br\/index.php\/2026\/05\/01\/vanessa-da-mata-russo-passapusso-e-paralamas-do-sucesso-sao-atracoes-da-flicg-2026\/\" \/>\n<meta property=\"og:site_name\" content=\"Portal MF\" \/>\n<meta property=\"article:author\" content=\"https:\/\/www.facebook.com\/portalmfoficial\" \/>\n<meta property=\"article:published_time\" content=\"2026-05-02T00:43:47+00:00\" \/>\n<meta property=\"article:modified_time\" content=\"2026-05-02T00:43:49+00:00\" \/>\n<meta property=\"og:image\" content=\"https:\/\/portalmf.com.br\/wp-content\/uploads\/2026\/01\/Vanessa-da-Mata-e1768643109217.jpg\" \/>\n\t<meta property=\"og:image:width\" content=\"799\" \/>\n\t<meta property=\"og:image:height\" content=\"693\" \/>\n\t<meta property=\"og:image:type\" content=\"image\/jpeg\" \/>\n<meta name=\"author\" content=\"Reda\u00e7\u00e3o Portal MF\" \/>\n<meta name=\"twitter:card\" content=\"summary_large_image\" \/>\n<meta name=\"twitter:creator\" content=\"@https:\/\/x.com\/portalmfoficial\" \/>\n<meta name=\"twitter:label1\" content=\"Escrito por\" \/>\n\t<meta name=\"twitter:data1\" content=\"Reda\u00e7\u00e3o Portal MF\" \/>\n\t<meta name=\"twitter:label2\" content=\"Est. tempo de leitura\" \/>\n\t<meta name=\"twitter:data2\" content=\"4 minutos\" \/>\n<script type=\"application\/ld+json\" class=\"yoast-schema-graph\">{\"@context\":\"https:\/\/schema.org\",\"@graph\":[{\"@type\":\"WebPage\",\"@id\":\"https:\/\/portalmf.com.br\/index.php\/2026\/05\/01\/vanessa-da-mata-russo-passapusso-e-paralamas-do-sucesso-sao-atracoes-da-flicg-2026\/\",\"url\":\"https:\/\/portalmf.com.br\/index.php\/2026\/05\/01\/vanessa-da-mata-russo-passapusso-e-paralamas-do-sucesso-sao-atracoes-da-flicg-2026\/\",\"name\":\"Vanessa da Mata, Russo Passapusso e Paralamas do Sucesso s\u00e3o atra\u00e7\u00f5es da FLICG 2026 - Portal MF\",\"isPartOf\":{\"@id\":\"https:\/\/portalmf.com.br\/#website\"},\"primaryImageOfPage\":{\"@id\":\"https:\/\/portalmf.com.br\/index.php\/2026\/05\/01\/vanessa-da-mata-russo-passapusso-e-paralamas-do-sucesso-sao-atracoes-da-flicg-2026\/#primaryimage\"},\"image\":{\"@id\":\"https:\/\/portalmf.com.br\/index.php\/2026\/05\/01\/vanessa-da-mata-russo-passapusso-e-paralamas-do-sucesso-sao-atracoes-da-flicg-2026\/#primaryimage\"},\"thumbnailUrl\":\"https:\/\/portalmf.com.br\/wp-content\/uploads\/2026\/01\/Vanessa-da-Mata-e1768643109217.jpg\",\"datePublished\":\"2026-05-02T00:43:47+00:00\",\"dateModified\":\"2026-05-02T00:43:49+00:00\",\"author\":{\"@id\":\"https:\/\/portalmf.com.br\/#\/schema\/person\/9ec101baf56233e53520c26de5d6f6f0\"},\"breadcrumb\":{\"@id\":\"https:\/\/portalmf.com.br\/index.php\/2026\/05\/01\/vanessa-da-mata-russo-passapusso-e-paralamas-do-sucesso-sao-atracoes-da-flicg-2026\/#breadcrumb\"},\"inLanguage\":\"pt-BR\",\"potentialAction\":[{\"@type\":\"ReadAction\",\"target\":[\"https:\/\/portalmf.com.br\/index.php\/2026\/05\/01\/vanessa-da-mata-russo-passapusso-e-paralamas-do-sucesso-sao-atracoes-da-flicg-2026\/\"]}]},{\"@type\":\"ImageObject\",\"inLanguage\":\"pt-BR\",\"@id\":\"https:\/\/portalmf.com.br\/index.php\/2026\/05\/01\/vanessa-da-mata-russo-passapusso-e-paralamas-do-sucesso-sao-atracoes-da-flicg-2026\/#primaryimage\",\"url\":\"https:\/\/portalmf.com.br\/wp-content\/uploads\/2026\/01\/Vanessa-da-Mata-e1768643109217.jpg\",\"contentUrl\":\"https:\/\/portalmf.com.br\/wp-content\/uploads\/2026\/01\/Vanessa-da-Mata-e1768643109217.jpg\",\"width\":799,\"height\":693},{\"@type\":\"BreadcrumbList\",\"@id\":\"https:\/\/portalmf.com.br\/index.php\/2026\/05\/01\/vanessa-da-mata-russo-passapusso-e-paralamas-do-sucesso-sao-atracoes-da-flicg-2026\/#breadcrumb\",\"itemListElement\":[{\"@type\":\"ListItem\",\"position\":1,\"name\":\"In\u00edcio\",\"item\":\"https:\/\/portalmf.com.br\/\"},{\"@type\":\"ListItem\",\"position\":2,\"name\":\"Vanessa da Mata, Russo Passapusso e Paralamas do Sucesso s\u00e3o atra\u00e7\u00f5es da FLICG 2026\"}]},{\"@type\":\"WebSite\",\"@id\":\"https:\/\/portalmf.com.br\/#website\",\"url\":\"https:\/\/portalmf.com.br\/\",\"name\":\"Portal MF\",\"description\":\"Voc\u00ea conectado com a informa\u00e7\u00e3o\",\"potentialAction\":[{\"@type\":\"SearchAction\",\"target\":{\"@type\":\"EntryPoint\",\"urlTemplate\":\"https:\/\/portalmf.com.br\/?s={search_term_string}\"},\"query-input\":\"required name=search_term_string\"}],\"inLanguage\":\"pt-BR\"},{\"@type\":\"Person\",\"@id\":\"https:\/\/portalmf.com.br\/#\/schema\/person\/9ec101baf56233e53520c26de5d6f6f0\",\"name\":\"Reda\u00e7\u00e3o Portal MF\",\"image\":{\"@type\":\"ImageObject\",\"inLanguage\":\"pt-BR\",\"@id\":\"https:\/\/portalmf.com.br\/#\/schema\/person\/image\/\",\"url\":\"https:\/\/secure.gravatar.com\/avatar\/41b9aaeb2100835f7c64362330f74c7f?s=96&d=mm&r=g\",\"contentUrl\":\"https:\/\/secure.gravatar.com\/avatar\/41b9aaeb2100835f7c64362330f74c7f?s=96&d=mm&r=g\",\"caption\":\"Reda\u00e7\u00e3o Portal MF\"},\"description\":\"Sejam bem-vindos o portal de informa\u00e7\u00f5es de entretenimento de Feira de Santana, desde 2006 realiza coberturas dos principais eventos com entrevistas exclusivas com as principais personalidades mundiais. Fique conectado tamb\u00e9m nas redes sociais.\",\"sameAs\":[\"http:\/\/www.portalmf.com.br\/\",\"https:\/\/www.facebook.com\/portalmfoficial\",\"https:\/\/www.instagram.com\/portalmf\/\",\"https:\/\/x.com\/https:\/\/x.com\/portalmfoficial\",\"https:\/\/www.youtube.com\/@portalmfoficial\"],\"url\":\"https:\/\/portalmf.com.br\/index.php\/author\/junior\/\"}]}<\/script>\n<!-- \/ Yoast SEO plugin. -->","yoast_head_json":{"title":"Vanessa da Mata, Russo Passapusso e Paralamas do Sucesso s\u00e3o atra\u00e7\u00f5es da FLICG 2026 - Portal MF","robots":{"index":"index","follow":"follow","max-snippet":"max-snippet:-1","max-image-preview":"max-image-preview:large","max-video-preview":"max-video-preview:-1"},"canonical":"https:\/\/portalmf.com.br\/index.php\/2026\/05\/01\/vanessa-da-mata-russo-passapusso-e-paralamas-do-sucesso-sao-atracoes-da-flicg-2026\/","og_locale":"pt_BR","og_type":"article","og_title":"Vanessa da Mata, Russo Passapusso e Paralamas do Sucesso s\u00e3o atra\u00e7\u00f5es da FLICG 2026 - Portal MF","og_description":"Entre os dias 7 e 10 de maio, a cidade de Capim Grosso recebe mais uma edi\u00e7\u00e3o da Feira Liter\u00e1ria de Capim Grosso (FLICG), que neste ano traz como tema \u201cEntre Rotat\u00f3rias e Saberes \u2013 Vozes da Literatura Ecoando Cultura\u201d. O evento destaca a forma\u00e7\u00e3o de leitores e a valoriza\u00e7\u00e3o da cultura, envolvendo prioritariamente o [&hellip;]","og_url":"https:\/\/portalmf.com.br\/index.php\/2026\/05\/01\/vanessa-da-mata-russo-passapusso-e-paralamas-do-sucesso-sao-atracoes-da-flicg-2026\/","og_site_name":"Portal MF","article_author":"https:\/\/www.facebook.com\/portalmfoficial","article_published_time":"2026-05-02T00:43:47+00:00","article_modified_time":"2026-05-02T00:43:49+00:00","og_image":[{"width":799,"height":693,"url":"https:\/\/portalmf.com.br\/wp-content\/uploads\/2026\/01\/Vanessa-da-Mata-e1768643109217.jpg","type":"image\/jpeg"}],"author":"Reda\u00e7\u00e3o Portal MF","twitter_card":"summary_large_image","twitter_creator":"@https:\/\/x.com\/portalmfoficial","twitter_misc":{"Escrito por":"Reda\u00e7\u00e3o Portal MF","Est. tempo de leitura":"4 minutos"},"schema":{"@context":"https:\/\/schema.org","@graph":[{"@type":"WebPage","@id":"https:\/\/portalmf.com.br\/index.php\/2026\/05\/01\/vanessa-da-mata-russo-passapusso-e-paralamas-do-sucesso-sao-atracoes-da-flicg-2026\/","url":"https:\/\/portalmf.com.br\/index.php\/2026\/05\/01\/vanessa-da-mata-russo-passapusso-e-paralamas-do-sucesso-sao-atracoes-da-flicg-2026\/","name":"Vanessa da Mata, Russo Passapusso e Paralamas do Sucesso s\u00e3o atra\u00e7\u00f5es da FLICG 2026 - Portal MF","isPartOf":{"@id":"https:\/\/portalmf.com.br\/#website"},"primaryImageOfPage":{"@id":"https:\/\/portalmf.com.br\/index.php\/2026\/05\/01\/vanessa-da-mata-russo-passapusso-e-paralamas-do-sucesso-sao-atracoes-da-flicg-2026\/#primaryimage"},"image":{"@id":"https:\/\/portalmf.com.br\/index.php\/2026\/05\/01\/vanessa-da-mata-russo-passapusso-e-paralamas-do-sucesso-sao-atracoes-da-flicg-2026\/#primaryimage"},"thumbnailUrl":"https:\/\/portalmf.com.br\/wp-content\/uploads\/2026\/01\/Vanessa-da-Mata-e1768643109217.jpg","datePublished":"2026-05-02T00:43:47+00:00","dateModified":"2026-05-02T00:43:49+00:00","author":{"@id":"https:\/\/portalmf.com.br\/#\/schema\/person\/9ec101baf56233e53520c26de5d6f6f0"},"breadcrumb":{"@id":"https:\/\/portalmf.com.br\/index.php\/2026\/05\/01\/vanessa-da-mata-russo-passapusso-e-paralamas-do-sucesso-sao-atracoes-da-flicg-2026\/#breadcrumb"},"inLanguage":"pt-BR","potentialAction":[{"@type":"ReadAction","target":["https:\/\/portalmf.com.br\/index.php\/2026\/05\/01\/vanessa-da-mata-russo-passapusso-e-paralamas-do-sucesso-sao-atracoes-da-flicg-2026\/"]}]},{"@type":"ImageObject","inLanguage":"pt-BR","@id":"https:\/\/portalmf.com.br\/index.php\/2026\/05\/01\/vanessa-da-mata-russo-passapusso-e-paralamas-do-sucesso-sao-atracoes-da-flicg-2026\/#primaryimage","url":"https:\/\/portalmf.com.br\/wp-content\/uploads\/2026\/01\/Vanessa-da-Mata-e1768643109217.jpg","contentUrl":"https:\/\/portalmf.com.br\/wp-content\/uploads\/2026\/01\/Vanessa-da-Mata-e1768643109217.jpg","width":799,"height":693},{"@type":"BreadcrumbList","@id":"https:\/\/portalmf.com.br\/index.php\/2026\/05\/01\/vanessa-da-mata-russo-passapusso-e-paralamas-do-sucesso-sao-atracoes-da-flicg-2026\/#breadcrumb","itemListElement":[{"@type":"ListItem","position":1,"name":"In\u00edcio","item":"https:\/\/portalmf.com.br\/"},{"@type":"ListItem","position":2,"name":"Vanessa da Mata, Russo Passapusso e Paralamas do Sucesso s\u00e3o atra\u00e7\u00f5es da FLICG 2026"}]},{"@type":"WebSite","@id":"https:\/\/portalmf.com.br\/#website","url":"https:\/\/portalmf.com.br\/","name":"Portal MF","description":"Voc\u00ea conectado com a informa\u00e7\u00e3o","potentialAction":[{"@type":"SearchAction","target":{"@type":"EntryPoint","urlTemplate":"https:\/\/portalmf.com.br\/?s={search_term_string}"},"query-input":"required name=search_term_string"}],"inLanguage":"pt-BR"},{"@type":"Person","@id":"https:\/\/portalmf.com.br\/#\/schema\/person\/9ec101baf56233e53520c26de5d6f6f0","name":"Reda\u00e7\u00e3o Portal MF","image":{"@type":"ImageObject","inLanguage":"pt-BR","@id":"https:\/\/portalmf.com.br\/#\/schema\/person\/image\/","url":"https:\/\/secure.gravatar.com\/avatar\/41b9aaeb2100835f7c64362330f74c7f?s=96&d=mm&r=g","contentUrl":"https:\/\/secure.gravatar.com\/avatar\/41b9aaeb2100835f7c64362330f74c7f?s=96&d=mm&r=g","caption":"Reda\u00e7\u00e3o Portal MF"},"description":"Sejam bem-vindos o portal de informa\u00e7\u00f5es de entretenimento de Feira de Santana, desde 2006 realiza coberturas dos principais eventos com entrevistas exclusivas com as principais personalidades mundiais. Fique conectado tamb\u00e9m nas redes sociais.","sameAs":["http:\/\/www.portalmf.com.br\/","https:\/\/www.facebook.com\/portalmfoficial","https:\/\/www.instagram.com\/portalmf\/","https:\/\/x.com\/https:\/\/x.com\/portalmfoficial","https:\/\/www.youtube.com\/@portalmfoficial"],"url":"https:\/\/portalmf.com.br\/index.php\/author\/junior\/"}]}},"_links":{"self":[{"href":"https:\/\/portalmf.com.br\/index.php\/wp-json\/wp\/v2\/posts\/43750"}],"collection":[{"href":"https:\/\/portalmf.com.br\/index.php\/wp-json\/wp\/v2\/posts"}],"about":[{"href":"https:\/\/portalmf.com.br\/index.php\/wp-json\/wp\/v2\/types\/post"}],"author":[{"embeddable":true,"href":"https:\/\/portalmf.com.br\/index.php\/wp-json\/wp\/v2\/users\/3"}],"replies":[{"embeddable":true,"href":"https:\/\/portalmf.com.br\/index.php\/wp-json\/wp\/v2\/comments?post=43750"}],"version-history":[{"count":1,"href":"https:\/\/portalmf.com.br\/index.php\/wp-json\/wp\/v2\/posts\/43750\/revisions"}],"predecessor-version":[{"id":43751,"href":"https:\/\/portalmf.com.br\/index.php\/wp-json\/wp\/v2\/posts\/43750\/revisions\/43751"}],"wp:featuredmedia":[{"embeddable":true,"href":"https:\/\/portalmf.com.br\/index.php\/wp-json\/wp\/v2\/media\/41259"}],"wp:attachment":[{"href":"https:\/\/portalmf.com.br\/index.php\/wp-json\/wp\/v2\/media?parent=43750"}],"wp:term":[{"taxonomy":"category","embeddable":true,"href":"https:\/\/portalmf.com.br\/index.php\/wp-json\/wp\/v2\/categories?post=43750"},{"taxonomy":"post_tag","embeddable":true,"href":"https:\/\/portalmf.com.br\/index.php\/wp-json\/wp\/v2\/tags?post=43750"}],"curies":[{"name":"wp","href":"https:\/\/api.w.org\/{rel}","templated":true}]}}