{"id":43745,"date":"2026-05-01T21:21:15","date_gmt":"2026-05-02T00:21:15","guid":{"rendered":"https:\/\/portalmf.com.br\/?p=43745"},"modified":"2026-05-01T21:21:16","modified_gmt":"2026-05-02T00:21:16","slug":"leo-santana-lanca-album-completo-do-projeto-leo-santana-20-anos-dna-de-gg","status":"publish","type":"post","link":"https:\/\/portalmf.com.br\/index.php\/2026\/05\/01\/leo-santana-lanca-album-completo-do-projeto-leo-santana-20-anos-dna-de-gg\/","title":{"rendered":"L\u00e9o Santana lan\u00e7a \u00e1lbum completo do projeto \u2018L\u00e9o Santana 20 Anos \u2013 DNA de GG\u2019"},"content":{"rendered":"\n<p>O GG L\u00e9o Santana acaba de disponibilizar o \u00e1lbum completo do projeto \u2018L\u00e9o Santana 20 Anos \u2013 DNA de GG\u2019, audiovisual que celebra duas d\u00e9cadas de uma trajet\u00f3ria gigante na m\u00fasica. Agora, o p\u00fablico pode conferir a concretiza\u00e7\u00e3o total desse trabalho, reunindo faixas in\u00e9ditas e regrava\u00e7\u00f5es de sucessos que marcaram a carreira do artista.<\/p>\n\n\n\n<p>Entre as novidades do lan\u00e7amento est\u00e3o cinco m\u00fasicas in\u00e9ditas: \u2018Corp\u00e3o Viol\u00e3o (Vai Descer)\u2019, \u2018Pancadona\u2019, \u2018Invejoso\u2019, \u2018Swing N\u00e3o, Al\u00e9m\u2019 e \u2018Requebra\u2019. As can\u00e7\u00f5es chegam refor\u00e7ando a versatilidade de L\u00e9o Santana, misturando identidade musical, ritmo contagiante e a energia que consagrou o GG em todo o Brasil.<\/p>\n\n\n\n<p>Al\u00e9m das in\u00e9ditas, o \u00e1lbum tamb\u00e9m apresenta novas vers\u00f5es de hits que atravessaram gera\u00e7\u00f5es e seguem presentes no repert\u00f3rio do artista. Entre elas est\u00e3o sucessos como \u2018Pera\u00ea\u2019, \u2018Mamoeiro\u2019, \u2018Apaga a Luz e Toma\u2019, \u2018Desliza\u2019, \u2018Rainha\u2019 e \u2018Surra de Toma\u2019, m\u00fasicas que ajudaram a construir a hist\u00f3ria de L\u00e9o e embalaram multid\u00f5es ao longo dos anos.<\/p>\n\n\n\n<figure class=\"wp-block-embed is-type-video is-provider-youtube wp-block-embed-youtube wp-embed-aspect-16-9 wp-has-aspect-ratio\"><div class=\"wp-block-embed__wrapper\">\n<iframe title=\"L\u00e9o Santana - Corp\u00e3o Viol\u00e3o (Vai Descer) (Ao Vivo Em Salvador \/ 2025)\" width=\"696\" height=\"392\" src=\"https:\/\/www.youtube.com\/embed\/5hVx0XfwKgw?feature=oembed\" frameborder=\"0\" allow=\"accelerometer; autoplay; clipboard-write; encrypted-media; gyroscope; picture-in-picture; web-share\" referrerpolicy=\"strict-origin-when-cross-origin\" allowfullscreen><\/iframe>\n<\/div><\/figure>\n\n\n\n<p>Outro destaque do projeto \u00e9 o desempenho de \u2018Academia\u2019, faixa j\u00e1 conhecida do p\u00fablico e que segue ganhando for\u00e7a nas r\u00e1dios de todo o pa\u00eds. Atualmente, a m\u00fasica ocupa a quarta posi\u00e7\u00e3o no ranking nacional, com desempenho totalmente org\u00e2nico, refor\u00e7ando a conex\u00e3o direta com o p\u00fablico e a for\u00e7a do repert\u00f3rio do GG.<\/p>\n\n\n\n<figure class=\"wp-block-embed is-type-video is-provider-youtube wp-block-embed-youtube wp-embed-aspect-16-9 wp-has-aspect-ratio\"><div class=\"wp-block-embed__wrapper\">\n<iframe title=\"L\u00e9o Santana - Academia (Ao Vivo Em Salvador \/ 2025)\" width=\"696\" height=\"392\" src=\"https:\/\/www.youtube.com\/embed\/86aOt_-De5M?feature=oembed\" frameborder=\"0\" allow=\"accelerometer; autoplay; clipboard-write; encrypted-media; gyroscope; picture-in-picture; web-share\" referrerpolicy=\"strict-origin-when-cross-origin\" allowfullscreen><\/iframe>\n<\/div><\/figure>\n\n\n\n<p><em>\u201cEsse projeto \u00e9 muito especial para mim. S\u00e3o 20 anos de caminhada, de luta, de conquistas e de muita m\u00fasica. Poder entregar esse \u00e1lbum completo para os meus f\u00e3s, com m\u00fasicas in\u00e9ditas e can\u00e7\u00f5es que fazem parte da minha hist\u00f3ria, \u00e9 emocionante demais. Espero que a galera curta muito\u201d,<\/em> comentou animado o GG.<\/p>\n\n\n\n<p>O projeto \u2018L\u00e9o Santana 20 Anos \u2013 DNA de GG\u2019 j\u00e1 est\u00e1 dispon\u00edvel em todas as plataformas digitais e no canal oficial de L\u00e9o Santana no YouTube.<\/p>\n","protected":false},"excerpt":{"rendered":"<p>O GG L\u00e9o Santana acaba de disponibilizar o \u00e1lbum completo do projeto \u2018L\u00e9o Santana 20 Anos \u2013 DNA de GG\u2019, audiovisual que celebra duas d\u00e9cadas de uma trajet\u00f3ria gigante na m\u00fasica. Agora, o p\u00fablico pode conferir a concretiza\u00e7\u00e3o total desse trabalho, reunindo faixas in\u00e9ditas e regrava\u00e7\u00f5es de sucessos que marcaram a carreira do artista. Entre [&hellip;]<\/p>\n","protected":false},"author":3,"featured_media":40206,"comment_status":"open","ping_status":"open","sticky":false,"template":"","format":"standard","meta":{"_monsterinsights_skip_tracking":false,"_monsterinsights_sitenote_active":false,"_monsterinsights_sitenote_note":"","_monsterinsights_sitenote_category":0,"footnotes":""},"categories":[48,36],"tags":[],"yoast_head":"<!-- This site is optimized with the Yoast SEO plugin v22.9 - https:\/\/yoast.com\/wordpress\/plugins\/seo\/ -->\n<title>L\u00e9o Santana lan\u00e7a \u00e1lbum completo do projeto \u2018L\u00e9o Santana 20 Anos \u2013 DNA de GG\u2019 - Portal MF<\/title>\n<meta name=\"robots\" content=\"index, follow, max-snippet:-1, max-image-preview:large, max-video-preview:-1\" \/>\n<link rel=\"canonical\" href=\"https:\/\/portalmf.com.br\/index.php\/2026\/05\/01\/leo-santana-lanca-album-completo-do-projeto-leo-santana-20-anos-dna-de-gg\/\" \/>\n<meta property=\"og:locale\" content=\"pt_BR\" \/>\n<meta property=\"og:type\" content=\"article\" \/>\n<meta property=\"og:title\" content=\"L\u00e9o Santana lan\u00e7a \u00e1lbum completo do projeto \u2018L\u00e9o Santana 20 Anos \u2013 DNA de GG\u2019 - Portal MF\" \/>\n<meta property=\"og:description\" content=\"O GG L\u00e9o Santana acaba de disponibilizar o \u00e1lbum completo do projeto \u2018L\u00e9o Santana 20 Anos \u2013 DNA de GG\u2019, audiovisual que celebra duas d\u00e9cadas de uma trajet\u00f3ria gigante na m\u00fasica. Agora, o p\u00fablico pode conferir a concretiza\u00e7\u00e3o total desse trabalho, reunindo faixas in\u00e9ditas e regrava\u00e7\u00f5es de sucessos que marcaram a carreira do artista. Entre [&hellip;]\" \/>\n<meta property=\"og:url\" content=\"https:\/\/portalmf.com.br\/index.php\/2026\/05\/01\/leo-santana-lanca-album-completo-do-projeto-leo-santana-20-anos-dna-de-gg\/\" \/>\n<meta property=\"og:site_name\" content=\"Portal MF\" \/>\n<meta property=\"article:author\" content=\"https:\/\/www.facebook.com\/portalmfoficial\" \/>\n<meta property=\"article:published_time\" content=\"2026-05-02T00:21:15+00:00\" \/>\n<meta property=\"article:modified_time\" content=\"2026-05-02T00:21:16+00:00\" \/>\n<meta property=\"og:image\" content=\"https:\/\/portalmf.com.br\/wp-content\/uploads\/2025\/11\/Leo-Santana-reune-multidao-para-celebrar-20-anos_2-e1777681245808.jpg\" \/>\n\t<meta property=\"og:image:width\" content=\"853\" \/>\n\t<meta property=\"og:image:height\" content=\"680\" \/>\n\t<meta property=\"og:image:type\" content=\"image\/jpeg\" \/>\n<meta name=\"author\" content=\"Reda\u00e7\u00e3o Portal MF\" \/>\n<meta name=\"twitter:card\" content=\"summary_large_image\" \/>\n<meta name=\"twitter:creator\" content=\"@https:\/\/x.com\/portalmfoficial\" \/>\n<meta name=\"twitter:label1\" content=\"Escrito por\" \/>\n\t<meta name=\"twitter:data1\" content=\"Reda\u00e7\u00e3o Portal MF\" \/>\n\t<meta name=\"twitter:label2\" content=\"Est. tempo de leitura\" \/>\n\t<meta name=\"twitter:data2\" content=\"2 minutos\" \/>\n<script type=\"application\/ld+json\" class=\"yoast-schema-graph\">{\"@context\":\"https:\/\/schema.org\",\"@graph\":[{\"@type\":\"WebPage\",\"@id\":\"https:\/\/portalmf.com.br\/index.php\/2026\/05\/01\/leo-santana-lanca-album-completo-do-projeto-leo-santana-20-anos-dna-de-gg\/\",\"url\":\"https:\/\/portalmf.com.br\/index.php\/2026\/05\/01\/leo-santana-lanca-album-completo-do-projeto-leo-santana-20-anos-dna-de-gg\/\",\"name\":\"L\u00e9o Santana lan\u00e7a \u00e1lbum completo do projeto \u2018L\u00e9o Santana 20 Anos \u2013 DNA de GG\u2019 - Portal MF\",\"isPartOf\":{\"@id\":\"https:\/\/portalmf.com.br\/#website\"},\"primaryImageOfPage\":{\"@id\":\"https:\/\/portalmf.com.br\/index.php\/2026\/05\/01\/leo-santana-lanca-album-completo-do-projeto-leo-santana-20-anos-dna-de-gg\/#primaryimage\"},\"image\":{\"@id\":\"https:\/\/portalmf.com.br\/index.php\/2026\/05\/01\/leo-santana-lanca-album-completo-do-projeto-leo-santana-20-anos-dna-de-gg\/#primaryimage\"},\"thumbnailUrl\":\"https:\/\/portalmf.com.br\/wp-content\/uploads\/2025\/11\/Leo-Santana-reune-multidao-para-celebrar-20-anos_2-e1777681245808.jpg\",\"datePublished\":\"2026-05-02T00:21:15+00:00\",\"dateModified\":\"2026-05-02T00:21:16+00:00\",\"author\":{\"@id\":\"https:\/\/portalmf.com.br\/#\/schema\/person\/9ec101baf56233e53520c26de5d6f6f0\"},\"breadcrumb\":{\"@id\":\"https:\/\/portalmf.com.br\/index.php\/2026\/05\/01\/leo-santana-lanca-album-completo-do-projeto-leo-santana-20-anos-dna-de-gg\/#breadcrumb\"},\"inLanguage\":\"pt-BR\",\"potentialAction\":[{\"@type\":\"ReadAction\",\"target\":[\"https:\/\/portalmf.com.br\/index.php\/2026\/05\/01\/leo-santana-lanca-album-completo-do-projeto-leo-santana-20-anos-dna-de-gg\/\"]}]},{\"@type\":\"ImageObject\",\"inLanguage\":\"pt-BR\",\"@id\":\"https:\/\/portalmf.com.br\/index.php\/2026\/05\/01\/leo-santana-lanca-album-completo-do-projeto-leo-santana-20-anos-dna-de-gg\/#primaryimage\",\"url\":\"https:\/\/portalmf.com.br\/wp-content\/uploads\/2025\/11\/Leo-Santana-reune-multidao-para-celebrar-20-anos_2-e1777681245808.jpg\",\"contentUrl\":\"https:\/\/portalmf.com.br\/wp-content\/uploads\/2025\/11\/Leo-Santana-reune-multidao-para-celebrar-20-anos_2-e1777681245808.jpg\",\"width\":853,\"height\":680,\"caption\":\"Fotos: Panther Films, Alef Fera, Lucas Leawry \u00a0e\u00a0Italo\u00a0Freitas\"},{\"@type\":\"BreadcrumbList\",\"@id\":\"https:\/\/portalmf.com.br\/index.php\/2026\/05\/01\/leo-santana-lanca-album-completo-do-projeto-leo-santana-20-anos-dna-de-gg\/#breadcrumb\",\"itemListElement\":[{\"@type\":\"ListItem\",\"position\":1,\"name\":\"In\u00edcio\",\"item\":\"https:\/\/portalmf.com.br\/\"},{\"@type\":\"ListItem\",\"position\":2,\"name\":\"L\u00e9o Santana lan\u00e7a \u00e1lbum completo do projeto \u2018L\u00e9o Santana 20 Anos \u2013 DNA de GG\u2019\"}]},{\"@type\":\"WebSite\",\"@id\":\"https:\/\/portalmf.com.br\/#website\",\"url\":\"https:\/\/portalmf.com.br\/\",\"name\":\"Portal MF\",\"description\":\"Voc\u00ea conectado com a informa\u00e7\u00e3o\",\"potentialAction\":[{\"@type\":\"SearchAction\",\"target\":{\"@type\":\"EntryPoint\",\"urlTemplate\":\"https:\/\/portalmf.com.br\/?s={search_term_string}\"},\"query-input\":\"required name=search_term_string\"}],\"inLanguage\":\"pt-BR\"},{\"@type\":\"Person\",\"@id\":\"https:\/\/portalmf.com.br\/#\/schema\/person\/9ec101baf56233e53520c26de5d6f6f0\",\"name\":\"Reda\u00e7\u00e3o Portal MF\",\"image\":{\"@type\":\"ImageObject\",\"inLanguage\":\"pt-BR\",\"@id\":\"https:\/\/portalmf.com.br\/#\/schema\/person\/image\/\",\"url\":\"https:\/\/secure.gravatar.com\/avatar\/41b9aaeb2100835f7c64362330f74c7f?s=96&d=mm&r=g\",\"contentUrl\":\"https:\/\/secure.gravatar.com\/avatar\/41b9aaeb2100835f7c64362330f74c7f?s=96&d=mm&r=g\",\"caption\":\"Reda\u00e7\u00e3o Portal MF\"},\"description\":\"Sejam bem-vindos o portal de informa\u00e7\u00f5es de entretenimento de Feira de Santana, desde 2006 realiza coberturas dos principais eventos com entrevistas exclusivas com as principais personalidades mundiais. Fique conectado tamb\u00e9m nas redes sociais.\",\"sameAs\":[\"http:\/\/www.portalmf.com.br\/\",\"https:\/\/www.facebook.com\/portalmfoficial\",\"https:\/\/www.instagram.com\/portalmf\/\",\"https:\/\/x.com\/https:\/\/x.com\/portalmfoficial\",\"https:\/\/www.youtube.com\/@portalmfoficial\"],\"url\":\"https:\/\/portalmf.com.br\/index.php\/author\/junior\/\"}]}<\/script>\n<!-- \/ Yoast SEO plugin. -->","yoast_head_json":{"title":"L\u00e9o Santana lan\u00e7a \u00e1lbum completo do projeto \u2018L\u00e9o Santana 20 Anos \u2013 DNA de GG\u2019 - Portal MF","robots":{"index":"index","follow":"follow","max-snippet":"max-snippet:-1","max-image-preview":"max-image-preview:large","max-video-preview":"max-video-preview:-1"},"canonical":"https:\/\/portalmf.com.br\/index.php\/2026\/05\/01\/leo-santana-lanca-album-completo-do-projeto-leo-santana-20-anos-dna-de-gg\/","og_locale":"pt_BR","og_type":"article","og_title":"L\u00e9o Santana lan\u00e7a \u00e1lbum completo do projeto \u2018L\u00e9o Santana 20 Anos \u2013 DNA de GG\u2019 - Portal MF","og_description":"O GG L\u00e9o Santana acaba de disponibilizar o \u00e1lbum completo do projeto \u2018L\u00e9o Santana 20 Anos \u2013 DNA de GG\u2019, audiovisual que celebra duas d\u00e9cadas de uma trajet\u00f3ria gigante na m\u00fasica. Agora, o p\u00fablico pode conferir a concretiza\u00e7\u00e3o total desse trabalho, reunindo faixas in\u00e9ditas e regrava\u00e7\u00f5es de sucessos que marcaram a carreira do artista. Entre [&hellip;]","og_url":"https:\/\/portalmf.com.br\/index.php\/2026\/05\/01\/leo-santana-lanca-album-completo-do-projeto-leo-santana-20-anos-dna-de-gg\/","og_site_name":"Portal MF","article_author":"https:\/\/www.facebook.com\/portalmfoficial","article_published_time":"2026-05-02T00:21:15+00:00","article_modified_time":"2026-05-02T00:21:16+00:00","og_image":[{"width":853,"height":680,"url":"https:\/\/portalmf.com.br\/wp-content\/uploads\/2025\/11\/Leo-Santana-reune-multidao-para-celebrar-20-anos_2-e1777681245808.jpg","type":"image\/jpeg"}],"author":"Reda\u00e7\u00e3o Portal MF","twitter_card":"summary_large_image","twitter_creator":"@https:\/\/x.com\/portalmfoficial","twitter_misc":{"Escrito por":"Reda\u00e7\u00e3o Portal MF","Est. tempo de leitura":"2 minutos"},"schema":{"@context":"https:\/\/schema.org","@graph":[{"@type":"WebPage","@id":"https:\/\/portalmf.com.br\/index.php\/2026\/05\/01\/leo-santana-lanca-album-completo-do-projeto-leo-santana-20-anos-dna-de-gg\/","url":"https:\/\/portalmf.com.br\/index.php\/2026\/05\/01\/leo-santana-lanca-album-completo-do-projeto-leo-santana-20-anos-dna-de-gg\/","name":"L\u00e9o Santana lan\u00e7a \u00e1lbum completo do projeto \u2018L\u00e9o Santana 20 Anos \u2013 DNA de GG\u2019 - Portal MF","isPartOf":{"@id":"https:\/\/portalmf.com.br\/#website"},"primaryImageOfPage":{"@id":"https:\/\/portalmf.com.br\/index.php\/2026\/05\/01\/leo-santana-lanca-album-completo-do-projeto-leo-santana-20-anos-dna-de-gg\/#primaryimage"},"image":{"@id":"https:\/\/portalmf.com.br\/index.php\/2026\/05\/01\/leo-santana-lanca-album-completo-do-projeto-leo-santana-20-anos-dna-de-gg\/#primaryimage"},"thumbnailUrl":"https:\/\/portalmf.com.br\/wp-content\/uploads\/2025\/11\/Leo-Santana-reune-multidao-para-celebrar-20-anos_2-e1777681245808.jpg","datePublished":"2026-05-02T00:21:15+00:00","dateModified":"2026-05-02T00:21:16+00:00","author":{"@id":"https:\/\/portalmf.com.br\/#\/schema\/person\/9ec101baf56233e53520c26de5d6f6f0"},"breadcrumb":{"@id":"https:\/\/portalmf.com.br\/index.php\/2026\/05\/01\/leo-santana-lanca-album-completo-do-projeto-leo-santana-20-anos-dna-de-gg\/#breadcrumb"},"inLanguage":"pt-BR","potentialAction":[{"@type":"ReadAction","target":["https:\/\/portalmf.com.br\/index.php\/2026\/05\/01\/leo-santana-lanca-album-completo-do-projeto-leo-santana-20-anos-dna-de-gg\/"]}]},{"@type":"ImageObject","inLanguage":"pt-BR","@id":"https:\/\/portalmf.com.br\/index.php\/2026\/05\/01\/leo-santana-lanca-album-completo-do-projeto-leo-santana-20-anos-dna-de-gg\/#primaryimage","url":"https:\/\/portalmf.com.br\/wp-content\/uploads\/2025\/11\/Leo-Santana-reune-multidao-para-celebrar-20-anos_2-e1777681245808.jpg","contentUrl":"https:\/\/portalmf.com.br\/wp-content\/uploads\/2025\/11\/Leo-Santana-reune-multidao-para-celebrar-20-anos_2-e1777681245808.jpg","width":853,"height":680,"caption":"Fotos: Panther Films, Alef Fera, Lucas Leawry \u00a0e\u00a0Italo\u00a0Freitas"},{"@type":"BreadcrumbList","@id":"https:\/\/portalmf.com.br\/index.php\/2026\/05\/01\/leo-santana-lanca-album-completo-do-projeto-leo-santana-20-anos-dna-de-gg\/#breadcrumb","itemListElement":[{"@type":"ListItem","position":1,"name":"In\u00edcio","item":"https:\/\/portalmf.com.br\/"},{"@type":"ListItem","position":2,"name":"L\u00e9o Santana lan\u00e7a \u00e1lbum completo do projeto \u2018L\u00e9o Santana 20 Anos \u2013 DNA de GG\u2019"}]},{"@type":"WebSite","@id":"https:\/\/portalmf.com.br\/#website","url":"https:\/\/portalmf.com.br\/","name":"Portal MF","description":"Voc\u00ea conectado com a informa\u00e7\u00e3o","potentialAction":[{"@type":"SearchAction","target":{"@type":"EntryPoint","urlTemplate":"https:\/\/portalmf.com.br\/?s={search_term_string}"},"query-input":"required name=search_term_string"}],"inLanguage":"pt-BR"},{"@type":"Person","@id":"https:\/\/portalmf.com.br\/#\/schema\/person\/9ec101baf56233e53520c26de5d6f6f0","name":"Reda\u00e7\u00e3o Portal MF","image":{"@type":"ImageObject","inLanguage":"pt-BR","@id":"https:\/\/portalmf.com.br\/#\/schema\/person\/image\/","url":"https:\/\/secure.gravatar.com\/avatar\/41b9aaeb2100835f7c64362330f74c7f?s=96&d=mm&r=g","contentUrl":"https:\/\/secure.gravatar.com\/avatar\/41b9aaeb2100835f7c64362330f74c7f?s=96&d=mm&r=g","caption":"Reda\u00e7\u00e3o Portal MF"},"description":"Sejam bem-vindos o portal de informa\u00e7\u00f5es de entretenimento de Feira de Santana, desde 2006 realiza coberturas dos principais eventos com entrevistas exclusivas com as principais personalidades mundiais. Fique conectado tamb\u00e9m nas redes sociais.","sameAs":["http:\/\/www.portalmf.com.br\/","https:\/\/www.facebook.com\/portalmfoficial","https:\/\/www.instagram.com\/portalmf\/","https:\/\/x.com\/https:\/\/x.com\/portalmfoficial","https:\/\/www.youtube.com\/@portalmfoficial"],"url":"https:\/\/portalmf.com.br\/index.php\/author\/junior\/"}]}},"_links":{"self":[{"href":"https:\/\/portalmf.com.br\/index.php\/wp-json\/wp\/v2\/posts\/43745"}],"collection":[{"href":"https:\/\/portalmf.com.br\/index.php\/wp-json\/wp\/v2\/posts"}],"about":[{"href":"https:\/\/portalmf.com.br\/index.php\/wp-json\/wp\/v2\/types\/post"}],"author":[{"embeddable":true,"href":"https:\/\/portalmf.com.br\/index.php\/wp-json\/wp\/v2\/users\/3"}],"replies":[{"embeddable":true,"href":"https:\/\/portalmf.com.br\/index.php\/wp-json\/wp\/v2\/comments?post=43745"}],"version-history":[{"count":1,"href":"https:\/\/portalmf.com.br\/index.php\/wp-json\/wp\/v2\/posts\/43745\/revisions"}],"predecessor-version":[{"id":43746,"href":"https:\/\/portalmf.com.br\/index.php\/wp-json\/wp\/v2\/posts\/43745\/revisions\/43746"}],"wp:featuredmedia":[{"embeddable":true,"href":"https:\/\/portalmf.com.br\/index.php\/wp-json\/wp\/v2\/media\/40206"}],"wp:attachment":[{"href":"https:\/\/portalmf.com.br\/index.php\/wp-json\/wp\/v2\/media?parent=43745"}],"wp:term":[{"taxonomy":"category","embeddable":true,"href":"https:\/\/portalmf.com.br\/index.php\/wp-json\/wp\/v2\/categories?post=43745"},{"taxonomy":"post_tag","embeddable":true,"href":"https:\/\/portalmf.com.br\/index.php\/wp-json\/wp\/v2\/tags?post=43745"}],"curies":[{"name":"wp","href":"https:\/\/api.w.org\/{rel}","templated":true}]}}