{"id":43738,"date":"2026-05-01T20:35:04","date_gmt":"2026-05-01T23:35:04","guid":{"rendered":"https:\/\/portalmf.com.br\/?p=43738"},"modified":"2026-05-01T20:46:24","modified_gmt":"2026-05-01T23:46:24","slug":"jornalista-feirense-fara-terceira-cobertura-de-copa-do-mundo-direto-dos-eua","status":"publish","type":"post","link":"https:\/\/portalmf.com.br\/index.php\/2026\/05\/01\/jornalista-feirense-fara-terceira-cobertura-de-copa-do-mundo-direto-dos-eua\/","title":{"rendered":"Jornalista feirense far\u00e1 terceira cobertura de Copa do Mundo direto dos EUA"},"content":{"rendered":"\n<p>A Copa do Mundo de 2026, que ser\u00e1 realizada entre os meses de junho e julho, contar\u00e1 com a cobertura internacional do jornalista Valdeir Uchoa, junto com a R\u00e1dio Princesa Fm, R\u00e1dio Nova Cidade Fm (Juazeiro) e Programa Altos Papos. <\/p>\n\n\n\n<p>O torneio, sediado de forma in\u00e9dita por tr\u00eas pa\u00edses, Estados Unidos, Canad\u00e1 e M\u00e9xico, ter\u00e1 uma cobertura especial ao longo de toda a competi\u00e7\u00e3o.<\/p>\n\n\n<div class=\"wp-block-image\">\n<figure class=\"alignleft size-large is-resized\"><img fetchpriority=\"high\" decoding=\"async\" width=\"768\" height=\"1024\" src=\"https:\/\/portalmf.com.br\/wp-content\/uploads\/2026\/05\/uchoa_-2-768x1024.jpeg\" alt=\"\" class=\"wp-image-43739\" style=\"width:208px;height:auto\" srcset=\"https:\/\/portalmf.com.br\/wp-content\/uploads\/2026\/05\/uchoa_-2-768x1024.jpeg 768w, https:\/\/portalmf.com.br\/wp-content\/uploads\/2026\/05\/uchoa_-2-225x300.jpeg 225w, https:\/\/portalmf.com.br\/wp-content\/uploads\/2026\/05\/uchoa_-2-1152x1536.jpeg 1152w, https:\/\/portalmf.com.br\/wp-content\/uploads\/2026\/05\/uchoa_-2-696x928.jpeg 696w, https:\/\/portalmf.com.br\/wp-content\/uploads\/2026\/05\/uchoa_-2-1068x1424.jpeg 1068w, https:\/\/portalmf.com.br\/wp-content\/uploads\/2026\/05\/uchoa_-2.jpeg 1200w\" sizes=\"(max-width: 768px) 100vw, 768px\" \/><\/figure><\/div>\n\n\n<p>Uchoa, que j\u00e1 cobriu os Mundiais da R\u00fassia e Catar, vai para sua terceira cobertura internacional de Copa e estar\u00e1 acompanhando de perto os jogos e movimenta\u00e7\u00f5es nas cidades-sede, trazendo informa\u00e7\u00f5es sobre a maior edi\u00e7\u00e3o da hist\u00f3ria da Copa do Mundo FIFA 2026, que contar\u00e1 com 48 sele\u00e7\u00f5es e um n\u00famero recorde de partidas.<\/p>\n\n\n\n<p>A cobertura ter\u00e1 foco na Sele\u00e7\u00e3o Brasileira, com conte\u00fados voltados ao torcedores Brasileiros, al\u00e9m de bastidores, curiosidades e a atmosfera do torneio. Ao lado de Uchoa, os jornalistas Joanna Morbeck, Rafael Carvalho e Taiuri Reis integram a equipe respons\u00e1vel por levar ao p\u00fablico todos os detalhes da mais importante competi\u00e7\u00e3o de futebol do Mundo.<\/p>\n\n\n\n<p>O Altos Papos se prepara para oferecer atualiza\u00e7\u00f5es em tempo real, entrevistas exclusivas e an\u00e1lises dos principais momentos da competi\u00e7\u00e3o. A proposta \u00e9 garantir uma cobertura din\u00e2mica e aprofundada, destacando os desafios e as poss\u00edveis conquistas da equipe brasileira ao longo do torneio.<\/p>\n\n\n\n<p>A presen\u00e7a da equipe no Mundial refor\u00e7a o compromisso do programa em entregar conte\u00fado jornal\u00edstico de qualidade, aproximando o p\u00fablico brasileiro de um dos maiores eventos esportivos do planeta.<\/p>\n","protected":false},"excerpt":{"rendered":"<p>A Copa do Mundo de 2026, que ser\u00e1 realizada entre os meses de junho e julho, contar\u00e1 com a cobertura internacional do jornalista Valdeir Uchoa, junto com a R\u00e1dio Princesa Fm, R\u00e1dio Nova Cidade Fm (Juazeiro) e Programa Altos Papos. O torneio, sediado de forma in\u00e9dita por tr\u00eas pa\u00edses, Estados Unidos, Canad\u00e1 e M\u00e9xico, ter\u00e1 [&hellip;]<\/p>\n","protected":false},"author":3,"featured_media":43740,"comment_status":"open","ping_status":"open","sticky":false,"template":"","format":"standard","meta":{"_monsterinsights_skip_tracking":false,"_monsterinsights_sitenote_active":false,"_monsterinsights_sitenote_note":"","_monsterinsights_sitenote_category":0,"footnotes":""},"categories":[47,50],"tags":[],"yoast_head":"<!-- This site is optimized with the Yoast SEO plugin v22.9 - https:\/\/yoast.com\/wordpress\/plugins\/seo\/ -->\n<title>Jornalista feirense far\u00e1 terceira cobertura de Copa do Mundo direto dos EUA - Portal MF<\/title>\n<meta name=\"robots\" content=\"index, follow, max-snippet:-1, max-image-preview:large, max-video-preview:-1\" \/>\n<link rel=\"canonical\" href=\"https:\/\/portalmf.com.br\/index.php\/2026\/05\/01\/jornalista-feirense-fara-terceira-cobertura-de-copa-do-mundo-direto-dos-eua\/\" \/>\n<meta property=\"og:locale\" content=\"pt_BR\" \/>\n<meta property=\"og:type\" content=\"article\" \/>\n<meta property=\"og:title\" content=\"Jornalista feirense far\u00e1 terceira cobertura de Copa do Mundo direto dos EUA - Portal MF\" \/>\n<meta property=\"og:description\" content=\"A Copa do Mundo de 2026, que ser\u00e1 realizada entre os meses de junho e julho, contar\u00e1 com a cobertura internacional do jornalista Valdeir Uchoa, junto com a R\u00e1dio Princesa Fm, R\u00e1dio Nova Cidade Fm (Juazeiro) e Programa Altos Papos. O torneio, sediado de forma in\u00e9dita por tr\u00eas pa\u00edses, Estados Unidos, Canad\u00e1 e M\u00e9xico, ter\u00e1 [&hellip;]\" \/>\n<meta property=\"og:url\" content=\"https:\/\/portalmf.com.br\/index.php\/2026\/05\/01\/jornalista-feirense-fara-terceira-cobertura-de-copa-do-mundo-direto-dos-eua\/\" \/>\n<meta property=\"og:site_name\" content=\"Portal MF\" \/>\n<meta property=\"article:author\" content=\"https:\/\/www.facebook.com\/portalmfoficial\" \/>\n<meta property=\"article:published_time\" content=\"2026-05-01T23:35:04+00:00\" \/>\n<meta property=\"article:modified_time\" content=\"2026-05-01T23:46:24+00:00\" \/>\n<meta property=\"og:image\" content=\"https:\/\/portalmf.com.br\/wp-content\/uploads\/2026\/05\/uchoa_-1-e1777678440395.jpeg\" \/>\n\t<meta property=\"og:image:width\" content=\"1280\" \/>\n\t<meta property=\"og:image:height\" content=\"979\" \/>\n\t<meta property=\"og:image:type\" content=\"image\/jpeg\" \/>\n<meta name=\"author\" content=\"Reda\u00e7\u00e3o Portal MF\" \/>\n<meta name=\"twitter:card\" content=\"summary_large_image\" \/>\n<meta name=\"twitter:creator\" content=\"@https:\/\/x.com\/portalmfoficial\" \/>\n<meta name=\"twitter:label1\" content=\"Escrito por\" \/>\n\t<meta name=\"twitter:data1\" content=\"Reda\u00e7\u00e3o Portal MF\" \/>\n\t<meta name=\"twitter:label2\" content=\"Est. tempo de leitura\" \/>\n\t<meta name=\"twitter:data2\" content=\"2 minutos\" \/>\n<script type=\"application\/ld+json\" class=\"yoast-schema-graph\">{\"@context\":\"https:\/\/schema.org\",\"@graph\":[{\"@type\":\"WebPage\",\"@id\":\"https:\/\/portalmf.com.br\/index.php\/2026\/05\/01\/jornalista-feirense-fara-terceira-cobertura-de-copa-do-mundo-direto-dos-eua\/\",\"url\":\"https:\/\/portalmf.com.br\/index.php\/2026\/05\/01\/jornalista-feirense-fara-terceira-cobertura-de-copa-do-mundo-direto-dos-eua\/\",\"name\":\"Jornalista feirense far\u00e1 terceira cobertura de Copa do Mundo direto dos EUA - Portal MF\",\"isPartOf\":{\"@id\":\"https:\/\/portalmf.com.br\/#website\"},\"primaryImageOfPage\":{\"@id\":\"https:\/\/portalmf.com.br\/index.php\/2026\/05\/01\/jornalista-feirense-fara-terceira-cobertura-de-copa-do-mundo-direto-dos-eua\/#primaryimage\"},\"image\":{\"@id\":\"https:\/\/portalmf.com.br\/index.php\/2026\/05\/01\/jornalista-feirense-fara-terceira-cobertura-de-copa-do-mundo-direto-dos-eua\/#primaryimage\"},\"thumbnailUrl\":\"https:\/\/portalmf.com.br\/wp-content\/uploads\/2026\/05\/uchoa_-1-e1777678440395.jpeg\",\"datePublished\":\"2026-05-01T23:35:04+00:00\",\"dateModified\":\"2026-05-01T23:46:24+00:00\",\"author\":{\"@id\":\"https:\/\/portalmf.com.br\/#\/schema\/person\/9ec101baf56233e53520c26de5d6f6f0\"},\"breadcrumb\":{\"@id\":\"https:\/\/portalmf.com.br\/index.php\/2026\/05\/01\/jornalista-feirense-fara-terceira-cobertura-de-copa-do-mundo-direto-dos-eua\/#breadcrumb\"},\"inLanguage\":\"pt-BR\",\"potentialAction\":[{\"@type\":\"ReadAction\",\"target\":[\"https:\/\/portalmf.com.br\/index.php\/2026\/05\/01\/jornalista-feirense-fara-terceira-cobertura-de-copa-do-mundo-direto-dos-eua\/\"]}]},{\"@type\":\"ImageObject\",\"inLanguage\":\"pt-BR\",\"@id\":\"https:\/\/portalmf.com.br\/index.php\/2026\/05\/01\/jornalista-feirense-fara-terceira-cobertura-de-copa-do-mundo-direto-dos-eua\/#primaryimage\",\"url\":\"https:\/\/portalmf.com.br\/wp-content\/uploads\/2026\/05\/uchoa_-1-e1777678440395.jpeg\",\"contentUrl\":\"https:\/\/portalmf.com.br\/wp-content\/uploads\/2026\/05\/uchoa_-1-e1777678440395.jpeg\",\"width\":1280,\"height\":979},{\"@type\":\"BreadcrumbList\",\"@id\":\"https:\/\/portalmf.com.br\/index.php\/2026\/05\/01\/jornalista-feirense-fara-terceira-cobertura-de-copa-do-mundo-direto-dos-eua\/#breadcrumb\",\"itemListElement\":[{\"@type\":\"ListItem\",\"position\":1,\"name\":\"In\u00edcio\",\"item\":\"https:\/\/portalmf.com.br\/\"},{\"@type\":\"ListItem\",\"position\":2,\"name\":\"Jornalista feirense far\u00e1 terceira cobertura de Copa do Mundo direto dos EUA\"}]},{\"@type\":\"WebSite\",\"@id\":\"https:\/\/portalmf.com.br\/#website\",\"url\":\"https:\/\/portalmf.com.br\/\",\"name\":\"Portal MF\",\"description\":\"Voc\u00ea conectado com a informa\u00e7\u00e3o\",\"potentialAction\":[{\"@type\":\"SearchAction\",\"target\":{\"@type\":\"EntryPoint\",\"urlTemplate\":\"https:\/\/portalmf.com.br\/?s={search_term_string}\"},\"query-input\":\"required name=search_term_string\"}],\"inLanguage\":\"pt-BR\"},{\"@type\":\"Person\",\"@id\":\"https:\/\/portalmf.com.br\/#\/schema\/person\/9ec101baf56233e53520c26de5d6f6f0\",\"name\":\"Reda\u00e7\u00e3o Portal MF\",\"image\":{\"@type\":\"ImageObject\",\"inLanguage\":\"pt-BR\",\"@id\":\"https:\/\/portalmf.com.br\/#\/schema\/person\/image\/\",\"url\":\"https:\/\/secure.gravatar.com\/avatar\/41b9aaeb2100835f7c64362330f74c7f?s=96&d=mm&r=g\",\"contentUrl\":\"https:\/\/secure.gravatar.com\/avatar\/41b9aaeb2100835f7c64362330f74c7f?s=96&d=mm&r=g\",\"caption\":\"Reda\u00e7\u00e3o Portal MF\"},\"description\":\"Sejam bem-vindos o portal de informa\u00e7\u00f5es de entretenimento de Feira de Santana, desde 2006 realiza coberturas dos principais eventos com entrevistas exclusivas com as principais personalidades mundiais. Fique conectado tamb\u00e9m nas redes sociais.\",\"sameAs\":[\"http:\/\/www.portalmf.com.br\/\",\"https:\/\/www.facebook.com\/portalmfoficial\",\"https:\/\/www.instagram.com\/portalmf\/\",\"https:\/\/x.com\/https:\/\/x.com\/portalmfoficial\",\"https:\/\/www.youtube.com\/@portalmfoficial\"],\"url\":\"https:\/\/portalmf.com.br\/index.php\/author\/junior\/\"}]}<\/script>\n<!-- \/ Yoast SEO plugin. -->","yoast_head_json":{"title":"Jornalista feirense far\u00e1 terceira cobertura de Copa do Mundo direto dos EUA - Portal MF","robots":{"index":"index","follow":"follow","max-snippet":"max-snippet:-1","max-image-preview":"max-image-preview:large","max-video-preview":"max-video-preview:-1"},"canonical":"https:\/\/portalmf.com.br\/index.php\/2026\/05\/01\/jornalista-feirense-fara-terceira-cobertura-de-copa-do-mundo-direto-dos-eua\/","og_locale":"pt_BR","og_type":"article","og_title":"Jornalista feirense far\u00e1 terceira cobertura de Copa do Mundo direto dos EUA - Portal MF","og_description":"A Copa do Mundo de 2026, que ser\u00e1 realizada entre os meses de junho e julho, contar\u00e1 com a cobertura internacional do jornalista Valdeir Uchoa, junto com a R\u00e1dio Princesa Fm, R\u00e1dio Nova Cidade Fm (Juazeiro) e Programa Altos Papos. O torneio, sediado de forma in\u00e9dita por tr\u00eas pa\u00edses, Estados Unidos, Canad\u00e1 e M\u00e9xico, ter\u00e1 [&hellip;]","og_url":"https:\/\/portalmf.com.br\/index.php\/2026\/05\/01\/jornalista-feirense-fara-terceira-cobertura-de-copa-do-mundo-direto-dos-eua\/","og_site_name":"Portal MF","article_author":"https:\/\/www.facebook.com\/portalmfoficial","article_published_time":"2026-05-01T23:35:04+00:00","article_modified_time":"2026-05-01T23:46:24+00:00","og_image":[{"width":1280,"height":979,"url":"https:\/\/portalmf.com.br\/wp-content\/uploads\/2026\/05\/uchoa_-1-e1777678440395.jpeg","type":"image\/jpeg"}],"author":"Reda\u00e7\u00e3o Portal MF","twitter_card":"summary_large_image","twitter_creator":"@https:\/\/x.com\/portalmfoficial","twitter_misc":{"Escrito por":"Reda\u00e7\u00e3o Portal MF","Est. tempo de leitura":"2 minutos"},"schema":{"@context":"https:\/\/schema.org","@graph":[{"@type":"WebPage","@id":"https:\/\/portalmf.com.br\/index.php\/2026\/05\/01\/jornalista-feirense-fara-terceira-cobertura-de-copa-do-mundo-direto-dos-eua\/","url":"https:\/\/portalmf.com.br\/index.php\/2026\/05\/01\/jornalista-feirense-fara-terceira-cobertura-de-copa-do-mundo-direto-dos-eua\/","name":"Jornalista feirense far\u00e1 terceira cobertura de Copa do Mundo direto dos EUA - Portal MF","isPartOf":{"@id":"https:\/\/portalmf.com.br\/#website"},"primaryImageOfPage":{"@id":"https:\/\/portalmf.com.br\/index.php\/2026\/05\/01\/jornalista-feirense-fara-terceira-cobertura-de-copa-do-mundo-direto-dos-eua\/#primaryimage"},"image":{"@id":"https:\/\/portalmf.com.br\/index.php\/2026\/05\/01\/jornalista-feirense-fara-terceira-cobertura-de-copa-do-mundo-direto-dos-eua\/#primaryimage"},"thumbnailUrl":"https:\/\/portalmf.com.br\/wp-content\/uploads\/2026\/05\/uchoa_-1-e1777678440395.jpeg","datePublished":"2026-05-01T23:35:04+00:00","dateModified":"2026-05-01T23:46:24+00:00","author":{"@id":"https:\/\/portalmf.com.br\/#\/schema\/person\/9ec101baf56233e53520c26de5d6f6f0"},"breadcrumb":{"@id":"https:\/\/portalmf.com.br\/index.php\/2026\/05\/01\/jornalista-feirense-fara-terceira-cobertura-de-copa-do-mundo-direto-dos-eua\/#breadcrumb"},"inLanguage":"pt-BR","potentialAction":[{"@type":"ReadAction","target":["https:\/\/portalmf.com.br\/index.php\/2026\/05\/01\/jornalista-feirense-fara-terceira-cobertura-de-copa-do-mundo-direto-dos-eua\/"]}]},{"@type":"ImageObject","inLanguage":"pt-BR","@id":"https:\/\/portalmf.com.br\/index.php\/2026\/05\/01\/jornalista-feirense-fara-terceira-cobertura-de-copa-do-mundo-direto-dos-eua\/#primaryimage","url":"https:\/\/portalmf.com.br\/wp-content\/uploads\/2026\/05\/uchoa_-1-e1777678440395.jpeg","contentUrl":"https:\/\/portalmf.com.br\/wp-content\/uploads\/2026\/05\/uchoa_-1-e1777678440395.jpeg","width":1280,"height":979},{"@type":"BreadcrumbList","@id":"https:\/\/portalmf.com.br\/index.php\/2026\/05\/01\/jornalista-feirense-fara-terceira-cobertura-de-copa-do-mundo-direto-dos-eua\/#breadcrumb","itemListElement":[{"@type":"ListItem","position":1,"name":"In\u00edcio","item":"https:\/\/portalmf.com.br\/"},{"@type":"ListItem","position":2,"name":"Jornalista feirense far\u00e1 terceira cobertura de Copa do Mundo direto dos EUA"}]},{"@type":"WebSite","@id":"https:\/\/portalmf.com.br\/#website","url":"https:\/\/portalmf.com.br\/","name":"Portal MF","description":"Voc\u00ea conectado com a informa\u00e7\u00e3o","potentialAction":[{"@type":"SearchAction","target":{"@type":"EntryPoint","urlTemplate":"https:\/\/portalmf.com.br\/?s={search_term_string}"},"query-input":"required name=search_term_string"}],"inLanguage":"pt-BR"},{"@type":"Person","@id":"https:\/\/portalmf.com.br\/#\/schema\/person\/9ec101baf56233e53520c26de5d6f6f0","name":"Reda\u00e7\u00e3o Portal MF","image":{"@type":"ImageObject","inLanguage":"pt-BR","@id":"https:\/\/portalmf.com.br\/#\/schema\/person\/image\/","url":"https:\/\/secure.gravatar.com\/avatar\/41b9aaeb2100835f7c64362330f74c7f?s=96&d=mm&r=g","contentUrl":"https:\/\/secure.gravatar.com\/avatar\/41b9aaeb2100835f7c64362330f74c7f?s=96&d=mm&r=g","caption":"Reda\u00e7\u00e3o Portal MF"},"description":"Sejam bem-vindos o portal de informa\u00e7\u00f5es de entretenimento de Feira de Santana, desde 2006 realiza coberturas dos principais eventos com entrevistas exclusivas com as principais personalidades mundiais. Fique conectado tamb\u00e9m nas redes sociais.","sameAs":["http:\/\/www.portalmf.com.br\/","https:\/\/www.facebook.com\/portalmfoficial","https:\/\/www.instagram.com\/portalmf\/","https:\/\/x.com\/https:\/\/x.com\/portalmfoficial","https:\/\/www.youtube.com\/@portalmfoficial"],"url":"https:\/\/portalmf.com.br\/index.php\/author\/junior\/"}]}},"_links":{"self":[{"href":"https:\/\/portalmf.com.br\/index.php\/wp-json\/wp\/v2\/posts\/43738"}],"collection":[{"href":"https:\/\/portalmf.com.br\/index.php\/wp-json\/wp\/v2\/posts"}],"about":[{"href":"https:\/\/portalmf.com.br\/index.php\/wp-json\/wp\/v2\/types\/post"}],"author":[{"embeddable":true,"href":"https:\/\/portalmf.com.br\/index.php\/wp-json\/wp\/v2\/users\/3"}],"replies":[{"embeddable":true,"href":"https:\/\/portalmf.com.br\/index.php\/wp-json\/wp\/v2\/comments?post=43738"}],"version-history":[{"count":1,"href":"https:\/\/portalmf.com.br\/index.php\/wp-json\/wp\/v2\/posts\/43738\/revisions"}],"predecessor-version":[{"id":43741,"href":"https:\/\/portalmf.com.br\/index.php\/wp-json\/wp\/v2\/posts\/43738\/revisions\/43741"}],"wp:featuredmedia":[{"embeddable":true,"href":"https:\/\/portalmf.com.br\/index.php\/wp-json\/wp\/v2\/media\/43740"}],"wp:attachment":[{"href":"https:\/\/portalmf.com.br\/index.php\/wp-json\/wp\/v2\/media?parent=43738"}],"wp:term":[{"taxonomy":"category","embeddable":true,"href":"https:\/\/portalmf.com.br\/index.php\/wp-json\/wp\/v2\/categories?post=43738"},{"taxonomy":"post_tag","embeddable":true,"href":"https:\/\/portalmf.com.br\/index.php\/wp-json\/wp\/v2\/tags?post=43738"}],"curies":[{"name":"wp","href":"https:\/\/api.w.org\/{rel}","templated":true}]}}