{"id":43732,"date":"2026-05-01T07:26:26","date_gmt":"2026-05-01T10:26:26","guid":{"rendered":"https:\/\/portalmf.com.br\/?p=43732"},"modified":"2026-05-01T07:26:27","modified_gmt":"2026-05-01T10:26:27","slug":"feira-fc-intensifica-preparacao-para-estreia-no-baianao-serie-b-2026","status":"publish","type":"post","link":"https:\/\/portalmf.com.br\/index.php\/2026\/05\/01\/feira-fc-intensifica-preparacao-para-estreia-no-baianao-serie-b-2026\/","title":{"rendered":"Feira FC intensifica prepara\u00e7\u00e3o para estreia no Baian\u00e3o S\u00e9rie B 2026"},"content":{"rendered":"\n<p>O Feira FC entra na reta final de prepara\u00e7\u00e3o para a estreia oficial na temporada. A semana \u00e9 tratada internamente como decisiva, com foco nos \u00faltimos ajustes t\u00e1ticos, f\u00edsicos e no alinhamento fino entre os setores da equipe.<\/p>\n\n\n\n<p>Ap\u00f3s um per\u00edodo consistente de pr\u00e9-temporada, o elenco chega aos dias que antecedem o primeiro jogo com um cen\u00e1rio de evolu\u00e7\u00e3o coletiva, constru\u00eddo a partir da intensidade dos treinamentos e da adapta\u00e7\u00e3o ao modelo de jogo proposto pela comiss\u00e3o t\u00e9cnica.<\/p>\n\n\n\n<p>A estreia acontece no pr\u00f3ximo s\u00e1bado (02), \u00e0s 19h, na Arena Cajueiro, diante do Vit\u00f3ria da Conquista, marcando o in\u00edcio da trajet\u00f3ria do clube na busca pelo acesso.<\/p>\n\n\n\n<p>Fora de campo, o Feira FC tamb\u00e9m vive um momento de expans\u00e3o. O clube anunciou nesta semana a chegada da Superbet como patrocinadora master, em um movimento que fortalece a estrutura, amplia a visibilidade e refor\u00e7a a confian\u00e7a no projeto em ascens\u00e3o.<\/p>\n\n\n\n<p><strong>CONFIAN\u00c7A CONSTRU\u00cdDA NO PROCESSO<\/strong><\/p>\n\n\n\n<p>O ambiente interno reflete um grupo confiante e consciente do trabalho realizado at\u00e9 aqui. O goleiro Sid\u00e3o destaca justamente a import\u00e2ncia desse momento final de prepara\u00e7\u00e3o. \u201cEstamos em uma semana muito importante, ajustando os \u00faltimos detalhes. Fizemos uma boa pr\u00e9-temporada e agora \u00e9 seguir focado para chegar bem na estreia e buscar esses primeiros tr\u00eas pontos.\u201d<\/p>\n\n\n\n<p>A fala refor\u00e7a um dos principais pilares desse in\u00edcio de temporada: a consist\u00eancia do processo e a uni\u00e3o do elenco como base para o desempenho em campo.<\/p>\n\n\n\n<p>No setor ofensivo, o clima mistura expectativa e oportunidade. O atacante Lucaneta vive a possibilidade de sua primeira participa\u00e7\u00e3o no futebol profissional e traduz o sentimento presente no grupo.<\/p>\n\n\n\n<p>\u201cA estreia est\u00e1 chegando e a ansiedade aumenta, ainda mais pela possibilidade de ser meu primeiro jogo. Mas o grupo vem trabalhando forte e est\u00e1 preparado para fazer uma boa partida diante da nossa torcida.\u201d<\/p>\n\n\n\n<p>A prepara\u00e7\u00e3o cont\u00ednua ao longo das \u00faltimas semanas tem sido fundamental para dar seguran\u00e7a aos atletas, especialmente aos mais jovens, que come\u00e7am a ganhar espa\u00e7o nesse in\u00edcio de projeto.<\/p>\n\n\n\n<p><strong>EXPERI\u00caNCIA ALINHADA AO OBJETIVO<\/strong><\/p>\n\n\n\n<p>Com mais rodagem, Rogerinho assume um papel importante dentro do elenco, tanto pela lideran\u00e7a quanto pela leitura do momento da equipe. O atacante refor\u00e7a a confian\u00e7a no trabalho e no caminho tra\u00e7ado.<\/p>\n\n\n\n<p>\u201cA prepara\u00e7\u00e3o est\u00e1 sendo muito boa e a expectativa \u00e9 grande. Sabemos onde queremos chegar e estamos trabalhando forte para colocar o Feira na elite.\u201d<\/p>\n\n\n\n<p>Ao projetar a estreia, o discurso mant\u00e9m o foco coletivo, mesmo diante da possibilidade de protagonismo individual.<\/p>\n\n\n\n<p><em>\u201cO gol \u00e9 importante, aumenta a confian\u00e7a, mas o principal \u00e9 o time conquistar o resultado. O grupo est\u00e1 cada vez mais entrosado, e isso faz diferen\u00e7a. Fico feliz em fazer dupla de ataque com Galhardo, um cara que me ensina todos os dias. Espero que Deus possa me honrar, n\u00e3o s\u00f3 a mim, mas que, na estreia, independentemente de quem fa\u00e7a o gol, o mais importante sejam os tr\u00eas pontos.\u201d<\/em><\/p>\n\n\n\n<p>Com seis gols marcados em cinco jogos preparat\u00f3rios, Rogerinho foi o artilheiro da equipe durante a pr\u00e9-temporada, aproveitando bem o entrosamento com Thiago Galhardo, que assumiu o papel de gar\u00e7om e contribuiu com cinco assist\u00eancias no geral.<\/p>\n\n\n\n<p><strong>FOR\u00c7A DA TORCIDA E EXPECTATIVA PARA ESTREIA<\/strong><\/p>\n\n\n\n<p>Se dentro de campo o time demonstra evolu\u00e7\u00e3o, fora dele o clube j\u00e1 tem um trunfo claro: a conex\u00e3o com a torcida. No primeiro amistoso da hist\u00f3ria do Feira FC, mais de 4 mil torcedores estiveram presentes na Arena Cajueiro, criando um ambiente de apoio e identifica\u00e7\u00e3o que tende a se repetir na estreia.<\/p>\n\n\n\n<p>A mobiliza\u00e7\u00e3o refor\u00e7a o papel das arquibancadas como parte ativa do projeto, algo que os jogadores reconhecem como diferencial.<\/p>\n\n\n\n<p><em>\u201cA gente espera o apoio do torcedor. Ele faz diferen\u00e7a e pode ser o nosso 12\u00ba jogador nesse in\u00edcio de caminhada\u201d,<\/em> destaca Rogerinho.<\/p>\n\n\n\n<p>A proje\u00e7\u00e3o para o s\u00e1bado \u00e9 de mais um grande p\u00fablico, impulsionado pelo engajamento que vem sendo constru\u00eddo desde os primeiros movimentos do clube. A Arena Cajueiro, que j\u00e1 mostrou sua capacidade de mobiliza\u00e7\u00e3o, deve novamente ser um fator importante no desempenho da equipe.<\/p>\n\n\n\n<p>Com um elenco alinhado, confian\u00e7a no processo e o apoio crescente da torcida, o Feira FC se aproxima da estreia buscando transformar a prepara\u00e7\u00e3o em resultado e dar o primeiro passo, de forma consistente, rumo ao objetivo do acesso.<\/p>\n","protected":false},"excerpt":{"rendered":"<p>O Feira FC entra na reta final de prepara\u00e7\u00e3o para a estreia oficial na temporada. A semana \u00e9 tratada internamente como decisiva, com foco nos \u00faltimos ajustes t\u00e1ticos, f\u00edsicos e no alinhamento fino entre os setores da equipe. Ap\u00f3s um per\u00edodo consistente de pr\u00e9-temporada, o elenco chega aos dias que antecedem o primeiro jogo com [&hellip;]<\/p>\n","protected":false},"author":3,"featured_media":43733,"comment_status":"open","ping_status":"open","sticky":false,"template":"","format":"standard","meta":{"_monsterinsights_skip_tracking":false,"_monsterinsights_sitenote_active":false,"_monsterinsights_sitenote_note":"","_monsterinsights_sitenote_category":0,"footnotes":""},"categories":[42],"tags":[],"yoast_head":"<!-- This site is optimized with the Yoast SEO plugin v22.9 - https:\/\/yoast.com\/wordpress\/plugins\/seo\/ -->\n<title>Feira FC intensifica prepara\u00e7\u00e3o para estreia no Baian\u00e3o S\u00e9rie B 2026 - Portal MF<\/title>\n<meta name=\"robots\" content=\"index, follow, max-snippet:-1, max-image-preview:large, max-video-preview:-1\" \/>\n<link rel=\"canonical\" href=\"https:\/\/portalmf.com.br\/index.php\/2026\/05\/01\/feira-fc-intensifica-preparacao-para-estreia-no-baianao-serie-b-2026\/\" \/>\n<meta property=\"og:locale\" content=\"pt_BR\" \/>\n<meta property=\"og:type\" content=\"article\" \/>\n<meta property=\"og:title\" content=\"Feira FC intensifica prepara\u00e7\u00e3o para estreia no Baian\u00e3o S\u00e9rie B 2026 - Portal MF\" \/>\n<meta property=\"og:description\" content=\"O Feira FC entra na reta final de prepara\u00e7\u00e3o para a estreia oficial na temporada. A semana \u00e9 tratada internamente como decisiva, com foco nos \u00faltimos ajustes t\u00e1ticos, f\u00edsicos e no alinhamento fino entre os setores da equipe. Ap\u00f3s um per\u00edodo consistente de pr\u00e9-temporada, o elenco chega aos dias que antecedem o primeiro jogo com [&hellip;]\" \/>\n<meta property=\"og:url\" content=\"https:\/\/portalmf.com.br\/index.php\/2026\/05\/01\/feira-fc-intensifica-preparacao-para-estreia-no-baianao-serie-b-2026\/\" \/>\n<meta property=\"og:site_name\" content=\"Portal MF\" \/>\n<meta property=\"article:author\" content=\"https:\/\/www.facebook.com\/portalmfoficial\" \/>\n<meta property=\"article:published_time\" content=\"2026-05-01T10:26:26+00:00\" \/>\n<meta property=\"article:modified_time\" content=\"2026-05-01T10:26:27+00:00\" \/>\n<meta property=\"og:image\" content=\"https:\/\/portalmf.com.br\/wp-content\/uploads\/2026\/05\/Feira-FC-intensifica-preparacao-para-estreia-no-Baianao-Serie-B-2026.jpg\" \/>\n\t<meta property=\"og:image:width\" content=\"1200\" \/>\n\t<meta property=\"og:image:height\" content=\"900\" \/>\n\t<meta property=\"og:image:type\" content=\"image\/jpeg\" \/>\n<meta name=\"author\" content=\"Reda\u00e7\u00e3o Portal MF\" \/>\n<meta name=\"twitter:card\" content=\"summary_large_image\" \/>\n<meta name=\"twitter:creator\" content=\"@https:\/\/x.com\/portalmfoficial\" \/>\n<meta name=\"twitter:label1\" content=\"Escrito por\" \/>\n\t<meta name=\"twitter:data1\" content=\"Reda\u00e7\u00e3o Portal MF\" \/>\n\t<meta name=\"twitter:label2\" content=\"Est. tempo de leitura\" \/>\n\t<meta name=\"twitter:data2\" content=\"5 minutos\" \/>\n<script type=\"application\/ld+json\" class=\"yoast-schema-graph\">{\"@context\":\"https:\/\/schema.org\",\"@graph\":[{\"@type\":\"WebPage\",\"@id\":\"https:\/\/portalmf.com.br\/index.php\/2026\/05\/01\/feira-fc-intensifica-preparacao-para-estreia-no-baianao-serie-b-2026\/\",\"url\":\"https:\/\/portalmf.com.br\/index.php\/2026\/05\/01\/feira-fc-intensifica-preparacao-para-estreia-no-baianao-serie-b-2026\/\",\"name\":\"Feira FC intensifica prepara\u00e7\u00e3o para estreia no Baian\u00e3o S\u00e9rie B 2026 - Portal MF\",\"isPartOf\":{\"@id\":\"https:\/\/portalmf.com.br\/#website\"},\"primaryImageOfPage\":{\"@id\":\"https:\/\/portalmf.com.br\/index.php\/2026\/05\/01\/feira-fc-intensifica-preparacao-para-estreia-no-baianao-serie-b-2026\/#primaryimage\"},\"image\":{\"@id\":\"https:\/\/portalmf.com.br\/index.php\/2026\/05\/01\/feira-fc-intensifica-preparacao-para-estreia-no-baianao-serie-b-2026\/#primaryimage\"},\"thumbnailUrl\":\"https:\/\/portalmf.com.br\/wp-content\/uploads\/2026\/05\/Feira-FC-intensifica-preparacao-para-estreia-no-Baianao-Serie-B-2026.jpg\",\"datePublished\":\"2026-05-01T10:26:26+00:00\",\"dateModified\":\"2026-05-01T10:26:27+00:00\",\"author\":{\"@id\":\"https:\/\/portalmf.com.br\/#\/schema\/person\/9ec101baf56233e53520c26de5d6f6f0\"},\"breadcrumb\":{\"@id\":\"https:\/\/portalmf.com.br\/index.php\/2026\/05\/01\/feira-fc-intensifica-preparacao-para-estreia-no-baianao-serie-b-2026\/#breadcrumb\"},\"inLanguage\":\"pt-BR\",\"potentialAction\":[{\"@type\":\"ReadAction\",\"target\":[\"https:\/\/portalmf.com.br\/index.php\/2026\/05\/01\/feira-fc-intensifica-preparacao-para-estreia-no-baianao-serie-b-2026\/\"]}]},{\"@type\":\"ImageObject\",\"inLanguage\":\"pt-BR\",\"@id\":\"https:\/\/portalmf.com.br\/index.php\/2026\/05\/01\/feira-fc-intensifica-preparacao-para-estreia-no-baianao-serie-b-2026\/#primaryimage\",\"url\":\"https:\/\/portalmf.com.br\/wp-content\/uploads\/2026\/05\/Feira-FC-intensifica-preparacao-para-estreia-no-Baianao-Serie-B-2026.jpg\",\"contentUrl\":\"https:\/\/portalmf.com.br\/wp-content\/uploads\/2026\/05\/Feira-FC-intensifica-preparacao-para-estreia-no-Baianao-Serie-B-2026.jpg\",\"width\":1200,\"height\":900},{\"@type\":\"BreadcrumbList\",\"@id\":\"https:\/\/portalmf.com.br\/index.php\/2026\/05\/01\/feira-fc-intensifica-preparacao-para-estreia-no-baianao-serie-b-2026\/#breadcrumb\",\"itemListElement\":[{\"@type\":\"ListItem\",\"position\":1,\"name\":\"In\u00edcio\",\"item\":\"https:\/\/portalmf.com.br\/\"},{\"@type\":\"ListItem\",\"position\":2,\"name\":\"Feira FC intensifica prepara\u00e7\u00e3o para estreia no Baian\u00e3o S\u00e9rie B 2026\"}]},{\"@type\":\"WebSite\",\"@id\":\"https:\/\/portalmf.com.br\/#website\",\"url\":\"https:\/\/portalmf.com.br\/\",\"name\":\"Portal MF\",\"description\":\"Voc\u00ea conectado com a informa\u00e7\u00e3o\",\"potentialAction\":[{\"@type\":\"SearchAction\",\"target\":{\"@type\":\"EntryPoint\",\"urlTemplate\":\"https:\/\/portalmf.com.br\/?s={search_term_string}\"},\"query-input\":\"required name=search_term_string\"}],\"inLanguage\":\"pt-BR\"},{\"@type\":\"Person\",\"@id\":\"https:\/\/portalmf.com.br\/#\/schema\/person\/9ec101baf56233e53520c26de5d6f6f0\",\"name\":\"Reda\u00e7\u00e3o Portal MF\",\"image\":{\"@type\":\"ImageObject\",\"inLanguage\":\"pt-BR\",\"@id\":\"https:\/\/portalmf.com.br\/#\/schema\/person\/image\/\",\"url\":\"https:\/\/secure.gravatar.com\/avatar\/41b9aaeb2100835f7c64362330f74c7f?s=96&d=mm&r=g\",\"contentUrl\":\"https:\/\/secure.gravatar.com\/avatar\/41b9aaeb2100835f7c64362330f74c7f?s=96&d=mm&r=g\",\"caption\":\"Reda\u00e7\u00e3o Portal MF\"},\"description\":\"Sejam bem-vindos o portal de informa\u00e7\u00f5es de entretenimento de Feira de Santana, desde 2006 realiza coberturas dos principais eventos com entrevistas exclusivas com as principais personalidades mundiais. Fique conectado tamb\u00e9m nas redes sociais.\",\"sameAs\":[\"http:\/\/www.portalmf.com.br\/\",\"https:\/\/www.facebook.com\/portalmfoficial\",\"https:\/\/www.instagram.com\/portalmf\/\",\"https:\/\/x.com\/https:\/\/x.com\/portalmfoficial\",\"https:\/\/www.youtube.com\/@portalmfoficial\"],\"url\":\"https:\/\/portalmf.com.br\/index.php\/author\/junior\/\"}]}<\/script>\n<!-- \/ Yoast SEO plugin. -->","yoast_head_json":{"title":"Feira FC intensifica prepara\u00e7\u00e3o para estreia no Baian\u00e3o S\u00e9rie B 2026 - Portal MF","robots":{"index":"index","follow":"follow","max-snippet":"max-snippet:-1","max-image-preview":"max-image-preview:large","max-video-preview":"max-video-preview:-1"},"canonical":"https:\/\/portalmf.com.br\/index.php\/2026\/05\/01\/feira-fc-intensifica-preparacao-para-estreia-no-baianao-serie-b-2026\/","og_locale":"pt_BR","og_type":"article","og_title":"Feira FC intensifica prepara\u00e7\u00e3o para estreia no Baian\u00e3o S\u00e9rie B 2026 - Portal MF","og_description":"O Feira FC entra na reta final de prepara\u00e7\u00e3o para a estreia oficial na temporada. A semana \u00e9 tratada internamente como decisiva, com foco nos \u00faltimos ajustes t\u00e1ticos, f\u00edsicos e no alinhamento fino entre os setores da equipe. Ap\u00f3s um per\u00edodo consistente de pr\u00e9-temporada, o elenco chega aos dias que antecedem o primeiro jogo com [&hellip;]","og_url":"https:\/\/portalmf.com.br\/index.php\/2026\/05\/01\/feira-fc-intensifica-preparacao-para-estreia-no-baianao-serie-b-2026\/","og_site_name":"Portal MF","article_author":"https:\/\/www.facebook.com\/portalmfoficial","article_published_time":"2026-05-01T10:26:26+00:00","article_modified_time":"2026-05-01T10:26:27+00:00","og_image":[{"width":1200,"height":900,"url":"https:\/\/portalmf.com.br\/wp-content\/uploads\/2026\/05\/Feira-FC-intensifica-preparacao-para-estreia-no-Baianao-Serie-B-2026.jpg","type":"image\/jpeg"}],"author":"Reda\u00e7\u00e3o Portal MF","twitter_card":"summary_large_image","twitter_creator":"@https:\/\/x.com\/portalmfoficial","twitter_misc":{"Escrito por":"Reda\u00e7\u00e3o Portal MF","Est. tempo de leitura":"5 minutos"},"schema":{"@context":"https:\/\/schema.org","@graph":[{"@type":"WebPage","@id":"https:\/\/portalmf.com.br\/index.php\/2026\/05\/01\/feira-fc-intensifica-preparacao-para-estreia-no-baianao-serie-b-2026\/","url":"https:\/\/portalmf.com.br\/index.php\/2026\/05\/01\/feira-fc-intensifica-preparacao-para-estreia-no-baianao-serie-b-2026\/","name":"Feira FC intensifica prepara\u00e7\u00e3o para estreia no Baian\u00e3o S\u00e9rie B 2026 - Portal MF","isPartOf":{"@id":"https:\/\/portalmf.com.br\/#website"},"primaryImageOfPage":{"@id":"https:\/\/portalmf.com.br\/index.php\/2026\/05\/01\/feira-fc-intensifica-preparacao-para-estreia-no-baianao-serie-b-2026\/#primaryimage"},"image":{"@id":"https:\/\/portalmf.com.br\/index.php\/2026\/05\/01\/feira-fc-intensifica-preparacao-para-estreia-no-baianao-serie-b-2026\/#primaryimage"},"thumbnailUrl":"https:\/\/portalmf.com.br\/wp-content\/uploads\/2026\/05\/Feira-FC-intensifica-preparacao-para-estreia-no-Baianao-Serie-B-2026.jpg","datePublished":"2026-05-01T10:26:26+00:00","dateModified":"2026-05-01T10:26:27+00:00","author":{"@id":"https:\/\/portalmf.com.br\/#\/schema\/person\/9ec101baf56233e53520c26de5d6f6f0"},"breadcrumb":{"@id":"https:\/\/portalmf.com.br\/index.php\/2026\/05\/01\/feira-fc-intensifica-preparacao-para-estreia-no-baianao-serie-b-2026\/#breadcrumb"},"inLanguage":"pt-BR","potentialAction":[{"@type":"ReadAction","target":["https:\/\/portalmf.com.br\/index.php\/2026\/05\/01\/feira-fc-intensifica-preparacao-para-estreia-no-baianao-serie-b-2026\/"]}]},{"@type":"ImageObject","inLanguage":"pt-BR","@id":"https:\/\/portalmf.com.br\/index.php\/2026\/05\/01\/feira-fc-intensifica-preparacao-para-estreia-no-baianao-serie-b-2026\/#primaryimage","url":"https:\/\/portalmf.com.br\/wp-content\/uploads\/2026\/05\/Feira-FC-intensifica-preparacao-para-estreia-no-Baianao-Serie-B-2026.jpg","contentUrl":"https:\/\/portalmf.com.br\/wp-content\/uploads\/2026\/05\/Feira-FC-intensifica-preparacao-para-estreia-no-Baianao-Serie-B-2026.jpg","width":1200,"height":900},{"@type":"BreadcrumbList","@id":"https:\/\/portalmf.com.br\/index.php\/2026\/05\/01\/feira-fc-intensifica-preparacao-para-estreia-no-baianao-serie-b-2026\/#breadcrumb","itemListElement":[{"@type":"ListItem","position":1,"name":"In\u00edcio","item":"https:\/\/portalmf.com.br\/"},{"@type":"ListItem","position":2,"name":"Feira FC intensifica prepara\u00e7\u00e3o para estreia no Baian\u00e3o S\u00e9rie B 2026"}]},{"@type":"WebSite","@id":"https:\/\/portalmf.com.br\/#website","url":"https:\/\/portalmf.com.br\/","name":"Portal MF","description":"Voc\u00ea conectado com a informa\u00e7\u00e3o","potentialAction":[{"@type":"SearchAction","target":{"@type":"EntryPoint","urlTemplate":"https:\/\/portalmf.com.br\/?s={search_term_string}"},"query-input":"required name=search_term_string"}],"inLanguage":"pt-BR"},{"@type":"Person","@id":"https:\/\/portalmf.com.br\/#\/schema\/person\/9ec101baf56233e53520c26de5d6f6f0","name":"Reda\u00e7\u00e3o Portal MF","image":{"@type":"ImageObject","inLanguage":"pt-BR","@id":"https:\/\/portalmf.com.br\/#\/schema\/person\/image\/","url":"https:\/\/secure.gravatar.com\/avatar\/41b9aaeb2100835f7c64362330f74c7f?s=96&d=mm&r=g","contentUrl":"https:\/\/secure.gravatar.com\/avatar\/41b9aaeb2100835f7c64362330f74c7f?s=96&d=mm&r=g","caption":"Reda\u00e7\u00e3o Portal MF"},"description":"Sejam bem-vindos o portal de informa\u00e7\u00f5es de entretenimento de Feira de Santana, desde 2006 realiza coberturas dos principais eventos com entrevistas exclusivas com as principais personalidades mundiais. Fique conectado tamb\u00e9m nas redes sociais.","sameAs":["http:\/\/www.portalmf.com.br\/","https:\/\/www.facebook.com\/portalmfoficial","https:\/\/www.instagram.com\/portalmf\/","https:\/\/x.com\/https:\/\/x.com\/portalmfoficial","https:\/\/www.youtube.com\/@portalmfoficial"],"url":"https:\/\/portalmf.com.br\/index.php\/author\/junior\/"}]}},"_links":{"self":[{"href":"https:\/\/portalmf.com.br\/index.php\/wp-json\/wp\/v2\/posts\/43732"}],"collection":[{"href":"https:\/\/portalmf.com.br\/index.php\/wp-json\/wp\/v2\/posts"}],"about":[{"href":"https:\/\/portalmf.com.br\/index.php\/wp-json\/wp\/v2\/types\/post"}],"author":[{"embeddable":true,"href":"https:\/\/portalmf.com.br\/index.php\/wp-json\/wp\/v2\/users\/3"}],"replies":[{"embeddable":true,"href":"https:\/\/portalmf.com.br\/index.php\/wp-json\/wp\/v2\/comments?post=43732"}],"version-history":[{"count":1,"href":"https:\/\/portalmf.com.br\/index.php\/wp-json\/wp\/v2\/posts\/43732\/revisions"}],"predecessor-version":[{"id":43734,"href":"https:\/\/portalmf.com.br\/index.php\/wp-json\/wp\/v2\/posts\/43732\/revisions\/43734"}],"wp:featuredmedia":[{"embeddable":true,"href":"https:\/\/portalmf.com.br\/index.php\/wp-json\/wp\/v2\/media\/43733"}],"wp:attachment":[{"href":"https:\/\/portalmf.com.br\/index.php\/wp-json\/wp\/v2\/media?parent=43732"}],"wp:term":[{"taxonomy":"category","embeddable":true,"href":"https:\/\/portalmf.com.br\/index.php\/wp-json\/wp\/v2\/categories?post=43732"},{"taxonomy":"post_tag","embeddable":true,"href":"https:\/\/portalmf.com.br\/index.php\/wp-json\/wp\/v2\/tags?post=43732"}],"curies":[{"name":"wp","href":"https:\/\/api.w.org\/{rel}","templated":true}]}}