{"id":43725,"date":"2026-04-30T15:02:16","date_gmt":"2026-04-30T18:02:16","guid":{"rendered":"https:\/\/portalmf.com.br\/?p=43725"},"modified":"2026-04-30T15:02:17","modified_gmt":"2026-04-30T18:02:17","slug":"asa-filho-leva-o-show-apelos-cancoes-para-a-cidade-da-cultura","status":"publish","type":"post","link":"https:\/\/portalmf.com.br\/index.php\/2026\/04\/30\/asa-filho-leva-o-show-apelos-cancoes-para-a-cidade-da-cultura\/","title":{"rendered":"Asa Filho leva o show \u2018Apelos &#038; Can\u00e7\u00f5es\u2019 para a Cidade da Cultura"},"content":{"rendered":"\n<p>Depois de lotar o Teatro do Centro de Conven\u00e7\u00f5es de Feira de Santana, o cantor, compositor e Mestre de Cultura Popular Asa Filho volta a se apresentar com o show Apelos &amp; Can\u00e7\u00f5es neste s\u00e1bado, 2 de maio, \u00e0s 20h30, no espa\u00e7o anexo da Cidade da Cultura. Os ingressos custam R$20 e incluem um exemplar do livro hom\u00f4nimo, que pode ser autografado ao final da apresenta\u00e7\u00e3o.<\/p>\n\n\n\n<p>No show, que tem dire\u00e7\u00e3o musical de Nen\u00e9m do Acordeon e participa\u00e7\u00f5es de Cesc\u00e9 Amorim, Camila Pereira e Fabr\u00edcio Barreto, Asa Filho convida o p\u00fablico a embarcar em uma viagem musical, tomando lugar na garupa do tempo para revisitar a inf\u00e2ncia saudosa em Tiquaru\u00e7u, repensar o urbano e o rural, e celebrar a for\u00e7a da cultura popular que sustenta a identidade de Feira de Santana.<\/p>\n\n\n\n<p>Com dire\u00e7\u00e3o art\u00edstica de Jo\u00e3o Fran\u00e7a, atrav\u00e9s da Ag\u00eancia Mangal\u00f4, cen\u00e1rio assinado por Simone Rasslan e figurinos de Guilherme Almeida, o espet\u00e1culo re\u00fane can\u00e7\u00f5es autorais que entrela\u00e7am mem\u00f3rias individuais e coletivas, emo\u00e7\u00f5es e desafios que ajudam a traduzir o cotidiano do povo do sert\u00e3o da Bahia.<\/p>\n\n\n\n<h2 class=\"wp-block-heading\"><strong>SESS\u00c3O DE AUT\u00d3GRAFOS<\/strong><\/h2>\n\n\n\n<p>Ap\u00f3s o show, o p\u00fablico ser\u00e1 convidado para uma sess\u00e3o de aut\u00f3grafos da segunda edi\u00e7\u00e3o do livro &#8220;Apelos &amp; Can\u00e7\u00f5es&#8221;. A obra re\u00fane coment\u00e1rios sobre 20 can\u00e7\u00f5es compostas por Asa Filho e presta homenagens p\u00f3stumas a personalidades que marcaram sua trajet\u00f3ria, celebrando tamb\u00e9m os 45 anos de carreira do artista.<\/p>\n\n\n\n<p>O projeto Apelos &amp; Can\u00e7\u00f5es tem patroc\u00ednio do Caf\u00e9 2 de Julho, GMF Distribuidora e do Governo do Estado da Bahia, atrav\u00e9s do Fazcultura, Secretaria de Cultura e Secretaria da Fazenda. Apelos &amp; Can\u00e7\u00f5es conta tamb\u00e9m com apoio financeiro da Prefeitura de Feira de Santana, por meio da Secretaria Municipal de Cultura, Esporte e Lazer, via PRO-CULTURA\/ESPORTE, e patroc\u00ednio do Laborat\u00f3rio An\u00e1lise e da empresa S\u00e3o Jo\u00e3o.<\/p>\n","protected":false},"excerpt":{"rendered":"<p>Depois de lotar o Teatro do Centro de Conven\u00e7\u00f5es de Feira de Santana, o cantor, compositor e Mestre de Cultura Popular Asa Filho volta a se apresentar com o show Apelos &amp; Can\u00e7\u00f5es neste s\u00e1bado, 2 de maio, \u00e0s 20h30, no espa\u00e7o anexo da Cidade da Cultura. Os ingressos custam R$20 e incluem um exemplar [&hellip;]<\/p>\n","protected":false},"author":3,"featured_media":43726,"comment_status":"open","ping_status":"open","sticky":false,"template":"","format":"standard","meta":{"_monsterinsights_skip_tracking":false,"_monsterinsights_sitenote_active":false,"_monsterinsights_sitenote_note":"","_monsterinsights_sitenote_category":0,"footnotes":""},"categories":[45],"tags":[],"yoast_head":"<!-- This site is optimized with the Yoast SEO plugin v22.9 - https:\/\/yoast.com\/wordpress\/plugins\/seo\/ -->\n<title>Asa Filho leva o show \u2018Apelos &amp; Can\u00e7\u00f5es\u2019 para a Cidade da Cultura - Portal MF<\/title>\n<meta name=\"robots\" content=\"index, follow, max-snippet:-1, max-image-preview:large, max-video-preview:-1\" \/>\n<link rel=\"canonical\" href=\"https:\/\/portalmf.com.br\/index.php\/2026\/04\/30\/asa-filho-leva-o-show-apelos-cancoes-para-a-cidade-da-cultura\/\" \/>\n<meta property=\"og:locale\" content=\"pt_BR\" \/>\n<meta property=\"og:type\" content=\"article\" \/>\n<meta property=\"og:title\" content=\"Asa Filho leva o show \u2018Apelos &amp; Can\u00e7\u00f5es\u2019 para a Cidade da Cultura - Portal MF\" \/>\n<meta property=\"og:description\" content=\"Depois de lotar o Teatro do Centro de Conven\u00e7\u00f5es de Feira de Santana, o cantor, compositor e Mestre de Cultura Popular Asa Filho volta a se apresentar com o show Apelos &amp; Can\u00e7\u00f5es neste s\u00e1bado, 2 de maio, \u00e0s 20h30, no espa\u00e7o anexo da Cidade da Cultura. Os ingressos custam R$20 e incluem um exemplar [&hellip;]\" \/>\n<meta property=\"og:url\" content=\"https:\/\/portalmf.com.br\/index.php\/2026\/04\/30\/asa-filho-leva-o-show-apelos-cancoes-para-a-cidade-da-cultura\/\" \/>\n<meta property=\"og:site_name\" content=\"Portal MF\" \/>\n<meta property=\"article:author\" content=\"https:\/\/www.facebook.com\/portalmfoficial\" \/>\n<meta property=\"article:published_time\" content=\"2026-04-30T18:02:16+00:00\" \/>\n<meta property=\"article:modified_time\" content=\"2026-04-30T18:02:17+00:00\" \/>\n<meta property=\"og:image\" content=\"https:\/\/portalmf.com.br\/wp-content\/uploads\/2026\/04\/Asa-Filho.jpg\" \/>\n\t<meta property=\"og:image:width\" content=\"1600\" \/>\n\t<meta property=\"og:image:height\" content=\"1030\" \/>\n\t<meta property=\"og:image:type\" content=\"image\/jpeg\" \/>\n<meta name=\"author\" content=\"Reda\u00e7\u00e3o Portal MF\" \/>\n<meta name=\"twitter:card\" content=\"summary_large_image\" \/>\n<meta name=\"twitter:creator\" content=\"@https:\/\/x.com\/portalmfoficial\" \/>\n<meta name=\"twitter:label1\" content=\"Escrito por\" \/>\n\t<meta name=\"twitter:data1\" content=\"Reda\u00e7\u00e3o Portal MF\" \/>\n\t<meta name=\"twitter:label2\" content=\"Est. tempo de leitura\" \/>\n\t<meta name=\"twitter:data2\" content=\"2 minutos\" \/>\n<script type=\"application\/ld+json\" class=\"yoast-schema-graph\">{\"@context\":\"https:\/\/schema.org\",\"@graph\":[{\"@type\":\"WebPage\",\"@id\":\"https:\/\/portalmf.com.br\/index.php\/2026\/04\/30\/asa-filho-leva-o-show-apelos-cancoes-para-a-cidade-da-cultura\/\",\"url\":\"https:\/\/portalmf.com.br\/index.php\/2026\/04\/30\/asa-filho-leva-o-show-apelos-cancoes-para-a-cidade-da-cultura\/\",\"name\":\"Asa Filho leva o show \u2018Apelos & Can\u00e7\u00f5es\u2019 para a Cidade da Cultura - Portal MF\",\"isPartOf\":{\"@id\":\"https:\/\/portalmf.com.br\/#website\"},\"primaryImageOfPage\":{\"@id\":\"https:\/\/portalmf.com.br\/index.php\/2026\/04\/30\/asa-filho-leva-o-show-apelos-cancoes-para-a-cidade-da-cultura\/#primaryimage\"},\"image\":{\"@id\":\"https:\/\/portalmf.com.br\/index.php\/2026\/04\/30\/asa-filho-leva-o-show-apelos-cancoes-para-a-cidade-da-cultura\/#primaryimage\"},\"thumbnailUrl\":\"https:\/\/portalmf.com.br\/wp-content\/uploads\/2026\/04\/Asa-Filho.jpg\",\"datePublished\":\"2026-04-30T18:02:16+00:00\",\"dateModified\":\"2026-04-30T18:02:17+00:00\",\"author\":{\"@id\":\"https:\/\/portalmf.com.br\/#\/schema\/person\/9ec101baf56233e53520c26de5d6f6f0\"},\"breadcrumb\":{\"@id\":\"https:\/\/portalmf.com.br\/index.php\/2026\/04\/30\/asa-filho-leva-o-show-apelos-cancoes-para-a-cidade-da-cultura\/#breadcrumb\"},\"inLanguage\":\"pt-BR\",\"potentialAction\":[{\"@type\":\"ReadAction\",\"target\":[\"https:\/\/portalmf.com.br\/index.php\/2026\/04\/30\/asa-filho-leva-o-show-apelos-cancoes-para-a-cidade-da-cultura\/\"]}]},{\"@type\":\"ImageObject\",\"inLanguage\":\"pt-BR\",\"@id\":\"https:\/\/portalmf.com.br\/index.php\/2026\/04\/30\/asa-filho-leva-o-show-apelos-cancoes-para-a-cidade-da-cultura\/#primaryimage\",\"url\":\"https:\/\/portalmf.com.br\/wp-content\/uploads\/2026\/04\/Asa-Filho.jpg\",\"contentUrl\":\"https:\/\/portalmf.com.br\/wp-content\/uploads\/2026\/04\/Asa-Filho.jpg\",\"width\":1600,\"height\":1030},{\"@type\":\"BreadcrumbList\",\"@id\":\"https:\/\/portalmf.com.br\/index.php\/2026\/04\/30\/asa-filho-leva-o-show-apelos-cancoes-para-a-cidade-da-cultura\/#breadcrumb\",\"itemListElement\":[{\"@type\":\"ListItem\",\"position\":1,\"name\":\"In\u00edcio\",\"item\":\"https:\/\/portalmf.com.br\/\"},{\"@type\":\"ListItem\",\"position\":2,\"name\":\"Asa Filho leva o show \u2018Apelos &#038; Can\u00e7\u00f5es\u2019 para a Cidade da Cultura\"}]},{\"@type\":\"WebSite\",\"@id\":\"https:\/\/portalmf.com.br\/#website\",\"url\":\"https:\/\/portalmf.com.br\/\",\"name\":\"Portal MF\",\"description\":\"Voc\u00ea conectado com a informa\u00e7\u00e3o\",\"potentialAction\":[{\"@type\":\"SearchAction\",\"target\":{\"@type\":\"EntryPoint\",\"urlTemplate\":\"https:\/\/portalmf.com.br\/?s={search_term_string}\"},\"query-input\":\"required name=search_term_string\"}],\"inLanguage\":\"pt-BR\"},{\"@type\":\"Person\",\"@id\":\"https:\/\/portalmf.com.br\/#\/schema\/person\/9ec101baf56233e53520c26de5d6f6f0\",\"name\":\"Reda\u00e7\u00e3o Portal MF\",\"image\":{\"@type\":\"ImageObject\",\"inLanguage\":\"pt-BR\",\"@id\":\"https:\/\/portalmf.com.br\/#\/schema\/person\/image\/\",\"url\":\"https:\/\/secure.gravatar.com\/avatar\/41b9aaeb2100835f7c64362330f74c7f?s=96&d=mm&r=g\",\"contentUrl\":\"https:\/\/secure.gravatar.com\/avatar\/41b9aaeb2100835f7c64362330f74c7f?s=96&d=mm&r=g\",\"caption\":\"Reda\u00e7\u00e3o Portal MF\"},\"description\":\"Sejam bem-vindos o portal de informa\u00e7\u00f5es de entretenimento de Feira de Santana, desde 2006 realiza coberturas dos principais eventos com entrevistas exclusivas com as principais personalidades mundiais. Fique conectado tamb\u00e9m nas redes sociais.\",\"sameAs\":[\"http:\/\/www.portalmf.com.br\/\",\"https:\/\/www.facebook.com\/portalmfoficial\",\"https:\/\/www.instagram.com\/portalmf\/\",\"https:\/\/x.com\/https:\/\/x.com\/portalmfoficial\",\"https:\/\/www.youtube.com\/@portalmfoficial\"],\"url\":\"https:\/\/portalmf.com.br\/index.php\/author\/junior\/\"}]}<\/script>\n<!-- \/ Yoast SEO plugin. -->","yoast_head_json":{"title":"Asa Filho leva o show \u2018Apelos & Can\u00e7\u00f5es\u2019 para a Cidade da Cultura - Portal MF","robots":{"index":"index","follow":"follow","max-snippet":"max-snippet:-1","max-image-preview":"max-image-preview:large","max-video-preview":"max-video-preview:-1"},"canonical":"https:\/\/portalmf.com.br\/index.php\/2026\/04\/30\/asa-filho-leva-o-show-apelos-cancoes-para-a-cidade-da-cultura\/","og_locale":"pt_BR","og_type":"article","og_title":"Asa Filho leva o show \u2018Apelos & Can\u00e7\u00f5es\u2019 para a Cidade da Cultura - Portal MF","og_description":"Depois de lotar o Teatro do Centro de Conven\u00e7\u00f5es de Feira de Santana, o cantor, compositor e Mestre de Cultura Popular Asa Filho volta a se apresentar com o show Apelos &amp; Can\u00e7\u00f5es neste s\u00e1bado, 2 de maio, \u00e0s 20h30, no espa\u00e7o anexo da Cidade da Cultura. Os ingressos custam R$20 e incluem um exemplar [&hellip;]","og_url":"https:\/\/portalmf.com.br\/index.php\/2026\/04\/30\/asa-filho-leva-o-show-apelos-cancoes-para-a-cidade-da-cultura\/","og_site_name":"Portal MF","article_author":"https:\/\/www.facebook.com\/portalmfoficial","article_published_time":"2026-04-30T18:02:16+00:00","article_modified_time":"2026-04-30T18:02:17+00:00","og_image":[{"width":1600,"height":1030,"url":"https:\/\/portalmf.com.br\/wp-content\/uploads\/2026\/04\/Asa-Filho.jpg","type":"image\/jpeg"}],"author":"Reda\u00e7\u00e3o Portal MF","twitter_card":"summary_large_image","twitter_creator":"@https:\/\/x.com\/portalmfoficial","twitter_misc":{"Escrito por":"Reda\u00e7\u00e3o Portal MF","Est. tempo de leitura":"2 minutos"},"schema":{"@context":"https:\/\/schema.org","@graph":[{"@type":"WebPage","@id":"https:\/\/portalmf.com.br\/index.php\/2026\/04\/30\/asa-filho-leva-o-show-apelos-cancoes-para-a-cidade-da-cultura\/","url":"https:\/\/portalmf.com.br\/index.php\/2026\/04\/30\/asa-filho-leva-o-show-apelos-cancoes-para-a-cidade-da-cultura\/","name":"Asa Filho leva o show \u2018Apelos & Can\u00e7\u00f5es\u2019 para a Cidade da Cultura - Portal MF","isPartOf":{"@id":"https:\/\/portalmf.com.br\/#website"},"primaryImageOfPage":{"@id":"https:\/\/portalmf.com.br\/index.php\/2026\/04\/30\/asa-filho-leva-o-show-apelos-cancoes-para-a-cidade-da-cultura\/#primaryimage"},"image":{"@id":"https:\/\/portalmf.com.br\/index.php\/2026\/04\/30\/asa-filho-leva-o-show-apelos-cancoes-para-a-cidade-da-cultura\/#primaryimage"},"thumbnailUrl":"https:\/\/portalmf.com.br\/wp-content\/uploads\/2026\/04\/Asa-Filho.jpg","datePublished":"2026-04-30T18:02:16+00:00","dateModified":"2026-04-30T18:02:17+00:00","author":{"@id":"https:\/\/portalmf.com.br\/#\/schema\/person\/9ec101baf56233e53520c26de5d6f6f0"},"breadcrumb":{"@id":"https:\/\/portalmf.com.br\/index.php\/2026\/04\/30\/asa-filho-leva-o-show-apelos-cancoes-para-a-cidade-da-cultura\/#breadcrumb"},"inLanguage":"pt-BR","potentialAction":[{"@type":"ReadAction","target":["https:\/\/portalmf.com.br\/index.php\/2026\/04\/30\/asa-filho-leva-o-show-apelos-cancoes-para-a-cidade-da-cultura\/"]}]},{"@type":"ImageObject","inLanguage":"pt-BR","@id":"https:\/\/portalmf.com.br\/index.php\/2026\/04\/30\/asa-filho-leva-o-show-apelos-cancoes-para-a-cidade-da-cultura\/#primaryimage","url":"https:\/\/portalmf.com.br\/wp-content\/uploads\/2026\/04\/Asa-Filho.jpg","contentUrl":"https:\/\/portalmf.com.br\/wp-content\/uploads\/2026\/04\/Asa-Filho.jpg","width":1600,"height":1030},{"@type":"BreadcrumbList","@id":"https:\/\/portalmf.com.br\/index.php\/2026\/04\/30\/asa-filho-leva-o-show-apelos-cancoes-para-a-cidade-da-cultura\/#breadcrumb","itemListElement":[{"@type":"ListItem","position":1,"name":"In\u00edcio","item":"https:\/\/portalmf.com.br\/"},{"@type":"ListItem","position":2,"name":"Asa Filho leva o show \u2018Apelos &#038; Can\u00e7\u00f5es\u2019 para a Cidade da Cultura"}]},{"@type":"WebSite","@id":"https:\/\/portalmf.com.br\/#website","url":"https:\/\/portalmf.com.br\/","name":"Portal MF","description":"Voc\u00ea conectado com a informa\u00e7\u00e3o","potentialAction":[{"@type":"SearchAction","target":{"@type":"EntryPoint","urlTemplate":"https:\/\/portalmf.com.br\/?s={search_term_string}"},"query-input":"required name=search_term_string"}],"inLanguage":"pt-BR"},{"@type":"Person","@id":"https:\/\/portalmf.com.br\/#\/schema\/person\/9ec101baf56233e53520c26de5d6f6f0","name":"Reda\u00e7\u00e3o Portal MF","image":{"@type":"ImageObject","inLanguage":"pt-BR","@id":"https:\/\/portalmf.com.br\/#\/schema\/person\/image\/","url":"https:\/\/secure.gravatar.com\/avatar\/41b9aaeb2100835f7c64362330f74c7f?s=96&d=mm&r=g","contentUrl":"https:\/\/secure.gravatar.com\/avatar\/41b9aaeb2100835f7c64362330f74c7f?s=96&d=mm&r=g","caption":"Reda\u00e7\u00e3o Portal MF"},"description":"Sejam bem-vindos o portal de informa\u00e7\u00f5es de entretenimento de Feira de Santana, desde 2006 realiza coberturas dos principais eventos com entrevistas exclusivas com as principais personalidades mundiais. Fique conectado tamb\u00e9m nas redes sociais.","sameAs":["http:\/\/www.portalmf.com.br\/","https:\/\/www.facebook.com\/portalmfoficial","https:\/\/www.instagram.com\/portalmf\/","https:\/\/x.com\/https:\/\/x.com\/portalmfoficial","https:\/\/www.youtube.com\/@portalmfoficial"],"url":"https:\/\/portalmf.com.br\/index.php\/author\/junior\/"}]}},"_links":{"self":[{"href":"https:\/\/portalmf.com.br\/index.php\/wp-json\/wp\/v2\/posts\/43725"}],"collection":[{"href":"https:\/\/portalmf.com.br\/index.php\/wp-json\/wp\/v2\/posts"}],"about":[{"href":"https:\/\/portalmf.com.br\/index.php\/wp-json\/wp\/v2\/types\/post"}],"author":[{"embeddable":true,"href":"https:\/\/portalmf.com.br\/index.php\/wp-json\/wp\/v2\/users\/3"}],"replies":[{"embeddable":true,"href":"https:\/\/portalmf.com.br\/index.php\/wp-json\/wp\/v2\/comments?post=43725"}],"version-history":[{"count":1,"href":"https:\/\/portalmf.com.br\/index.php\/wp-json\/wp\/v2\/posts\/43725\/revisions"}],"predecessor-version":[{"id":43727,"href":"https:\/\/portalmf.com.br\/index.php\/wp-json\/wp\/v2\/posts\/43725\/revisions\/43727"}],"wp:featuredmedia":[{"embeddable":true,"href":"https:\/\/portalmf.com.br\/index.php\/wp-json\/wp\/v2\/media\/43726"}],"wp:attachment":[{"href":"https:\/\/portalmf.com.br\/index.php\/wp-json\/wp\/v2\/media?parent=43725"}],"wp:term":[{"taxonomy":"category","embeddable":true,"href":"https:\/\/portalmf.com.br\/index.php\/wp-json\/wp\/v2\/categories?post=43725"},{"taxonomy":"post_tag","embeddable":true,"href":"https:\/\/portalmf.com.br\/index.php\/wp-json\/wp\/v2\/tags?post=43725"}],"curies":[{"name":"wp","href":"https:\/\/api.w.org\/{rel}","templated":true}]}}