{"id":43721,"date":"2026-04-30T06:55:50","date_gmt":"2026-04-30T09:55:50","guid":{"rendered":"https:\/\/portalmf.com.br\/?p=43721"},"modified":"2026-04-30T06:55:51","modified_gmt":"2026-04-30T09:55:51","slug":"mostra-de-videos-do-curso-de-comunicacao-social-da-uneb-chega-a-5a-edicao","status":"publish","type":"post","link":"https:\/\/portalmf.com.br\/index.php\/2026\/04\/30\/mostra-de-videos-do-curso-de-comunicacao-social-da-uneb-chega-a-5a-edicao\/","title":{"rendered":"Mostra de v\u00eddeos do curso de Comunica\u00e7\u00e3o Social da UNEB chega \u00e0 5\u00aa edi\u00e7\u00e3o"},"content":{"rendered":"\n<p>O curso de Comunica\u00e7\u00e3o Social (R\u00e1dio e TV) da Universidade do Estado da Bahia (UNEB) realiza no Campus XIV, em Concei\u00e7\u00e3o do Coit\u00e9 (BA), de 26 a 28 de maio de 2026, a V MovieCom, mostra de v\u00eddeos que tem como objetivo dar visibilidade \u00e0s produ\u00e7\u00f5es audiovisuais do Territ\u00f3rio do Sisal.<\/p>\n\n\n\n<p>A MovieCOM se consolida como um projeto de extens\u00e3o que impulsiona e amplia a visibilidade de novos talentos e se configura como um dos principais espa\u00e7os de valoriza\u00e7\u00e3o audiovisual da regi\u00e3o. Com oficinas, debates e exibi\u00e7\u00f5es, o evento facilita o acesso \u00e0 linguagem audiovisual e estimula a forma\u00e7\u00e3o de novos profissionais da \u00e1rea.<\/p>\n\n\n\n<p>O evento acontece a cada dois anos, reunindo estudantes, realizadores, professores e toda a comunidade em uma intensa troca de saberes e experi\u00eancias. A edi\u00e7\u00e3o deste ano ir\u00e1 nos levar a um mergulho nas hist\u00f3rias locais, que destacam a cultura da regi\u00e3o sisaleira.<\/p>\n\n\n\n<p>A abertura, no dia 26\/5, traz a exibi\u00e7\u00e3o de filmes convidados e uma mesa de debates sobre territ\u00f3rio e produ\u00e7\u00e3o audiovisual, com nomes atuantes no cen\u00e1rio criativo. Nos dias 27 e 28\/5, o p\u00fablico poder\u00e1 participar de oficinas formativas gratuitas, abordando temas como produ\u00e7\u00e3o audiovisual independente, fotografia, document\u00e1rio com <em>smartphones<\/em>, distribui\u00e7\u00e3o de curtas-metragens e uso de intelig\u00eancia artificial no audiovisual. A programa\u00e7\u00e3o tamb\u00e9m inclui o lan\u00e7amento da exposi\u00e7\u00e3o \u201cTecnologias da Imagem\u201d, destacando equipamentos que contam a hist\u00f3ria do \u201cfazer audiovisual\u201d.<\/p>\n\n\n\n<p>Um dos momentos mais aguardados \u00e9 a Mostra Retrospectiva, que celebra os 20 anos do curso de Comunica\u00e7\u00e3o Social da UNEB, em Concei\u00e7\u00e3o do Coit\u00e9, reunindo produ\u00e7\u00f5es marcantes feitas por estudantes do curso ao longo dessa trajet\u00f3ria. Tamb\u00e9m comemorando os 20 anos do curso, haver\u00e1 uma instala\u00e7\u00e3o art\u00edstica com exibi\u00e7\u00e3o de fotografias projetadas.<\/p>\n\n\n\n<p>Desde a edi\u00e7\u00e3o de 2024, a MovieCOM fortalece o di\u00e1logo com as escolas locais com a realiza\u00e7\u00e3o da Mostra da Educa\u00e7\u00e3o B\u00e1sica, que exibe e premia, na tarde do dia 28\/5, produ\u00e7\u00f5es de estudantes da rede p\u00fablica de Concei\u00e7\u00e3o do Coit\u00e9 e regi\u00e3o, selecionadas pela curadoria do evento. No encerramento, a Mostra Universit\u00e1ria apresenta os curtas-metragens de estudantes universit\u00e1rios da UNEB, que ter\u00e3o a oportunidade de exibir seus trabalhos a um grande p\u00fablico. Selecionados por categorias, os filmes ser\u00e3o eleitos pela plateia.<\/p>\n\n\n\n<p>\u201cA MovieCOM tem se consolidado como espa\u00e7o de forma\u00e7\u00e3o, experimenta\u00e7\u00e3o e incentivo \u00e0 produ\u00e7\u00e3o audiovisual independente na regi\u00e3o sisaleira e reafirma o compromisso da UNEB com o desenvolvimento cultural e social, incentivando a produ\u00e7\u00e3o audiovisual e a circula\u00e7\u00e3o de conte\u00fados visuais\u201d, destaca a coordenadora do evento, a professora da \u00e1rea de Imagem do curso, Carolina Ruiz.<\/p>\n\n\n\n<p>As inscri\u00e7\u00f5es de v\u00eddeos para as mostras foram prorrogadas at\u00e9 o dia 04 de maio, segunda-feira, e as inscri\u00e7\u00f5es para assistir ao evento e participar das oficinas ter\u00e3o in\u00edcio no dia 11\/05. Interessados em participar podem obter mais informa\u00e7\u00f5es por meio do perfil oficial do evento no Instagram, @moviecomuneb, onde est\u00e3o dispon\u00edveis detalhes sobre as inscri\u00e7\u00f5es e a programa\u00e7\u00e3o.<\/p>\n","protected":false},"excerpt":{"rendered":"<p>O curso de Comunica\u00e7\u00e3o Social (R\u00e1dio e TV) da Universidade do Estado da Bahia (UNEB) realiza no Campus XIV, em Concei\u00e7\u00e3o do Coit\u00e9 (BA), de 26 a 28 de maio de 2026, a V MovieCom, mostra de v\u00eddeos que tem como objetivo dar visibilidade \u00e0s produ\u00e7\u00f5es audiovisuais do Territ\u00f3rio do Sisal. A MovieCOM se consolida [&hellip;]<\/p>\n","protected":false},"author":3,"featured_media":43722,"comment_status":"open","ping_status":"open","sticky":false,"template":"","format":"standard","meta":{"_monsterinsights_skip_tracking":false,"_monsterinsights_sitenote_active":false,"_monsterinsights_sitenote_note":"","_monsterinsights_sitenote_category":0,"footnotes":""},"categories":[38],"tags":[],"yoast_head":"<!-- This site is optimized with the Yoast SEO plugin v22.9 - https:\/\/yoast.com\/wordpress\/plugins\/seo\/ -->\n<title>Mostra de v\u00eddeos do curso de Comunica\u00e7\u00e3o Social da UNEB chega \u00e0 5\u00aa edi\u00e7\u00e3o - Portal MF<\/title>\n<meta name=\"robots\" content=\"index, follow, max-snippet:-1, max-image-preview:large, max-video-preview:-1\" \/>\n<link rel=\"canonical\" href=\"https:\/\/portalmf.com.br\/index.php\/2026\/04\/30\/mostra-de-videos-do-curso-de-comunicacao-social-da-uneb-chega-a-5a-edicao\/\" \/>\n<meta property=\"og:locale\" content=\"pt_BR\" \/>\n<meta property=\"og:type\" content=\"article\" \/>\n<meta property=\"og:title\" content=\"Mostra de v\u00eddeos do curso de Comunica\u00e7\u00e3o Social da UNEB chega \u00e0 5\u00aa edi\u00e7\u00e3o - Portal MF\" \/>\n<meta property=\"og:description\" content=\"O curso de Comunica\u00e7\u00e3o Social (R\u00e1dio e TV) da Universidade do Estado da Bahia (UNEB) realiza no Campus XIV, em Concei\u00e7\u00e3o do Coit\u00e9 (BA), de 26 a 28 de maio de 2026, a V MovieCom, mostra de v\u00eddeos que tem como objetivo dar visibilidade \u00e0s produ\u00e7\u00f5es audiovisuais do Territ\u00f3rio do Sisal. A MovieCOM se consolida [&hellip;]\" \/>\n<meta property=\"og:url\" content=\"https:\/\/portalmf.com.br\/index.php\/2026\/04\/30\/mostra-de-videos-do-curso-de-comunicacao-social-da-uneb-chega-a-5a-edicao\/\" \/>\n<meta property=\"og:site_name\" content=\"Portal MF\" \/>\n<meta property=\"article:author\" content=\"https:\/\/www.facebook.com\/portalmfoficial\" \/>\n<meta property=\"article:published_time\" content=\"2026-04-30T09:55:50+00:00\" \/>\n<meta property=\"article:modified_time\" content=\"2026-04-30T09:55:51+00:00\" \/>\n<meta property=\"og:image\" content=\"https:\/\/portalmf.com.br\/wp-content\/uploads\/2026\/04\/Mostra-de-videos-do-curso-de-Comunicacao-Social-da-UNEB-chega-a-5a-edicao.jpg\" \/>\n\t<meta property=\"og:image:width\" content=\"1280\" \/>\n\t<meta property=\"og:image:height\" content=\"852\" \/>\n\t<meta property=\"og:image:type\" content=\"image\/jpeg\" \/>\n<meta name=\"author\" content=\"Reda\u00e7\u00e3o Portal MF\" \/>\n<meta name=\"twitter:card\" content=\"summary_large_image\" \/>\n<meta name=\"twitter:creator\" content=\"@https:\/\/x.com\/portalmfoficial\" \/>\n<meta name=\"twitter:label1\" content=\"Escrito por\" \/>\n\t<meta name=\"twitter:data1\" content=\"Reda\u00e7\u00e3o Portal MF\" \/>\n\t<meta name=\"twitter:label2\" content=\"Est. tempo de leitura\" \/>\n\t<meta name=\"twitter:data2\" content=\"3 minutos\" \/>\n<script type=\"application\/ld+json\" class=\"yoast-schema-graph\">{\"@context\":\"https:\/\/schema.org\",\"@graph\":[{\"@type\":\"WebPage\",\"@id\":\"https:\/\/portalmf.com.br\/index.php\/2026\/04\/30\/mostra-de-videos-do-curso-de-comunicacao-social-da-uneb-chega-a-5a-edicao\/\",\"url\":\"https:\/\/portalmf.com.br\/index.php\/2026\/04\/30\/mostra-de-videos-do-curso-de-comunicacao-social-da-uneb-chega-a-5a-edicao\/\",\"name\":\"Mostra de v\u00eddeos do curso de Comunica\u00e7\u00e3o Social da UNEB chega \u00e0 5\u00aa edi\u00e7\u00e3o - Portal MF\",\"isPartOf\":{\"@id\":\"https:\/\/portalmf.com.br\/#website\"},\"primaryImageOfPage\":{\"@id\":\"https:\/\/portalmf.com.br\/index.php\/2026\/04\/30\/mostra-de-videos-do-curso-de-comunicacao-social-da-uneb-chega-a-5a-edicao\/#primaryimage\"},\"image\":{\"@id\":\"https:\/\/portalmf.com.br\/index.php\/2026\/04\/30\/mostra-de-videos-do-curso-de-comunicacao-social-da-uneb-chega-a-5a-edicao\/#primaryimage\"},\"thumbnailUrl\":\"https:\/\/portalmf.com.br\/wp-content\/uploads\/2026\/04\/Mostra-de-videos-do-curso-de-Comunicacao-Social-da-UNEB-chega-a-5a-edicao.jpg\",\"datePublished\":\"2026-04-30T09:55:50+00:00\",\"dateModified\":\"2026-04-30T09:55:51+00:00\",\"author\":{\"@id\":\"https:\/\/portalmf.com.br\/#\/schema\/person\/9ec101baf56233e53520c26de5d6f6f0\"},\"breadcrumb\":{\"@id\":\"https:\/\/portalmf.com.br\/index.php\/2026\/04\/30\/mostra-de-videos-do-curso-de-comunicacao-social-da-uneb-chega-a-5a-edicao\/#breadcrumb\"},\"inLanguage\":\"pt-BR\",\"potentialAction\":[{\"@type\":\"ReadAction\",\"target\":[\"https:\/\/portalmf.com.br\/index.php\/2026\/04\/30\/mostra-de-videos-do-curso-de-comunicacao-social-da-uneb-chega-a-5a-edicao\/\"]}]},{\"@type\":\"ImageObject\",\"inLanguage\":\"pt-BR\",\"@id\":\"https:\/\/portalmf.com.br\/index.php\/2026\/04\/30\/mostra-de-videos-do-curso-de-comunicacao-social-da-uneb-chega-a-5a-edicao\/#primaryimage\",\"url\":\"https:\/\/portalmf.com.br\/wp-content\/uploads\/2026\/04\/Mostra-de-videos-do-curso-de-Comunicacao-Social-da-UNEB-chega-a-5a-edicao.jpg\",\"contentUrl\":\"https:\/\/portalmf.com.br\/wp-content\/uploads\/2026\/04\/Mostra-de-videos-do-curso-de-Comunicacao-Social-da-UNEB-chega-a-5a-edicao.jpg\",\"width\":1280,\"height\":852},{\"@type\":\"BreadcrumbList\",\"@id\":\"https:\/\/portalmf.com.br\/index.php\/2026\/04\/30\/mostra-de-videos-do-curso-de-comunicacao-social-da-uneb-chega-a-5a-edicao\/#breadcrumb\",\"itemListElement\":[{\"@type\":\"ListItem\",\"position\":1,\"name\":\"In\u00edcio\",\"item\":\"https:\/\/portalmf.com.br\/\"},{\"@type\":\"ListItem\",\"position\":2,\"name\":\"Mostra de v\u00eddeos do curso de Comunica\u00e7\u00e3o Social da UNEB chega \u00e0 5\u00aa edi\u00e7\u00e3o\"}]},{\"@type\":\"WebSite\",\"@id\":\"https:\/\/portalmf.com.br\/#website\",\"url\":\"https:\/\/portalmf.com.br\/\",\"name\":\"Portal MF\",\"description\":\"Voc\u00ea conectado com a informa\u00e7\u00e3o\",\"potentialAction\":[{\"@type\":\"SearchAction\",\"target\":{\"@type\":\"EntryPoint\",\"urlTemplate\":\"https:\/\/portalmf.com.br\/?s={search_term_string}\"},\"query-input\":\"required name=search_term_string\"}],\"inLanguage\":\"pt-BR\"},{\"@type\":\"Person\",\"@id\":\"https:\/\/portalmf.com.br\/#\/schema\/person\/9ec101baf56233e53520c26de5d6f6f0\",\"name\":\"Reda\u00e7\u00e3o Portal MF\",\"image\":{\"@type\":\"ImageObject\",\"inLanguage\":\"pt-BR\",\"@id\":\"https:\/\/portalmf.com.br\/#\/schema\/person\/image\/\",\"url\":\"https:\/\/secure.gravatar.com\/avatar\/41b9aaeb2100835f7c64362330f74c7f?s=96&d=mm&r=g\",\"contentUrl\":\"https:\/\/secure.gravatar.com\/avatar\/41b9aaeb2100835f7c64362330f74c7f?s=96&d=mm&r=g\",\"caption\":\"Reda\u00e7\u00e3o Portal MF\"},\"description\":\"Sejam bem-vindos o portal de informa\u00e7\u00f5es de entretenimento de Feira de Santana, desde 2006 realiza coberturas dos principais eventos com entrevistas exclusivas com as principais personalidades mundiais. Fique conectado tamb\u00e9m nas redes sociais.\",\"sameAs\":[\"http:\/\/www.portalmf.com.br\/\",\"https:\/\/www.facebook.com\/portalmfoficial\",\"https:\/\/www.instagram.com\/portalmf\/\",\"https:\/\/x.com\/https:\/\/x.com\/portalmfoficial\",\"https:\/\/www.youtube.com\/@portalmfoficial\"],\"url\":\"https:\/\/portalmf.com.br\/index.php\/author\/junior\/\"}]}<\/script>\n<!-- \/ Yoast SEO plugin. -->","yoast_head_json":{"title":"Mostra de v\u00eddeos do curso de Comunica\u00e7\u00e3o Social da UNEB chega \u00e0 5\u00aa edi\u00e7\u00e3o - Portal MF","robots":{"index":"index","follow":"follow","max-snippet":"max-snippet:-1","max-image-preview":"max-image-preview:large","max-video-preview":"max-video-preview:-1"},"canonical":"https:\/\/portalmf.com.br\/index.php\/2026\/04\/30\/mostra-de-videos-do-curso-de-comunicacao-social-da-uneb-chega-a-5a-edicao\/","og_locale":"pt_BR","og_type":"article","og_title":"Mostra de v\u00eddeos do curso de Comunica\u00e7\u00e3o Social da UNEB chega \u00e0 5\u00aa edi\u00e7\u00e3o - Portal MF","og_description":"O curso de Comunica\u00e7\u00e3o Social (R\u00e1dio e TV) da Universidade do Estado da Bahia (UNEB) realiza no Campus XIV, em Concei\u00e7\u00e3o do Coit\u00e9 (BA), de 26 a 28 de maio de 2026, a V MovieCom, mostra de v\u00eddeos que tem como objetivo dar visibilidade \u00e0s produ\u00e7\u00f5es audiovisuais do Territ\u00f3rio do Sisal. A MovieCOM se consolida [&hellip;]","og_url":"https:\/\/portalmf.com.br\/index.php\/2026\/04\/30\/mostra-de-videos-do-curso-de-comunicacao-social-da-uneb-chega-a-5a-edicao\/","og_site_name":"Portal MF","article_author":"https:\/\/www.facebook.com\/portalmfoficial","article_published_time":"2026-04-30T09:55:50+00:00","article_modified_time":"2026-04-30T09:55:51+00:00","og_image":[{"width":1280,"height":852,"url":"https:\/\/portalmf.com.br\/wp-content\/uploads\/2026\/04\/Mostra-de-videos-do-curso-de-Comunicacao-Social-da-UNEB-chega-a-5a-edicao.jpg","type":"image\/jpeg"}],"author":"Reda\u00e7\u00e3o Portal MF","twitter_card":"summary_large_image","twitter_creator":"@https:\/\/x.com\/portalmfoficial","twitter_misc":{"Escrito por":"Reda\u00e7\u00e3o Portal MF","Est. tempo de leitura":"3 minutos"},"schema":{"@context":"https:\/\/schema.org","@graph":[{"@type":"WebPage","@id":"https:\/\/portalmf.com.br\/index.php\/2026\/04\/30\/mostra-de-videos-do-curso-de-comunicacao-social-da-uneb-chega-a-5a-edicao\/","url":"https:\/\/portalmf.com.br\/index.php\/2026\/04\/30\/mostra-de-videos-do-curso-de-comunicacao-social-da-uneb-chega-a-5a-edicao\/","name":"Mostra de v\u00eddeos do curso de Comunica\u00e7\u00e3o Social da UNEB chega \u00e0 5\u00aa edi\u00e7\u00e3o - Portal MF","isPartOf":{"@id":"https:\/\/portalmf.com.br\/#website"},"primaryImageOfPage":{"@id":"https:\/\/portalmf.com.br\/index.php\/2026\/04\/30\/mostra-de-videos-do-curso-de-comunicacao-social-da-uneb-chega-a-5a-edicao\/#primaryimage"},"image":{"@id":"https:\/\/portalmf.com.br\/index.php\/2026\/04\/30\/mostra-de-videos-do-curso-de-comunicacao-social-da-uneb-chega-a-5a-edicao\/#primaryimage"},"thumbnailUrl":"https:\/\/portalmf.com.br\/wp-content\/uploads\/2026\/04\/Mostra-de-videos-do-curso-de-Comunicacao-Social-da-UNEB-chega-a-5a-edicao.jpg","datePublished":"2026-04-30T09:55:50+00:00","dateModified":"2026-04-30T09:55:51+00:00","author":{"@id":"https:\/\/portalmf.com.br\/#\/schema\/person\/9ec101baf56233e53520c26de5d6f6f0"},"breadcrumb":{"@id":"https:\/\/portalmf.com.br\/index.php\/2026\/04\/30\/mostra-de-videos-do-curso-de-comunicacao-social-da-uneb-chega-a-5a-edicao\/#breadcrumb"},"inLanguage":"pt-BR","potentialAction":[{"@type":"ReadAction","target":["https:\/\/portalmf.com.br\/index.php\/2026\/04\/30\/mostra-de-videos-do-curso-de-comunicacao-social-da-uneb-chega-a-5a-edicao\/"]}]},{"@type":"ImageObject","inLanguage":"pt-BR","@id":"https:\/\/portalmf.com.br\/index.php\/2026\/04\/30\/mostra-de-videos-do-curso-de-comunicacao-social-da-uneb-chega-a-5a-edicao\/#primaryimage","url":"https:\/\/portalmf.com.br\/wp-content\/uploads\/2026\/04\/Mostra-de-videos-do-curso-de-Comunicacao-Social-da-UNEB-chega-a-5a-edicao.jpg","contentUrl":"https:\/\/portalmf.com.br\/wp-content\/uploads\/2026\/04\/Mostra-de-videos-do-curso-de-Comunicacao-Social-da-UNEB-chega-a-5a-edicao.jpg","width":1280,"height":852},{"@type":"BreadcrumbList","@id":"https:\/\/portalmf.com.br\/index.php\/2026\/04\/30\/mostra-de-videos-do-curso-de-comunicacao-social-da-uneb-chega-a-5a-edicao\/#breadcrumb","itemListElement":[{"@type":"ListItem","position":1,"name":"In\u00edcio","item":"https:\/\/portalmf.com.br\/"},{"@type":"ListItem","position":2,"name":"Mostra de v\u00eddeos do curso de Comunica\u00e7\u00e3o Social da UNEB chega \u00e0 5\u00aa edi\u00e7\u00e3o"}]},{"@type":"WebSite","@id":"https:\/\/portalmf.com.br\/#website","url":"https:\/\/portalmf.com.br\/","name":"Portal MF","description":"Voc\u00ea conectado com a informa\u00e7\u00e3o","potentialAction":[{"@type":"SearchAction","target":{"@type":"EntryPoint","urlTemplate":"https:\/\/portalmf.com.br\/?s={search_term_string}"},"query-input":"required name=search_term_string"}],"inLanguage":"pt-BR"},{"@type":"Person","@id":"https:\/\/portalmf.com.br\/#\/schema\/person\/9ec101baf56233e53520c26de5d6f6f0","name":"Reda\u00e7\u00e3o Portal MF","image":{"@type":"ImageObject","inLanguage":"pt-BR","@id":"https:\/\/portalmf.com.br\/#\/schema\/person\/image\/","url":"https:\/\/secure.gravatar.com\/avatar\/41b9aaeb2100835f7c64362330f74c7f?s=96&d=mm&r=g","contentUrl":"https:\/\/secure.gravatar.com\/avatar\/41b9aaeb2100835f7c64362330f74c7f?s=96&d=mm&r=g","caption":"Reda\u00e7\u00e3o Portal MF"},"description":"Sejam bem-vindos o portal de informa\u00e7\u00f5es de entretenimento de Feira de Santana, desde 2006 realiza coberturas dos principais eventos com entrevistas exclusivas com as principais personalidades mundiais. Fique conectado tamb\u00e9m nas redes sociais.","sameAs":["http:\/\/www.portalmf.com.br\/","https:\/\/www.facebook.com\/portalmfoficial","https:\/\/www.instagram.com\/portalmf\/","https:\/\/x.com\/https:\/\/x.com\/portalmfoficial","https:\/\/www.youtube.com\/@portalmfoficial"],"url":"https:\/\/portalmf.com.br\/index.php\/author\/junior\/"}]}},"_links":{"self":[{"href":"https:\/\/portalmf.com.br\/index.php\/wp-json\/wp\/v2\/posts\/43721"}],"collection":[{"href":"https:\/\/portalmf.com.br\/index.php\/wp-json\/wp\/v2\/posts"}],"about":[{"href":"https:\/\/portalmf.com.br\/index.php\/wp-json\/wp\/v2\/types\/post"}],"author":[{"embeddable":true,"href":"https:\/\/portalmf.com.br\/index.php\/wp-json\/wp\/v2\/users\/3"}],"replies":[{"embeddable":true,"href":"https:\/\/portalmf.com.br\/index.php\/wp-json\/wp\/v2\/comments?post=43721"}],"version-history":[{"count":1,"href":"https:\/\/portalmf.com.br\/index.php\/wp-json\/wp\/v2\/posts\/43721\/revisions"}],"predecessor-version":[{"id":43723,"href":"https:\/\/portalmf.com.br\/index.php\/wp-json\/wp\/v2\/posts\/43721\/revisions\/43723"}],"wp:featuredmedia":[{"embeddable":true,"href":"https:\/\/portalmf.com.br\/index.php\/wp-json\/wp\/v2\/media\/43722"}],"wp:attachment":[{"href":"https:\/\/portalmf.com.br\/index.php\/wp-json\/wp\/v2\/media?parent=43721"}],"wp:term":[{"taxonomy":"category","embeddable":true,"href":"https:\/\/portalmf.com.br\/index.php\/wp-json\/wp\/v2\/categories?post=43721"},{"taxonomy":"post_tag","embeddable":true,"href":"https:\/\/portalmf.com.br\/index.php\/wp-json\/wp\/v2\/tags?post=43721"}],"curies":[{"name":"wp","href":"https:\/\/api.w.org\/{rel}","templated":true}]}}