{"id":43716,"date":"2026-04-30T05:23:00","date_gmt":"2026-04-30T08:23:00","guid":{"rendered":"https:\/\/portalmf.com.br\/?p=43716"},"modified":"2026-04-29T21:25:18","modified_gmt":"2026-04-30T00:25:18","slug":"paggodin-anuncia-bruno-diegues-como-segundo-convidado-da-edicao-em-salvador","status":"publish","type":"post","link":"https:\/\/portalmf.com.br\/index.php\/2026\/04\/30\/paggodin-anuncia-bruno-diegues-como-segundo-convidado-da-edicao-em-salvador\/","title":{"rendered":"PaGGodin anuncia Bruno Diegues como segundo convidado da edi\u00e7\u00e3o em Salvador"},"content":{"rendered":"\n<p>O clima de expectativa para a edi\u00e7\u00e3o de Salvador do PaGGodin acaba de ganhar mais um convidado para a festa, que ser\u00e1 realizada no dia 24 de maio, no MAM \u2013 Solar do Unh\u00e3o, um dos cart\u00f5es-postais mais emblem\u00e1ticos da capital baiana, o cantor Bruno Diegues \u00e9 o segundo nome confirmado para participar do show do GG.<\/p>\n\n\n\n<p>O cantor e compositor, que j\u00e1 integrou a banda Jeito Moleque, \u00e9 um dos nomes mais fortes do samba e pagode rom\u00e2ntico. Diegues \u00e9 respons\u00e1vel por hits como \u2018Teu Segredo\u2019, \u2018Amor Eterno\u2019 e \u2018Eu Nunca Amei\u2019, sendo refer\u00eancia no g\u00eanero.<\/p>\n\n\n\n<p>\u201cBruno \u00e9 um artista que sempre foi refer\u00eancia no samba e no pagode para mim. O cara tem uma voz incr\u00edvel e eu estou muito feliz em poder dividir o palco com ele. Tenho certeza que ser\u00e1 um encontro especial e cheio de m\u00fasica.\u201d, comentou L\u00e9o.<\/p>\n\n\n\n<p>Al\u00e9m de Bruno Diegues, o PaGGodin j\u00e1 anunciou o cantor Yan que tamb\u00e9m se juntar\u00e1 ao GG em uma tarde inesquec\u00edvel em um dos cart\u00f5es-postais mais marcantes de Salvador.<\/p>\n\n\n\n<p>Em clima de fim de tarde e com uma atmosfera especial, o PaGGodin promete mostrar toda a versatilidade de L\u00e9o Santana, que passeia por diferentes g\u00eaneros musicais, imprimindo o tempero e o suingue baiano ao ritmo carioca. A mistura promete n\u00e3o deixar ningu\u00e9m parado.<\/p>\n\n\n\n<p>Com o slogan \u201cPaGGodin est\u00e1 de volta\u201d, a nova fase do evento reunir\u00e1 grandes sucessos da carreira de L\u00e9o Santana, al\u00e9m de encontros especiais com convidados. A proposta \u00e9 proporcionar uma experi\u00eancia marcante para os f\u00e3s, unindo m\u00fasica, energia e a identidade que consagrou o projeto desde sua cria\u00e7\u00e3o.<\/p>\n\n\n\n<p>Os ingressos seguem \u00e0 venda na loja Bora Tickets, no 2\u00ba piso do Shopping da Bahia, nos balc\u00f5es Pida localizados no Shopping Paralela, Salvador Shopping e Shopping Piedade, al\u00e9m da venda online atrav\u00e9s do site da Bora Tickets.<\/p>\n\n\n\n<p>Al\u00e9m de Salvador, o PaGGodin j\u00e1 confirmou duas novas edi\u00e7\u00f5es: dia 22 de novembro, em Ribeir\u00e3o Preto e dia 03 de janeiro, em Aracaju.<\/p>\n\n\n\n<p>A realiza\u00e7\u00e3o do evento \u00e9 da Salvador Produ\u00e7\u00f5es.<\/p>\n\n\n\n<figure class=\"wp-block-embed is-type-wp-embed is-provider-portal-mf wp-block-embed-portal-mf\"><div class=\"wp-block-embed__wrapper\">\n<blockquote class=\"wp-embedded-content\" data-secret=\"yYCC6iUrdv\"><a href=\"https:\/\/portalmf.com.br\/index.php\/2026\/04\/29\/paggodin-confirma-novas-edicoes-em-ribeirao-preto-e-aracaju\/\">PaGGodin confirma novas edi\u00e7\u00f5es em Ribeir\u00e3o Preto e Aracaju<\/a><\/blockquote><iframe class=\"wp-embedded-content\" sandbox=\"allow-scripts\" security=\"restricted\" style=\"position: absolute; clip: rect(1px, 1px, 1px, 1px);\" title=\"&#8220;PaGGodin confirma novas edi\u00e7\u00f5es em Ribeir\u00e3o Preto e Aracaju&#8221; &#8212; Portal MF\" src=\"https:\/\/portalmf.com.br\/index.php\/2026\/04\/29\/paggodin-confirma-novas-edicoes-em-ribeirao-preto-e-aracaju\/embed\/#?secret=KBcelP2ioz#?secret=yYCC6iUrdv\" data-secret=\"yYCC6iUrdv\" width=\"600\" height=\"338\" frameborder=\"0\" marginwidth=\"0\" marginheight=\"0\" scrolling=\"no\"><\/iframe>\n<\/div><\/figure>\n","protected":false},"excerpt":{"rendered":"<p>O clima de expectativa para a edi\u00e7\u00e3o de Salvador do PaGGodin acaba de ganhar mais um convidado para a festa, que ser\u00e1 realizada no dia 24 de maio, no MAM \u2013 Solar do Unh\u00e3o, um dos cart\u00f5es-postais mais emblem\u00e1ticos da capital baiana, o cantor Bruno Diegues \u00e9 o segundo nome confirmado para participar do show [&hellip;]<\/p>\n","protected":false},"author":3,"featured_media":43717,"comment_status":"open","ping_status":"open","sticky":false,"template":"","format":"standard","meta":{"_monsterinsights_skip_tracking":false,"_monsterinsights_sitenote_active":false,"_monsterinsights_sitenote_note":"","_monsterinsights_sitenote_category":0,"footnotes":""},"categories":[48,45],"tags":[],"yoast_head":"<!-- This site is optimized with the Yoast SEO plugin v22.9 - https:\/\/yoast.com\/wordpress\/plugins\/seo\/ -->\n<title>PaGGodin anuncia Bruno Diegues como segundo convidado da edi\u00e7\u00e3o em Salvador - Portal MF<\/title>\n<meta name=\"robots\" content=\"index, follow, max-snippet:-1, max-image-preview:large, max-video-preview:-1\" \/>\n<link rel=\"canonical\" href=\"https:\/\/portalmf.com.br\/index.php\/2026\/04\/30\/paggodin-anuncia-bruno-diegues-como-segundo-convidado-da-edicao-em-salvador\/\" \/>\n<meta property=\"og:locale\" content=\"pt_BR\" \/>\n<meta property=\"og:type\" content=\"article\" \/>\n<meta property=\"og:title\" content=\"PaGGodin anuncia Bruno Diegues como segundo convidado da edi\u00e7\u00e3o em Salvador - Portal MF\" \/>\n<meta property=\"og:description\" content=\"O clima de expectativa para a edi\u00e7\u00e3o de Salvador do PaGGodin acaba de ganhar mais um convidado para a festa, que ser\u00e1 realizada no dia 24 de maio, no MAM \u2013 Solar do Unh\u00e3o, um dos cart\u00f5es-postais mais emblem\u00e1ticos da capital baiana, o cantor Bruno Diegues \u00e9 o segundo nome confirmado para participar do show [&hellip;]\" \/>\n<meta property=\"og:url\" content=\"https:\/\/portalmf.com.br\/index.php\/2026\/04\/30\/paggodin-anuncia-bruno-diegues-como-segundo-convidado-da-edicao-em-salvador\/\" \/>\n<meta property=\"og:site_name\" content=\"Portal MF\" \/>\n<meta property=\"article:author\" content=\"https:\/\/www.facebook.com\/portalmfoficial\" \/>\n<meta property=\"article:published_time\" content=\"2026-04-30T08:23:00+00:00\" \/>\n<meta property=\"article:modified_time\" content=\"2026-04-30T00:25:18+00:00\" \/>\n<meta property=\"og:image\" content=\"https:\/\/portalmf.com.br\/wp-content\/uploads\/2026\/04\/PaGGodin-anuncia-Bruno-Diegues-como-segundo-convidado-da-edicao-em-Salvador.jpg\" \/>\n\t<meta property=\"og:image:width\" content=\"1600\" \/>\n\t<meta property=\"og:image:height\" content=\"900\" \/>\n\t<meta property=\"og:image:type\" content=\"image\/jpeg\" \/>\n<meta name=\"author\" content=\"Reda\u00e7\u00e3o Portal MF\" \/>\n<meta name=\"twitter:card\" content=\"summary_large_image\" \/>\n<meta name=\"twitter:creator\" content=\"@https:\/\/x.com\/portalmfoficial\" \/>\n<meta name=\"twitter:label1\" content=\"Escrito por\" \/>\n\t<meta name=\"twitter:data1\" content=\"Reda\u00e7\u00e3o Portal MF\" \/>\n\t<meta name=\"twitter:label2\" content=\"Est. tempo de leitura\" \/>\n\t<meta name=\"twitter:data2\" content=\"3 minutos\" \/>\n<script type=\"application\/ld+json\" class=\"yoast-schema-graph\">{\"@context\":\"https:\/\/schema.org\",\"@graph\":[{\"@type\":\"WebPage\",\"@id\":\"https:\/\/portalmf.com.br\/index.php\/2026\/04\/30\/paggodin-anuncia-bruno-diegues-como-segundo-convidado-da-edicao-em-salvador\/\",\"url\":\"https:\/\/portalmf.com.br\/index.php\/2026\/04\/30\/paggodin-anuncia-bruno-diegues-como-segundo-convidado-da-edicao-em-salvador\/\",\"name\":\"PaGGodin anuncia Bruno Diegues como segundo convidado da edi\u00e7\u00e3o em Salvador - Portal MF\",\"isPartOf\":{\"@id\":\"https:\/\/portalmf.com.br\/#website\"},\"primaryImageOfPage\":{\"@id\":\"https:\/\/portalmf.com.br\/index.php\/2026\/04\/30\/paggodin-anuncia-bruno-diegues-como-segundo-convidado-da-edicao-em-salvador\/#primaryimage\"},\"image\":{\"@id\":\"https:\/\/portalmf.com.br\/index.php\/2026\/04\/30\/paggodin-anuncia-bruno-diegues-como-segundo-convidado-da-edicao-em-salvador\/#primaryimage\"},\"thumbnailUrl\":\"https:\/\/portalmf.com.br\/wp-content\/uploads\/2026\/04\/PaGGodin-anuncia-Bruno-Diegues-como-segundo-convidado-da-edicao-em-Salvador.jpg\",\"datePublished\":\"2026-04-30T08:23:00+00:00\",\"dateModified\":\"2026-04-30T00:25:18+00:00\",\"author\":{\"@id\":\"https:\/\/portalmf.com.br\/#\/schema\/person\/9ec101baf56233e53520c26de5d6f6f0\"},\"breadcrumb\":{\"@id\":\"https:\/\/portalmf.com.br\/index.php\/2026\/04\/30\/paggodin-anuncia-bruno-diegues-como-segundo-convidado-da-edicao-em-salvador\/#breadcrumb\"},\"inLanguage\":\"pt-BR\",\"potentialAction\":[{\"@type\":\"ReadAction\",\"target\":[\"https:\/\/portalmf.com.br\/index.php\/2026\/04\/30\/paggodin-anuncia-bruno-diegues-como-segundo-convidado-da-edicao-em-salvador\/\"]}]},{\"@type\":\"ImageObject\",\"inLanguage\":\"pt-BR\",\"@id\":\"https:\/\/portalmf.com.br\/index.php\/2026\/04\/30\/paggodin-anuncia-bruno-diegues-como-segundo-convidado-da-edicao-em-salvador\/#primaryimage\",\"url\":\"https:\/\/portalmf.com.br\/wp-content\/uploads\/2026\/04\/PaGGodin-anuncia-Bruno-Diegues-como-segundo-convidado-da-edicao-em-Salvador.jpg\",\"contentUrl\":\"https:\/\/portalmf.com.br\/wp-content\/uploads\/2026\/04\/PaGGodin-anuncia-Bruno-Diegues-como-segundo-convidado-da-edicao-em-Salvador.jpg\",\"width\":1600,\"height\":900},{\"@type\":\"BreadcrumbList\",\"@id\":\"https:\/\/portalmf.com.br\/index.php\/2026\/04\/30\/paggodin-anuncia-bruno-diegues-como-segundo-convidado-da-edicao-em-salvador\/#breadcrumb\",\"itemListElement\":[{\"@type\":\"ListItem\",\"position\":1,\"name\":\"In\u00edcio\",\"item\":\"https:\/\/portalmf.com.br\/\"},{\"@type\":\"ListItem\",\"position\":2,\"name\":\"PaGGodin anuncia Bruno Diegues como segundo convidado da edi\u00e7\u00e3o em Salvador\"}]},{\"@type\":\"WebSite\",\"@id\":\"https:\/\/portalmf.com.br\/#website\",\"url\":\"https:\/\/portalmf.com.br\/\",\"name\":\"Portal MF\",\"description\":\"Voc\u00ea conectado com a informa\u00e7\u00e3o\",\"potentialAction\":[{\"@type\":\"SearchAction\",\"target\":{\"@type\":\"EntryPoint\",\"urlTemplate\":\"https:\/\/portalmf.com.br\/?s={search_term_string}\"},\"query-input\":\"required name=search_term_string\"}],\"inLanguage\":\"pt-BR\"},{\"@type\":\"Person\",\"@id\":\"https:\/\/portalmf.com.br\/#\/schema\/person\/9ec101baf56233e53520c26de5d6f6f0\",\"name\":\"Reda\u00e7\u00e3o Portal MF\",\"image\":{\"@type\":\"ImageObject\",\"inLanguage\":\"pt-BR\",\"@id\":\"https:\/\/portalmf.com.br\/#\/schema\/person\/image\/\",\"url\":\"https:\/\/secure.gravatar.com\/avatar\/41b9aaeb2100835f7c64362330f74c7f?s=96&d=mm&r=g\",\"contentUrl\":\"https:\/\/secure.gravatar.com\/avatar\/41b9aaeb2100835f7c64362330f74c7f?s=96&d=mm&r=g\",\"caption\":\"Reda\u00e7\u00e3o Portal MF\"},\"description\":\"Sejam bem-vindos o portal de informa\u00e7\u00f5es de entretenimento de Feira de Santana, desde 2006 realiza coberturas dos principais eventos com entrevistas exclusivas com as principais personalidades mundiais. Fique conectado tamb\u00e9m nas redes sociais.\",\"sameAs\":[\"http:\/\/www.portalmf.com.br\/\",\"https:\/\/www.facebook.com\/portalmfoficial\",\"https:\/\/www.instagram.com\/portalmf\/\",\"https:\/\/x.com\/https:\/\/x.com\/portalmfoficial\",\"https:\/\/www.youtube.com\/@portalmfoficial\"],\"url\":\"https:\/\/portalmf.com.br\/index.php\/author\/junior\/\"}]}<\/script>\n<!-- \/ Yoast SEO plugin. -->","yoast_head_json":{"title":"PaGGodin anuncia Bruno Diegues como segundo convidado da edi\u00e7\u00e3o em Salvador - Portal MF","robots":{"index":"index","follow":"follow","max-snippet":"max-snippet:-1","max-image-preview":"max-image-preview:large","max-video-preview":"max-video-preview:-1"},"canonical":"https:\/\/portalmf.com.br\/index.php\/2026\/04\/30\/paggodin-anuncia-bruno-diegues-como-segundo-convidado-da-edicao-em-salvador\/","og_locale":"pt_BR","og_type":"article","og_title":"PaGGodin anuncia Bruno Diegues como segundo convidado da edi\u00e7\u00e3o em Salvador - Portal MF","og_description":"O clima de expectativa para a edi\u00e7\u00e3o de Salvador do PaGGodin acaba de ganhar mais um convidado para a festa, que ser\u00e1 realizada no dia 24 de maio, no MAM \u2013 Solar do Unh\u00e3o, um dos cart\u00f5es-postais mais emblem\u00e1ticos da capital baiana, o cantor Bruno Diegues \u00e9 o segundo nome confirmado para participar do show [&hellip;]","og_url":"https:\/\/portalmf.com.br\/index.php\/2026\/04\/30\/paggodin-anuncia-bruno-diegues-como-segundo-convidado-da-edicao-em-salvador\/","og_site_name":"Portal MF","article_author":"https:\/\/www.facebook.com\/portalmfoficial","article_published_time":"2026-04-30T08:23:00+00:00","article_modified_time":"2026-04-30T00:25:18+00:00","og_image":[{"width":1600,"height":900,"url":"https:\/\/portalmf.com.br\/wp-content\/uploads\/2026\/04\/PaGGodin-anuncia-Bruno-Diegues-como-segundo-convidado-da-edicao-em-Salvador.jpg","type":"image\/jpeg"}],"author":"Reda\u00e7\u00e3o Portal MF","twitter_card":"summary_large_image","twitter_creator":"@https:\/\/x.com\/portalmfoficial","twitter_misc":{"Escrito por":"Reda\u00e7\u00e3o Portal MF","Est. tempo de leitura":"3 minutos"},"schema":{"@context":"https:\/\/schema.org","@graph":[{"@type":"WebPage","@id":"https:\/\/portalmf.com.br\/index.php\/2026\/04\/30\/paggodin-anuncia-bruno-diegues-como-segundo-convidado-da-edicao-em-salvador\/","url":"https:\/\/portalmf.com.br\/index.php\/2026\/04\/30\/paggodin-anuncia-bruno-diegues-como-segundo-convidado-da-edicao-em-salvador\/","name":"PaGGodin anuncia Bruno Diegues como segundo convidado da edi\u00e7\u00e3o em Salvador - Portal MF","isPartOf":{"@id":"https:\/\/portalmf.com.br\/#website"},"primaryImageOfPage":{"@id":"https:\/\/portalmf.com.br\/index.php\/2026\/04\/30\/paggodin-anuncia-bruno-diegues-como-segundo-convidado-da-edicao-em-salvador\/#primaryimage"},"image":{"@id":"https:\/\/portalmf.com.br\/index.php\/2026\/04\/30\/paggodin-anuncia-bruno-diegues-como-segundo-convidado-da-edicao-em-salvador\/#primaryimage"},"thumbnailUrl":"https:\/\/portalmf.com.br\/wp-content\/uploads\/2026\/04\/PaGGodin-anuncia-Bruno-Diegues-como-segundo-convidado-da-edicao-em-Salvador.jpg","datePublished":"2026-04-30T08:23:00+00:00","dateModified":"2026-04-30T00:25:18+00:00","author":{"@id":"https:\/\/portalmf.com.br\/#\/schema\/person\/9ec101baf56233e53520c26de5d6f6f0"},"breadcrumb":{"@id":"https:\/\/portalmf.com.br\/index.php\/2026\/04\/30\/paggodin-anuncia-bruno-diegues-como-segundo-convidado-da-edicao-em-salvador\/#breadcrumb"},"inLanguage":"pt-BR","potentialAction":[{"@type":"ReadAction","target":["https:\/\/portalmf.com.br\/index.php\/2026\/04\/30\/paggodin-anuncia-bruno-diegues-como-segundo-convidado-da-edicao-em-salvador\/"]}]},{"@type":"ImageObject","inLanguage":"pt-BR","@id":"https:\/\/portalmf.com.br\/index.php\/2026\/04\/30\/paggodin-anuncia-bruno-diegues-como-segundo-convidado-da-edicao-em-salvador\/#primaryimage","url":"https:\/\/portalmf.com.br\/wp-content\/uploads\/2026\/04\/PaGGodin-anuncia-Bruno-Diegues-como-segundo-convidado-da-edicao-em-Salvador.jpg","contentUrl":"https:\/\/portalmf.com.br\/wp-content\/uploads\/2026\/04\/PaGGodin-anuncia-Bruno-Diegues-como-segundo-convidado-da-edicao-em-Salvador.jpg","width":1600,"height":900},{"@type":"BreadcrumbList","@id":"https:\/\/portalmf.com.br\/index.php\/2026\/04\/30\/paggodin-anuncia-bruno-diegues-como-segundo-convidado-da-edicao-em-salvador\/#breadcrumb","itemListElement":[{"@type":"ListItem","position":1,"name":"In\u00edcio","item":"https:\/\/portalmf.com.br\/"},{"@type":"ListItem","position":2,"name":"PaGGodin anuncia Bruno Diegues como segundo convidado da edi\u00e7\u00e3o em Salvador"}]},{"@type":"WebSite","@id":"https:\/\/portalmf.com.br\/#website","url":"https:\/\/portalmf.com.br\/","name":"Portal MF","description":"Voc\u00ea conectado com a informa\u00e7\u00e3o","potentialAction":[{"@type":"SearchAction","target":{"@type":"EntryPoint","urlTemplate":"https:\/\/portalmf.com.br\/?s={search_term_string}"},"query-input":"required name=search_term_string"}],"inLanguage":"pt-BR"},{"@type":"Person","@id":"https:\/\/portalmf.com.br\/#\/schema\/person\/9ec101baf56233e53520c26de5d6f6f0","name":"Reda\u00e7\u00e3o Portal MF","image":{"@type":"ImageObject","inLanguage":"pt-BR","@id":"https:\/\/portalmf.com.br\/#\/schema\/person\/image\/","url":"https:\/\/secure.gravatar.com\/avatar\/41b9aaeb2100835f7c64362330f74c7f?s=96&d=mm&r=g","contentUrl":"https:\/\/secure.gravatar.com\/avatar\/41b9aaeb2100835f7c64362330f74c7f?s=96&d=mm&r=g","caption":"Reda\u00e7\u00e3o Portal MF"},"description":"Sejam bem-vindos o portal de informa\u00e7\u00f5es de entretenimento de Feira de Santana, desde 2006 realiza coberturas dos principais eventos com entrevistas exclusivas com as principais personalidades mundiais. Fique conectado tamb\u00e9m nas redes sociais.","sameAs":["http:\/\/www.portalmf.com.br\/","https:\/\/www.facebook.com\/portalmfoficial","https:\/\/www.instagram.com\/portalmf\/","https:\/\/x.com\/https:\/\/x.com\/portalmfoficial","https:\/\/www.youtube.com\/@portalmfoficial"],"url":"https:\/\/portalmf.com.br\/index.php\/author\/junior\/"}]}},"_links":{"self":[{"href":"https:\/\/portalmf.com.br\/index.php\/wp-json\/wp\/v2\/posts\/43716"}],"collection":[{"href":"https:\/\/portalmf.com.br\/index.php\/wp-json\/wp\/v2\/posts"}],"about":[{"href":"https:\/\/portalmf.com.br\/index.php\/wp-json\/wp\/v2\/types\/post"}],"author":[{"embeddable":true,"href":"https:\/\/portalmf.com.br\/index.php\/wp-json\/wp\/v2\/users\/3"}],"replies":[{"embeddable":true,"href":"https:\/\/portalmf.com.br\/index.php\/wp-json\/wp\/v2\/comments?post=43716"}],"version-history":[{"count":1,"href":"https:\/\/portalmf.com.br\/index.php\/wp-json\/wp\/v2\/posts\/43716\/revisions"}],"predecessor-version":[{"id":43718,"href":"https:\/\/portalmf.com.br\/index.php\/wp-json\/wp\/v2\/posts\/43716\/revisions\/43718"}],"wp:featuredmedia":[{"embeddable":true,"href":"https:\/\/portalmf.com.br\/index.php\/wp-json\/wp\/v2\/media\/43717"}],"wp:attachment":[{"href":"https:\/\/portalmf.com.br\/index.php\/wp-json\/wp\/v2\/media?parent=43716"}],"wp:term":[{"taxonomy":"category","embeddable":true,"href":"https:\/\/portalmf.com.br\/index.php\/wp-json\/wp\/v2\/categories?post=43716"},{"taxonomy":"post_tag","embeddable":true,"href":"https:\/\/portalmf.com.br\/index.php\/wp-json\/wp\/v2\/tags?post=43716"}],"curies":[{"name":"wp","href":"https:\/\/api.w.org\/{rel}","templated":true}]}}