{"id":43714,"date":"2026-04-29T09:22:00","date_gmt":"2026-04-29T12:22:00","guid":{"rendered":"https:\/\/portalmf.com.br\/?p=43714"},"modified":"2026-04-29T21:23:06","modified_gmt":"2026-04-30T00:23:06","slug":"paggodin-confirma-novas-edicoes-em-ribeirao-preto-e-aracaju","status":"publish","type":"post","link":"https:\/\/portalmf.com.br\/index.php\/2026\/04\/29\/paggodin-confirma-novas-edicoes-em-ribeirao-preto-e-aracaju\/","title":{"rendered":"PaGGodin confirma novas edi\u00e7\u00f5es em Ribeir\u00e3o Preto e Aracaju"},"content":{"rendered":"\n<p>O sucesso do PaGGodin segue ganhando novos cap\u00edtulos e acaba de confirmar mais duas datas pelo Brasil. Ap\u00f3s anunciar a edi\u00e7\u00e3o de Salvador, o projeto comandado pelo GG L\u00e9o Santana desembarca no dia 22 de novembro de 2026, em Ribeir\u00e3o Preto, e no dia 03 de janeiro de 2027, em Aracaju.<\/p>\n\n\n\n<p>Vivendo uma nova fase e com o slogan \u201cPaGGodin est\u00e1 de volta\u201d, o evento vem conquistando o p\u00fablico ao unir o carisma e a energia de L\u00e9o Santana ao melhor do samba e pagode. A proposta \u00e9 proporcionar uma experi\u00eancia marcante para os f\u00e3s, reunindo grandes sucessos da carreira do artista, al\u00e9m de encontros especiais com convidados.<\/p>\n\n\n\n<p>Com clima leve, repert\u00f3rio contagiante e muita anima\u00e7\u00e3o, o PaGGodin mostra toda a versatilidade musical de L\u00e9o Santana, que passeia por diferentes g\u00eaneros e imprime sua identidade \u00fanica ao ritmo carioca, com o suingue e a pot\u00eancia que marcaram sua trajet\u00f3ria.<\/p>\n\n\n\n<p>A edi\u00e7\u00e3o de Salvador, marcada para o dia 24 de maio, no MAM \u2013 Solar do Unh\u00e3o, j\u00e1 conta com o cantor Yan como convidado confirmado, refor\u00e7ando a proposta de encontros especiais que devem se repetir nas pr\u00f3ximas cidades.<\/p>\n\n\n\n<p>A realiza\u00e7\u00e3o do evento \u00e9 da Salvador Produ\u00e7\u00f5es.<\/p>\n","protected":false},"excerpt":{"rendered":"<p>O sucesso do PaGGodin segue ganhando novos cap\u00edtulos e acaba de confirmar mais duas datas pelo Brasil. Ap\u00f3s anunciar a edi\u00e7\u00e3o de Salvador, o projeto comandado pelo GG L\u00e9o Santana desembarca no dia 22 de novembro de 2026, em Ribeir\u00e3o Preto, e no dia 03 de janeiro de 2027, em Aracaju. Vivendo uma nova fase [&hellip;]<\/p>\n","protected":false},"author":3,"featured_media":28958,"comment_status":"open","ping_status":"open","sticky":false,"template":"","format":"standard","meta":{"_monsterinsights_skip_tracking":false,"_monsterinsights_sitenote_active":false,"_monsterinsights_sitenote_note":"","_monsterinsights_sitenote_category":0,"footnotes":""},"categories":[45],"tags":[],"yoast_head":"<!-- This site is optimized with the Yoast SEO plugin v22.9 - https:\/\/yoast.com\/wordpress\/plugins\/seo\/ -->\n<title>PaGGodin confirma novas edi\u00e7\u00f5es em Ribeir\u00e3o Preto e Aracaju - Portal MF<\/title>\n<meta name=\"robots\" content=\"index, follow, max-snippet:-1, max-image-preview:large, max-video-preview:-1\" \/>\n<link rel=\"canonical\" href=\"https:\/\/portalmf.com.br\/index.php\/2026\/04\/29\/paggodin-confirma-novas-edicoes-em-ribeirao-preto-e-aracaju\/\" \/>\n<meta property=\"og:locale\" content=\"pt_BR\" \/>\n<meta property=\"og:type\" content=\"article\" \/>\n<meta property=\"og:title\" content=\"PaGGodin confirma novas edi\u00e7\u00f5es em Ribeir\u00e3o Preto e Aracaju - Portal MF\" \/>\n<meta property=\"og:description\" content=\"O sucesso do PaGGodin segue ganhando novos cap\u00edtulos e acaba de confirmar mais duas datas pelo Brasil. Ap\u00f3s anunciar a edi\u00e7\u00e3o de Salvador, o projeto comandado pelo GG L\u00e9o Santana desembarca no dia 22 de novembro de 2026, em Ribeir\u00e3o Preto, e no dia 03 de janeiro de 2027, em Aracaju. Vivendo uma nova fase [&hellip;]\" \/>\n<meta property=\"og:url\" content=\"https:\/\/portalmf.com.br\/index.php\/2026\/04\/29\/paggodin-confirma-novas-edicoes-em-ribeirao-preto-e-aracaju\/\" \/>\n<meta property=\"og:site_name\" content=\"Portal MF\" \/>\n<meta property=\"article:author\" content=\"https:\/\/www.facebook.com\/portalmfoficial\" \/>\n<meta property=\"article:published_time\" content=\"2026-04-29T12:22:00+00:00\" \/>\n<meta property=\"article:modified_time\" content=\"2026-04-30T00:23:06+00:00\" \/>\n<meta property=\"og:image\" content=\"https:\/\/portalmf.com.br\/wp-content\/uploads\/2024\/08\/Leo-Santana-estreia-o-PaGGodin-em-grande-estilo-no-Rio-de-Janeiro.jpg\" \/>\n\t<meta property=\"og:image:width\" content=\"800\" \/>\n\t<meta property=\"og:image:height\" content=\"533\" \/>\n\t<meta property=\"og:image:type\" content=\"image\/jpeg\" \/>\n<meta name=\"author\" content=\"Reda\u00e7\u00e3o Portal MF\" \/>\n<meta name=\"twitter:card\" content=\"summary_large_image\" \/>\n<meta name=\"twitter:creator\" content=\"@https:\/\/x.com\/portalmfoficial\" \/>\n<meta name=\"twitter:label1\" content=\"Escrito por\" \/>\n\t<meta name=\"twitter:data1\" content=\"Reda\u00e7\u00e3o Portal MF\" \/>\n\t<meta name=\"twitter:label2\" content=\"Est. tempo de leitura\" \/>\n\t<meta name=\"twitter:data2\" content=\"2 minutos\" \/>\n<script type=\"application\/ld+json\" class=\"yoast-schema-graph\">{\"@context\":\"https:\/\/schema.org\",\"@graph\":[{\"@type\":\"WebPage\",\"@id\":\"https:\/\/portalmf.com.br\/index.php\/2026\/04\/29\/paggodin-confirma-novas-edicoes-em-ribeirao-preto-e-aracaju\/\",\"url\":\"https:\/\/portalmf.com.br\/index.php\/2026\/04\/29\/paggodin-confirma-novas-edicoes-em-ribeirao-preto-e-aracaju\/\",\"name\":\"PaGGodin confirma novas edi\u00e7\u00f5es em Ribeir\u00e3o Preto e Aracaju - Portal MF\",\"isPartOf\":{\"@id\":\"https:\/\/portalmf.com.br\/#website\"},\"primaryImageOfPage\":{\"@id\":\"https:\/\/portalmf.com.br\/index.php\/2026\/04\/29\/paggodin-confirma-novas-edicoes-em-ribeirao-preto-e-aracaju\/#primaryimage\"},\"image\":{\"@id\":\"https:\/\/portalmf.com.br\/index.php\/2026\/04\/29\/paggodin-confirma-novas-edicoes-em-ribeirao-preto-e-aracaju\/#primaryimage\"},\"thumbnailUrl\":\"https:\/\/portalmf.com.br\/wp-content\/uploads\/2024\/08\/Leo-Santana-estreia-o-PaGGodin-em-grande-estilo-no-Rio-de-Janeiro.jpg\",\"datePublished\":\"2026-04-29T12:22:00+00:00\",\"dateModified\":\"2026-04-30T00:23:06+00:00\",\"author\":{\"@id\":\"https:\/\/portalmf.com.br\/#\/schema\/person\/9ec101baf56233e53520c26de5d6f6f0\"},\"breadcrumb\":{\"@id\":\"https:\/\/portalmf.com.br\/index.php\/2026\/04\/29\/paggodin-confirma-novas-edicoes-em-ribeirao-preto-e-aracaju\/#breadcrumb\"},\"inLanguage\":\"pt-BR\",\"potentialAction\":[{\"@type\":\"ReadAction\",\"target\":[\"https:\/\/portalmf.com.br\/index.php\/2026\/04\/29\/paggodin-confirma-novas-edicoes-em-ribeirao-preto-e-aracaju\/\"]}]},{\"@type\":\"ImageObject\",\"inLanguage\":\"pt-BR\",\"@id\":\"https:\/\/portalmf.com.br\/index.php\/2026\/04\/29\/paggodin-confirma-novas-edicoes-em-ribeirao-preto-e-aracaju\/#primaryimage\",\"url\":\"https:\/\/portalmf.com.br\/wp-content\/uploads\/2024\/08\/Leo-Santana-estreia-o-PaGGodin-em-grande-estilo-no-Rio-de-Janeiro.jpg\",\"contentUrl\":\"https:\/\/portalmf.com.br\/wp-content\/uploads\/2024\/08\/Leo-Santana-estreia-o-PaGGodin-em-grande-estilo-no-Rio-de-Janeiro.jpg\",\"width\":800,\"height\":533},{\"@type\":\"BreadcrumbList\",\"@id\":\"https:\/\/portalmf.com.br\/index.php\/2026\/04\/29\/paggodin-confirma-novas-edicoes-em-ribeirao-preto-e-aracaju\/#breadcrumb\",\"itemListElement\":[{\"@type\":\"ListItem\",\"position\":1,\"name\":\"In\u00edcio\",\"item\":\"https:\/\/portalmf.com.br\/\"},{\"@type\":\"ListItem\",\"position\":2,\"name\":\"PaGGodin confirma novas edi\u00e7\u00f5es em Ribeir\u00e3o Preto e Aracaju\"}]},{\"@type\":\"WebSite\",\"@id\":\"https:\/\/portalmf.com.br\/#website\",\"url\":\"https:\/\/portalmf.com.br\/\",\"name\":\"Portal MF\",\"description\":\"Voc\u00ea conectado com a informa\u00e7\u00e3o\",\"potentialAction\":[{\"@type\":\"SearchAction\",\"target\":{\"@type\":\"EntryPoint\",\"urlTemplate\":\"https:\/\/portalmf.com.br\/?s={search_term_string}\"},\"query-input\":\"required name=search_term_string\"}],\"inLanguage\":\"pt-BR\"},{\"@type\":\"Person\",\"@id\":\"https:\/\/portalmf.com.br\/#\/schema\/person\/9ec101baf56233e53520c26de5d6f6f0\",\"name\":\"Reda\u00e7\u00e3o Portal MF\",\"image\":{\"@type\":\"ImageObject\",\"inLanguage\":\"pt-BR\",\"@id\":\"https:\/\/portalmf.com.br\/#\/schema\/person\/image\/\",\"url\":\"https:\/\/secure.gravatar.com\/avatar\/41b9aaeb2100835f7c64362330f74c7f?s=96&d=mm&r=g\",\"contentUrl\":\"https:\/\/secure.gravatar.com\/avatar\/41b9aaeb2100835f7c64362330f74c7f?s=96&d=mm&r=g\",\"caption\":\"Reda\u00e7\u00e3o Portal MF\"},\"description\":\"Sejam bem-vindos o portal de informa\u00e7\u00f5es de entretenimento de Feira de Santana, desde 2006 realiza coberturas dos principais eventos com entrevistas exclusivas com as principais personalidades mundiais. Fique conectado tamb\u00e9m nas redes sociais.\",\"sameAs\":[\"http:\/\/www.portalmf.com.br\/\",\"https:\/\/www.facebook.com\/portalmfoficial\",\"https:\/\/www.instagram.com\/portalmf\/\",\"https:\/\/x.com\/https:\/\/x.com\/portalmfoficial\",\"https:\/\/www.youtube.com\/@portalmfoficial\"],\"url\":\"https:\/\/portalmf.com.br\/index.php\/author\/junior\/\"}]}<\/script>\n<!-- \/ Yoast SEO plugin. -->","yoast_head_json":{"title":"PaGGodin confirma novas edi\u00e7\u00f5es em Ribeir\u00e3o Preto e Aracaju - Portal MF","robots":{"index":"index","follow":"follow","max-snippet":"max-snippet:-1","max-image-preview":"max-image-preview:large","max-video-preview":"max-video-preview:-1"},"canonical":"https:\/\/portalmf.com.br\/index.php\/2026\/04\/29\/paggodin-confirma-novas-edicoes-em-ribeirao-preto-e-aracaju\/","og_locale":"pt_BR","og_type":"article","og_title":"PaGGodin confirma novas edi\u00e7\u00f5es em Ribeir\u00e3o Preto e Aracaju - Portal MF","og_description":"O sucesso do PaGGodin segue ganhando novos cap\u00edtulos e acaba de confirmar mais duas datas pelo Brasil. Ap\u00f3s anunciar a edi\u00e7\u00e3o de Salvador, o projeto comandado pelo GG L\u00e9o Santana desembarca no dia 22 de novembro de 2026, em Ribeir\u00e3o Preto, e no dia 03 de janeiro de 2027, em Aracaju. Vivendo uma nova fase [&hellip;]","og_url":"https:\/\/portalmf.com.br\/index.php\/2026\/04\/29\/paggodin-confirma-novas-edicoes-em-ribeirao-preto-e-aracaju\/","og_site_name":"Portal MF","article_author":"https:\/\/www.facebook.com\/portalmfoficial","article_published_time":"2026-04-29T12:22:00+00:00","article_modified_time":"2026-04-30T00:23:06+00:00","og_image":[{"width":800,"height":533,"url":"https:\/\/portalmf.com.br\/wp-content\/uploads\/2024\/08\/Leo-Santana-estreia-o-PaGGodin-em-grande-estilo-no-Rio-de-Janeiro.jpg","type":"image\/jpeg"}],"author":"Reda\u00e7\u00e3o Portal MF","twitter_card":"summary_large_image","twitter_creator":"@https:\/\/x.com\/portalmfoficial","twitter_misc":{"Escrito por":"Reda\u00e7\u00e3o Portal MF","Est. tempo de leitura":"2 minutos"},"schema":{"@context":"https:\/\/schema.org","@graph":[{"@type":"WebPage","@id":"https:\/\/portalmf.com.br\/index.php\/2026\/04\/29\/paggodin-confirma-novas-edicoes-em-ribeirao-preto-e-aracaju\/","url":"https:\/\/portalmf.com.br\/index.php\/2026\/04\/29\/paggodin-confirma-novas-edicoes-em-ribeirao-preto-e-aracaju\/","name":"PaGGodin confirma novas edi\u00e7\u00f5es em Ribeir\u00e3o Preto e Aracaju - Portal MF","isPartOf":{"@id":"https:\/\/portalmf.com.br\/#website"},"primaryImageOfPage":{"@id":"https:\/\/portalmf.com.br\/index.php\/2026\/04\/29\/paggodin-confirma-novas-edicoes-em-ribeirao-preto-e-aracaju\/#primaryimage"},"image":{"@id":"https:\/\/portalmf.com.br\/index.php\/2026\/04\/29\/paggodin-confirma-novas-edicoes-em-ribeirao-preto-e-aracaju\/#primaryimage"},"thumbnailUrl":"https:\/\/portalmf.com.br\/wp-content\/uploads\/2024\/08\/Leo-Santana-estreia-o-PaGGodin-em-grande-estilo-no-Rio-de-Janeiro.jpg","datePublished":"2026-04-29T12:22:00+00:00","dateModified":"2026-04-30T00:23:06+00:00","author":{"@id":"https:\/\/portalmf.com.br\/#\/schema\/person\/9ec101baf56233e53520c26de5d6f6f0"},"breadcrumb":{"@id":"https:\/\/portalmf.com.br\/index.php\/2026\/04\/29\/paggodin-confirma-novas-edicoes-em-ribeirao-preto-e-aracaju\/#breadcrumb"},"inLanguage":"pt-BR","potentialAction":[{"@type":"ReadAction","target":["https:\/\/portalmf.com.br\/index.php\/2026\/04\/29\/paggodin-confirma-novas-edicoes-em-ribeirao-preto-e-aracaju\/"]}]},{"@type":"ImageObject","inLanguage":"pt-BR","@id":"https:\/\/portalmf.com.br\/index.php\/2026\/04\/29\/paggodin-confirma-novas-edicoes-em-ribeirao-preto-e-aracaju\/#primaryimage","url":"https:\/\/portalmf.com.br\/wp-content\/uploads\/2024\/08\/Leo-Santana-estreia-o-PaGGodin-em-grande-estilo-no-Rio-de-Janeiro.jpg","contentUrl":"https:\/\/portalmf.com.br\/wp-content\/uploads\/2024\/08\/Leo-Santana-estreia-o-PaGGodin-em-grande-estilo-no-Rio-de-Janeiro.jpg","width":800,"height":533},{"@type":"BreadcrumbList","@id":"https:\/\/portalmf.com.br\/index.php\/2026\/04\/29\/paggodin-confirma-novas-edicoes-em-ribeirao-preto-e-aracaju\/#breadcrumb","itemListElement":[{"@type":"ListItem","position":1,"name":"In\u00edcio","item":"https:\/\/portalmf.com.br\/"},{"@type":"ListItem","position":2,"name":"PaGGodin confirma novas edi\u00e7\u00f5es em Ribeir\u00e3o Preto e Aracaju"}]},{"@type":"WebSite","@id":"https:\/\/portalmf.com.br\/#website","url":"https:\/\/portalmf.com.br\/","name":"Portal MF","description":"Voc\u00ea conectado com a informa\u00e7\u00e3o","potentialAction":[{"@type":"SearchAction","target":{"@type":"EntryPoint","urlTemplate":"https:\/\/portalmf.com.br\/?s={search_term_string}"},"query-input":"required name=search_term_string"}],"inLanguage":"pt-BR"},{"@type":"Person","@id":"https:\/\/portalmf.com.br\/#\/schema\/person\/9ec101baf56233e53520c26de5d6f6f0","name":"Reda\u00e7\u00e3o Portal MF","image":{"@type":"ImageObject","inLanguage":"pt-BR","@id":"https:\/\/portalmf.com.br\/#\/schema\/person\/image\/","url":"https:\/\/secure.gravatar.com\/avatar\/41b9aaeb2100835f7c64362330f74c7f?s=96&d=mm&r=g","contentUrl":"https:\/\/secure.gravatar.com\/avatar\/41b9aaeb2100835f7c64362330f74c7f?s=96&d=mm&r=g","caption":"Reda\u00e7\u00e3o Portal MF"},"description":"Sejam bem-vindos o portal de informa\u00e7\u00f5es de entretenimento de Feira de Santana, desde 2006 realiza coberturas dos principais eventos com entrevistas exclusivas com as principais personalidades mundiais. Fique conectado tamb\u00e9m nas redes sociais.","sameAs":["http:\/\/www.portalmf.com.br\/","https:\/\/www.facebook.com\/portalmfoficial","https:\/\/www.instagram.com\/portalmf\/","https:\/\/x.com\/https:\/\/x.com\/portalmfoficial","https:\/\/www.youtube.com\/@portalmfoficial"],"url":"https:\/\/portalmf.com.br\/index.php\/author\/junior\/"}]}},"_links":{"self":[{"href":"https:\/\/portalmf.com.br\/index.php\/wp-json\/wp\/v2\/posts\/43714"}],"collection":[{"href":"https:\/\/portalmf.com.br\/index.php\/wp-json\/wp\/v2\/posts"}],"about":[{"href":"https:\/\/portalmf.com.br\/index.php\/wp-json\/wp\/v2\/types\/post"}],"author":[{"embeddable":true,"href":"https:\/\/portalmf.com.br\/index.php\/wp-json\/wp\/v2\/users\/3"}],"replies":[{"embeddable":true,"href":"https:\/\/portalmf.com.br\/index.php\/wp-json\/wp\/v2\/comments?post=43714"}],"version-history":[{"count":1,"href":"https:\/\/portalmf.com.br\/index.php\/wp-json\/wp\/v2\/posts\/43714\/revisions"}],"predecessor-version":[{"id":43715,"href":"https:\/\/portalmf.com.br\/index.php\/wp-json\/wp\/v2\/posts\/43714\/revisions\/43715"}],"wp:featuredmedia":[{"embeddable":true,"href":"https:\/\/portalmf.com.br\/index.php\/wp-json\/wp\/v2\/media\/28958"}],"wp:attachment":[{"href":"https:\/\/portalmf.com.br\/index.php\/wp-json\/wp\/v2\/media?parent=43714"}],"wp:term":[{"taxonomy":"category","embeddable":true,"href":"https:\/\/portalmf.com.br\/index.php\/wp-json\/wp\/v2\/categories?post=43714"},{"taxonomy":"post_tag","embeddable":true,"href":"https:\/\/portalmf.com.br\/index.php\/wp-json\/wp\/v2\/tags?post=43714"}],"curies":[{"name":"wp","href":"https:\/\/api.w.org\/{rel}","templated":true}]}}