{"id":43708,"date":"2026-04-30T09:00:00","date_gmt":"2026-04-30T12:00:00","guid":{"rendered":"https:\/\/portalmf.com.br\/?p=43708"},"modified":"2026-04-29T21:02:31","modified_gmt":"2026-04-30T00:02:31","slug":"alan-delon-e-rafinha-se-unem-em-novo-projeto","status":"publish","type":"post","link":"https:\/\/portalmf.com.br\/index.php\/2026\/04\/30\/alan-delon-e-rafinha-se-unem-em-novo-projeto\/","title":{"rendered":"Alan Delon e Rafinha se unem em novo projeto"},"content":{"rendered":"\n<p>O arrocha ganha um novo cap\u00edtulo com a uni\u00e3o de dois nomes conhecidos do g\u00eanero: Alan Delon e Rafinha Asas. Com trajet\u00f3rias s\u00f3lidas, repert\u00f3rios marcados por sucessos e forte conex\u00e3o com o p\u00fablico, os artistas se juntam em um projeto que promete inovar sem perder a ess\u00eancia rom\u00e2ntica que os consagraram.<\/p>\n\n\n\n<p>De Londrina\/PR, Alan Delon iniciou sua caminhada ainda na inf\u00e2ncia, ganhando destaque em programas de televis\u00e3o e dividindo palco com grandes nomes da m\u00fasica. Sua trajet\u00f3ria inclui passagens por projetos importantes como Mulheres Perdidas, Asas Livres e Banda A2, onde emplacou sucessos, a exemplo de &#8220;Fica Comigo&#8221; e &#8220;Alfabeto do Amor&#8221; e ampliou sua visibilidade.<\/p>\n\n\n\n<p>J\u00e1 Rafinha, natural de Salvador, carrega quase 20 anos de carreira, sendo reconhecido por sua voz potente e aguda, al\u00e9m de uma hist\u00f3ria marcante \u00e0 frente do Asas Livres &#8211; banda pioneira do arrocha no pa\u00eds. Ao longo dos anos, acumulou hits como &#8220;Cds e Livros&#8221; e &#8220;Alian\u00e7as&#8221;, conquistando f\u00e3s por todo o territ\u00f3rio nacional.<\/p>\n\n\n\n<p>Agora, juntos, Alan Delon e Rafinha apresentam uma proposta que mistura experi\u00eancia, identidade e inova\u00e7\u00e3o. A dupla chega com a grava\u00e7\u00e3o de audiovisual que revisitar\u00e1 grandes sucessos de suas carreiras, al\u00e9m de trazer m\u00fasicas in\u00e9ditas, apostando em uma sonoridade moderna, mas fiel \u00e0s ra\u00edzes.<\/p>\n\n\n\n<p>Com interpreta\u00e7\u00f5es marcantes, presen\u00e7a de palco envolvente e uma qu\u00edmica art\u00edstica evidente, a parceria surge como uma das grandes apostas do cen\u00e1rio musical. O projeto j\u00e1 nasce com expectativa de forte aceita\u00e7\u00e3o, tanto entre os f\u00e3s tradicionais quanto por novos p\u00fablicos que v\u00eam se conectando.<\/p>\n","protected":false},"excerpt":{"rendered":"<p>O arrocha ganha um novo cap\u00edtulo com a uni\u00e3o de dois nomes conhecidos do g\u00eanero: Alan Delon e Rafinha Asas. Com trajet\u00f3rias s\u00f3lidas, repert\u00f3rios marcados por sucessos e forte conex\u00e3o com o p\u00fablico, os artistas se juntam em um projeto que promete inovar sem perder a ess\u00eancia rom\u00e2ntica que os consagraram. De Londrina\/PR, Alan Delon [&hellip;]<\/p>\n","protected":false},"author":3,"featured_media":43709,"comment_status":"open","ping_status":"open","sticky":false,"template":"","format":"standard","meta":{"_monsterinsights_skip_tracking":false,"_monsterinsights_sitenote_active":false,"_monsterinsights_sitenote_note":"","_monsterinsights_sitenote_category":0,"footnotes":""},"categories":[48,36],"tags":[],"yoast_head":"<!-- This site is optimized with the Yoast SEO plugin v22.9 - https:\/\/yoast.com\/wordpress\/plugins\/seo\/ -->\n<title>Alan Delon e Rafinha se unem em novo projeto - Portal MF<\/title>\n<meta name=\"robots\" content=\"index, follow, max-snippet:-1, max-image-preview:large, max-video-preview:-1\" \/>\n<link rel=\"canonical\" href=\"https:\/\/portalmf.com.br\/index.php\/2026\/04\/30\/alan-delon-e-rafinha-se-unem-em-novo-projeto\/\" \/>\n<meta property=\"og:locale\" content=\"pt_BR\" \/>\n<meta property=\"og:type\" content=\"article\" \/>\n<meta property=\"og:title\" content=\"Alan Delon e Rafinha se unem em novo projeto - Portal MF\" \/>\n<meta property=\"og:description\" content=\"O arrocha ganha um novo cap\u00edtulo com a uni\u00e3o de dois nomes conhecidos do g\u00eanero: Alan Delon e Rafinha Asas. Com trajet\u00f3rias s\u00f3lidas, repert\u00f3rios marcados por sucessos e forte conex\u00e3o com o p\u00fablico, os artistas se juntam em um projeto que promete inovar sem perder a ess\u00eancia rom\u00e2ntica que os consagraram. De Londrina\/PR, Alan Delon [&hellip;]\" \/>\n<meta property=\"og:url\" content=\"https:\/\/portalmf.com.br\/index.php\/2026\/04\/30\/alan-delon-e-rafinha-se-unem-em-novo-projeto\/\" \/>\n<meta property=\"og:site_name\" content=\"Portal MF\" \/>\n<meta property=\"article:author\" content=\"https:\/\/www.facebook.com\/portalmfoficial\" \/>\n<meta property=\"article:published_time\" content=\"2026-04-30T12:00:00+00:00\" \/>\n<meta property=\"article:modified_time\" content=\"2026-04-30T00:02:31+00:00\" \/>\n<meta property=\"og:image\" content=\"https:\/\/portalmf.com.br\/wp-content\/uploads\/2026\/04\/Asas-do-Brasil-Alan-Delon-e-Rafinha-se-unem-em-novo-projeto-e1777507040114.jpg\" \/>\n\t<meta property=\"og:image:width\" content=\"1280\" \/>\n\t<meta property=\"og:image:height\" content=\"1019\" \/>\n\t<meta property=\"og:image:type\" content=\"image\/jpeg\" \/>\n<meta name=\"author\" content=\"Reda\u00e7\u00e3o Portal MF\" \/>\n<meta name=\"twitter:card\" content=\"summary_large_image\" \/>\n<meta name=\"twitter:creator\" content=\"@https:\/\/x.com\/portalmfoficial\" \/>\n<meta name=\"twitter:label1\" content=\"Escrito por\" \/>\n\t<meta name=\"twitter:data1\" content=\"Reda\u00e7\u00e3o Portal MF\" \/>\n\t<meta name=\"twitter:label2\" content=\"Est. tempo de leitura\" \/>\n\t<meta name=\"twitter:data2\" content=\"2 minutos\" \/>\n<script type=\"application\/ld+json\" class=\"yoast-schema-graph\">{\"@context\":\"https:\/\/schema.org\",\"@graph\":[{\"@type\":\"WebPage\",\"@id\":\"https:\/\/portalmf.com.br\/index.php\/2026\/04\/30\/alan-delon-e-rafinha-se-unem-em-novo-projeto\/\",\"url\":\"https:\/\/portalmf.com.br\/index.php\/2026\/04\/30\/alan-delon-e-rafinha-se-unem-em-novo-projeto\/\",\"name\":\"Alan Delon e Rafinha se unem em novo projeto - Portal MF\",\"isPartOf\":{\"@id\":\"https:\/\/portalmf.com.br\/#website\"},\"primaryImageOfPage\":{\"@id\":\"https:\/\/portalmf.com.br\/index.php\/2026\/04\/30\/alan-delon-e-rafinha-se-unem-em-novo-projeto\/#primaryimage\"},\"image\":{\"@id\":\"https:\/\/portalmf.com.br\/index.php\/2026\/04\/30\/alan-delon-e-rafinha-se-unem-em-novo-projeto\/#primaryimage\"},\"thumbnailUrl\":\"https:\/\/portalmf.com.br\/wp-content\/uploads\/2026\/04\/Asas-do-Brasil-Alan-Delon-e-Rafinha-se-unem-em-novo-projeto-e1777507040114.jpg\",\"datePublished\":\"2026-04-30T12:00:00+00:00\",\"dateModified\":\"2026-04-30T00:02:31+00:00\",\"author\":{\"@id\":\"https:\/\/portalmf.com.br\/#\/schema\/person\/9ec101baf56233e53520c26de5d6f6f0\"},\"breadcrumb\":{\"@id\":\"https:\/\/portalmf.com.br\/index.php\/2026\/04\/30\/alan-delon-e-rafinha-se-unem-em-novo-projeto\/#breadcrumb\"},\"inLanguage\":\"pt-BR\",\"potentialAction\":[{\"@type\":\"ReadAction\",\"target\":[\"https:\/\/portalmf.com.br\/index.php\/2026\/04\/30\/alan-delon-e-rafinha-se-unem-em-novo-projeto\/\"]}]},{\"@type\":\"ImageObject\",\"inLanguage\":\"pt-BR\",\"@id\":\"https:\/\/portalmf.com.br\/index.php\/2026\/04\/30\/alan-delon-e-rafinha-se-unem-em-novo-projeto\/#primaryimage\",\"url\":\"https:\/\/portalmf.com.br\/wp-content\/uploads\/2026\/04\/Asas-do-Brasil-Alan-Delon-e-Rafinha-se-unem-em-novo-projeto-e1777507040114.jpg\",\"contentUrl\":\"https:\/\/portalmf.com.br\/wp-content\/uploads\/2026\/04\/Asas-do-Brasil-Alan-Delon-e-Rafinha-se-unem-em-novo-projeto-e1777507040114.jpg\",\"width\":1280,\"height\":1019},{\"@type\":\"BreadcrumbList\",\"@id\":\"https:\/\/portalmf.com.br\/index.php\/2026\/04\/30\/alan-delon-e-rafinha-se-unem-em-novo-projeto\/#breadcrumb\",\"itemListElement\":[{\"@type\":\"ListItem\",\"position\":1,\"name\":\"In\u00edcio\",\"item\":\"https:\/\/portalmf.com.br\/\"},{\"@type\":\"ListItem\",\"position\":2,\"name\":\"Alan Delon e Rafinha se unem em novo projeto\"}]},{\"@type\":\"WebSite\",\"@id\":\"https:\/\/portalmf.com.br\/#website\",\"url\":\"https:\/\/portalmf.com.br\/\",\"name\":\"Portal MF\",\"description\":\"Voc\u00ea conectado com a informa\u00e7\u00e3o\",\"potentialAction\":[{\"@type\":\"SearchAction\",\"target\":{\"@type\":\"EntryPoint\",\"urlTemplate\":\"https:\/\/portalmf.com.br\/?s={search_term_string}\"},\"query-input\":\"required name=search_term_string\"}],\"inLanguage\":\"pt-BR\"},{\"@type\":\"Person\",\"@id\":\"https:\/\/portalmf.com.br\/#\/schema\/person\/9ec101baf56233e53520c26de5d6f6f0\",\"name\":\"Reda\u00e7\u00e3o Portal MF\",\"image\":{\"@type\":\"ImageObject\",\"inLanguage\":\"pt-BR\",\"@id\":\"https:\/\/portalmf.com.br\/#\/schema\/person\/image\/\",\"url\":\"https:\/\/secure.gravatar.com\/avatar\/41b9aaeb2100835f7c64362330f74c7f?s=96&d=mm&r=g\",\"contentUrl\":\"https:\/\/secure.gravatar.com\/avatar\/41b9aaeb2100835f7c64362330f74c7f?s=96&d=mm&r=g\",\"caption\":\"Reda\u00e7\u00e3o Portal MF\"},\"description\":\"Sejam bem-vindos o portal de informa\u00e7\u00f5es de entretenimento de Feira de Santana, desde 2006 realiza coberturas dos principais eventos com entrevistas exclusivas com as principais personalidades mundiais. Fique conectado tamb\u00e9m nas redes sociais.\",\"sameAs\":[\"http:\/\/www.portalmf.com.br\/\",\"https:\/\/www.facebook.com\/portalmfoficial\",\"https:\/\/www.instagram.com\/portalmf\/\",\"https:\/\/x.com\/https:\/\/x.com\/portalmfoficial\",\"https:\/\/www.youtube.com\/@portalmfoficial\"],\"url\":\"https:\/\/portalmf.com.br\/index.php\/author\/junior\/\"}]}<\/script>\n<!-- \/ Yoast SEO plugin. -->","yoast_head_json":{"title":"Alan Delon e Rafinha se unem em novo projeto - Portal MF","robots":{"index":"index","follow":"follow","max-snippet":"max-snippet:-1","max-image-preview":"max-image-preview:large","max-video-preview":"max-video-preview:-1"},"canonical":"https:\/\/portalmf.com.br\/index.php\/2026\/04\/30\/alan-delon-e-rafinha-se-unem-em-novo-projeto\/","og_locale":"pt_BR","og_type":"article","og_title":"Alan Delon e Rafinha se unem em novo projeto - Portal MF","og_description":"O arrocha ganha um novo cap\u00edtulo com a uni\u00e3o de dois nomes conhecidos do g\u00eanero: Alan Delon e Rafinha Asas. Com trajet\u00f3rias s\u00f3lidas, repert\u00f3rios marcados por sucessos e forte conex\u00e3o com o p\u00fablico, os artistas se juntam em um projeto que promete inovar sem perder a ess\u00eancia rom\u00e2ntica que os consagraram. De Londrina\/PR, Alan Delon [&hellip;]","og_url":"https:\/\/portalmf.com.br\/index.php\/2026\/04\/30\/alan-delon-e-rafinha-se-unem-em-novo-projeto\/","og_site_name":"Portal MF","article_author":"https:\/\/www.facebook.com\/portalmfoficial","article_published_time":"2026-04-30T12:00:00+00:00","article_modified_time":"2026-04-30T00:02:31+00:00","og_image":[{"width":1280,"height":1019,"url":"https:\/\/portalmf.com.br\/wp-content\/uploads\/2026\/04\/Asas-do-Brasil-Alan-Delon-e-Rafinha-se-unem-em-novo-projeto-e1777507040114.jpg","type":"image\/jpeg"}],"author":"Reda\u00e7\u00e3o Portal MF","twitter_card":"summary_large_image","twitter_creator":"@https:\/\/x.com\/portalmfoficial","twitter_misc":{"Escrito por":"Reda\u00e7\u00e3o Portal MF","Est. tempo de leitura":"2 minutos"},"schema":{"@context":"https:\/\/schema.org","@graph":[{"@type":"WebPage","@id":"https:\/\/portalmf.com.br\/index.php\/2026\/04\/30\/alan-delon-e-rafinha-se-unem-em-novo-projeto\/","url":"https:\/\/portalmf.com.br\/index.php\/2026\/04\/30\/alan-delon-e-rafinha-se-unem-em-novo-projeto\/","name":"Alan Delon e Rafinha se unem em novo projeto - Portal MF","isPartOf":{"@id":"https:\/\/portalmf.com.br\/#website"},"primaryImageOfPage":{"@id":"https:\/\/portalmf.com.br\/index.php\/2026\/04\/30\/alan-delon-e-rafinha-se-unem-em-novo-projeto\/#primaryimage"},"image":{"@id":"https:\/\/portalmf.com.br\/index.php\/2026\/04\/30\/alan-delon-e-rafinha-se-unem-em-novo-projeto\/#primaryimage"},"thumbnailUrl":"https:\/\/portalmf.com.br\/wp-content\/uploads\/2026\/04\/Asas-do-Brasil-Alan-Delon-e-Rafinha-se-unem-em-novo-projeto-e1777507040114.jpg","datePublished":"2026-04-30T12:00:00+00:00","dateModified":"2026-04-30T00:02:31+00:00","author":{"@id":"https:\/\/portalmf.com.br\/#\/schema\/person\/9ec101baf56233e53520c26de5d6f6f0"},"breadcrumb":{"@id":"https:\/\/portalmf.com.br\/index.php\/2026\/04\/30\/alan-delon-e-rafinha-se-unem-em-novo-projeto\/#breadcrumb"},"inLanguage":"pt-BR","potentialAction":[{"@type":"ReadAction","target":["https:\/\/portalmf.com.br\/index.php\/2026\/04\/30\/alan-delon-e-rafinha-se-unem-em-novo-projeto\/"]}]},{"@type":"ImageObject","inLanguage":"pt-BR","@id":"https:\/\/portalmf.com.br\/index.php\/2026\/04\/30\/alan-delon-e-rafinha-se-unem-em-novo-projeto\/#primaryimage","url":"https:\/\/portalmf.com.br\/wp-content\/uploads\/2026\/04\/Asas-do-Brasil-Alan-Delon-e-Rafinha-se-unem-em-novo-projeto-e1777507040114.jpg","contentUrl":"https:\/\/portalmf.com.br\/wp-content\/uploads\/2026\/04\/Asas-do-Brasil-Alan-Delon-e-Rafinha-se-unem-em-novo-projeto-e1777507040114.jpg","width":1280,"height":1019},{"@type":"BreadcrumbList","@id":"https:\/\/portalmf.com.br\/index.php\/2026\/04\/30\/alan-delon-e-rafinha-se-unem-em-novo-projeto\/#breadcrumb","itemListElement":[{"@type":"ListItem","position":1,"name":"In\u00edcio","item":"https:\/\/portalmf.com.br\/"},{"@type":"ListItem","position":2,"name":"Alan Delon e Rafinha se unem em novo projeto"}]},{"@type":"WebSite","@id":"https:\/\/portalmf.com.br\/#website","url":"https:\/\/portalmf.com.br\/","name":"Portal MF","description":"Voc\u00ea conectado com a informa\u00e7\u00e3o","potentialAction":[{"@type":"SearchAction","target":{"@type":"EntryPoint","urlTemplate":"https:\/\/portalmf.com.br\/?s={search_term_string}"},"query-input":"required name=search_term_string"}],"inLanguage":"pt-BR"},{"@type":"Person","@id":"https:\/\/portalmf.com.br\/#\/schema\/person\/9ec101baf56233e53520c26de5d6f6f0","name":"Reda\u00e7\u00e3o Portal MF","image":{"@type":"ImageObject","inLanguage":"pt-BR","@id":"https:\/\/portalmf.com.br\/#\/schema\/person\/image\/","url":"https:\/\/secure.gravatar.com\/avatar\/41b9aaeb2100835f7c64362330f74c7f?s=96&d=mm&r=g","contentUrl":"https:\/\/secure.gravatar.com\/avatar\/41b9aaeb2100835f7c64362330f74c7f?s=96&d=mm&r=g","caption":"Reda\u00e7\u00e3o Portal MF"},"description":"Sejam bem-vindos o portal de informa\u00e7\u00f5es de entretenimento de Feira de Santana, desde 2006 realiza coberturas dos principais eventos com entrevistas exclusivas com as principais personalidades mundiais. Fique conectado tamb\u00e9m nas redes sociais.","sameAs":["http:\/\/www.portalmf.com.br\/","https:\/\/www.facebook.com\/portalmfoficial","https:\/\/www.instagram.com\/portalmf\/","https:\/\/x.com\/https:\/\/x.com\/portalmfoficial","https:\/\/www.youtube.com\/@portalmfoficial"],"url":"https:\/\/portalmf.com.br\/index.php\/author\/junior\/"}]}},"_links":{"self":[{"href":"https:\/\/portalmf.com.br\/index.php\/wp-json\/wp\/v2\/posts\/43708"}],"collection":[{"href":"https:\/\/portalmf.com.br\/index.php\/wp-json\/wp\/v2\/posts"}],"about":[{"href":"https:\/\/portalmf.com.br\/index.php\/wp-json\/wp\/v2\/types\/post"}],"author":[{"embeddable":true,"href":"https:\/\/portalmf.com.br\/index.php\/wp-json\/wp\/v2\/users\/3"}],"replies":[{"embeddable":true,"href":"https:\/\/portalmf.com.br\/index.php\/wp-json\/wp\/v2\/comments?post=43708"}],"version-history":[{"count":1,"href":"https:\/\/portalmf.com.br\/index.php\/wp-json\/wp\/v2\/posts\/43708\/revisions"}],"predecessor-version":[{"id":43710,"href":"https:\/\/portalmf.com.br\/index.php\/wp-json\/wp\/v2\/posts\/43708\/revisions\/43710"}],"wp:featuredmedia":[{"embeddable":true,"href":"https:\/\/portalmf.com.br\/index.php\/wp-json\/wp\/v2\/media\/43709"}],"wp:attachment":[{"href":"https:\/\/portalmf.com.br\/index.php\/wp-json\/wp\/v2\/media?parent=43708"}],"wp:term":[{"taxonomy":"category","embeddable":true,"href":"https:\/\/portalmf.com.br\/index.php\/wp-json\/wp\/v2\/categories?post=43708"},{"taxonomy":"post_tag","embeddable":true,"href":"https:\/\/portalmf.com.br\/index.php\/wp-json\/wp\/v2\/tags?post=43708"}],"curies":[{"name":"wp","href":"https:\/\/api.w.org\/{rel}","templated":true}]}}